{"id":8442,"date":"2016-05-09T22:35:00","date_gmt":"2016-05-09T20:35:00","guid":{"rendered":"https:\/\/www.hoecker.eu\/blog\/bild-bericht-ueber-sedlmayr-moerder-verboten\/"},"modified":"2025-02-17T14:57:40","modified_gmt":"2025-02-17T13:57:40","slug":"bild-bericht-ueber-sedlmayr-moerder-verboten","status":"publish","type":"post","link":"https:\/\/www.hoecker.eu\/blog\/bild-bericht-ueber-sedlmayr-moerder-verboten\/","title":{"rendered":"BILD-Bericht \u00fcber Sedlmayr-M\u00f6rder verboten."},"content":{"rendered":"<p class=\"flies\">Das Landgericht K\u00f6ln hat <span>der BILD-Zeitung <\/span>auf Antrag von H\u00d6CKER verboten, das Bild eines der sog. Sedlmayr-M\u00f6rder zu zeigen und seinen vollen Namen zu nennen (Urteil v. 02.03.2016, Az. 28 O 403\/15, n. rkr.). Der Sedlmayr-Mord gilt als einer der spektakul\u00e4rsten Mordf\u00e4lle in der bundesdeutschen Kriminalgeschichte. Zwei M\u00e4nner, die dem Opfer nahe standen, wurden in einem Indizienprozess wegen Mordes verurteilt. Sie haben von Anfang an bestritten, die Tat begangen zu haben.<\/p>\n<p class=\"flies\">Einer der Verurteilten forderte im Zusammenhang mit seiner Verurteilung Schadensersatz in einem Gerichtsverfahren vor dem Landgericht M\u00fcnchen. Dies nahm BILD zum Anlass, ihn erneut an den Pranger zu stellen, indem sein Name genannt und sein Bild gezeigt wird. Zu Unrecht, wie nun das Landgericht K\u00f6ln entschied. Denn anders als in fr\u00fcheren Auseinandersetzungen, bei denen der Verurteilte von verschiedenen Verlagen, Rundfunkanstalten und Internetanbietern erfolglos die Entfernung seines Namens aus archivierten Artikeln und Beitr\u00e4gen \u00fcber den sog. \u201eSedlmayr-Mord\u201c gefordert hatte und dabei bis vor den Bundesgerichtshof (u.a. BGH VI ZR 115\/09) gezogen war, stellte das Landgericht K\u00f6ln die Pers\u00f6nlichkeitsrechtsverletzung fest und erkennt somit das Recht des Verurteilten auf seine Resozialisierung an.<\/p>\n","protected":false},"excerpt":{"rendered":"<p>Das Landgericht K\u00f6ln hat der BILD-Zeitung auf Antrag von H\u00d6CKER verboten, das Bild eines der sog. Sedlmayr-M\u00f6rder zu zeigen und seinen vollen Namen zu nennen (Urteil v. 02.03.2016, Az. 28 O 403\/15, n. rkr.). Der Sedlmayr-Mord gilt als einer der spektakul\u00e4rsten Mordf\u00e4lle in der bundesdeutschen Kriminalgeschichte. Zwei M\u00e4nner, die dem Opfer nahe standen, wurden in [&hellip;]<\/p>\n","protected":false},"author":1,"featured_media":0,"comment_status":"closed","ping_status":"closed","sticky":false,"template":"","format":"standard","meta":{"_has_post_settings":[],"footnotes":""},"categories":[15],"tags":[],"hashtags":[],"ppma_author":[84],"class_list":["post-8442","post","type-post","status-publish","format-standard","hentry","category-news","author-hoecker_adm"],"yoast_head":"<!-- This site is optimized with the Yoast SEO Premium plugin v25.9 (Yoast SEO v27.0) - https:\/\/yoast.com\/product\/yoast-seo-premium-wordpress\/ -->\n<title>BILD-Bericht \u00fcber Sedlmayr-M\u00f6rder verboten. - H\u00d6CKER - der Blog<\/title>\n<meta name=\"robots\" content=\"index, follow, max-snippet:-1, max-image-preview:large, max-video-preview:-1\" \/>\n<link rel=\"canonical\" href=\"https:\/\/www.hoecker.eu\/blog\/bild-bericht-ueber-sedlmayr-moerder-verboten\/\" \/>\n<meta property=\"og:locale\" content=\"de_DE\" \/>\n<meta property=\"og:type\" content=\"article\" \/>\n<meta property=\"og:title\" content=\"BILD-Bericht \u00fcber Sedlmayr-M\u00f6rder verboten.\" \/>\n<meta property=\"og:description\" content=\"Das Landgericht K\u00f6ln hat der BILD-Zeitung auf Antrag von H\u00d6CKER verboten, das Bild eines der sog. Sedlmayr-M\u00f6rder zu zeigen und seinen vollen Namen zu nennen (Urteil v. 02.03.2016, Az. 28 O 403\/15, n. rkr.). Der Sedlmayr-Mord gilt als einer der spektakul\u00e4rsten Mordf\u00e4lle in der bundesdeutschen Kriminalgeschichte. Zwei M\u00e4nner, die dem Opfer nahe standen, wurden in [&hellip;]\" \/>\n<meta property=\"og:url\" content=\"https:\/\/www.hoecker.eu\/blog\/bild-bericht-ueber-sedlmayr-moerder-verboten\/\" \/>\n<meta property=\"og:site_name\" content=\"H\u00d6CKER - der Blog\" \/>\n<meta property=\"article:publisher\" content=\"https:\/\/www.facebook.com\/HoeckerRAe\/\" \/>\n<meta property=\"article:author\" content=\"https:\/\/www.facebook.com\/ralf.hoecker\" \/>\n<meta property=\"article:published_time\" content=\"2016-05-09T20:35:00+00:00\" \/>\n<meta property=\"article:modified_time\" content=\"2025-02-17T13:57:40+00:00\" \/>\n<meta name=\"author\" content=\"Prof. Dr. Ralf H\u00f6cker\" \/>\n<meta name=\"twitter:card\" content=\"summary_large_image\" \/>\n<meta name=\"twitter:creator\" content=\"@Ralf_Hoecker\" \/>\n<meta name=\"twitter:site\" content=\"@hoecker_rae\" \/>\n<meta name=\"twitter:label1\" content=\"Verfasst von\" \/>\n\t<meta name=\"twitter:data1\" content=\"Prof. Dr. Ralf H\u00f6cker\" \/>\n\t<meta name=\"twitter:label2\" content=\"Gesch\u00e4tzte Lesezeit\" \/>\n\t<meta name=\"twitter:data2\" content=\"1\u00a0Minute\" \/>\n<script type=\"application\/ld+json\" class=\"yoast-schema-graph\">{\"@context\":\"https:\/\/schema.org\",\"@graph\":[{\"@type\":\"Article\",\"@id\":\"https:\/\/www.hoecker.eu\/blog\/bild-bericht-ueber-sedlmayr-moerder-verboten\/#article\",\"isPartOf\":{\"@id\":\"https:\/\/www.hoecker.eu\/blog\/bild-bericht-ueber-sedlmayr-moerder-verboten\/\"},\"author\":{\"name\":\"Prof. Dr. Ralf H\u00f6cker\",\"@id\":\"https:\/\/www.hoecker.eu\/blog\/#\/schema\/person\/08f95581eed0534eccd0b2438f7a1cab\"},\"headline\":\"BILD-Bericht \u00fcber Sedlmayr-M\u00f6rder verboten.\",\"datePublished\":\"2016-05-09T20:35:00+00:00\",\"dateModified\":\"2025-02-17T13:57:40+00:00\",\"mainEntityOfPage\":{\"@id\":\"https:\/\/www.hoecker.eu\/blog\/bild-bericht-ueber-sedlmayr-moerder-verboten\/\"},\"wordCount\":194,\"publisher\":{\"@id\":\"https:\/\/www.hoecker.eu\/blog\/#organization\"},\"articleSection\":[\"News\"],\"inLanguage\":\"de\"},{\"@type\":\"WebPage\",\"@id\":\"https:\/\/www.hoecker.eu\/blog\/bild-bericht-ueber-sedlmayr-moerder-verboten\/\",\"url\":\"https:\/\/www.hoecker.eu\/blog\/bild-bericht-ueber-sedlmayr-moerder-verboten\/\",\"name\":\"BILD-Bericht \u00fcber Sedlmayr-M\u00f6rder verboten. - H\u00d6CKER - der Blog\",\"isPartOf\":{\"@id\":\"https:\/\/www.hoecker.eu\/blog\/#website\"},\"datePublished\":\"2016-05-09T20:35:00+00:00\",\"dateModified\":\"2025-02-17T13:57:40+00:00\",\"breadcrumb\":{\"@id\":\"https:\/\/www.hoecker.eu\/blog\/bild-bericht-ueber-sedlmayr-moerder-verboten\/#breadcrumb\"},\"inLanguage\":\"de\",\"potentialAction\":[{\"@type\":\"ReadAction\",\"target\":[\"https:\/\/www.hoecker.eu\/blog\/bild-bericht-ueber-sedlmayr-moerder-verboten\/\"]}]},{\"@type\":\"BreadcrumbList\",\"@id\":\"https:\/\/www.hoecker.eu\/blog\/bild-bericht-ueber-sedlmayr-moerder-verboten\/#breadcrumb\",\"itemListElement\":[{\"@type\":\"ListItem\",\"position\":1,\"name\":\"Startseite\",\"item\":\"https:\/\/dev.hoecker.eu\/blog\/\"},{\"@type\":\"ListItem\",\"position\":2,\"name\":\"BILD-Bericht \u00fcber Sedlmayr-M\u00f6rder verboten.\"}]},{\"@type\":\"WebSite\",\"@id\":\"https:\/\/www.hoecker.eu\/blog\/#website\",\"url\":\"https:\/\/www.hoecker.eu\/blog\/\",\"name\":\"H\u00d6CKER - der Blog\",\"description\":\"Expertenblog f\u00fcr \u00c4u\u00dferungs-, Medien-, Marken-, Urheber- und Wettbewerbsrecht.\",\"publisher\":{\"@id\":\"https:\/\/www.hoecker.eu\/blog\/#organization\"},\"potentialAction\":[{\"@type\":\"SearchAction\",\"target\":{\"@type\":\"EntryPoint\",\"urlTemplate\":\"https:\/\/www.hoecker.eu\/blog\/?s={search_term_string}\"},\"query-input\":{\"@type\":\"PropertyValueSpecification\",\"valueRequired\":true,\"valueName\":\"search_term_string\"}}],\"inLanguage\":\"de\"},{\"@type\":\"Organization\",\"@id\":\"https:\/\/www.hoecker.eu\/blog\/#organization\",\"name\":\"H\u00d6CKER Rechtsanw\u00e4lte PartGmbB\",\"alternateName\":\"H\u00d6CKER\",\"url\":\"https:\/\/www.hoecker.eu\/blog\/\",\"logo\":{\"@type\":\"ImageObject\",\"inLanguage\":\"de\",\"@id\":\"https:\/\/www.hoecker.eu\/blog\/#\/schema\/logo\/image\/\",\"url\":\"https:\/\/www.hoecker.eu\/blog\/wp-content\/uploads\/2025\/03\/Blog-Logo.webp\",\"contentUrl\":\"https:\/\/www.hoecker.eu\/blog\/wp-content\/uploads\/2025\/03\/Blog-Logo.webp\",\"width\":500,\"height\":500,\"caption\":\"H\u00d6CKER Rechtsanw\u00e4lte PartGmbB\"},\"image\":{\"@id\":\"https:\/\/www.hoecker.eu\/blog\/#\/schema\/logo\/image\/\"},\"sameAs\":[\"https:\/\/www.facebook.com\/HoeckerRAe\/\",\"https:\/\/x.com\/hoecker_rae\",\"https:\/\/www.linkedin.com\/company\/hcker-rechtsanwlte\/\",\"https:\/\/www.instagram.com\/hoecker_rae\/\"],\"email\":\"contact@hoecker.eu\",\"telephone\":\"+ 49 (0)221-933 19-10\",\"legalName\":\"H\u00d6CKER Rechtsanw\u00e4lte PartGmbB\",\"numberOfEmployees\":{\"@type\":\"QuantitativeValue\",\"minValue\":\"11\",\"maxValue\":\"50\"}},{\"@type\":\"Person\",\"@id\":\"https:\/\/www.hoecker.eu\/blog\/#\/schema\/person\/08f95581eed0534eccd0b2438f7a1cab\",\"name\":\"Prof. Dr. Ralf H\u00f6cker\",\"description\":\"Medienanwalt. Besch\u00fctzer vor mieser Presse\",\"sameAs\":[\"https:\/\/www.hoecker.eu\/wer\/prof-dr-ralf-hoecker\",\"https:\/\/www.facebook.com\/ralf.hoecker\",\"https:\/\/www.linkedin.com\/in\/prof-dr-ralf-hcker-ll-m-london-17987826\/\",\"https:\/\/x.com\/Ralf_Hoecker\"],\"url\":\"https:\/\/www.hoecker.eu\/blog\/author\/hoecker_adm\/\"}]}<\/script>\n<!-- \/ Yoast SEO Premium plugin. -->","yoast_head_json":{"title":"BILD-Bericht \u00fcber Sedlmayr-M\u00f6rder verboten. - H\u00d6CKER - der Blog","robots":{"index":"index","follow":"follow","max-snippet":"max-snippet:-1","max-image-preview":"max-image-preview:large","max-video-preview":"max-video-preview:-1"},"canonical":"https:\/\/www.hoecker.eu\/blog\/bild-bericht-ueber-sedlmayr-moerder-verboten\/","og_locale":"de_DE","og_type":"article","og_title":"BILD-Bericht \u00fcber Sedlmayr-M\u00f6rder verboten.","og_description":"Das Landgericht K\u00f6ln hat der BILD-Zeitung auf Antrag von H\u00d6CKER verboten, das Bild eines der sog. Sedlmayr-M\u00f6rder zu zeigen und seinen vollen Namen zu nennen (Urteil v. 02.03.2016, Az. 28 O 403\/15, n. rkr.). Der Sedlmayr-Mord gilt als einer der spektakul\u00e4rsten Mordf\u00e4lle in der bundesdeutschen Kriminalgeschichte. Zwei M\u00e4nner, die dem Opfer nahe standen, wurden in [&hellip;]","og_url":"https:\/\/www.hoecker.eu\/blog\/bild-bericht-ueber-sedlmayr-moerder-verboten\/","og_site_name":"H\u00d6CKER - der Blog","article_publisher":"https:\/\/www.facebook.com\/HoeckerRAe\/","article_author":"https:\/\/www.facebook.com\/ralf.hoecker","article_published_time":"2016-05-09T20:35:00+00:00","article_modified_time":"2025-02-17T13:57:40+00:00","author":"Prof. Dr. Ralf H\u00f6cker","twitter_card":"summary_large_image","twitter_creator":"@Ralf_Hoecker","twitter_site":"@hoecker_rae","twitter_misc":{"Verfasst von":"Prof. Dr. Ralf H\u00f6cker","Gesch\u00e4tzte Lesezeit":"1\u00a0Minute"},"schema":{"@context":"https:\/\/schema.org","@graph":[{"@type":"Article","@id":"https:\/\/www.hoecker.eu\/blog\/bild-bericht-ueber-sedlmayr-moerder-verboten\/#article","isPartOf":{"@id":"https:\/\/www.hoecker.eu\/blog\/bild-bericht-ueber-sedlmayr-moerder-verboten\/"},"author":{"name":"Prof. Dr. Ralf H\u00f6cker","@id":"https:\/\/www.hoecker.eu\/blog\/#\/schema\/person\/08f95581eed0534eccd0b2438f7a1cab"},"headline":"BILD-Bericht \u00fcber Sedlmayr-M\u00f6rder verboten.","datePublished":"2016-05-09T20:35:00+00:00","dateModified":"2025-02-17T13:57:40+00:00","mainEntityOfPage":{"@id":"https:\/\/www.hoecker.eu\/blog\/bild-bericht-ueber-sedlmayr-moerder-verboten\/"},"wordCount":194,"publisher":{"@id":"https:\/\/www.hoecker.eu\/blog\/#organization"},"articleSection":["News"],"inLanguage":"de"},{"@type":"WebPage","@id":"https:\/\/www.hoecker.eu\/blog\/bild-bericht-ueber-sedlmayr-moerder-verboten\/","url":"https:\/\/www.hoecker.eu\/blog\/bild-bericht-ueber-sedlmayr-moerder-verboten\/","name":"BILD-Bericht \u00fcber Sedlmayr-M\u00f6rder verboten. - H\u00d6CKER - der Blog","isPartOf":{"@id":"https:\/\/www.hoecker.eu\/blog\/#website"},"datePublished":"2016-05-09T20:35:00+00:00","dateModified":"2025-02-17T13:57:40+00:00","breadcrumb":{"@id":"https:\/\/www.hoecker.eu\/blog\/bild-bericht-ueber-sedlmayr-moerder-verboten\/#breadcrumb"},"inLanguage":"de","potentialAction":[{"@type":"ReadAction","target":["https:\/\/www.hoecker.eu\/blog\/bild-bericht-ueber-sedlmayr-moerder-verboten\/"]}]},{"@type":"BreadcrumbList","@id":"https:\/\/www.hoecker.eu\/blog\/bild-bericht-ueber-sedlmayr-moerder-verboten\/#breadcrumb","itemListElement":[{"@type":"ListItem","position":1,"name":"Startseite","item":"https:\/\/dev.hoecker.eu\/blog\/"},{"@type":"ListItem","position":2,"name":"BILD-Bericht \u00fcber Sedlmayr-M\u00f6rder verboten."}]},{"@type":"WebSite","@id":"https:\/\/www.hoecker.eu\/blog\/#website","url":"https:\/\/www.hoecker.eu\/blog\/","name":"H\u00d6CKER - der Blog","description":"Expertenblog f\u00fcr \u00c4u\u00dferungs-, Medien-, Marken-, Urheber- und Wettbewerbsrecht.","publisher":{"@id":"https:\/\/www.hoecker.eu\/blog\/#organization"},"potentialAction":[{"@type":"SearchAction","target":{"@type":"EntryPoint","urlTemplate":"https:\/\/www.hoecker.eu\/blog\/?s={search_term_string}"},"query-input":{"@type":"PropertyValueSpecification","valueRequired":true,"valueName":"search_term_string"}}],"inLanguage":"de"},{"@type":"Organization","@id":"https:\/\/www.hoecker.eu\/blog\/#organization","name":"H\u00d6CKER Rechtsanw\u00e4lte PartGmbB","alternateName":"H\u00d6CKER","url":"https:\/\/www.hoecker.eu\/blog\/","logo":{"@type":"ImageObject","inLanguage":"de","@id":"https:\/\/www.hoecker.eu\/blog\/#\/schema\/logo\/image\/","url":"https:\/\/www.hoecker.eu\/blog\/wp-content\/uploads\/2025\/03\/Blog-Logo.webp","contentUrl":"https:\/\/www.hoecker.eu\/blog\/wp-content\/uploads\/2025\/03\/Blog-Logo.webp","width":500,"height":500,"caption":"H\u00d6CKER Rechtsanw\u00e4lte PartGmbB"},"image":{"@id":"https:\/\/www.hoecker.eu\/blog\/#\/schema\/logo\/image\/"},"sameAs":["https:\/\/www.facebook.com\/HoeckerRAe\/","https:\/\/x.com\/hoecker_rae","https:\/\/www.linkedin.com\/company\/hcker-rechtsanwlte\/","https:\/\/www.instagram.com\/hoecker_rae\/"],"email":"contact@hoecker.eu","telephone":"+ 49 (0)221-933 19-10","legalName":"H\u00d6CKER Rechtsanw\u00e4lte PartGmbB","numberOfEmployees":{"@type":"QuantitativeValue","minValue":"11","maxValue":"50"}},{"@type":"Person","@id":"https:\/\/www.hoecker.eu\/blog\/#\/schema\/person\/08f95581eed0534eccd0b2438f7a1cab","name":"Prof. Dr. Ralf H\u00f6cker","description":"Medienanwalt. Besch\u00fctzer vor mieser Presse","sameAs":["https:\/\/www.hoecker.eu\/wer\/prof-dr-ralf-hoecker","https:\/\/www.facebook.com\/ralf.hoecker","https:\/\/www.linkedin.com\/in\/prof-dr-ralf-hcker-ll-m-london-17987826\/","https:\/\/x.com\/Ralf_Hoecker"],"url":"https:\/\/www.hoecker.eu\/blog\/author\/hoecker_adm\/"}]}},"authors":[{"term_id":84,"user_id":1,"is_guest":0,"slug":"hoecker_adm","display_name":"Prof. Dr. Ralf H\u00f6cker","avatar_url":{"url":"https:\/\/www.hoecker.eu\/blog\/wp-content\/uploads\/2023\/12\/ProfDrRalfHoecker.jpg","url2x":"https:\/\/www.hoecker.eu\/blog\/wp-content\/uploads\/2023\/12\/ProfDrRalfHoecker.jpg"},"0":null,"1":"","2":"","3":"","4":"","5":"","6":"","7":"","8":"","9":"","10":"","11":""}],"_links":{"self":[{"href":"https:\/\/www.hoecker.eu\/blog\/wp-json\/wp\/v2\/posts\/8442","targetHints":{"allow":["GET"]}}],"collection":[{"href":"https:\/\/www.hoecker.eu\/blog\/wp-json\/wp\/v2\/posts"}],"about":[{"href":"https:\/\/www.hoecker.eu\/blog\/wp-json\/wp\/v2\/types\/post"}],"author":[{"embeddable":true,"href":"https:\/\/www.hoecker.eu\/blog\/wp-json\/wp\/v2\/users\/1"}],"replies":[{"embeddable":true,"href":"https:\/\/www.hoecker.eu\/blog\/wp-json\/wp\/v2\/comments?post=8442"}],"version-history":[{"count":1,"href":"https:\/\/www.hoecker.eu\/blog\/wp-json\/wp\/v2\/posts\/8442\/revisions"}],"predecessor-version":[{"id":9564,"href":"https:\/\/www.hoecker.eu\/blog\/wp-json\/wp\/v2\/posts\/8442\/revisions\/9564"}],"wp:attachment":[{"href":"https:\/\/www.hoecker.eu\/blog\/wp-json\/wp\/v2\/media?parent=8442"}],"wp:term":[{"taxonomy":"category","embeddable":true,"href":"https:\/\/www.hoecker.eu\/blog\/wp-json\/wp\/v2\/categories?post=8442"},{"taxonomy":"post_tag","embeddable":true,"href":"https:\/\/www.hoecker.eu\/blog\/wp-json\/wp\/v2\/tags?post=8442"},{"taxonomy":"hashtags","embeddable":true,"href":"https:\/\/www.hoecker.eu\/blog\/wp-json\/wp\/v2\/hashtags?post=8442"},{"taxonomy":"author","embeddable":true,"href":"https:\/\/www.hoecker.eu\/blog\/wp-json\/wp\/v2\/ppma_author?post=8442"}],"curies":[{"name":"wp","href":"https:\/\/api.w.org\/{rel}","templated":true}]}}