{"id":8441,"date":"2016-05-09T22:35:16","date_gmt":"2016-05-09T20:35:16","guid":{"rendered":"https:\/\/www.hoecker.eu\/blog\/claudia-roth-scheitert-vor-lg-koeln-mit-dem-versuch-ihr-missliebige-meinungsaeusserungen-zu-unterdruecken\/"},"modified":"2025-02-17T14:57:40","modified_gmt":"2025-02-17T13:57:40","slug":"claudia-roth-scheitert-vor-lg-koeln-mit-dem-versuch-ihr-missliebige-meinungsaeusserungen-zu-unterdruecken","status":"publish","type":"post","link":"https:\/\/www.hoecker.eu\/blog\/claudia-roth-scheitert-vor-lg-koeln-mit-dem-versuch-ihr-missliebige-meinungsaeusserungen-zu-unterdruecken\/","title":{"rendered":"Claudia Roth scheitert vor LG K\u00f6ln mit dem Versuch, ihr missliebige Meinungs\u00e4u\u00dferungen zu unterdr\u00fccken."},"content":{"rendered":"<p class=\"flies\">Das Landgericht K&ouml;ln hat einen Antrag auf Erlass einer einstweiligen Verf&uuml;gung von Claudia Roth gegen Markus Frohnmaier zur&uuml;ckgewiesen, mit dem Claudia Roth eine kritische Meinungs&auml;u&szlig;erung Frohnmaiers verbieten wollte.<\/p>\n<p class=\"flies\">Ausgangspunkt der Streitigkeit ist ein anwaltliches Abmahnschreiben, mit der sich Frau Roth auf folgende Aussage Frohnmaiers bezog:<\/p>\n<p style=\"padding-left: 30px;\"><span class=\"flies\"><em>&bdquo;Wer immer wieder mantrahaft wiederholt, dass Multikulti funktioniert und glaubt, dass sei nur die sorgenfreie Wahl zwischen Ente s&uuml;&szlig;-sauer und Falafel, der ist schuld, was an diesem Abend passiert ist. Meiner Meinung nach haben Leute wie Claudia Roth hier mittelbar mitvergewaltigt&hellip;nicht im juristischen Sinne, aber im &uuml;bertragenen Sinne.&ldquo;<\/em><\/span><\/p>\n<p class=\"flies\">Frohnmaier hatte dies in einem Interview in der ARD-Sendung &bdquo;Kontraste&ldquo; gesagt, in dem er Kritik an einer Politik der offenen Grenzen &uuml;bte. Er machte damit deutlich, dass die von ihm kritisierte Politik der offenen Grenzen auch Gefahren berge, die sich in K&ouml;ln an Silvester realisiert haben k&ouml;nnten.<\/p>\n<p class=\"flies\">Frau Roth bezog die Aussage entgegen ihrem Wortlaut ausschlie&szlig;lich auf sich und mahnte Frohnmaier ab. Sie verk&uuml;rzte das Zitat und verlangte von ihm die Unterlassung des folgenden Satzes, den er so nie gesagt hat:<\/p>\n<p style=\"padding-left: 30px;\"><span class=\"flies\"><em>&bdquo;Claudia Roth hat in K&ouml;ln mitvergewaltigt, nicht juristisch aber im &uuml;bertragenen Sinne&ldquo;.<\/em><\/span><\/p>\n<p class=\"flies\">Frohnmaier hatte die Abmahnung durch H&Ouml;CKER als unberechtigt zur&uuml;ckweisen und vorsorglich eine Schutzschrift mit seinen Argumenten bei Gericht hinterlegen lassen.<\/p>\n<p class=\"flies\">Nun ist Frau Roth mit ihrem Versuch gescheitert, die Aussage per einstweiliger Verf&uuml;gung vor dem Landgericht K&ouml;ln zu verbieten. Das Landgericht K&ouml;ln hat den Antrag auf Erlass einer einstweiligen Verf&uuml;gung mit begr&uuml;ndetem Beschluss vom 29.02.2016 zur&uuml;ckgewiesen (Aktenzeichen: 28 O 43\/16). Der Argumentation Roths, es handele sich um ein &bdquo;Facebook-Hassposting&ldquo; und eine unzul&auml;ssige Schm&auml;hkritik, erteilte das Landgericht K&ouml;ln eine klare Absage. Das Gericht folgte H&Ouml;CKERS Argumenten wie folgt:<\/p>\n<p style=\"padding-left: 30px;\"><span class=\"flies\"><em>&bdquo;Hier ist die streitbefangene &Auml;u&szlig;erung &bdquo;meiner Meinung nach haben Leute wie Claudia Roth hier mittelbar mitvergewaltigt&ldquo; aufgrund ihres Inhalts und ihres Kontextes als Meinungs&auml;u&szlig;erung einzuordnen, da der Antragsgegner durch die &Auml;u&szlig;erung nach dem Verst&auml;ndnis des Durchschnittsrezipienten Kritik an der seines Erachtens von der Antragstellerin unterst&uuml;tzen Politik gegen&uuml;ber den nach Deutschland einreisenden Fl&uuml;chtlingen &uuml;bt und sie in die (Mit-)Verantwortung f&uuml;r die seines Erachtens auch von Fl&uuml;chtlingen begangenen (Sexual-)Straftaten in K&ouml;ln in der Nacht vom 31.12.2015 auf den 01.01.2016 nimmt.<\/em><\/span><\/p>\n<p style=\"padding-left: 30px;\"><span class=\"flies\"><em>Diese &Auml;u&szlig;erung ist entgegen der Auffassung der Antragstellerin nicht als unzul&auml;ssige Schm&auml;hkritik einzustufen, die aus dem Schutzbereich der Meinungsfreiheit herausfiele (&hellip;). Entgegen der Auffassung der Antragstellerin steht im Fokus der &Auml;u&szlig;erung des Antragsgegners nicht ihre pers&ouml;nliche Kr&auml;nkung, sondern die Kritik an der von ihr unterst&uuml;tzten Politik gegen&uuml;ber den nach Deutschland einreisenden Fl&uuml;chtlingen. Keineswegs greift der Antragsgegner die Antragstellerin nach dem Verst&auml;ndnis des Durchschnittsrezipienten als Person in ihrer Privat- oder Intimsph&auml;re an, sondern lediglich in ihrer Stellung als Politikerin (&hellip;). Zudem stellt der Antragsgegner (&hellip;) klar, dass er der Antragstellerin keine strafrechtlich relevante Verantwortung oder Mitschuld an den in der Silvester- bzw. Neujahrsnacht begangenen (Sexual-)Delikten gibt, sondern die Auffassung vertritt, dass sie aufgrund der von ihr unterst&uuml;tzten bzw. favorisierten Politik gegen&uuml;ber den nach Deutschland einreisenden Fl&uuml;chtlingen eine politische (Mit-)Verantwortung f&uuml;r diese Entgleisungen tr&auml;gt. Diese Auffassung muss man nicht teilen, man muss sie jedoch im politischen Meinungskampf hinnehmen bzw. ihr argumentativ entgegentreten.&ldquo;<\/em><\/span><\/p>\n<p class=\"flies\">Das &uuml;berzeugt, denn Frohnmaiers Aussage ist zul&auml;ssig:<\/p>\n<p class=\"flies\">Im politischen Meinungskampf sind auch &uuml;berspitzte Formulierungen zul&auml;ssig, insbesondere in hei&szlig;en Wahlkampfzeiten. Wenn die Gr&uuml;nen Wahlwerbung verwenden, die die AfD mit Fotos von rechtsradikalen Skinheads in Verbindung bringt, dann m&uuml;ssen sie umgekehrt auch eine &uuml;berspitzte sachliche Kritik an der eigenen Politik dulden.<\/p>\n","protected":false},"excerpt":{"rendered":"<p>Das Landgericht K&ouml;ln hat einen Antrag auf Erlass einer einstweiligen Verf&uuml;gung von Claudia Roth gegen Markus Frohnmaier zur&uuml;ckgewiesen, mit dem Claudia Roth eine kritische Meinungs&auml;u&szlig;erung Frohnmaiers verbieten wollte. Ausgangspunkt der Streitigkeit ist ein anwaltliches Abmahnschreiben, mit der sich Frau Roth auf folgende Aussage Frohnmaiers bezog: &bdquo;Wer immer wieder mantrahaft wiederholt, dass Multikulti funktioniert und glaubt, [&hellip;]<\/p>\n","protected":false},"author":1,"featured_media":0,"comment_status":"closed","ping_status":"closed","sticky":false,"template":"","format":"standard","meta":{"_has_post_settings":[],"footnotes":""},"categories":[15],"tags":[],"hashtags":[],"ppma_author":[84],"class_list":["post-8441","post","type-post","status-publish","format-standard","hentry","category-news","author-hoecker_adm"],"yoast_head":"<!-- This site is optimized with the Yoast SEO Premium plugin v25.9 (Yoast SEO v27.0) - https:\/\/yoast.com\/product\/yoast-seo-premium-wordpress\/ -->\n<title>Claudia Roth scheitert vor LG K\u00f6ln mit dem Versuch, ihr missliebige Meinungs\u00e4u\u00dferungen zu unterdr\u00fccken. - H\u00d6CKER - der Blog<\/title>\n<meta name=\"robots\" content=\"index, follow, max-snippet:-1, max-image-preview:large, max-video-preview:-1\" \/>\n<link rel=\"canonical\" href=\"https:\/\/www.hoecker.eu\/blog\/claudia-roth-scheitert-vor-lg-koeln-mit-dem-versuch-ihr-missliebige-meinungsaeusserungen-zu-unterdruecken\/\" \/>\n<meta property=\"og:locale\" content=\"de_DE\" \/>\n<meta property=\"og:type\" content=\"article\" \/>\n<meta property=\"og:title\" content=\"Claudia Roth scheitert vor LG K\u00f6ln mit dem Versuch, ihr missliebige Meinungs\u00e4u\u00dferungen zu unterdr\u00fccken.\" \/>\n<meta property=\"og:description\" content=\"Das Landgericht K&ouml;ln hat einen Antrag auf Erlass einer einstweiligen Verf&uuml;gung von Claudia Roth gegen Markus Frohnmaier zur&uuml;ckgewiesen, mit dem Claudia Roth eine kritische Meinungs&auml;u&szlig;erung Frohnmaiers verbieten wollte. Ausgangspunkt der Streitigkeit ist ein anwaltliches Abmahnschreiben, mit der sich Frau Roth auf folgende Aussage Frohnmaiers bezog: &bdquo;Wer immer wieder mantrahaft wiederholt, dass Multikulti funktioniert und glaubt, [&hellip;]\" \/>\n<meta property=\"og:url\" content=\"https:\/\/www.hoecker.eu\/blog\/claudia-roth-scheitert-vor-lg-koeln-mit-dem-versuch-ihr-missliebige-meinungsaeusserungen-zu-unterdruecken\/\" \/>\n<meta property=\"og:site_name\" content=\"H\u00d6CKER - der Blog\" \/>\n<meta property=\"article:publisher\" content=\"https:\/\/www.facebook.com\/HoeckerRAe\/\" \/>\n<meta property=\"article:author\" content=\"https:\/\/www.facebook.com\/ralf.hoecker\" \/>\n<meta property=\"article:published_time\" content=\"2016-05-09T20:35:16+00:00\" \/>\n<meta property=\"article:modified_time\" content=\"2025-02-17T13:57:40+00:00\" \/>\n<meta name=\"author\" content=\"Prof. Dr. Ralf H\u00f6cker\" \/>\n<meta name=\"twitter:card\" content=\"summary_large_image\" \/>\n<meta name=\"twitter:creator\" content=\"@Ralf_Hoecker\" \/>\n<meta name=\"twitter:site\" content=\"@hoecker_rae\" \/>\n<meta name=\"twitter:label1\" content=\"Verfasst von\" \/>\n\t<meta name=\"twitter:data1\" content=\"Prof. Dr. Ralf H\u00f6cker\" \/>\n\t<meta name=\"twitter:label2\" content=\"Gesch\u00e4tzte Lesezeit\" \/>\n\t<meta name=\"twitter:data2\" content=\"3\u00a0Minuten\" \/>\n<script type=\"application\/ld+json\" class=\"yoast-schema-graph\">{\"@context\":\"https:\/\/schema.org\",\"@graph\":[{\"@type\":\"Article\",\"@id\":\"https:\/\/www.hoecker.eu\/blog\/claudia-roth-scheitert-vor-lg-koeln-mit-dem-versuch-ihr-missliebige-meinungsaeusserungen-zu-unterdruecken\/#article\",\"isPartOf\":{\"@id\":\"https:\/\/www.hoecker.eu\/blog\/claudia-roth-scheitert-vor-lg-koeln-mit-dem-versuch-ihr-missliebige-meinungsaeusserungen-zu-unterdruecken\/\"},\"author\":{\"name\":\"Prof. Dr. Ralf H\u00f6cker\",\"@id\":\"https:\/\/www.hoecker.eu\/blog\/#\/schema\/person\/08f95581eed0534eccd0b2438f7a1cab\"},\"headline\":\"Claudia Roth scheitert vor LG K\u00f6ln mit dem Versuch, ihr missliebige Meinungs\u00e4u\u00dferungen zu unterdr\u00fccken.\",\"datePublished\":\"2016-05-09T20:35:16+00:00\",\"dateModified\":\"2025-02-17T13:57:40+00:00\",\"mainEntityOfPage\":{\"@id\":\"https:\/\/www.hoecker.eu\/blog\/claudia-roth-scheitert-vor-lg-koeln-mit-dem-versuch-ihr-missliebige-meinungsaeusserungen-zu-unterdruecken\/\"},\"wordCount\":703,\"publisher\":{\"@id\":\"https:\/\/www.hoecker.eu\/blog\/#organization\"},\"articleSection\":[\"News\"],\"inLanguage\":\"de\"},{\"@type\":\"WebPage\",\"@id\":\"https:\/\/www.hoecker.eu\/blog\/claudia-roth-scheitert-vor-lg-koeln-mit-dem-versuch-ihr-missliebige-meinungsaeusserungen-zu-unterdruecken\/\",\"url\":\"https:\/\/www.hoecker.eu\/blog\/claudia-roth-scheitert-vor-lg-koeln-mit-dem-versuch-ihr-missliebige-meinungsaeusserungen-zu-unterdruecken\/\",\"name\":\"Claudia Roth scheitert vor LG K\u00f6ln mit dem Versuch, ihr missliebige Meinungs\u00e4u\u00dferungen zu unterdr\u00fccken. - H\u00d6CKER - der Blog\",\"isPartOf\":{\"@id\":\"https:\/\/www.hoecker.eu\/blog\/#website\"},\"datePublished\":\"2016-05-09T20:35:16+00:00\",\"dateModified\":\"2025-02-17T13:57:40+00:00\",\"breadcrumb\":{\"@id\":\"https:\/\/www.hoecker.eu\/blog\/claudia-roth-scheitert-vor-lg-koeln-mit-dem-versuch-ihr-missliebige-meinungsaeusserungen-zu-unterdruecken\/#breadcrumb\"},\"inLanguage\":\"de\",\"potentialAction\":[{\"@type\":\"ReadAction\",\"target\":[\"https:\/\/www.hoecker.eu\/blog\/claudia-roth-scheitert-vor-lg-koeln-mit-dem-versuch-ihr-missliebige-meinungsaeusserungen-zu-unterdruecken\/\"]}]},{\"@type\":\"BreadcrumbList\",\"@id\":\"https:\/\/www.hoecker.eu\/blog\/claudia-roth-scheitert-vor-lg-koeln-mit-dem-versuch-ihr-missliebige-meinungsaeusserungen-zu-unterdruecken\/#breadcrumb\",\"itemListElement\":[{\"@type\":\"ListItem\",\"position\":1,\"name\":\"Startseite\",\"item\":\"https:\/\/dev.hoecker.eu\/blog\/\"},{\"@type\":\"ListItem\",\"position\":2,\"name\":\"Claudia Roth scheitert vor LG K\u00f6ln mit dem Versuch, ihr missliebige Meinungs\u00e4u\u00dferungen zu unterdr\u00fccken.\"}]},{\"@type\":\"WebSite\",\"@id\":\"https:\/\/www.hoecker.eu\/blog\/#website\",\"url\":\"https:\/\/www.hoecker.eu\/blog\/\",\"name\":\"H\u00d6CKER - der Blog\",\"description\":\"Expertenblog f\u00fcr \u00c4u\u00dferungs-, Medien-, Marken-, Urheber- und Wettbewerbsrecht.\",\"publisher\":{\"@id\":\"https:\/\/www.hoecker.eu\/blog\/#organization\"},\"potentialAction\":[{\"@type\":\"SearchAction\",\"target\":{\"@type\":\"EntryPoint\",\"urlTemplate\":\"https:\/\/www.hoecker.eu\/blog\/?s={search_term_string}\"},\"query-input\":{\"@type\":\"PropertyValueSpecification\",\"valueRequired\":true,\"valueName\":\"search_term_string\"}}],\"inLanguage\":\"de\"},{\"@type\":\"Organization\",\"@id\":\"https:\/\/www.hoecker.eu\/blog\/#organization\",\"name\":\"H\u00d6CKER Rechtsanw\u00e4lte PartGmbB\",\"alternateName\":\"H\u00d6CKER\",\"url\":\"https:\/\/www.hoecker.eu\/blog\/\",\"logo\":{\"@type\":\"ImageObject\",\"inLanguage\":\"de\",\"@id\":\"https:\/\/www.hoecker.eu\/blog\/#\/schema\/logo\/image\/\",\"url\":\"https:\/\/www.hoecker.eu\/blog\/wp-content\/uploads\/2025\/03\/Blog-Logo.webp\",\"contentUrl\":\"https:\/\/www.hoecker.eu\/blog\/wp-content\/uploads\/2025\/03\/Blog-Logo.webp\",\"width\":500,\"height\":500,\"caption\":\"H\u00d6CKER Rechtsanw\u00e4lte PartGmbB\"},\"image\":{\"@id\":\"https:\/\/www.hoecker.eu\/blog\/#\/schema\/logo\/image\/\"},\"sameAs\":[\"https:\/\/www.facebook.com\/HoeckerRAe\/\",\"https:\/\/x.com\/hoecker_rae\",\"https:\/\/www.linkedin.com\/company\/hcker-rechtsanwlte\/\",\"https:\/\/www.instagram.com\/hoecker_rae\/\"],\"email\":\"contact@hoecker.eu\",\"telephone\":\"+ 49 (0)221-933 19-10\",\"legalName\":\"H\u00d6CKER Rechtsanw\u00e4lte PartGmbB\",\"numberOfEmployees\":{\"@type\":\"QuantitativeValue\",\"minValue\":\"11\",\"maxValue\":\"50\"}},{\"@type\":\"Person\",\"@id\":\"https:\/\/www.hoecker.eu\/blog\/#\/schema\/person\/08f95581eed0534eccd0b2438f7a1cab\",\"name\":\"Prof. Dr. Ralf H\u00f6cker\",\"description\":\"Medienanwalt. Besch\u00fctzer vor mieser Presse\",\"sameAs\":[\"https:\/\/www.hoecker.eu\/wer\/prof-dr-ralf-hoecker\",\"https:\/\/www.facebook.com\/ralf.hoecker\",\"https:\/\/www.linkedin.com\/in\/prof-dr-ralf-hcker-ll-m-london-17987826\/\",\"https:\/\/x.com\/Ralf_Hoecker\"],\"url\":\"https:\/\/www.hoecker.eu\/blog\/author\/hoecker_adm\/\"}]}<\/script>\n<!-- \/ Yoast SEO Premium plugin. -->","yoast_head_json":{"title":"Claudia Roth scheitert vor LG K\u00f6ln mit dem Versuch, ihr missliebige Meinungs\u00e4u\u00dferungen zu unterdr\u00fccken. - H\u00d6CKER - der Blog","robots":{"index":"index","follow":"follow","max-snippet":"max-snippet:-1","max-image-preview":"max-image-preview:large","max-video-preview":"max-video-preview:-1"},"canonical":"https:\/\/www.hoecker.eu\/blog\/claudia-roth-scheitert-vor-lg-koeln-mit-dem-versuch-ihr-missliebige-meinungsaeusserungen-zu-unterdruecken\/","og_locale":"de_DE","og_type":"article","og_title":"Claudia Roth scheitert vor LG K\u00f6ln mit dem Versuch, ihr missliebige Meinungs\u00e4u\u00dferungen zu unterdr\u00fccken.","og_description":"Das Landgericht K&ouml;ln hat einen Antrag auf Erlass einer einstweiligen Verf&uuml;gung von Claudia Roth gegen Markus Frohnmaier zur&uuml;ckgewiesen, mit dem Claudia Roth eine kritische Meinungs&auml;u&szlig;erung Frohnmaiers verbieten wollte. Ausgangspunkt der Streitigkeit ist ein anwaltliches Abmahnschreiben, mit der sich Frau Roth auf folgende Aussage Frohnmaiers bezog: &bdquo;Wer immer wieder mantrahaft wiederholt, dass Multikulti funktioniert und glaubt, [&hellip;]","og_url":"https:\/\/www.hoecker.eu\/blog\/claudia-roth-scheitert-vor-lg-koeln-mit-dem-versuch-ihr-missliebige-meinungsaeusserungen-zu-unterdruecken\/","og_site_name":"H\u00d6CKER - der Blog","article_publisher":"https:\/\/www.facebook.com\/HoeckerRAe\/","article_author":"https:\/\/www.facebook.com\/ralf.hoecker","article_published_time":"2016-05-09T20:35:16+00:00","article_modified_time":"2025-02-17T13:57:40+00:00","author":"Prof. Dr. Ralf H\u00f6cker","twitter_card":"summary_large_image","twitter_creator":"@Ralf_Hoecker","twitter_site":"@hoecker_rae","twitter_misc":{"Verfasst von":"Prof. Dr. Ralf H\u00f6cker","Gesch\u00e4tzte Lesezeit":"3\u00a0Minuten"},"schema":{"@context":"https:\/\/schema.org","@graph":[{"@type":"Article","@id":"https:\/\/www.hoecker.eu\/blog\/claudia-roth-scheitert-vor-lg-koeln-mit-dem-versuch-ihr-missliebige-meinungsaeusserungen-zu-unterdruecken\/#article","isPartOf":{"@id":"https:\/\/www.hoecker.eu\/blog\/claudia-roth-scheitert-vor-lg-koeln-mit-dem-versuch-ihr-missliebige-meinungsaeusserungen-zu-unterdruecken\/"},"author":{"name":"Prof. Dr. Ralf H\u00f6cker","@id":"https:\/\/www.hoecker.eu\/blog\/#\/schema\/person\/08f95581eed0534eccd0b2438f7a1cab"},"headline":"Claudia Roth scheitert vor LG K\u00f6ln mit dem Versuch, ihr missliebige Meinungs\u00e4u\u00dferungen zu unterdr\u00fccken.","datePublished":"2016-05-09T20:35:16+00:00","dateModified":"2025-02-17T13:57:40+00:00","mainEntityOfPage":{"@id":"https:\/\/www.hoecker.eu\/blog\/claudia-roth-scheitert-vor-lg-koeln-mit-dem-versuch-ihr-missliebige-meinungsaeusserungen-zu-unterdruecken\/"},"wordCount":703,"publisher":{"@id":"https:\/\/www.hoecker.eu\/blog\/#organization"},"articleSection":["News"],"inLanguage":"de"},{"@type":"WebPage","@id":"https:\/\/www.hoecker.eu\/blog\/claudia-roth-scheitert-vor-lg-koeln-mit-dem-versuch-ihr-missliebige-meinungsaeusserungen-zu-unterdruecken\/","url":"https:\/\/www.hoecker.eu\/blog\/claudia-roth-scheitert-vor-lg-koeln-mit-dem-versuch-ihr-missliebige-meinungsaeusserungen-zu-unterdruecken\/","name":"Claudia Roth scheitert vor LG K\u00f6ln mit dem Versuch, ihr missliebige Meinungs\u00e4u\u00dferungen zu unterdr\u00fccken. - H\u00d6CKER - der Blog","isPartOf":{"@id":"https:\/\/www.hoecker.eu\/blog\/#website"},"datePublished":"2016-05-09T20:35:16+00:00","dateModified":"2025-02-17T13:57:40+00:00","breadcrumb":{"@id":"https:\/\/www.hoecker.eu\/blog\/claudia-roth-scheitert-vor-lg-koeln-mit-dem-versuch-ihr-missliebige-meinungsaeusserungen-zu-unterdruecken\/#breadcrumb"},"inLanguage":"de","potentialAction":[{"@type":"ReadAction","target":["https:\/\/www.hoecker.eu\/blog\/claudia-roth-scheitert-vor-lg-koeln-mit-dem-versuch-ihr-missliebige-meinungsaeusserungen-zu-unterdruecken\/"]}]},{"@type":"BreadcrumbList","@id":"https:\/\/www.hoecker.eu\/blog\/claudia-roth-scheitert-vor-lg-koeln-mit-dem-versuch-ihr-missliebige-meinungsaeusserungen-zu-unterdruecken\/#breadcrumb","itemListElement":[{"@type":"ListItem","position":1,"name":"Startseite","item":"https:\/\/dev.hoecker.eu\/blog\/"},{"@type":"ListItem","position":2,"name":"Claudia Roth scheitert vor LG K\u00f6ln mit dem Versuch, ihr missliebige Meinungs\u00e4u\u00dferungen zu unterdr\u00fccken."}]},{"@type":"WebSite","@id":"https:\/\/www.hoecker.eu\/blog\/#website","url":"https:\/\/www.hoecker.eu\/blog\/","name":"H\u00d6CKER - der Blog","description":"Expertenblog f\u00fcr \u00c4u\u00dferungs-, Medien-, Marken-, Urheber- und Wettbewerbsrecht.","publisher":{"@id":"https:\/\/www.hoecker.eu\/blog\/#organization"},"potentialAction":[{"@type":"SearchAction","target":{"@type":"EntryPoint","urlTemplate":"https:\/\/www.hoecker.eu\/blog\/?s={search_term_string}"},"query-input":{"@type":"PropertyValueSpecification","valueRequired":true,"valueName":"search_term_string"}}],"inLanguage":"de"},{"@type":"Organization","@id":"https:\/\/www.hoecker.eu\/blog\/#organization","name":"H\u00d6CKER Rechtsanw\u00e4lte PartGmbB","alternateName":"H\u00d6CKER","url":"https:\/\/www.hoecker.eu\/blog\/","logo":{"@type":"ImageObject","inLanguage":"de","@id":"https:\/\/www.hoecker.eu\/blog\/#\/schema\/logo\/image\/","url":"https:\/\/www.hoecker.eu\/blog\/wp-content\/uploads\/2025\/03\/Blog-Logo.webp","contentUrl":"https:\/\/www.hoecker.eu\/blog\/wp-content\/uploads\/2025\/03\/Blog-Logo.webp","width":500,"height":500,"caption":"H\u00d6CKER Rechtsanw\u00e4lte PartGmbB"},"image":{"@id":"https:\/\/www.hoecker.eu\/blog\/#\/schema\/logo\/image\/"},"sameAs":["https:\/\/www.facebook.com\/HoeckerRAe\/","https:\/\/x.com\/hoecker_rae","https:\/\/www.linkedin.com\/company\/hcker-rechtsanwlte\/","https:\/\/www.instagram.com\/hoecker_rae\/"],"email":"contact@hoecker.eu","telephone":"+ 49 (0)221-933 19-10","legalName":"H\u00d6CKER Rechtsanw\u00e4lte PartGmbB","numberOfEmployees":{"@type":"QuantitativeValue","minValue":"11","maxValue":"50"}},{"@type":"Person","@id":"https:\/\/www.hoecker.eu\/blog\/#\/schema\/person\/08f95581eed0534eccd0b2438f7a1cab","name":"Prof. Dr. Ralf H\u00f6cker","description":"Medienanwalt. Besch\u00fctzer vor mieser Presse","sameAs":["https:\/\/www.hoecker.eu\/wer\/prof-dr-ralf-hoecker","https:\/\/www.facebook.com\/ralf.hoecker","https:\/\/www.linkedin.com\/in\/prof-dr-ralf-hcker-ll-m-london-17987826\/","https:\/\/x.com\/Ralf_Hoecker"],"url":"https:\/\/www.hoecker.eu\/blog\/author\/hoecker_adm\/"}]}},"authors":[{"term_id":84,"user_id":1,"is_guest":0,"slug":"hoecker_adm","display_name":"Prof. Dr. Ralf H\u00f6cker","avatar_url":{"url":"https:\/\/www.hoecker.eu\/blog\/wp-content\/uploads\/2023\/12\/ProfDrRalfHoecker.jpg","url2x":"https:\/\/www.hoecker.eu\/blog\/wp-content\/uploads\/2023\/12\/ProfDrRalfHoecker.jpg"},"0":null,"1":"","2":"","3":"","4":"","5":"","6":"","7":"","8":"","9":"","10":"","11":""}],"_links":{"self":[{"href":"https:\/\/www.hoecker.eu\/blog\/wp-json\/wp\/v2\/posts\/8441","targetHints":{"allow":["GET"]}}],"collection":[{"href":"https:\/\/www.hoecker.eu\/blog\/wp-json\/wp\/v2\/posts"}],"about":[{"href":"https:\/\/www.hoecker.eu\/blog\/wp-json\/wp\/v2\/types\/post"}],"author":[{"embeddable":true,"href":"https:\/\/www.hoecker.eu\/blog\/wp-json\/wp\/v2\/users\/1"}],"replies":[{"embeddable":true,"href":"https:\/\/www.hoecker.eu\/blog\/wp-json\/wp\/v2\/comments?post=8441"}],"version-history":[{"count":1,"href":"https:\/\/www.hoecker.eu\/blog\/wp-json\/wp\/v2\/posts\/8441\/revisions"}],"predecessor-version":[{"id":9563,"href":"https:\/\/www.hoecker.eu\/blog\/wp-json\/wp\/v2\/posts\/8441\/revisions\/9563"}],"wp:attachment":[{"href":"https:\/\/www.hoecker.eu\/blog\/wp-json\/wp\/v2\/media?parent=8441"}],"wp:term":[{"taxonomy":"category","embeddable":true,"href":"https:\/\/www.hoecker.eu\/blog\/wp-json\/wp\/v2\/categories?post=8441"},{"taxonomy":"post_tag","embeddable":true,"href":"https:\/\/www.hoecker.eu\/blog\/wp-json\/wp\/v2\/tags?post=8441"},{"taxonomy":"hashtags","embeddable":true,"href":"https:\/\/www.hoecker.eu\/blog\/wp-json\/wp\/v2\/hashtags?post=8441"},{"taxonomy":"author","embeddable":true,"href":"https:\/\/www.hoecker.eu\/blog\/wp-json\/wp\/v2\/ppma_author?post=8441"}],"curies":[{"name":"wp","href":"https:\/\/api.w.org\/{rel}","templated":true}]}}