{"id":8437,"date":"2016-05-09T22:37:09","date_gmt":"2016-05-09T20:37:09","guid":{"rendered":"https:\/\/www.hoecker.eu\/blog\/strafverfahren-gegen-bereits-fast-vollstaendig-entlasteten-universitaetsprofessor-lg-koeln-erlaesst-einstweilige-verfuegung-gegen-identifizierende-berichterstattung-der-bild\/"},"modified":"2025-02-17T14:57:37","modified_gmt":"2025-02-17T13:57:37","slug":"strafverfahren-gegen-bereits-fast-vollstaendig-entlasteten-universitaetsprofessor-lg-koeln-erlaesst-einstweilige-verfuegung-gegen-identifizierende-berichterstattung-der-bild","status":"publish","type":"post","link":"https:\/\/www.hoecker.eu\/blog\/strafverfahren-gegen-bereits-fast-vollstaendig-entlasteten-universitaetsprofessor-lg-koeln-erlaesst-einstweilige-verfuegung-gegen-identifizierende-berichterstattung-der-bild\/","title":{"rendered":"Strafverfahren gegen bereits fast vollst\u00e4ndig entlasteten Universit\u00e4tsprofessor: LG K\u00f6ln erl\u00e4sst einstweilige Verf\u00fcgung gegen identifizierende Berichterstattung der BILD."},"content":{"rendered":"<p class=\"flies\">BILD (print) und bild.de berichteten am 02.03.2016 &uuml;ber Strafbarkeitsvorw&uuml;rfe gegen einen Professor. Sie ver&ouml;ffentlichten ein Bild des Betroffenen bei der Einlasskontrolle im Gericht und machten ihn auch durch weitere Angaben f&uuml;r die Leser identifizierbar. Der Professor hatte die Tatvorw&uuml;rfe von Anfang an bestritten. Die Beweisaufnahme in der Hauptverhandlung gab ihm recht. Sie hat erwiesen, dass die &uuml;berw&auml;ltigende Mehrheit der urspr&uuml;nglich von der Staatsanwaltschaft erhobenen Vorw&uuml;rfe nicht zu halten war. 13 von 14 Anklagepunkten wurden daher fallengelassen und das Strafverfahren insoweit eingestellt. Es verblieb lediglich der Vorwurf einer Bagatelltat. Der Professor bestritt und bestreitet nach wie vor auch diese Tat. Um jedoch ein langwieriges Verfahren mit intensiver Beweisaufnahme zu vermeiden und insbesondere mit R&uuml;cksicht auf sein Amt als Hochschulprofessor und zum Schutz des Ansehens seiner Universit&auml;t stimmte er dennoch einer Verst&auml;ndigung mit der Justiz zu, wonach der verbliebene Restvorwurf mit der Verh&auml;ngung einer geringen Geldstrafe seine Erledigung fand. Die verh&auml;ngte Strafe ist derart niedrig, dass sie bei weitem nicht die Grenze erreicht, ab der sie ins F&uuml;hrungszeugnis eingetragen w&uuml;rde. Derzeit l&auml;uft noch ein weiteres Strafverfahren gegen den Mandanten, der auch die ihm dort vorgeworfene Tat mit &uuml;berzeugender Begr&uuml;ndung bestreitet. In den einseitig vorverurteilenden Artikeln der BILD-Zeitung und anderer Medien wurde nicht einmal ansatzweise deutlich, in welchem Ma&szlig;e das Strafverfahren den Professor bereits nach heutigem Stand entlastet hat.<\/p>\n<p class=\"flies\">Die BILD-Zeitung ma&szlig;t sich im Bereich der Verdachtsberichterstattung &uuml;ber Straftatvorw&uuml;rfe immer wieder an, die Bestrafung der Angeklagten gleich selbst zu &uuml;bernehmen, indem sie sie an den medialen Pranger stellt. Das Strafmonopol liegt aber beim Staat und den Gerichten. Die Identifizierbarmachung wegen einer Bagatelltat und im &Uuml;brigen bestrittener, gr&ouml;&szlig;tenteils schon eingestellter Vorw&uuml;rfe ist eine schwerwiegende Pers&ouml;nlichkeitsrechtsverletzung, die den Ruf des Beschuldigten in h&ouml;chstem Ma&szlig; sch&auml;digt und zu seiner sozialen Ausgrenzung f&uuml;hrt.<\/p>\n<p class=\"flies\">Mit seinem &uuml;ber H&Ouml;CKER eingereichten Antrag bei der Pressekammer des LG K&ouml;ln wandte sich der Mandant daher gegen seine unzul&auml;ssige Abbildung und gegen seine eindeutige Identifizierbarmachung durch die Wortberichterstattung der &acute;BILD&acute;. Das LG K&ouml;ln erlie&szlig; die einstweilige Verf&uuml;gung in vollem Umfang antragsgem&auml;&szlig; gegen BILD (print und online). Der Mandant darf im Zusammenhang mit den eingestellten, abgeurteilten und noch zu verhandelnden Vorw&uuml;rfen in keiner Weise mehr identifizierbar gemacht werden, auch nicht indirekt. Wir rufen die Presse und sich voreilig positionierende Leser in den Kommentarspalten der Online-Medien unter Hinweis auf diese Gerichtsentscheidung dazu auf, jegliche identifizierbarmachende Berichterstattung und jegliche Vorverurteilungen in Bezug auf unseren Mandanten zu unterlassen. F&auml;lle wie die von Christian Wulff oder J&ouml;rg Kachelmann, in denen sich die Vorw&uuml;rfe am Ende der Strafverfahren in Luft aufl&ouml;sten, die Karrieren der Betroffenen infolge der Berichterstattung aber dennoch zerst&ouml;rt wurden, sollten jedermann eine Mahnung sein.<\/p>\n","protected":false},"excerpt":{"rendered":"<p>BILD (print) und bild.de berichteten am 02.03.2016 &uuml;ber Strafbarkeitsvorw&uuml;rfe gegen einen Professor. Sie ver&ouml;ffentlichten ein Bild des Betroffenen bei der Einlasskontrolle im Gericht und machten ihn auch durch weitere Angaben f&uuml;r die Leser identifizierbar. Der Professor hatte die Tatvorw&uuml;rfe von Anfang an bestritten. Die Beweisaufnahme in der Hauptverhandlung gab ihm recht. Sie hat erwiesen, dass [&hellip;]<\/p>\n","protected":false},"author":1,"featured_media":0,"comment_status":"closed","ping_status":"closed","sticky":false,"template":"","format":"standard","meta":{"_has_post_settings":[],"footnotes":""},"categories":[15],"tags":[],"hashtags":[],"ppma_author":[84],"class_list":["post-8437","post","type-post","status-publish","format-standard","hentry","category-news","author-hoecker_adm"],"yoast_head":"<!-- This site is optimized with the Yoast SEO Premium plugin v25.9 (Yoast SEO v27.0) - https:\/\/yoast.com\/product\/yoast-seo-premium-wordpress\/ -->\n<title>Strafverfahren gegen bereits fast vollst\u00e4ndig entlasteten Universit\u00e4tsprofessor: LG K\u00f6ln erl\u00e4sst einstweilige Verf\u00fcgung gegen identifizierende Berichterstattung der BILD. - H\u00d6CKER - der Blog<\/title>\n<meta name=\"robots\" content=\"index, follow, max-snippet:-1, max-image-preview:large, max-video-preview:-1\" \/>\n<link rel=\"canonical\" href=\"https:\/\/www.hoecker.eu\/blog\/strafverfahren-gegen-bereits-fast-vollstaendig-entlasteten-universitaetsprofessor-lg-koeln-erlaesst-einstweilige-verfuegung-gegen-identifizierende-berichterstattung-der-bild\/\" \/>\n<meta property=\"og:locale\" content=\"de_DE\" \/>\n<meta property=\"og:type\" content=\"article\" \/>\n<meta property=\"og:title\" content=\"Strafverfahren gegen bereits fast vollst\u00e4ndig entlasteten Universit\u00e4tsprofessor: LG K\u00f6ln erl\u00e4sst einstweilige Verf\u00fcgung gegen identifizierende Berichterstattung der BILD.\" \/>\n<meta property=\"og:description\" content=\"BILD (print) und bild.de berichteten am 02.03.2016 &uuml;ber Strafbarkeitsvorw&uuml;rfe gegen einen Professor. Sie ver&ouml;ffentlichten ein Bild des Betroffenen bei der Einlasskontrolle im Gericht und machten ihn auch durch weitere Angaben f&uuml;r die Leser identifizierbar. Der Professor hatte die Tatvorw&uuml;rfe von Anfang an bestritten. Die Beweisaufnahme in der Hauptverhandlung gab ihm recht. Sie hat erwiesen, dass [&hellip;]\" \/>\n<meta property=\"og:url\" content=\"https:\/\/www.hoecker.eu\/blog\/strafverfahren-gegen-bereits-fast-vollstaendig-entlasteten-universitaetsprofessor-lg-koeln-erlaesst-einstweilige-verfuegung-gegen-identifizierende-berichterstattung-der-bild\/\" \/>\n<meta property=\"og:site_name\" content=\"H\u00d6CKER - der Blog\" \/>\n<meta property=\"article:publisher\" content=\"https:\/\/www.facebook.com\/HoeckerRAe\/\" \/>\n<meta property=\"article:author\" content=\"https:\/\/www.facebook.com\/ralf.hoecker\" \/>\n<meta property=\"article:published_time\" content=\"2016-05-09T20:37:09+00:00\" \/>\n<meta property=\"article:modified_time\" content=\"2025-02-17T13:57:37+00:00\" \/>\n<meta name=\"author\" content=\"Prof. Dr. Ralf H\u00f6cker\" \/>\n<meta name=\"twitter:card\" content=\"summary_large_image\" \/>\n<meta name=\"twitter:creator\" content=\"@Ralf_Hoecker\" \/>\n<meta name=\"twitter:site\" content=\"@hoecker_rae\" \/>\n<meta name=\"twitter:label1\" content=\"Verfasst von\" \/>\n\t<meta name=\"twitter:data1\" content=\"Prof. Dr. Ralf H\u00f6cker\" \/>\n\t<meta name=\"twitter:label2\" content=\"Gesch\u00e4tzte Lesezeit\" \/>\n\t<meta name=\"twitter:data2\" content=\"3\u00a0Minuten\" \/>\n<script type=\"application\/ld+json\" class=\"yoast-schema-graph\">{\"@context\":\"https:\/\/schema.org\",\"@graph\":[{\"@type\":\"Article\",\"@id\":\"https:\/\/www.hoecker.eu\/blog\/strafverfahren-gegen-bereits-fast-vollstaendig-entlasteten-universitaetsprofessor-lg-koeln-erlaesst-einstweilige-verfuegung-gegen-identifizierende-berichterstattung-der-bild\/#article\",\"isPartOf\":{\"@id\":\"https:\/\/www.hoecker.eu\/blog\/strafverfahren-gegen-bereits-fast-vollstaendig-entlasteten-universitaetsprofessor-lg-koeln-erlaesst-einstweilige-verfuegung-gegen-identifizierende-berichterstattung-der-bild\/\"},\"author\":{\"name\":\"Prof. Dr. Ralf H\u00f6cker\",\"@id\":\"https:\/\/www.hoecker.eu\/blog\/#\/schema\/person\/08f95581eed0534eccd0b2438f7a1cab\"},\"headline\":\"Strafverfahren gegen bereits fast vollst\u00e4ndig entlasteten Universit\u00e4tsprofessor: LG K\u00f6ln erl\u00e4sst einstweilige Verf\u00fcgung gegen identifizierende Berichterstattung der BILD.\",\"datePublished\":\"2016-05-09T20:37:09+00:00\",\"dateModified\":\"2025-02-17T13:57:37+00:00\",\"mainEntityOfPage\":{\"@id\":\"https:\/\/www.hoecker.eu\/blog\/strafverfahren-gegen-bereits-fast-vollstaendig-entlasteten-universitaetsprofessor-lg-koeln-erlaesst-einstweilige-verfuegung-gegen-identifizierende-berichterstattung-der-bild\/\"},\"wordCount\":534,\"publisher\":{\"@id\":\"https:\/\/www.hoecker.eu\/blog\/#organization\"},\"articleSection\":[\"News\"],\"inLanguage\":\"de\"},{\"@type\":\"WebPage\",\"@id\":\"https:\/\/www.hoecker.eu\/blog\/strafverfahren-gegen-bereits-fast-vollstaendig-entlasteten-universitaetsprofessor-lg-koeln-erlaesst-einstweilige-verfuegung-gegen-identifizierende-berichterstattung-der-bild\/\",\"url\":\"https:\/\/www.hoecker.eu\/blog\/strafverfahren-gegen-bereits-fast-vollstaendig-entlasteten-universitaetsprofessor-lg-koeln-erlaesst-einstweilige-verfuegung-gegen-identifizierende-berichterstattung-der-bild\/\",\"name\":\"Strafverfahren gegen bereits fast vollst\u00e4ndig entlasteten Universit\u00e4tsprofessor: LG K\u00f6ln erl\u00e4sst einstweilige Verf\u00fcgung gegen identifizierende Berichterstattung der BILD. - H\u00d6CKER - der Blog\",\"isPartOf\":{\"@id\":\"https:\/\/www.hoecker.eu\/blog\/#website\"},\"datePublished\":\"2016-05-09T20:37:09+00:00\",\"dateModified\":\"2025-02-17T13:57:37+00:00\",\"breadcrumb\":{\"@id\":\"https:\/\/www.hoecker.eu\/blog\/strafverfahren-gegen-bereits-fast-vollstaendig-entlasteten-universitaetsprofessor-lg-koeln-erlaesst-einstweilige-verfuegung-gegen-identifizierende-berichterstattung-der-bild\/#breadcrumb\"},\"inLanguage\":\"de\",\"potentialAction\":[{\"@type\":\"ReadAction\",\"target\":[\"https:\/\/www.hoecker.eu\/blog\/strafverfahren-gegen-bereits-fast-vollstaendig-entlasteten-universitaetsprofessor-lg-koeln-erlaesst-einstweilige-verfuegung-gegen-identifizierende-berichterstattung-der-bild\/\"]}]},{\"@type\":\"BreadcrumbList\",\"@id\":\"https:\/\/www.hoecker.eu\/blog\/strafverfahren-gegen-bereits-fast-vollstaendig-entlasteten-universitaetsprofessor-lg-koeln-erlaesst-einstweilige-verfuegung-gegen-identifizierende-berichterstattung-der-bild\/#breadcrumb\",\"itemListElement\":[{\"@type\":\"ListItem\",\"position\":1,\"name\":\"Startseite\",\"item\":\"https:\/\/dev.hoecker.eu\/blog\/\"},{\"@type\":\"ListItem\",\"position\":2,\"name\":\"Strafverfahren gegen bereits fast vollst\u00e4ndig entlasteten Universit\u00e4tsprofessor: LG K\u00f6ln erl\u00e4sst einstweilige Verf\u00fcgung gegen identifizierende Berichterstattung der BILD.\"}]},{\"@type\":\"WebSite\",\"@id\":\"https:\/\/www.hoecker.eu\/blog\/#website\",\"url\":\"https:\/\/www.hoecker.eu\/blog\/\",\"name\":\"H\u00d6CKER - der Blog\",\"description\":\"Expertenblog f\u00fcr \u00c4u\u00dferungs-, Medien-, Marken-, Urheber- und Wettbewerbsrecht.\",\"publisher\":{\"@id\":\"https:\/\/www.hoecker.eu\/blog\/#organization\"},\"potentialAction\":[{\"@type\":\"SearchAction\",\"target\":{\"@type\":\"EntryPoint\",\"urlTemplate\":\"https:\/\/www.hoecker.eu\/blog\/?s={search_term_string}\"},\"query-input\":{\"@type\":\"PropertyValueSpecification\",\"valueRequired\":true,\"valueName\":\"search_term_string\"}}],\"inLanguage\":\"de\"},{\"@type\":\"Organization\",\"@id\":\"https:\/\/www.hoecker.eu\/blog\/#organization\",\"name\":\"H\u00d6CKER Rechtsanw\u00e4lte PartGmbB\",\"alternateName\":\"H\u00d6CKER\",\"url\":\"https:\/\/www.hoecker.eu\/blog\/\",\"logo\":{\"@type\":\"ImageObject\",\"inLanguage\":\"de\",\"@id\":\"https:\/\/www.hoecker.eu\/blog\/#\/schema\/logo\/image\/\",\"url\":\"https:\/\/www.hoecker.eu\/blog\/wp-content\/uploads\/2025\/03\/Blog-Logo.webp\",\"contentUrl\":\"https:\/\/www.hoecker.eu\/blog\/wp-content\/uploads\/2025\/03\/Blog-Logo.webp\",\"width\":500,\"height\":500,\"caption\":\"H\u00d6CKER Rechtsanw\u00e4lte PartGmbB\"},\"image\":{\"@id\":\"https:\/\/www.hoecker.eu\/blog\/#\/schema\/logo\/image\/\"},\"sameAs\":[\"https:\/\/www.facebook.com\/HoeckerRAe\/\",\"https:\/\/x.com\/hoecker_rae\",\"https:\/\/www.linkedin.com\/company\/hcker-rechtsanwlte\/\",\"https:\/\/www.instagram.com\/hoecker_rae\/\"],\"email\":\"contact@hoecker.eu\",\"telephone\":\"+ 49 (0)221-933 19-10\",\"legalName\":\"H\u00d6CKER Rechtsanw\u00e4lte PartGmbB\",\"numberOfEmployees\":{\"@type\":\"QuantitativeValue\",\"minValue\":\"11\",\"maxValue\":\"50\"}},{\"@type\":\"Person\",\"@id\":\"https:\/\/www.hoecker.eu\/blog\/#\/schema\/person\/08f95581eed0534eccd0b2438f7a1cab\",\"name\":\"Prof. Dr. Ralf H\u00f6cker\",\"description\":\"Medienanwalt. Besch\u00fctzer vor mieser Presse\",\"sameAs\":[\"https:\/\/www.hoecker.eu\/wer\/prof-dr-ralf-hoecker\",\"https:\/\/www.facebook.com\/ralf.hoecker\",\"https:\/\/www.linkedin.com\/in\/prof-dr-ralf-hcker-ll-m-london-17987826\/\",\"https:\/\/x.com\/Ralf_Hoecker\"],\"url\":\"https:\/\/www.hoecker.eu\/blog\/author\/hoecker_adm\/\"}]}<\/script>\n<!-- \/ Yoast SEO Premium plugin. -->","yoast_head_json":{"title":"Strafverfahren gegen bereits fast vollst\u00e4ndig entlasteten Universit\u00e4tsprofessor: LG K\u00f6ln erl\u00e4sst einstweilige Verf\u00fcgung gegen identifizierende Berichterstattung der BILD. - H\u00d6CKER - der Blog","robots":{"index":"index","follow":"follow","max-snippet":"max-snippet:-1","max-image-preview":"max-image-preview:large","max-video-preview":"max-video-preview:-1"},"canonical":"https:\/\/www.hoecker.eu\/blog\/strafverfahren-gegen-bereits-fast-vollstaendig-entlasteten-universitaetsprofessor-lg-koeln-erlaesst-einstweilige-verfuegung-gegen-identifizierende-berichterstattung-der-bild\/","og_locale":"de_DE","og_type":"article","og_title":"Strafverfahren gegen bereits fast vollst\u00e4ndig entlasteten Universit\u00e4tsprofessor: LG K\u00f6ln erl\u00e4sst einstweilige Verf\u00fcgung gegen identifizierende Berichterstattung der BILD.","og_description":"BILD (print) und bild.de berichteten am 02.03.2016 &uuml;ber Strafbarkeitsvorw&uuml;rfe gegen einen Professor. Sie ver&ouml;ffentlichten ein Bild des Betroffenen bei der Einlasskontrolle im Gericht und machten ihn auch durch weitere Angaben f&uuml;r die Leser identifizierbar. Der Professor hatte die Tatvorw&uuml;rfe von Anfang an bestritten. Die Beweisaufnahme in der Hauptverhandlung gab ihm recht. Sie hat erwiesen, dass [&hellip;]","og_url":"https:\/\/www.hoecker.eu\/blog\/strafverfahren-gegen-bereits-fast-vollstaendig-entlasteten-universitaetsprofessor-lg-koeln-erlaesst-einstweilige-verfuegung-gegen-identifizierende-berichterstattung-der-bild\/","og_site_name":"H\u00d6CKER - der Blog","article_publisher":"https:\/\/www.facebook.com\/HoeckerRAe\/","article_author":"https:\/\/www.facebook.com\/ralf.hoecker","article_published_time":"2016-05-09T20:37:09+00:00","article_modified_time":"2025-02-17T13:57:37+00:00","author":"Prof. Dr. Ralf H\u00f6cker","twitter_card":"summary_large_image","twitter_creator":"@Ralf_Hoecker","twitter_site":"@hoecker_rae","twitter_misc":{"Verfasst von":"Prof. Dr. Ralf H\u00f6cker","Gesch\u00e4tzte Lesezeit":"3\u00a0Minuten"},"schema":{"@context":"https:\/\/schema.org","@graph":[{"@type":"Article","@id":"https:\/\/www.hoecker.eu\/blog\/strafverfahren-gegen-bereits-fast-vollstaendig-entlasteten-universitaetsprofessor-lg-koeln-erlaesst-einstweilige-verfuegung-gegen-identifizierende-berichterstattung-der-bild\/#article","isPartOf":{"@id":"https:\/\/www.hoecker.eu\/blog\/strafverfahren-gegen-bereits-fast-vollstaendig-entlasteten-universitaetsprofessor-lg-koeln-erlaesst-einstweilige-verfuegung-gegen-identifizierende-berichterstattung-der-bild\/"},"author":{"name":"Prof. Dr. Ralf H\u00f6cker","@id":"https:\/\/www.hoecker.eu\/blog\/#\/schema\/person\/08f95581eed0534eccd0b2438f7a1cab"},"headline":"Strafverfahren gegen bereits fast vollst\u00e4ndig entlasteten Universit\u00e4tsprofessor: LG K\u00f6ln erl\u00e4sst einstweilige Verf\u00fcgung gegen identifizierende Berichterstattung der BILD.","datePublished":"2016-05-09T20:37:09+00:00","dateModified":"2025-02-17T13:57:37+00:00","mainEntityOfPage":{"@id":"https:\/\/www.hoecker.eu\/blog\/strafverfahren-gegen-bereits-fast-vollstaendig-entlasteten-universitaetsprofessor-lg-koeln-erlaesst-einstweilige-verfuegung-gegen-identifizierende-berichterstattung-der-bild\/"},"wordCount":534,"publisher":{"@id":"https:\/\/www.hoecker.eu\/blog\/#organization"},"articleSection":["News"],"inLanguage":"de"},{"@type":"WebPage","@id":"https:\/\/www.hoecker.eu\/blog\/strafverfahren-gegen-bereits-fast-vollstaendig-entlasteten-universitaetsprofessor-lg-koeln-erlaesst-einstweilige-verfuegung-gegen-identifizierende-berichterstattung-der-bild\/","url":"https:\/\/www.hoecker.eu\/blog\/strafverfahren-gegen-bereits-fast-vollstaendig-entlasteten-universitaetsprofessor-lg-koeln-erlaesst-einstweilige-verfuegung-gegen-identifizierende-berichterstattung-der-bild\/","name":"Strafverfahren gegen bereits fast vollst\u00e4ndig entlasteten Universit\u00e4tsprofessor: LG K\u00f6ln erl\u00e4sst einstweilige Verf\u00fcgung gegen identifizierende Berichterstattung der BILD. - H\u00d6CKER - der Blog","isPartOf":{"@id":"https:\/\/www.hoecker.eu\/blog\/#website"},"datePublished":"2016-05-09T20:37:09+00:00","dateModified":"2025-02-17T13:57:37+00:00","breadcrumb":{"@id":"https:\/\/www.hoecker.eu\/blog\/strafverfahren-gegen-bereits-fast-vollstaendig-entlasteten-universitaetsprofessor-lg-koeln-erlaesst-einstweilige-verfuegung-gegen-identifizierende-berichterstattung-der-bild\/#breadcrumb"},"inLanguage":"de","potentialAction":[{"@type":"ReadAction","target":["https:\/\/www.hoecker.eu\/blog\/strafverfahren-gegen-bereits-fast-vollstaendig-entlasteten-universitaetsprofessor-lg-koeln-erlaesst-einstweilige-verfuegung-gegen-identifizierende-berichterstattung-der-bild\/"]}]},{"@type":"BreadcrumbList","@id":"https:\/\/www.hoecker.eu\/blog\/strafverfahren-gegen-bereits-fast-vollstaendig-entlasteten-universitaetsprofessor-lg-koeln-erlaesst-einstweilige-verfuegung-gegen-identifizierende-berichterstattung-der-bild\/#breadcrumb","itemListElement":[{"@type":"ListItem","position":1,"name":"Startseite","item":"https:\/\/dev.hoecker.eu\/blog\/"},{"@type":"ListItem","position":2,"name":"Strafverfahren gegen bereits fast vollst\u00e4ndig entlasteten Universit\u00e4tsprofessor: LG K\u00f6ln erl\u00e4sst einstweilige Verf\u00fcgung gegen identifizierende Berichterstattung der BILD."}]},{"@type":"WebSite","@id":"https:\/\/www.hoecker.eu\/blog\/#website","url":"https:\/\/www.hoecker.eu\/blog\/","name":"H\u00d6CKER - der Blog","description":"Expertenblog f\u00fcr \u00c4u\u00dferungs-, Medien-, Marken-, Urheber- und Wettbewerbsrecht.","publisher":{"@id":"https:\/\/www.hoecker.eu\/blog\/#organization"},"potentialAction":[{"@type":"SearchAction","target":{"@type":"EntryPoint","urlTemplate":"https:\/\/www.hoecker.eu\/blog\/?s={search_term_string}"},"query-input":{"@type":"PropertyValueSpecification","valueRequired":true,"valueName":"search_term_string"}}],"inLanguage":"de"},{"@type":"Organization","@id":"https:\/\/www.hoecker.eu\/blog\/#organization","name":"H\u00d6CKER Rechtsanw\u00e4lte PartGmbB","alternateName":"H\u00d6CKER","url":"https:\/\/www.hoecker.eu\/blog\/","logo":{"@type":"ImageObject","inLanguage":"de","@id":"https:\/\/www.hoecker.eu\/blog\/#\/schema\/logo\/image\/","url":"https:\/\/www.hoecker.eu\/blog\/wp-content\/uploads\/2025\/03\/Blog-Logo.webp","contentUrl":"https:\/\/www.hoecker.eu\/blog\/wp-content\/uploads\/2025\/03\/Blog-Logo.webp","width":500,"height":500,"caption":"H\u00d6CKER Rechtsanw\u00e4lte PartGmbB"},"image":{"@id":"https:\/\/www.hoecker.eu\/blog\/#\/schema\/logo\/image\/"},"sameAs":["https:\/\/www.facebook.com\/HoeckerRAe\/","https:\/\/x.com\/hoecker_rae","https:\/\/www.linkedin.com\/company\/hcker-rechtsanwlte\/","https:\/\/www.instagram.com\/hoecker_rae\/"],"email":"contact@hoecker.eu","telephone":"+ 49 (0)221-933 19-10","legalName":"H\u00d6CKER Rechtsanw\u00e4lte PartGmbB","numberOfEmployees":{"@type":"QuantitativeValue","minValue":"11","maxValue":"50"}},{"@type":"Person","@id":"https:\/\/www.hoecker.eu\/blog\/#\/schema\/person\/08f95581eed0534eccd0b2438f7a1cab","name":"Prof. Dr. Ralf H\u00f6cker","description":"Medienanwalt. Besch\u00fctzer vor mieser Presse","sameAs":["https:\/\/www.hoecker.eu\/wer\/prof-dr-ralf-hoecker","https:\/\/www.facebook.com\/ralf.hoecker","https:\/\/www.linkedin.com\/in\/prof-dr-ralf-hcker-ll-m-london-17987826\/","https:\/\/x.com\/Ralf_Hoecker"],"url":"https:\/\/www.hoecker.eu\/blog\/author\/hoecker_adm\/"}]}},"authors":[{"term_id":84,"user_id":1,"is_guest":0,"slug":"hoecker_adm","display_name":"Prof. Dr. Ralf H\u00f6cker","avatar_url":{"url":"https:\/\/www.hoecker.eu\/blog\/wp-content\/uploads\/2023\/12\/ProfDrRalfHoecker.jpg","url2x":"https:\/\/www.hoecker.eu\/blog\/wp-content\/uploads\/2023\/12\/ProfDrRalfHoecker.jpg"},"0":null,"1":"","2":"","3":"","4":"","5":"","6":"","7":"","8":"","9":"","10":"","11":""}],"_links":{"self":[{"href":"https:\/\/www.hoecker.eu\/blog\/wp-json\/wp\/v2\/posts\/8437","targetHints":{"allow":["GET"]}}],"collection":[{"href":"https:\/\/www.hoecker.eu\/blog\/wp-json\/wp\/v2\/posts"}],"about":[{"href":"https:\/\/www.hoecker.eu\/blog\/wp-json\/wp\/v2\/types\/post"}],"author":[{"embeddable":true,"href":"https:\/\/www.hoecker.eu\/blog\/wp-json\/wp\/v2\/users\/1"}],"replies":[{"embeddable":true,"href":"https:\/\/www.hoecker.eu\/blog\/wp-json\/wp\/v2\/comments?post=8437"}],"version-history":[{"count":1,"href":"https:\/\/www.hoecker.eu\/blog\/wp-json\/wp\/v2\/posts\/8437\/revisions"}],"predecessor-version":[{"id":9559,"href":"https:\/\/www.hoecker.eu\/blog\/wp-json\/wp\/v2\/posts\/8437\/revisions\/9559"}],"wp:attachment":[{"href":"https:\/\/www.hoecker.eu\/blog\/wp-json\/wp\/v2\/media?parent=8437"}],"wp:term":[{"taxonomy":"category","embeddable":true,"href":"https:\/\/www.hoecker.eu\/blog\/wp-json\/wp\/v2\/categories?post=8437"},{"taxonomy":"post_tag","embeddable":true,"href":"https:\/\/www.hoecker.eu\/blog\/wp-json\/wp\/v2\/tags?post=8437"},{"taxonomy":"hashtags","embeddable":true,"href":"https:\/\/www.hoecker.eu\/blog\/wp-json\/wp\/v2\/hashtags?post=8437"},{"taxonomy":"author","embeddable":true,"href":"https:\/\/www.hoecker.eu\/blog\/wp-json\/wp\/v2\/ppma_author?post=8437"}],"curies":[{"name":"wp","href":"https:\/\/api.w.org\/{rel}","templated":true}]}}