{"id":8424,"date":"2016-07-12T14:20:00","date_gmt":"2016-07-12T12:20:00","guid":{"rendered":"https:\/\/www.hoecker.eu\/blog\/claudia-roth-erkennt-vor-landgericht-koeln-an-dass-markus-frohnmaier-sie-als-mitvergewaltigerin-bezeichnen-durfte-an-silvester-in-koeln\/"},"modified":"2025-02-17T14:57:29","modified_gmt":"2025-02-17T13:57:29","slug":"claudia-roth-erkennt-vor-landgericht-koeln-an-dass-markus-frohnmaier-sie-als-mitvergewaltigerin-bezeichnen-durfte-an-silvester-in-koeln","status":"publish","type":"post","link":"https:\/\/www.hoecker.eu\/blog\/claudia-roth-erkennt-vor-landgericht-koeln-an-dass-markus-frohnmaier-sie-als-mitvergewaltigerin-bezeichnen-durfte-an-silvester-in-koeln\/","title":{"rendered":"Claudia Roth erkennt vor Landgericht K\u00f6ln an, dass Markus Frohnmaier sie als Mitvergewaltigerin bezeichnen durfte (an Silvester in K\u00f6ln)."},"content":{"rendered":"<p>Claudia Roth hat ihre Bem\u00fchungen aufgegeben, Herrn Markus Frohnmaier eine zul\u00e4ssige Meinungs\u00e4u\u00dferung in der politischen Auseinandersetzung zu verbieten. Frau Roth hatte Frohnmaier wegen der Aussage<\/p>\n<p><em>\u201eClaudia Roth hat in K\u00f6ln mitvergewaltigt. Nicht juristisch aber im \u00fcbertragenen Sinn.\u201c<\/em><\/p>\n<p>abgemahnt und die Abgabe einer Unterlassungserkl\u00e4rung verlangt.<\/p>\n<p>Nachdem Herr Frohnmaier die Unterlassungsanspr\u00fcche zur\u00fcckgewiesen hatte, versuchte Claudia Roth zun\u00e4chst im einstweiligen Verf\u00fcgungsverfahren ein Verbot der Aussage zu erzielen. Sie scheiterte damit erst vor dem Landgericht K\u00f6ln, dann auch letztinstanzlich vor dem OLG K\u00f6ln. Das OLG K\u00f6ln best\u00e4tigte, dass Frohnmaiers Meinungs\u00e4u\u00dferung zul\u00e4ssig war. F\u00fcr die n\u00e4here Begr\u00fcndung des OLG K\u00f6ln verweisen wir auf die Pressemitteilung unter dem nachstehenden Link:<\/p>\n<p><a href=\"http:\/\/www.hoecker.eu\/news\/olg-k%C3%B6ln-man-darf-claudia-roth-als-mitvergewaltigerin-bezeichnen-an-silvester-in-k%C3%B6ln\">http:\/\/www.hoecker.eu\/news\/olg-k\u00f6ln-man-darf-claudia-roth-als-mitvergewaltigerin-bezeichnen-an-silvester-in-k\u00f6ln<\/a><\/p>\n<p>Frohnmaier war nach der Abmahnung zum Gegenangriff \u00fcbergegangen und hatte sich mit einer negativen Feststellungsklage vor dem LG K\u00f6ln gegen Frau Roth gewehrt. Er beantragte die ausdr\u00fcckliche Feststellung des Gerichts, dass Frau Roth keinen Anspruch gegen ihn hat, die \u00c4u\u00dferung zu unterlassen.<\/p>\n<p>Nachdem Frau Roth im einstweiligen Verf\u00fcgungsverfahren letztinstanzlich vor dem OLG klar unterlegen ist hat sie nun im Hauptsacheklageverfahren die Klage des Herrn Frohnmaier anerkannt.<\/p>\n<p>Das LG K\u00f6ln hat Frau Roth daraufhin am 15.06.2016 (Az:&nbsp;28 O&nbsp;48\/16)&nbsp;rechtskr\u00e4ftig verurteilt und festgestellt, dass sie gegen unseren Mandanten keinen Unterlassungsanspruch gegen folgende \u00c4u\u00dferung hat:<\/p>\n<p><em class=\"redactor-inline-converted\">\u201eClaudia Roth hat in K\u00f6ln mitvergewaltigt. Nicht juristisch aber im \u00fcbertragenen Sinn.\u201c<\/em><\/p>\n","protected":false},"excerpt":{"rendered":"<p>Claudia Roth hat ihre Bem\u00fchungen aufgegeben, Herrn Markus Frohnmaier eine zul\u00e4ssige Meinungs\u00e4u\u00dferung in der politischen Auseinandersetzung zu verbieten. Frau Roth hatte Frohnmaier wegen der Aussage \u201eClaudia Roth hat in K\u00f6ln mitvergewaltigt. Nicht juristisch aber im \u00fcbertragenen Sinn.\u201c abgemahnt und die Abgabe einer Unterlassungserkl\u00e4rung verlangt. Nachdem Herr Frohnmaier die Unterlassungsanspr\u00fcche zur\u00fcckgewiesen hatte, versuchte Claudia Roth zun\u00e4chst [&hellip;]<\/p>\n","protected":false},"author":1,"featured_media":0,"comment_status":"closed","ping_status":"closed","sticky":false,"template":"","format":"standard","meta":{"_has_post_settings":[],"footnotes":""},"categories":[15],"tags":[],"hashtags":[],"ppma_author":[84],"class_list":["post-8424","post","type-post","status-publish","format-standard","hentry","category-news","author-hoecker_adm"],"yoast_head":"<!-- This site is optimized with the Yoast SEO Premium plugin v25.9 (Yoast SEO v27.0) - https:\/\/yoast.com\/product\/yoast-seo-premium-wordpress\/ -->\n<title>Claudia Roth erkennt vor Landgericht K\u00f6ln an, dass Markus Frohnmaier sie als Mitvergewaltigerin bezeichnen durfte (an Silvester in K\u00f6ln). - H\u00d6CKER - der Blog<\/title>\n<meta name=\"robots\" content=\"index, follow, max-snippet:-1, max-image-preview:large, max-video-preview:-1\" \/>\n<link rel=\"canonical\" href=\"https:\/\/www.hoecker.eu\/blog\/claudia-roth-erkennt-vor-landgericht-koeln-an-dass-markus-frohnmaier-sie-als-mitvergewaltigerin-bezeichnen-durfte-an-silvester-in-koeln\/\" \/>\n<meta property=\"og:locale\" content=\"de_DE\" \/>\n<meta property=\"og:type\" content=\"article\" \/>\n<meta property=\"og:title\" content=\"Claudia Roth erkennt vor Landgericht K\u00f6ln an, dass Markus Frohnmaier sie als Mitvergewaltigerin bezeichnen durfte (an Silvester in K\u00f6ln).\" \/>\n<meta property=\"og:description\" content=\"Claudia Roth hat ihre Bem\u00fchungen aufgegeben, Herrn Markus Frohnmaier eine zul\u00e4ssige Meinungs\u00e4u\u00dferung in der politischen Auseinandersetzung zu verbieten. Frau Roth hatte Frohnmaier wegen der Aussage \u201eClaudia Roth hat in K\u00f6ln mitvergewaltigt. Nicht juristisch aber im \u00fcbertragenen Sinn.\u201c abgemahnt und die Abgabe einer Unterlassungserkl\u00e4rung verlangt. Nachdem Herr Frohnmaier die Unterlassungsanspr\u00fcche zur\u00fcckgewiesen hatte, versuchte Claudia Roth zun\u00e4chst [&hellip;]\" \/>\n<meta property=\"og:url\" content=\"https:\/\/www.hoecker.eu\/blog\/claudia-roth-erkennt-vor-landgericht-koeln-an-dass-markus-frohnmaier-sie-als-mitvergewaltigerin-bezeichnen-durfte-an-silvester-in-koeln\/\" \/>\n<meta property=\"og:site_name\" content=\"H\u00d6CKER - der Blog\" \/>\n<meta property=\"article:publisher\" content=\"https:\/\/www.facebook.com\/HoeckerRAe\/\" \/>\n<meta property=\"article:author\" content=\"https:\/\/www.facebook.com\/ralf.hoecker\" \/>\n<meta property=\"article:published_time\" content=\"2016-07-12T12:20:00+00:00\" \/>\n<meta property=\"article:modified_time\" content=\"2025-02-17T13:57:29+00:00\" \/>\n<meta name=\"author\" content=\"Prof. Dr. Ralf H\u00f6cker\" \/>\n<meta name=\"twitter:card\" content=\"summary_large_image\" \/>\n<meta name=\"twitter:creator\" content=\"@Ralf_Hoecker\" \/>\n<meta name=\"twitter:site\" content=\"@hoecker_rae\" \/>\n<meta name=\"twitter:label1\" content=\"Verfasst von\" \/>\n\t<meta name=\"twitter:data1\" content=\"Prof. Dr. Ralf H\u00f6cker\" \/>\n\t<meta name=\"twitter:label2\" content=\"Gesch\u00e4tzte Lesezeit\" \/>\n\t<meta name=\"twitter:data2\" content=\"1\u00a0Minute\" \/>\n<script type=\"application\/ld+json\" class=\"yoast-schema-graph\">{\"@context\":\"https:\/\/schema.org\",\"@graph\":[{\"@type\":\"Article\",\"@id\":\"https:\/\/www.hoecker.eu\/blog\/claudia-roth-erkennt-vor-landgericht-koeln-an-dass-markus-frohnmaier-sie-als-mitvergewaltigerin-bezeichnen-durfte-an-silvester-in-koeln\/#article\",\"isPartOf\":{\"@id\":\"https:\/\/www.hoecker.eu\/blog\/claudia-roth-erkennt-vor-landgericht-koeln-an-dass-markus-frohnmaier-sie-als-mitvergewaltigerin-bezeichnen-durfte-an-silvester-in-koeln\/\"},\"author\":{\"name\":\"Prof. Dr. Ralf H\u00f6cker\",\"@id\":\"https:\/\/www.hoecker.eu\/blog\/#\/schema\/person\/08f95581eed0534eccd0b2438f7a1cab\"},\"headline\":\"Claudia Roth erkennt vor Landgericht K\u00f6ln an, dass Markus Frohnmaier sie als Mitvergewaltigerin bezeichnen durfte (an Silvester in K\u00f6ln).\",\"datePublished\":\"2016-07-12T12:20:00+00:00\",\"dateModified\":\"2025-02-17T13:57:29+00:00\",\"mainEntityOfPage\":{\"@id\":\"https:\/\/www.hoecker.eu\/blog\/claudia-roth-erkennt-vor-landgericht-koeln-an-dass-markus-frohnmaier-sie-als-mitvergewaltigerin-bezeichnen-durfte-an-silvester-in-koeln\/\"},\"wordCount\":268,\"publisher\":{\"@id\":\"https:\/\/www.hoecker.eu\/blog\/#organization\"},\"articleSection\":[\"News\"],\"inLanguage\":\"de\"},{\"@type\":\"WebPage\",\"@id\":\"https:\/\/www.hoecker.eu\/blog\/claudia-roth-erkennt-vor-landgericht-koeln-an-dass-markus-frohnmaier-sie-als-mitvergewaltigerin-bezeichnen-durfte-an-silvester-in-koeln\/\",\"url\":\"https:\/\/www.hoecker.eu\/blog\/claudia-roth-erkennt-vor-landgericht-koeln-an-dass-markus-frohnmaier-sie-als-mitvergewaltigerin-bezeichnen-durfte-an-silvester-in-koeln\/\",\"name\":\"Claudia Roth erkennt vor Landgericht K\u00f6ln an, dass Markus Frohnmaier sie als Mitvergewaltigerin bezeichnen durfte (an Silvester in K\u00f6ln). - H\u00d6CKER - der Blog\",\"isPartOf\":{\"@id\":\"https:\/\/www.hoecker.eu\/blog\/#website\"},\"datePublished\":\"2016-07-12T12:20:00+00:00\",\"dateModified\":\"2025-02-17T13:57:29+00:00\",\"breadcrumb\":{\"@id\":\"https:\/\/www.hoecker.eu\/blog\/claudia-roth-erkennt-vor-landgericht-koeln-an-dass-markus-frohnmaier-sie-als-mitvergewaltigerin-bezeichnen-durfte-an-silvester-in-koeln\/#breadcrumb\"},\"inLanguage\":\"de\",\"potentialAction\":[{\"@type\":\"ReadAction\",\"target\":[\"https:\/\/www.hoecker.eu\/blog\/claudia-roth-erkennt-vor-landgericht-koeln-an-dass-markus-frohnmaier-sie-als-mitvergewaltigerin-bezeichnen-durfte-an-silvester-in-koeln\/\"]}]},{\"@type\":\"BreadcrumbList\",\"@id\":\"https:\/\/www.hoecker.eu\/blog\/claudia-roth-erkennt-vor-landgericht-koeln-an-dass-markus-frohnmaier-sie-als-mitvergewaltigerin-bezeichnen-durfte-an-silvester-in-koeln\/#breadcrumb\",\"itemListElement\":[{\"@type\":\"ListItem\",\"position\":1,\"name\":\"Startseite\",\"item\":\"https:\/\/dev.hoecker.eu\/blog\/\"},{\"@type\":\"ListItem\",\"position\":2,\"name\":\"Claudia Roth erkennt vor Landgericht K\u00f6ln an, dass Markus Frohnmaier sie als Mitvergewaltigerin bezeichnen durfte (an Silvester in K\u00f6ln).\"}]},{\"@type\":\"WebSite\",\"@id\":\"https:\/\/www.hoecker.eu\/blog\/#website\",\"url\":\"https:\/\/www.hoecker.eu\/blog\/\",\"name\":\"H\u00d6CKER - der Blog\",\"description\":\"Expertenblog f\u00fcr \u00c4u\u00dferungs-, Medien-, Marken-, Urheber- und Wettbewerbsrecht.\",\"publisher\":{\"@id\":\"https:\/\/www.hoecker.eu\/blog\/#organization\"},\"potentialAction\":[{\"@type\":\"SearchAction\",\"target\":{\"@type\":\"EntryPoint\",\"urlTemplate\":\"https:\/\/www.hoecker.eu\/blog\/?s={search_term_string}\"},\"query-input\":{\"@type\":\"PropertyValueSpecification\",\"valueRequired\":true,\"valueName\":\"search_term_string\"}}],\"inLanguage\":\"de\"},{\"@type\":\"Organization\",\"@id\":\"https:\/\/www.hoecker.eu\/blog\/#organization\",\"name\":\"H\u00d6CKER Rechtsanw\u00e4lte PartGmbB\",\"alternateName\":\"H\u00d6CKER\",\"url\":\"https:\/\/www.hoecker.eu\/blog\/\",\"logo\":{\"@type\":\"ImageObject\",\"inLanguage\":\"de\",\"@id\":\"https:\/\/www.hoecker.eu\/blog\/#\/schema\/logo\/image\/\",\"url\":\"https:\/\/www.hoecker.eu\/blog\/wp-content\/uploads\/2025\/03\/Blog-Logo.webp\",\"contentUrl\":\"https:\/\/www.hoecker.eu\/blog\/wp-content\/uploads\/2025\/03\/Blog-Logo.webp\",\"width\":500,\"height\":500,\"caption\":\"H\u00d6CKER Rechtsanw\u00e4lte PartGmbB\"},\"image\":{\"@id\":\"https:\/\/www.hoecker.eu\/blog\/#\/schema\/logo\/image\/\"},\"sameAs\":[\"https:\/\/www.facebook.com\/HoeckerRAe\/\",\"https:\/\/x.com\/hoecker_rae\",\"https:\/\/www.linkedin.com\/company\/hcker-rechtsanwlte\/\",\"https:\/\/www.instagram.com\/hoecker_rae\/\"],\"email\":\"contact@hoecker.eu\",\"telephone\":\"+ 49 (0)221-933 19-10\",\"legalName\":\"H\u00d6CKER Rechtsanw\u00e4lte PartGmbB\",\"numberOfEmployees\":{\"@type\":\"QuantitativeValue\",\"minValue\":\"11\",\"maxValue\":\"50\"}},{\"@type\":\"Person\",\"@id\":\"https:\/\/www.hoecker.eu\/blog\/#\/schema\/person\/08f95581eed0534eccd0b2438f7a1cab\",\"name\":\"Prof. Dr. Ralf H\u00f6cker\",\"description\":\"Medienanwalt. Besch\u00fctzer vor mieser Presse\",\"sameAs\":[\"https:\/\/www.hoecker.eu\/wer\/prof-dr-ralf-hoecker\",\"https:\/\/www.facebook.com\/ralf.hoecker\",\"https:\/\/www.linkedin.com\/in\/prof-dr-ralf-hcker-ll-m-london-17987826\/\",\"https:\/\/x.com\/Ralf_Hoecker\"],\"url\":\"https:\/\/www.hoecker.eu\/blog\/author\/hoecker_adm\/\"}]}<\/script>\n<!-- \/ Yoast SEO Premium plugin. -->","yoast_head_json":{"title":"Claudia Roth erkennt vor Landgericht K\u00f6ln an, dass Markus Frohnmaier sie als Mitvergewaltigerin bezeichnen durfte (an Silvester in K\u00f6ln). - H\u00d6CKER - der Blog","robots":{"index":"index","follow":"follow","max-snippet":"max-snippet:-1","max-image-preview":"max-image-preview:large","max-video-preview":"max-video-preview:-1"},"canonical":"https:\/\/www.hoecker.eu\/blog\/claudia-roth-erkennt-vor-landgericht-koeln-an-dass-markus-frohnmaier-sie-als-mitvergewaltigerin-bezeichnen-durfte-an-silvester-in-koeln\/","og_locale":"de_DE","og_type":"article","og_title":"Claudia Roth erkennt vor Landgericht K\u00f6ln an, dass Markus Frohnmaier sie als Mitvergewaltigerin bezeichnen durfte (an Silvester in K\u00f6ln).","og_description":"Claudia Roth hat ihre Bem\u00fchungen aufgegeben, Herrn Markus Frohnmaier eine zul\u00e4ssige Meinungs\u00e4u\u00dferung in der politischen Auseinandersetzung zu verbieten. Frau Roth hatte Frohnmaier wegen der Aussage \u201eClaudia Roth hat in K\u00f6ln mitvergewaltigt. Nicht juristisch aber im \u00fcbertragenen Sinn.\u201c abgemahnt und die Abgabe einer Unterlassungserkl\u00e4rung verlangt. Nachdem Herr Frohnmaier die Unterlassungsanspr\u00fcche zur\u00fcckgewiesen hatte, versuchte Claudia Roth zun\u00e4chst [&hellip;]","og_url":"https:\/\/www.hoecker.eu\/blog\/claudia-roth-erkennt-vor-landgericht-koeln-an-dass-markus-frohnmaier-sie-als-mitvergewaltigerin-bezeichnen-durfte-an-silvester-in-koeln\/","og_site_name":"H\u00d6CKER - der Blog","article_publisher":"https:\/\/www.facebook.com\/HoeckerRAe\/","article_author":"https:\/\/www.facebook.com\/ralf.hoecker","article_published_time":"2016-07-12T12:20:00+00:00","article_modified_time":"2025-02-17T13:57:29+00:00","author":"Prof. Dr. Ralf H\u00f6cker","twitter_card":"summary_large_image","twitter_creator":"@Ralf_Hoecker","twitter_site":"@hoecker_rae","twitter_misc":{"Verfasst von":"Prof. Dr. Ralf H\u00f6cker","Gesch\u00e4tzte Lesezeit":"1\u00a0Minute"},"schema":{"@context":"https:\/\/schema.org","@graph":[{"@type":"Article","@id":"https:\/\/www.hoecker.eu\/blog\/claudia-roth-erkennt-vor-landgericht-koeln-an-dass-markus-frohnmaier-sie-als-mitvergewaltigerin-bezeichnen-durfte-an-silvester-in-koeln\/#article","isPartOf":{"@id":"https:\/\/www.hoecker.eu\/blog\/claudia-roth-erkennt-vor-landgericht-koeln-an-dass-markus-frohnmaier-sie-als-mitvergewaltigerin-bezeichnen-durfte-an-silvester-in-koeln\/"},"author":{"name":"Prof. Dr. Ralf H\u00f6cker","@id":"https:\/\/www.hoecker.eu\/blog\/#\/schema\/person\/08f95581eed0534eccd0b2438f7a1cab"},"headline":"Claudia Roth erkennt vor Landgericht K\u00f6ln an, dass Markus Frohnmaier sie als Mitvergewaltigerin bezeichnen durfte (an Silvester in K\u00f6ln).","datePublished":"2016-07-12T12:20:00+00:00","dateModified":"2025-02-17T13:57:29+00:00","mainEntityOfPage":{"@id":"https:\/\/www.hoecker.eu\/blog\/claudia-roth-erkennt-vor-landgericht-koeln-an-dass-markus-frohnmaier-sie-als-mitvergewaltigerin-bezeichnen-durfte-an-silvester-in-koeln\/"},"wordCount":268,"publisher":{"@id":"https:\/\/www.hoecker.eu\/blog\/#organization"},"articleSection":["News"],"inLanguage":"de"},{"@type":"WebPage","@id":"https:\/\/www.hoecker.eu\/blog\/claudia-roth-erkennt-vor-landgericht-koeln-an-dass-markus-frohnmaier-sie-als-mitvergewaltigerin-bezeichnen-durfte-an-silvester-in-koeln\/","url":"https:\/\/www.hoecker.eu\/blog\/claudia-roth-erkennt-vor-landgericht-koeln-an-dass-markus-frohnmaier-sie-als-mitvergewaltigerin-bezeichnen-durfte-an-silvester-in-koeln\/","name":"Claudia Roth erkennt vor Landgericht K\u00f6ln an, dass Markus Frohnmaier sie als Mitvergewaltigerin bezeichnen durfte (an Silvester in K\u00f6ln). - H\u00d6CKER - der Blog","isPartOf":{"@id":"https:\/\/www.hoecker.eu\/blog\/#website"},"datePublished":"2016-07-12T12:20:00+00:00","dateModified":"2025-02-17T13:57:29+00:00","breadcrumb":{"@id":"https:\/\/www.hoecker.eu\/blog\/claudia-roth-erkennt-vor-landgericht-koeln-an-dass-markus-frohnmaier-sie-als-mitvergewaltigerin-bezeichnen-durfte-an-silvester-in-koeln\/#breadcrumb"},"inLanguage":"de","potentialAction":[{"@type":"ReadAction","target":["https:\/\/www.hoecker.eu\/blog\/claudia-roth-erkennt-vor-landgericht-koeln-an-dass-markus-frohnmaier-sie-als-mitvergewaltigerin-bezeichnen-durfte-an-silvester-in-koeln\/"]}]},{"@type":"BreadcrumbList","@id":"https:\/\/www.hoecker.eu\/blog\/claudia-roth-erkennt-vor-landgericht-koeln-an-dass-markus-frohnmaier-sie-als-mitvergewaltigerin-bezeichnen-durfte-an-silvester-in-koeln\/#breadcrumb","itemListElement":[{"@type":"ListItem","position":1,"name":"Startseite","item":"https:\/\/dev.hoecker.eu\/blog\/"},{"@type":"ListItem","position":2,"name":"Claudia Roth erkennt vor Landgericht K\u00f6ln an, dass Markus Frohnmaier sie als Mitvergewaltigerin bezeichnen durfte (an Silvester in K\u00f6ln)."}]},{"@type":"WebSite","@id":"https:\/\/www.hoecker.eu\/blog\/#website","url":"https:\/\/www.hoecker.eu\/blog\/","name":"H\u00d6CKER - der Blog","description":"Expertenblog f\u00fcr \u00c4u\u00dferungs-, Medien-, Marken-, Urheber- und Wettbewerbsrecht.","publisher":{"@id":"https:\/\/www.hoecker.eu\/blog\/#organization"},"potentialAction":[{"@type":"SearchAction","target":{"@type":"EntryPoint","urlTemplate":"https:\/\/www.hoecker.eu\/blog\/?s={search_term_string}"},"query-input":{"@type":"PropertyValueSpecification","valueRequired":true,"valueName":"search_term_string"}}],"inLanguage":"de"},{"@type":"Organization","@id":"https:\/\/www.hoecker.eu\/blog\/#organization","name":"H\u00d6CKER Rechtsanw\u00e4lte PartGmbB","alternateName":"H\u00d6CKER","url":"https:\/\/www.hoecker.eu\/blog\/","logo":{"@type":"ImageObject","inLanguage":"de","@id":"https:\/\/www.hoecker.eu\/blog\/#\/schema\/logo\/image\/","url":"https:\/\/www.hoecker.eu\/blog\/wp-content\/uploads\/2025\/03\/Blog-Logo.webp","contentUrl":"https:\/\/www.hoecker.eu\/blog\/wp-content\/uploads\/2025\/03\/Blog-Logo.webp","width":500,"height":500,"caption":"H\u00d6CKER Rechtsanw\u00e4lte PartGmbB"},"image":{"@id":"https:\/\/www.hoecker.eu\/blog\/#\/schema\/logo\/image\/"},"sameAs":["https:\/\/www.facebook.com\/HoeckerRAe\/","https:\/\/x.com\/hoecker_rae","https:\/\/www.linkedin.com\/company\/hcker-rechtsanwlte\/","https:\/\/www.instagram.com\/hoecker_rae\/"],"email":"contact@hoecker.eu","telephone":"+ 49 (0)221-933 19-10","legalName":"H\u00d6CKER Rechtsanw\u00e4lte PartGmbB","numberOfEmployees":{"@type":"QuantitativeValue","minValue":"11","maxValue":"50"}},{"@type":"Person","@id":"https:\/\/www.hoecker.eu\/blog\/#\/schema\/person\/08f95581eed0534eccd0b2438f7a1cab","name":"Prof. Dr. Ralf H\u00f6cker","description":"Medienanwalt. Besch\u00fctzer vor mieser Presse","sameAs":["https:\/\/www.hoecker.eu\/wer\/prof-dr-ralf-hoecker","https:\/\/www.facebook.com\/ralf.hoecker","https:\/\/www.linkedin.com\/in\/prof-dr-ralf-hcker-ll-m-london-17987826\/","https:\/\/x.com\/Ralf_Hoecker"],"url":"https:\/\/www.hoecker.eu\/blog\/author\/hoecker_adm\/"}]}},"authors":[{"term_id":84,"user_id":1,"is_guest":0,"slug":"hoecker_adm","display_name":"Prof. Dr. Ralf H\u00f6cker","avatar_url":{"url":"https:\/\/www.hoecker.eu\/blog\/wp-content\/uploads\/2023\/12\/ProfDrRalfHoecker.jpg","url2x":"https:\/\/www.hoecker.eu\/blog\/wp-content\/uploads\/2023\/12\/ProfDrRalfHoecker.jpg"},"0":null,"1":"","2":"","3":"","4":"","5":"","6":"","7":"","8":"","9":"","10":"","11":""}],"_links":{"self":[{"href":"https:\/\/www.hoecker.eu\/blog\/wp-json\/wp\/v2\/posts\/8424","targetHints":{"allow":["GET"]}}],"collection":[{"href":"https:\/\/www.hoecker.eu\/blog\/wp-json\/wp\/v2\/posts"}],"about":[{"href":"https:\/\/www.hoecker.eu\/blog\/wp-json\/wp\/v2\/types\/post"}],"author":[{"embeddable":true,"href":"https:\/\/www.hoecker.eu\/blog\/wp-json\/wp\/v2\/users\/1"}],"replies":[{"embeddable":true,"href":"https:\/\/www.hoecker.eu\/blog\/wp-json\/wp\/v2\/comments?post=8424"}],"version-history":[{"count":1,"href":"https:\/\/www.hoecker.eu\/blog\/wp-json\/wp\/v2\/posts\/8424\/revisions"}],"predecessor-version":[{"id":9546,"href":"https:\/\/www.hoecker.eu\/blog\/wp-json\/wp\/v2\/posts\/8424\/revisions\/9546"}],"wp:attachment":[{"href":"https:\/\/www.hoecker.eu\/blog\/wp-json\/wp\/v2\/media?parent=8424"}],"wp:term":[{"taxonomy":"category","embeddable":true,"href":"https:\/\/www.hoecker.eu\/blog\/wp-json\/wp\/v2\/categories?post=8424"},{"taxonomy":"post_tag","embeddable":true,"href":"https:\/\/www.hoecker.eu\/blog\/wp-json\/wp\/v2\/tags?post=8424"},{"taxonomy":"hashtags","embeddable":true,"href":"https:\/\/www.hoecker.eu\/blog\/wp-json\/wp\/v2\/hashtags?post=8424"},{"taxonomy":"author","embeddable":true,"href":"https:\/\/www.hoecker.eu\/blog\/wp-json\/wp\/v2\/ppma_author?post=8424"}],"curies":[{"name":"wp","href":"https:\/\/api.w.org\/{rel}","templated":true}]}}