{"id":8422,"date":"2016-08-10T17:57:20","date_gmt":"2016-08-10T15:57:20","guid":{"rendered":"https:\/\/www.hoecker.eu\/blog\/falschbericht-ueber-rettungsdienst-in-solingen-hoecker-mandant-asb-erreicht-unterlassungserklaerung-des-solinger-boten\/"},"modified":"2025-02-17T14:57:28","modified_gmt":"2025-02-17T13:57:28","slug":"falschbericht-ueber-rettungsdienst-in-solingen-hoecker-mandant-asb-erreicht-unterlassungserklaerung-des-solinger-boten","status":"publish","type":"post","link":"https:\/\/www.hoecker.eu\/blog\/falschbericht-ueber-rettungsdienst-in-solingen-hoecker-mandant-asb-erreicht-unterlassungserklaerung-des-solinger-boten\/","title":{"rendered":"Falschbericht \u00fcber Rettungsdienst in Solingen &#8211; H\u00d6CKER-Mandant ASB erreicht Unterlassungserkl\u00e4rung des Solinger Boten"},"content":{"rendered":"<p>Der Arbeiter-Samariter-Bund-Regionalverband Bergisch Land e.V. (ASB) hat den Auftrag erhalten, Teile des \u00f6ffentlichen Rettungsdienstes in der Stadt Solingen zu besetzen. Zum Start des ASB in Solingen am 01.08.2016 berichtete das lokale Online-Nachrichtenportal \u201eSolinger Bote\u201c \u00fcber angebliche Dumpingl\u00f6hne und veraltete Fahrzeuge. Hierbei wurden Falschbehauptungen aufgestellt und falsche Eindr\u00fccke erweckt. Auf die Abmahnung des H\u00d6CKER-Mandanten vom 02.08.2016 gab die Solinger Bote Verlags UG (haftungsbeschr\u00e4nkt) am 09.08.2016 nun in allen beanstandeten Punkten eine strafbewehrte Unterlassungsverpflichtungserkl\u00e4rung ab. Der Bericht ist derzeit gel\u00f6scht.<\/p>\n<p>Rechtsanwalt Dr. Marcel Leeser: <\/p>\n<p>  \u201e<i>Auch ein gemeinn\u00fctziger Verein wie der ASB muss sich Unwahrheiten und falsche Eindr\u00fccke nicht gefallen lassen. Diese sind von der Presse- und Meinungs\u00e4u\u00dferungsfreiheit nicht gedeckt und f\u00fchren somit zu presserechtlichen Anspr\u00fcchen des Betroffenen. Wir w\u00fcnschen unserem Mandanten einen weiterhin erfolgreichen Start in der Stadt Solingen.<\/i>\u201c<\/p>\n","protected":false},"excerpt":{"rendered":"<p>Der Arbeiter-Samariter-Bund-Regionalverband Bergisch Land e.V. (ASB) hat den Auftrag erhalten, Teile des \u00f6ffentlichen Rettungsdienstes in der Stadt Solingen zu besetzen. Zum Start des ASB in Solingen am 01.08.2016 berichtete das lokale Online-Nachrichtenportal \u201eSolinger Bote\u201c \u00fcber angebliche Dumpingl\u00f6hne und veraltete Fahrzeuge. Hierbei wurden Falschbehauptungen aufgestellt und falsche Eindr\u00fccke erweckt. Auf die Abmahnung des H\u00d6CKER-Mandanten vom 02.08.2016 [&hellip;]<\/p>\n","protected":false},"author":1,"featured_media":0,"comment_status":"closed","ping_status":"closed","sticky":false,"template":"","format":"standard","meta":{"_has_post_settings":[],"footnotes":""},"categories":[15],"tags":[],"hashtags":[],"ppma_author":[84],"class_list":["post-8422","post","type-post","status-publish","format-standard","hentry","category-news","author-hoecker_adm"],"yoast_head":"<!-- This site is optimized with the Yoast SEO Premium plugin v25.9 (Yoast SEO v27.0) - https:\/\/yoast.com\/product\/yoast-seo-premium-wordpress\/ -->\n<title>Falschbericht \u00fcber Rettungsdienst in Solingen - H\u00d6CKER-Mandant ASB erreicht Unterlassungserkl\u00e4rung des Solinger Boten - H\u00d6CKER - der Blog<\/title>\n<meta name=\"robots\" content=\"index, follow, max-snippet:-1, max-image-preview:large, max-video-preview:-1\" \/>\n<link rel=\"canonical\" href=\"https:\/\/www.hoecker.eu\/blog\/falschbericht-ueber-rettungsdienst-in-solingen-hoecker-mandant-asb-erreicht-unterlassungserklaerung-des-solinger-boten\/\" \/>\n<meta property=\"og:locale\" content=\"de_DE\" \/>\n<meta property=\"og:type\" content=\"article\" \/>\n<meta property=\"og:title\" content=\"Falschbericht \u00fcber Rettungsdienst in Solingen - H\u00d6CKER-Mandant ASB erreicht Unterlassungserkl\u00e4rung des Solinger Boten\" \/>\n<meta property=\"og:description\" content=\"Der Arbeiter-Samariter-Bund-Regionalverband Bergisch Land e.V. (ASB) hat den Auftrag erhalten, Teile des \u00f6ffentlichen Rettungsdienstes in der Stadt Solingen zu besetzen. Zum Start des ASB in Solingen am 01.08.2016 berichtete das lokale Online-Nachrichtenportal \u201eSolinger Bote\u201c \u00fcber angebliche Dumpingl\u00f6hne und veraltete Fahrzeuge. Hierbei wurden Falschbehauptungen aufgestellt und falsche Eindr\u00fccke erweckt. Auf die Abmahnung des H\u00d6CKER-Mandanten vom 02.08.2016 [&hellip;]\" \/>\n<meta property=\"og:url\" content=\"https:\/\/www.hoecker.eu\/blog\/falschbericht-ueber-rettungsdienst-in-solingen-hoecker-mandant-asb-erreicht-unterlassungserklaerung-des-solinger-boten\/\" \/>\n<meta property=\"og:site_name\" content=\"H\u00d6CKER - der Blog\" \/>\n<meta property=\"article:publisher\" content=\"https:\/\/www.facebook.com\/HoeckerRAe\/\" \/>\n<meta property=\"article:author\" content=\"https:\/\/www.facebook.com\/ralf.hoecker\" \/>\n<meta property=\"article:published_time\" content=\"2016-08-10T15:57:20+00:00\" \/>\n<meta property=\"article:modified_time\" content=\"2025-02-17T13:57:28+00:00\" \/>\n<meta name=\"author\" content=\"Prof. Dr. Ralf H\u00f6cker\" \/>\n<meta name=\"twitter:card\" content=\"summary_large_image\" \/>\n<meta name=\"twitter:creator\" content=\"@Ralf_Hoecker\" \/>\n<meta name=\"twitter:site\" content=\"@hoecker_rae\" \/>\n<meta name=\"twitter:label1\" content=\"Verfasst von\" \/>\n\t<meta name=\"twitter:data1\" content=\"Prof. Dr. Ralf H\u00f6cker\" \/>\n\t<meta name=\"twitter:label2\" content=\"Gesch\u00e4tzte Lesezeit\" \/>\n\t<meta name=\"twitter:data2\" content=\"1\u00a0Minute\" \/>\n<script type=\"application\/ld+json\" class=\"yoast-schema-graph\">{\"@context\":\"https:\/\/schema.org\",\"@graph\":[{\"@type\":\"Article\",\"@id\":\"https:\/\/www.hoecker.eu\/blog\/falschbericht-ueber-rettungsdienst-in-solingen-hoecker-mandant-asb-erreicht-unterlassungserklaerung-des-solinger-boten\/#article\",\"isPartOf\":{\"@id\":\"https:\/\/www.hoecker.eu\/blog\/falschbericht-ueber-rettungsdienst-in-solingen-hoecker-mandant-asb-erreicht-unterlassungserklaerung-des-solinger-boten\/\"},\"author\":{\"name\":\"Prof. Dr. Ralf H\u00f6cker\",\"@id\":\"https:\/\/www.hoecker.eu\/blog\/#\/schema\/person\/08f95581eed0534eccd0b2438f7a1cab\"},\"headline\":\"Falschbericht \u00fcber Rettungsdienst in Solingen &#8211; H\u00d6CKER-Mandant ASB erreicht Unterlassungserkl\u00e4rung des Solinger Boten\",\"datePublished\":\"2016-08-10T15:57:20+00:00\",\"dateModified\":\"2025-02-17T13:57:28+00:00\",\"mainEntityOfPage\":{\"@id\":\"https:\/\/www.hoecker.eu\/blog\/falschbericht-ueber-rettungsdienst-in-solingen-hoecker-mandant-asb-erreicht-unterlassungserklaerung-des-solinger-boten\/\"},\"wordCount\":153,\"publisher\":{\"@id\":\"https:\/\/www.hoecker.eu\/blog\/#organization\"},\"articleSection\":[\"News\"],\"inLanguage\":\"de\"},{\"@type\":\"WebPage\",\"@id\":\"https:\/\/www.hoecker.eu\/blog\/falschbericht-ueber-rettungsdienst-in-solingen-hoecker-mandant-asb-erreicht-unterlassungserklaerung-des-solinger-boten\/\",\"url\":\"https:\/\/www.hoecker.eu\/blog\/falschbericht-ueber-rettungsdienst-in-solingen-hoecker-mandant-asb-erreicht-unterlassungserklaerung-des-solinger-boten\/\",\"name\":\"Falschbericht \u00fcber Rettungsdienst in Solingen - H\u00d6CKER-Mandant ASB erreicht Unterlassungserkl\u00e4rung des Solinger Boten - H\u00d6CKER - der Blog\",\"isPartOf\":{\"@id\":\"https:\/\/www.hoecker.eu\/blog\/#website\"},\"datePublished\":\"2016-08-10T15:57:20+00:00\",\"dateModified\":\"2025-02-17T13:57:28+00:00\",\"breadcrumb\":{\"@id\":\"https:\/\/www.hoecker.eu\/blog\/falschbericht-ueber-rettungsdienst-in-solingen-hoecker-mandant-asb-erreicht-unterlassungserklaerung-des-solinger-boten\/#breadcrumb\"},\"inLanguage\":\"de\",\"potentialAction\":[{\"@type\":\"ReadAction\",\"target\":[\"https:\/\/www.hoecker.eu\/blog\/falschbericht-ueber-rettungsdienst-in-solingen-hoecker-mandant-asb-erreicht-unterlassungserklaerung-des-solinger-boten\/\"]}]},{\"@type\":\"BreadcrumbList\",\"@id\":\"https:\/\/www.hoecker.eu\/blog\/falschbericht-ueber-rettungsdienst-in-solingen-hoecker-mandant-asb-erreicht-unterlassungserklaerung-des-solinger-boten\/#breadcrumb\",\"itemListElement\":[{\"@type\":\"ListItem\",\"position\":1,\"name\":\"Startseite\",\"item\":\"https:\/\/dev.hoecker.eu\/blog\/\"},{\"@type\":\"ListItem\",\"position\":2,\"name\":\"Falschbericht \u00fcber Rettungsdienst in Solingen &#8211; H\u00d6CKER-Mandant ASB erreicht Unterlassungserkl\u00e4rung des Solinger Boten\"}]},{\"@type\":\"WebSite\",\"@id\":\"https:\/\/www.hoecker.eu\/blog\/#website\",\"url\":\"https:\/\/www.hoecker.eu\/blog\/\",\"name\":\"H\u00d6CKER - der Blog\",\"description\":\"Expertenblog f\u00fcr \u00c4u\u00dferungs-, Medien-, Marken-, Urheber- und Wettbewerbsrecht.\",\"publisher\":{\"@id\":\"https:\/\/www.hoecker.eu\/blog\/#organization\"},\"potentialAction\":[{\"@type\":\"SearchAction\",\"target\":{\"@type\":\"EntryPoint\",\"urlTemplate\":\"https:\/\/www.hoecker.eu\/blog\/?s={search_term_string}\"},\"query-input\":{\"@type\":\"PropertyValueSpecification\",\"valueRequired\":true,\"valueName\":\"search_term_string\"}}],\"inLanguage\":\"de\"},{\"@type\":\"Organization\",\"@id\":\"https:\/\/www.hoecker.eu\/blog\/#organization\",\"name\":\"H\u00d6CKER Rechtsanw\u00e4lte PartGmbB\",\"alternateName\":\"H\u00d6CKER\",\"url\":\"https:\/\/www.hoecker.eu\/blog\/\",\"logo\":{\"@type\":\"ImageObject\",\"inLanguage\":\"de\",\"@id\":\"https:\/\/www.hoecker.eu\/blog\/#\/schema\/logo\/image\/\",\"url\":\"https:\/\/www.hoecker.eu\/blog\/wp-content\/uploads\/2025\/03\/Blog-Logo.webp\",\"contentUrl\":\"https:\/\/www.hoecker.eu\/blog\/wp-content\/uploads\/2025\/03\/Blog-Logo.webp\",\"width\":500,\"height\":500,\"caption\":\"H\u00d6CKER Rechtsanw\u00e4lte PartGmbB\"},\"image\":{\"@id\":\"https:\/\/www.hoecker.eu\/blog\/#\/schema\/logo\/image\/\"},\"sameAs\":[\"https:\/\/www.facebook.com\/HoeckerRAe\/\",\"https:\/\/x.com\/hoecker_rae\",\"https:\/\/www.linkedin.com\/company\/hcker-rechtsanwlte\/\",\"https:\/\/www.instagram.com\/hoecker_rae\/\"],\"email\":\"contact@hoecker.eu\",\"telephone\":\"+ 49 (0)221-933 19-10\",\"legalName\":\"H\u00d6CKER Rechtsanw\u00e4lte PartGmbB\",\"numberOfEmployees\":{\"@type\":\"QuantitativeValue\",\"minValue\":\"11\",\"maxValue\":\"50\"}},{\"@type\":\"Person\",\"@id\":\"https:\/\/www.hoecker.eu\/blog\/#\/schema\/person\/08f95581eed0534eccd0b2438f7a1cab\",\"name\":\"Prof. Dr. Ralf H\u00f6cker\",\"description\":\"Medienanwalt. Besch\u00fctzer vor mieser Presse\",\"sameAs\":[\"https:\/\/www.hoecker.eu\/wer\/prof-dr-ralf-hoecker\",\"https:\/\/www.facebook.com\/ralf.hoecker\",\"https:\/\/www.linkedin.com\/in\/prof-dr-ralf-hcker-ll-m-london-17987826\/\",\"https:\/\/x.com\/Ralf_Hoecker\"],\"url\":\"https:\/\/www.hoecker.eu\/blog\/author\/hoecker_adm\/\"}]}<\/script>\n<!-- \/ Yoast SEO Premium plugin. -->","yoast_head_json":{"title":"Falschbericht \u00fcber Rettungsdienst in Solingen - H\u00d6CKER-Mandant ASB erreicht Unterlassungserkl\u00e4rung des Solinger Boten - H\u00d6CKER - der Blog","robots":{"index":"index","follow":"follow","max-snippet":"max-snippet:-1","max-image-preview":"max-image-preview:large","max-video-preview":"max-video-preview:-1"},"canonical":"https:\/\/www.hoecker.eu\/blog\/falschbericht-ueber-rettungsdienst-in-solingen-hoecker-mandant-asb-erreicht-unterlassungserklaerung-des-solinger-boten\/","og_locale":"de_DE","og_type":"article","og_title":"Falschbericht \u00fcber Rettungsdienst in Solingen - H\u00d6CKER-Mandant ASB erreicht Unterlassungserkl\u00e4rung des Solinger Boten","og_description":"Der Arbeiter-Samariter-Bund-Regionalverband Bergisch Land e.V. (ASB) hat den Auftrag erhalten, Teile des \u00f6ffentlichen Rettungsdienstes in der Stadt Solingen zu besetzen. Zum Start des ASB in Solingen am 01.08.2016 berichtete das lokale Online-Nachrichtenportal \u201eSolinger Bote\u201c \u00fcber angebliche Dumpingl\u00f6hne und veraltete Fahrzeuge. Hierbei wurden Falschbehauptungen aufgestellt und falsche Eindr\u00fccke erweckt. Auf die Abmahnung des H\u00d6CKER-Mandanten vom 02.08.2016 [&hellip;]","og_url":"https:\/\/www.hoecker.eu\/blog\/falschbericht-ueber-rettungsdienst-in-solingen-hoecker-mandant-asb-erreicht-unterlassungserklaerung-des-solinger-boten\/","og_site_name":"H\u00d6CKER - der Blog","article_publisher":"https:\/\/www.facebook.com\/HoeckerRAe\/","article_author":"https:\/\/www.facebook.com\/ralf.hoecker","article_published_time":"2016-08-10T15:57:20+00:00","article_modified_time":"2025-02-17T13:57:28+00:00","author":"Prof. Dr. Ralf H\u00f6cker","twitter_card":"summary_large_image","twitter_creator":"@Ralf_Hoecker","twitter_site":"@hoecker_rae","twitter_misc":{"Verfasst von":"Prof. Dr. Ralf H\u00f6cker","Gesch\u00e4tzte Lesezeit":"1\u00a0Minute"},"schema":{"@context":"https:\/\/schema.org","@graph":[{"@type":"Article","@id":"https:\/\/www.hoecker.eu\/blog\/falschbericht-ueber-rettungsdienst-in-solingen-hoecker-mandant-asb-erreicht-unterlassungserklaerung-des-solinger-boten\/#article","isPartOf":{"@id":"https:\/\/www.hoecker.eu\/blog\/falschbericht-ueber-rettungsdienst-in-solingen-hoecker-mandant-asb-erreicht-unterlassungserklaerung-des-solinger-boten\/"},"author":{"name":"Prof. Dr. Ralf H\u00f6cker","@id":"https:\/\/www.hoecker.eu\/blog\/#\/schema\/person\/08f95581eed0534eccd0b2438f7a1cab"},"headline":"Falschbericht \u00fcber Rettungsdienst in Solingen &#8211; H\u00d6CKER-Mandant ASB erreicht Unterlassungserkl\u00e4rung des Solinger Boten","datePublished":"2016-08-10T15:57:20+00:00","dateModified":"2025-02-17T13:57:28+00:00","mainEntityOfPage":{"@id":"https:\/\/www.hoecker.eu\/blog\/falschbericht-ueber-rettungsdienst-in-solingen-hoecker-mandant-asb-erreicht-unterlassungserklaerung-des-solinger-boten\/"},"wordCount":153,"publisher":{"@id":"https:\/\/www.hoecker.eu\/blog\/#organization"},"articleSection":["News"],"inLanguage":"de"},{"@type":"WebPage","@id":"https:\/\/www.hoecker.eu\/blog\/falschbericht-ueber-rettungsdienst-in-solingen-hoecker-mandant-asb-erreicht-unterlassungserklaerung-des-solinger-boten\/","url":"https:\/\/www.hoecker.eu\/blog\/falschbericht-ueber-rettungsdienst-in-solingen-hoecker-mandant-asb-erreicht-unterlassungserklaerung-des-solinger-boten\/","name":"Falschbericht \u00fcber Rettungsdienst in Solingen - H\u00d6CKER-Mandant ASB erreicht Unterlassungserkl\u00e4rung des Solinger Boten - H\u00d6CKER - der Blog","isPartOf":{"@id":"https:\/\/www.hoecker.eu\/blog\/#website"},"datePublished":"2016-08-10T15:57:20+00:00","dateModified":"2025-02-17T13:57:28+00:00","breadcrumb":{"@id":"https:\/\/www.hoecker.eu\/blog\/falschbericht-ueber-rettungsdienst-in-solingen-hoecker-mandant-asb-erreicht-unterlassungserklaerung-des-solinger-boten\/#breadcrumb"},"inLanguage":"de","potentialAction":[{"@type":"ReadAction","target":["https:\/\/www.hoecker.eu\/blog\/falschbericht-ueber-rettungsdienst-in-solingen-hoecker-mandant-asb-erreicht-unterlassungserklaerung-des-solinger-boten\/"]}]},{"@type":"BreadcrumbList","@id":"https:\/\/www.hoecker.eu\/blog\/falschbericht-ueber-rettungsdienst-in-solingen-hoecker-mandant-asb-erreicht-unterlassungserklaerung-des-solinger-boten\/#breadcrumb","itemListElement":[{"@type":"ListItem","position":1,"name":"Startseite","item":"https:\/\/dev.hoecker.eu\/blog\/"},{"@type":"ListItem","position":2,"name":"Falschbericht \u00fcber Rettungsdienst in Solingen &#8211; H\u00d6CKER-Mandant ASB erreicht Unterlassungserkl\u00e4rung des Solinger Boten"}]},{"@type":"WebSite","@id":"https:\/\/www.hoecker.eu\/blog\/#website","url":"https:\/\/www.hoecker.eu\/blog\/","name":"H\u00d6CKER - der Blog","description":"Expertenblog f\u00fcr \u00c4u\u00dferungs-, Medien-, Marken-, Urheber- und Wettbewerbsrecht.","publisher":{"@id":"https:\/\/www.hoecker.eu\/blog\/#organization"},"potentialAction":[{"@type":"SearchAction","target":{"@type":"EntryPoint","urlTemplate":"https:\/\/www.hoecker.eu\/blog\/?s={search_term_string}"},"query-input":{"@type":"PropertyValueSpecification","valueRequired":true,"valueName":"search_term_string"}}],"inLanguage":"de"},{"@type":"Organization","@id":"https:\/\/www.hoecker.eu\/blog\/#organization","name":"H\u00d6CKER Rechtsanw\u00e4lte PartGmbB","alternateName":"H\u00d6CKER","url":"https:\/\/www.hoecker.eu\/blog\/","logo":{"@type":"ImageObject","inLanguage":"de","@id":"https:\/\/www.hoecker.eu\/blog\/#\/schema\/logo\/image\/","url":"https:\/\/www.hoecker.eu\/blog\/wp-content\/uploads\/2025\/03\/Blog-Logo.webp","contentUrl":"https:\/\/www.hoecker.eu\/blog\/wp-content\/uploads\/2025\/03\/Blog-Logo.webp","width":500,"height":500,"caption":"H\u00d6CKER Rechtsanw\u00e4lte PartGmbB"},"image":{"@id":"https:\/\/www.hoecker.eu\/blog\/#\/schema\/logo\/image\/"},"sameAs":["https:\/\/www.facebook.com\/HoeckerRAe\/","https:\/\/x.com\/hoecker_rae","https:\/\/www.linkedin.com\/company\/hcker-rechtsanwlte\/","https:\/\/www.instagram.com\/hoecker_rae\/"],"email":"contact@hoecker.eu","telephone":"+ 49 (0)221-933 19-10","legalName":"H\u00d6CKER Rechtsanw\u00e4lte PartGmbB","numberOfEmployees":{"@type":"QuantitativeValue","minValue":"11","maxValue":"50"}},{"@type":"Person","@id":"https:\/\/www.hoecker.eu\/blog\/#\/schema\/person\/08f95581eed0534eccd0b2438f7a1cab","name":"Prof. Dr. Ralf H\u00f6cker","description":"Medienanwalt. Besch\u00fctzer vor mieser Presse","sameAs":["https:\/\/www.hoecker.eu\/wer\/prof-dr-ralf-hoecker","https:\/\/www.facebook.com\/ralf.hoecker","https:\/\/www.linkedin.com\/in\/prof-dr-ralf-hcker-ll-m-london-17987826\/","https:\/\/x.com\/Ralf_Hoecker"],"url":"https:\/\/www.hoecker.eu\/blog\/author\/hoecker_adm\/"}]}},"authors":[{"term_id":84,"user_id":1,"is_guest":0,"slug":"hoecker_adm","display_name":"Prof. Dr. Ralf H\u00f6cker","avatar_url":{"url":"https:\/\/www.hoecker.eu\/blog\/wp-content\/uploads\/2023\/12\/ProfDrRalfHoecker.jpg","url2x":"https:\/\/www.hoecker.eu\/blog\/wp-content\/uploads\/2023\/12\/ProfDrRalfHoecker.jpg"},"0":null,"1":"","2":"","3":"","4":"","5":"","6":"","7":"","8":"","9":"","10":"","11":""}],"_links":{"self":[{"href":"https:\/\/www.hoecker.eu\/blog\/wp-json\/wp\/v2\/posts\/8422","targetHints":{"allow":["GET"]}}],"collection":[{"href":"https:\/\/www.hoecker.eu\/blog\/wp-json\/wp\/v2\/posts"}],"about":[{"href":"https:\/\/www.hoecker.eu\/blog\/wp-json\/wp\/v2\/types\/post"}],"author":[{"embeddable":true,"href":"https:\/\/www.hoecker.eu\/blog\/wp-json\/wp\/v2\/users\/1"}],"replies":[{"embeddable":true,"href":"https:\/\/www.hoecker.eu\/blog\/wp-json\/wp\/v2\/comments?post=8422"}],"version-history":[{"count":1,"href":"https:\/\/www.hoecker.eu\/blog\/wp-json\/wp\/v2\/posts\/8422\/revisions"}],"predecessor-version":[{"id":9544,"href":"https:\/\/www.hoecker.eu\/blog\/wp-json\/wp\/v2\/posts\/8422\/revisions\/9544"}],"wp:attachment":[{"href":"https:\/\/www.hoecker.eu\/blog\/wp-json\/wp\/v2\/media?parent=8422"}],"wp:term":[{"taxonomy":"category","embeddable":true,"href":"https:\/\/www.hoecker.eu\/blog\/wp-json\/wp\/v2\/categories?post=8422"},{"taxonomy":"post_tag","embeddable":true,"href":"https:\/\/www.hoecker.eu\/blog\/wp-json\/wp\/v2\/tags?post=8422"},{"taxonomy":"hashtags","embeddable":true,"href":"https:\/\/www.hoecker.eu\/blog\/wp-json\/wp\/v2\/hashtags?post=8422"},{"taxonomy":"author","embeddable":true,"href":"https:\/\/www.hoecker.eu\/blog\/wp-json\/wp\/v2\/ppma_author?post=8422"}],"curies":[{"name":"wp","href":"https:\/\/api.w.org\/{rel}","templated":true}]}}