{"id":8417,"date":"2016-08-19T12:56:00","date_gmt":"2016-08-19T10:56:00","guid":{"rendered":"https:\/\/www.hoecker.eu\/blog\/auch-fotos-in-anzeigenblaettern-muessen-angemessen-verguetet-werden-lg-duesseldorf-spricht-freiem-bildjournalisten-ansprueche-auf-der-grundlage-der-gemeinsamen-verguetungsregeln-zu\/"},"modified":"2025-02-17T14:57:25","modified_gmt":"2025-02-17T13:57:25","slug":"auch-fotos-in-anzeigenblaettern-muessen-angemessen-verguetet-werden-lg-duesseldorf-spricht-freiem-bildjournalisten-ansprueche-auf-der-grundlage-der-gemeinsamen-verguetungsregeln-zu","status":"publish","type":"post","link":"https:\/\/www.hoecker.eu\/blog\/auch-fotos-in-anzeigenblaettern-muessen-angemessen-verguetet-werden-lg-duesseldorf-spricht-freiem-bildjournalisten-ansprueche-auf-der-grundlage-der-gemeinsamen-verguetungsregeln-zu\/","title":{"rendered":"Auch Fotos in Anzeigenbl\u00e4ttern m\u00fcssen angemessen verg\u00fctet werden: LG D\u00fcsseldorf spricht freiem Bildjournalisten Anspr\u00fcche auf der Grundlage der Gemeinsamen Verg\u00fctungsregeln zu"},"content":{"rendered":"<p>In einer Entscheidung des Landgerichts D\u00fcsseldorf vom 05.08.2016 (Az. 12 O 463\/14) hat das Landgericht D\u00fcsseldorf einem Fotografen Nachzahlungsanspr\u00fcche gegen den Verlag eines Anzeigenblattes zugebilligt. Der Verlag muss die mehr als 1400 von dem Kl\u00e4ger gelieferten Fotos nachtr\u00e4glich besser bezahlen.<\/p>\n<p>Der Verlag hatte f\u00fcr Fotos \u00fcber einen langen Zeitraum unver\u00e4ndert jeweils 15,85 Euro (bzw. 31,70 Euro f\u00fcr Farbfotos) gezahlt. Nach Ansicht des Gerichts war diese Verg\u00fctung unangemessen gering. F\u00fcr die Bemessung des angemessenen Honorars und damit der H\u00f6he der Nachzahlung wendete das Landgericht auf die Gemeinsamen Verg\u00fctungsregeln f\u00fcr freie Journalistinnen und Journalisten an Tageszeitungen an. Die Gemeinsamen Verg\u00fctungsregeln wurden von Vertretern der Zeitungsverleger und den Journalistenverb\u00e4nden aufgestellt und gelten nach dem Urheberrechtsgesetz als angemessene Verg\u00fctung f\u00fcr die urheberrechtlich gesch\u00fctzten Leistungen von Journalisten.<\/p>\n<p>Diese Honorars\u00e4tze sind zwar nicht unmittelbar anwendbar, da es sich nicht um eine Tageszeitung, sondern um eine kostenlos verteilte w\u00f6chentlich erscheinende Anzeigenzeitung mit redaktionellem Teil handelte. Nach Ansicht des Gerichts k\u00f6nnen die darin geregelten Verg\u00fctungs\u00e4tze aber als Grundlage f\u00fcr eine Sch\u00e4tzung des angemessenen Honorars herangezogen werden. Unter Ber\u00fccksichtigung der Umst\u00e4nde des konkreten Falles nahm das Gericht einen pauschalen Abschlag von 15 % vor.<\/p>\n<p>Das Urteil ist noch nicht rechtskr\u00e4ftig. <\/p>\n<p> Das Landgericht D\u00fcsseldorf hat in diesem Jahres bereits einem Fotojournalisten sowie einer Autorin erhebliche Nachzahlungsanspr\u00fcche zugesprochen (Urteile vom 27.01.2016, Az. 12 O 455\/14 und vom 20.07.2016, Az. 12 O 531\/13). Weitere Verfahren von freien Journalisten sind vor den Landgerichten D\u00fcsseldorf und K\u00f6ln anh\u00e4ngig. <\/p>\n","protected":false},"excerpt":{"rendered":"<p>In einer Entscheidung des Landgerichts D\u00fcsseldorf vom 05.08.2016 (Az. 12 O 463\/14) hat das Landgericht D\u00fcsseldorf einem Fotografen Nachzahlungsanspr\u00fcche gegen den Verlag eines Anzeigenblattes zugebilligt. Der Verlag muss die mehr als 1400 von dem Kl\u00e4ger gelieferten Fotos nachtr\u00e4glich besser bezahlen. Der Verlag hatte f\u00fcr Fotos \u00fcber einen langen Zeitraum unver\u00e4ndert jeweils 15,85 Euro (bzw. 31,70 [&hellip;]<\/p>\n","protected":false},"author":1,"featured_media":0,"comment_status":"closed","ping_status":"closed","sticky":false,"template":"","format":"standard","meta":{"_has_post_settings":[],"footnotes":""},"categories":[15],"tags":[],"hashtags":[],"ppma_author":[84],"class_list":["post-8417","post","type-post","status-publish","format-standard","hentry","category-news","author-hoecker_adm"],"yoast_head":"<!-- This site is optimized with the Yoast SEO Premium plugin v25.9 (Yoast SEO v27.0) - https:\/\/yoast.com\/product\/yoast-seo-premium-wordpress\/ -->\n<title>Auch Fotos in Anzeigenbl\u00e4ttern m\u00fcssen angemessen verg\u00fctet werden: LG D\u00fcsseldorf spricht freiem Bildjournalisten Anspr\u00fcche auf der Grundlage der Gemeinsamen Verg\u00fctungsregeln zu - H\u00d6CKER - der Blog<\/title>\n<meta name=\"robots\" content=\"index, follow, max-snippet:-1, max-image-preview:large, max-video-preview:-1\" \/>\n<link rel=\"canonical\" href=\"https:\/\/www.hoecker.eu\/blog\/auch-fotos-in-anzeigenblaettern-muessen-angemessen-verguetet-werden-lg-duesseldorf-spricht-freiem-bildjournalisten-ansprueche-auf-der-grundlage-der-gemeinsamen-verguetungsregeln-zu\/\" \/>\n<meta property=\"og:locale\" content=\"de_DE\" \/>\n<meta property=\"og:type\" content=\"article\" \/>\n<meta property=\"og:title\" content=\"Auch Fotos in Anzeigenbl\u00e4ttern m\u00fcssen angemessen verg\u00fctet werden: LG D\u00fcsseldorf spricht freiem Bildjournalisten Anspr\u00fcche auf der Grundlage der Gemeinsamen Verg\u00fctungsregeln zu\" \/>\n<meta property=\"og:description\" content=\"In einer Entscheidung des Landgerichts D\u00fcsseldorf vom 05.08.2016 (Az. 12 O 463\/14) hat das Landgericht D\u00fcsseldorf einem Fotografen Nachzahlungsanspr\u00fcche gegen den Verlag eines Anzeigenblattes zugebilligt. Der Verlag muss die mehr als 1400 von dem Kl\u00e4ger gelieferten Fotos nachtr\u00e4glich besser bezahlen. Der Verlag hatte f\u00fcr Fotos \u00fcber einen langen Zeitraum unver\u00e4ndert jeweils 15,85 Euro (bzw. 31,70 [&hellip;]\" \/>\n<meta property=\"og:url\" content=\"https:\/\/www.hoecker.eu\/blog\/auch-fotos-in-anzeigenblaettern-muessen-angemessen-verguetet-werden-lg-duesseldorf-spricht-freiem-bildjournalisten-ansprueche-auf-der-grundlage-der-gemeinsamen-verguetungsregeln-zu\/\" \/>\n<meta property=\"og:site_name\" content=\"H\u00d6CKER - der Blog\" \/>\n<meta property=\"article:publisher\" content=\"https:\/\/www.facebook.com\/HoeckerRAe\/\" \/>\n<meta property=\"article:author\" content=\"https:\/\/www.facebook.com\/ralf.hoecker\" \/>\n<meta property=\"article:published_time\" content=\"2016-08-19T10:56:00+00:00\" \/>\n<meta property=\"article:modified_time\" content=\"2025-02-17T13:57:25+00:00\" \/>\n<meta name=\"author\" content=\"Prof. Dr. Ralf H\u00f6cker\" \/>\n<meta name=\"twitter:card\" content=\"summary_large_image\" \/>\n<meta name=\"twitter:creator\" content=\"@Ralf_Hoecker\" \/>\n<meta name=\"twitter:site\" content=\"@hoecker_rae\" \/>\n<meta name=\"twitter:label1\" content=\"Verfasst von\" \/>\n\t<meta name=\"twitter:data1\" content=\"Prof. Dr. Ralf H\u00f6cker\" \/>\n\t<meta name=\"twitter:label2\" content=\"Gesch\u00e4tzte Lesezeit\" \/>\n\t<meta name=\"twitter:data2\" content=\"1\u00a0Minute\" \/>\n<script type=\"application\/ld+json\" class=\"yoast-schema-graph\">{\"@context\":\"https:\/\/schema.org\",\"@graph\":[{\"@type\":\"Article\",\"@id\":\"https:\/\/www.hoecker.eu\/blog\/auch-fotos-in-anzeigenblaettern-muessen-angemessen-verguetet-werden-lg-duesseldorf-spricht-freiem-bildjournalisten-ansprueche-auf-der-grundlage-der-gemeinsamen-verguetungsregeln-zu\/#article\",\"isPartOf\":{\"@id\":\"https:\/\/www.hoecker.eu\/blog\/auch-fotos-in-anzeigenblaettern-muessen-angemessen-verguetet-werden-lg-duesseldorf-spricht-freiem-bildjournalisten-ansprueche-auf-der-grundlage-der-gemeinsamen-verguetungsregeln-zu\/\"},\"author\":{\"name\":\"Prof. Dr. Ralf H\u00f6cker\",\"@id\":\"https:\/\/www.hoecker.eu\/blog\/#\/schema\/person\/08f95581eed0534eccd0b2438f7a1cab\"},\"headline\":\"Auch Fotos in Anzeigenbl\u00e4ttern m\u00fcssen angemessen verg\u00fctet werden: LG D\u00fcsseldorf spricht freiem Bildjournalisten Anspr\u00fcche auf der Grundlage der Gemeinsamen Verg\u00fctungsregeln zu\",\"datePublished\":\"2016-08-19T10:56:00+00:00\",\"dateModified\":\"2025-02-17T13:57:25+00:00\",\"mainEntityOfPage\":{\"@id\":\"https:\/\/www.hoecker.eu\/blog\/auch-fotos-in-anzeigenblaettern-muessen-angemessen-verguetet-werden-lg-duesseldorf-spricht-freiem-bildjournalisten-ansprueche-auf-der-grundlage-der-gemeinsamen-verguetungsregeln-zu\/\"},\"wordCount\":280,\"publisher\":{\"@id\":\"https:\/\/www.hoecker.eu\/blog\/#organization\"},\"articleSection\":[\"News\"],\"inLanguage\":\"de\"},{\"@type\":\"WebPage\",\"@id\":\"https:\/\/www.hoecker.eu\/blog\/auch-fotos-in-anzeigenblaettern-muessen-angemessen-verguetet-werden-lg-duesseldorf-spricht-freiem-bildjournalisten-ansprueche-auf-der-grundlage-der-gemeinsamen-verguetungsregeln-zu\/\",\"url\":\"https:\/\/www.hoecker.eu\/blog\/auch-fotos-in-anzeigenblaettern-muessen-angemessen-verguetet-werden-lg-duesseldorf-spricht-freiem-bildjournalisten-ansprueche-auf-der-grundlage-der-gemeinsamen-verguetungsregeln-zu\/\",\"name\":\"Auch Fotos in Anzeigenbl\u00e4ttern m\u00fcssen angemessen verg\u00fctet werden: LG D\u00fcsseldorf spricht freiem Bildjournalisten Anspr\u00fcche auf der Grundlage der Gemeinsamen Verg\u00fctungsregeln zu - H\u00d6CKER - der Blog\",\"isPartOf\":{\"@id\":\"https:\/\/www.hoecker.eu\/blog\/#website\"},\"datePublished\":\"2016-08-19T10:56:00+00:00\",\"dateModified\":\"2025-02-17T13:57:25+00:00\",\"breadcrumb\":{\"@id\":\"https:\/\/www.hoecker.eu\/blog\/auch-fotos-in-anzeigenblaettern-muessen-angemessen-verguetet-werden-lg-duesseldorf-spricht-freiem-bildjournalisten-ansprueche-auf-der-grundlage-der-gemeinsamen-verguetungsregeln-zu\/#breadcrumb\"},\"inLanguage\":\"de\",\"potentialAction\":[{\"@type\":\"ReadAction\",\"target\":[\"https:\/\/www.hoecker.eu\/blog\/auch-fotos-in-anzeigenblaettern-muessen-angemessen-verguetet-werden-lg-duesseldorf-spricht-freiem-bildjournalisten-ansprueche-auf-der-grundlage-der-gemeinsamen-verguetungsregeln-zu\/\"]}]},{\"@type\":\"BreadcrumbList\",\"@id\":\"https:\/\/www.hoecker.eu\/blog\/auch-fotos-in-anzeigenblaettern-muessen-angemessen-verguetet-werden-lg-duesseldorf-spricht-freiem-bildjournalisten-ansprueche-auf-der-grundlage-der-gemeinsamen-verguetungsregeln-zu\/#breadcrumb\",\"itemListElement\":[{\"@type\":\"ListItem\",\"position\":1,\"name\":\"Startseite\",\"item\":\"https:\/\/dev.hoecker.eu\/blog\/\"},{\"@type\":\"ListItem\",\"position\":2,\"name\":\"Auch Fotos in Anzeigenbl\u00e4ttern m\u00fcssen angemessen verg\u00fctet werden: LG D\u00fcsseldorf spricht freiem Bildjournalisten Anspr\u00fcche auf der Grundlage der Gemeinsamen Verg\u00fctungsregeln zu\"}]},{\"@type\":\"WebSite\",\"@id\":\"https:\/\/www.hoecker.eu\/blog\/#website\",\"url\":\"https:\/\/www.hoecker.eu\/blog\/\",\"name\":\"H\u00d6CKER - der Blog\",\"description\":\"Expertenblog f\u00fcr \u00c4u\u00dferungs-, Medien-, Marken-, Urheber- und Wettbewerbsrecht.\",\"publisher\":{\"@id\":\"https:\/\/www.hoecker.eu\/blog\/#organization\"},\"potentialAction\":[{\"@type\":\"SearchAction\",\"target\":{\"@type\":\"EntryPoint\",\"urlTemplate\":\"https:\/\/www.hoecker.eu\/blog\/?s={search_term_string}\"},\"query-input\":{\"@type\":\"PropertyValueSpecification\",\"valueRequired\":true,\"valueName\":\"search_term_string\"}}],\"inLanguage\":\"de\"},{\"@type\":\"Organization\",\"@id\":\"https:\/\/www.hoecker.eu\/blog\/#organization\",\"name\":\"H\u00d6CKER Rechtsanw\u00e4lte PartGmbB\",\"alternateName\":\"H\u00d6CKER\",\"url\":\"https:\/\/www.hoecker.eu\/blog\/\",\"logo\":{\"@type\":\"ImageObject\",\"inLanguage\":\"de\",\"@id\":\"https:\/\/www.hoecker.eu\/blog\/#\/schema\/logo\/image\/\",\"url\":\"https:\/\/www.hoecker.eu\/blog\/wp-content\/uploads\/2025\/03\/Blog-Logo.webp\",\"contentUrl\":\"https:\/\/www.hoecker.eu\/blog\/wp-content\/uploads\/2025\/03\/Blog-Logo.webp\",\"width\":500,\"height\":500,\"caption\":\"H\u00d6CKER Rechtsanw\u00e4lte PartGmbB\"},\"image\":{\"@id\":\"https:\/\/www.hoecker.eu\/blog\/#\/schema\/logo\/image\/\"},\"sameAs\":[\"https:\/\/www.facebook.com\/HoeckerRAe\/\",\"https:\/\/x.com\/hoecker_rae\",\"https:\/\/www.linkedin.com\/company\/hcker-rechtsanwlte\/\",\"https:\/\/www.instagram.com\/hoecker_rae\/\"],\"email\":\"contact@hoecker.eu\",\"telephone\":\"+ 49 (0)221-933 19-10\",\"legalName\":\"H\u00d6CKER Rechtsanw\u00e4lte PartGmbB\",\"numberOfEmployees\":{\"@type\":\"QuantitativeValue\",\"minValue\":\"11\",\"maxValue\":\"50\"}},{\"@type\":\"Person\",\"@id\":\"https:\/\/www.hoecker.eu\/blog\/#\/schema\/person\/08f95581eed0534eccd0b2438f7a1cab\",\"name\":\"Prof. Dr. Ralf H\u00f6cker\",\"description\":\"Medienanwalt. Besch\u00fctzer vor mieser Presse\",\"sameAs\":[\"https:\/\/www.hoecker.eu\/wer\/prof-dr-ralf-hoecker\",\"https:\/\/www.facebook.com\/ralf.hoecker\",\"https:\/\/www.linkedin.com\/in\/prof-dr-ralf-hcker-ll-m-london-17987826\/\",\"https:\/\/x.com\/Ralf_Hoecker\"],\"url\":\"https:\/\/www.hoecker.eu\/blog\/author\/hoecker_adm\/\"}]}<\/script>\n<!-- \/ Yoast SEO Premium plugin. -->","yoast_head_json":{"title":"Auch Fotos in Anzeigenbl\u00e4ttern m\u00fcssen angemessen verg\u00fctet werden: LG D\u00fcsseldorf spricht freiem Bildjournalisten Anspr\u00fcche auf der Grundlage der Gemeinsamen Verg\u00fctungsregeln zu - H\u00d6CKER - der Blog","robots":{"index":"index","follow":"follow","max-snippet":"max-snippet:-1","max-image-preview":"max-image-preview:large","max-video-preview":"max-video-preview:-1"},"canonical":"https:\/\/www.hoecker.eu\/blog\/auch-fotos-in-anzeigenblaettern-muessen-angemessen-verguetet-werden-lg-duesseldorf-spricht-freiem-bildjournalisten-ansprueche-auf-der-grundlage-der-gemeinsamen-verguetungsregeln-zu\/","og_locale":"de_DE","og_type":"article","og_title":"Auch Fotos in Anzeigenbl\u00e4ttern m\u00fcssen angemessen verg\u00fctet werden: LG D\u00fcsseldorf spricht freiem Bildjournalisten Anspr\u00fcche auf der Grundlage der Gemeinsamen Verg\u00fctungsregeln zu","og_description":"In einer Entscheidung des Landgerichts D\u00fcsseldorf vom 05.08.2016 (Az. 12 O 463\/14) hat das Landgericht D\u00fcsseldorf einem Fotografen Nachzahlungsanspr\u00fcche gegen den Verlag eines Anzeigenblattes zugebilligt. Der Verlag muss die mehr als 1400 von dem Kl\u00e4ger gelieferten Fotos nachtr\u00e4glich besser bezahlen. Der Verlag hatte f\u00fcr Fotos \u00fcber einen langen Zeitraum unver\u00e4ndert jeweils 15,85 Euro (bzw. 31,70 [&hellip;]","og_url":"https:\/\/www.hoecker.eu\/blog\/auch-fotos-in-anzeigenblaettern-muessen-angemessen-verguetet-werden-lg-duesseldorf-spricht-freiem-bildjournalisten-ansprueche-auf-der-grundlage-der-gemeinsamen-verguetungsregeln-zu\/","og_site_name":"H\u00d6CKER - der Blog","article_publisher":"https:\/\/www.facebook.com\/HoeckerRAe\/","article_author":"https:\/\/www.facebook.com\/ralf.hoecker","article_published_time":"2016-08-19T10:56:00+00:00","article_modified_time":"2025-02-17T13:57:25+00:00","author":"Prof. Dr. Ralf H\u00f6cker","twitter_card":"summary_large_image","twitter_creator":"@Ralf_Hoecker","twitter_site":"@hoecker_rae","twitter_misc":{"Verfasst von":"Prof. Dr. Ralf H\u00f6cker","Gesch\u00e4tzte Lesezeit":"1\u00a0Minute"},"schema":{"@context":"https:\/\/schema.org","@graph":[{"@type":"Article","@id":"https:\/\/www.hoecker.eu\/blog\/auch-fotos-in-anzeigenblaettern-muessen-angemessen-verguetet-werden-lg-duesseldorf-spricht-freiem-bildjournalisten-ansprueche-auf-der-grundlage-der-gemeinsamen-verguetungsregeln-zu\/#article","isPartOf":{"@id":"https:\/\/www.hoecker.eu\/blog\/auch-fotos-in-anzeigenblaettern-muessen-angemessen-verguetet-werden-lg-duesseldorf-spricht-freiem-bildjournalisten-ansprueche-auf-der-grundlage-der-gemeinsamen-verguetungsregeln-zu\/"},"author":{"name":"Prof. Dr. Ralf H\u00f6cker","@id":"https:\/\/www.hoecker.eu\/blog\/#\/schema\/person\/08f95581eed0534eccd0b2438f7a1cab"},"headline":"Auch Fotos in Anzeigenbl\u00e4ttern m\u00fcssen angemessen verg\u00fctet werden: LG D\u00fcsseldorf spricht freiem Bildjournalisten Anspr\u00fcche auf der Grundlage der Gemeinsamen Verg\u00fctungsregeln zu","datePublished":"2016-08-19T10:56:00+00:00","dateModified":"2025-02-17T13:57:25+00:00","mainEntityOfPage":{"@id":"https:\/\/www.hoecker.eu\/blog\/auch-fotos-in-anzeigenblaettern-muessen-angemessen-verguetet-werden-lg-duesseldorf-spricht-freiem-bildjournalisten-ansprueche-auf-der-grundlage-der-gemeinsamen-verguetungsregeln-zu\/"},"wordCount":280,"publisher":{"@id":"https:\/\/www.hoecker.eu\/blog\/#organization"},"articleSection":["News"],"inLanguage":"de"},{"@type":"WebPage","@id":"https:\/\/www.hoecker.eu\/blog\/auch-fotos-in-anzeigenblaettern-muessen-angemessen-verguetet-werden-lg-duesseldorf-spricht-freiem-bildjournalisten-ansprueche-auf-der-grundlage-der-gemeinsamen-verguetungsregeln-zu\/","url":"https:\/\/www.hoecker.eu\/blog\/auch-fotos-in-anzeigenblaettern-muessen-angemessen-verguetet-werden-lg-duesseldorf-spricht-freiem-bildjournalisten-ansprueche-auf-der-grundlage-der-gemeinsamen-verguetungsregeln-zu\/","name":"Auch Fotos in Anzeigenbl\u00e4ttern m\u00fcssen angemessen verg\u00fctet werden: LG D\u00fcsseldorf spricht freiem Bildjournalisten Anspr\u00fcche auf der Grundlage der Gemeinsamen Verg\u00fctungsregeln zu - H\u00d6CKER - der Blog","isPartOf":{"@id":"https:\/\/www.hoecker.eu\/blog\/#website"},"datePublished":"2016-08-19T10:56:00+00:00","dateModified":"2025-02-17T13:57:25+00:00","breadcrumb":{"@id":"https:\/\/www.hoecker.eu\/blog\/auch-fotos-in-anzeigenblaettern-muessen-angemessen-verguetet-werden-lg-duesseldorf-spricht-freiem-bildjournalisten-ansprueche-auf-der-grundlage-der-gemeinsamen-verguetungsregeln-zu\/#breadcrumb"},"inLanguage":"de","potentialAction":[{"@type":"ReadAction","target":["https:\/\/www.hoecker.eu\/blog\/auch-fotos-in-anzeigenblaettern-muessen-angemessen-verguetet-werden-lg-duesseldorf-spricht-freiem-bildjournalisten-ansprueche-auf-der-grundlage-der-gemeinsamen-verguetungsregeln-zu\/"]}]},{"@type":"BreadcrumbList","@id":"https:\/\/www.hoecker.eu\/blog\/auch-fotos-in-anzeigenblaettern-muessen-angemessen-verguetet-werden-lg-duesseldorf-spricht-freiem-bildjournalisten-ansprueche-auf-der-grundlage-der-gemeinsamen-verguetungsregeln-zu\/#breadcrumb","itemListElement":[{"@type":"ListItem","position":1,"name":"Startseite","item":"https:\/\/dev.hoecker.eu\/blog\/"},{"@type":"ListItem","position":2,"name":"Auch Fotos in Anzeigenbl\u00e4ttern m\u00fcssen angemessen verg\u00fctet werden: LG D\u00fcsseldorf spricht freiem Bildjournalisten Anspr\u00fcche auf der Grundlage der Gemeinsamen Verg\u00fctungsregeln zu"}]},{"@type":"WebSite","@id":"https:\/\/www.hoecker.eu\/blog\/#website","url":"https:\/\/www.hoecker.eu\/blog\/","name":"H\u00d6CKER - der Blog","description":"Expertenblog f\u00fcr \u00c4u\u00dferungs-, Medien-, Marken-, Urheber- und Wettbewerbsrecht.","publisher":{"@id":"https:\/\/www.hoecker.eu\/blog\/#organization"},"potentialAction":[{"@type":"SearchAction","target":{"@type":"EntryPoint","urlTemplate":"https:\/\/www.hoecker.eu\/blog\/?s={search_term_string}"},"query-input":{"@type":"PropertyValueSpecification","valueRequired":true,"valueName":"search_term_string"}}],"inLanguage":"de"},{"@type":"Organization","@id":"https:\/\/www.hoecker.eu\/blog\/#organization","name":"H\u00d6CKER Rechtsanw\u00e4lte PartGmbB","alternateName":"H\u00d6CKER","url":"https:\/\/www.hoecker.eu\/blog\/","logo":{"@type":"ImageObject","inLanguage":"de","@id":"https:\/\/www.hoecker.eu\/blog\/#\/schema\/logo\/image\/","url":"https:\/\/www.hoecker.eu\/blog\/wp-content\/uploads\/2025\/03\/Blog-Logo.webp","contentUrl":"https:\/\/www.hoecker.eu\/blog\/wp-content\/uploads\/2025\/03\/Blog-Logo.webp","width":500,"height":500,"caption":"H\u00d6CKER Rechtsanw\u00e4lte PartGmbB"},"image":{"@id":"https:\/\/www.hoecker.eu\/blog\/#\/schema\/logo\/image\/"},"sameAs":["https:\/\/www.facebook.com\/HoeckerRAe\/","https:\/\/x.com\/hoecker_rae","https:\/\/www.linkedin.com\/company\/hcker-rechtsanwlte\/","https:\/\/www.instagram.com\/hoecker_rae\/"],"email":"contact@hoecker.eu","telephone":"+ 49 (0)221-933 19-10","legalName":"H\u00d6CKER Rechtsanw\u00e4lte PartGmbB","numberOfEmployees":{"@type":"QuantitativeValue","minValue":"11","maxValue":"50"}},{"@type":"Person","@id":"https:\/\/www.hoecker.eu\/blog\/#\/schema\/person\/08f95581eed0534eccd0b2438f7a1cab","name":"Prof. Dr. Ralf H\u00f6cker","description":"Medienanwalt. Besch\u00fctzer vor mieser Presse","sameAs":["https:\/\/www.hoecker.eu\/wer\/prof-dr-ralf-hoecker","https:\/\/www.facebook.com\/ralf.hoecker","https:\/\/www.linkedin.com\/in\/prof-dr-ralf-hcker-ll-m-london-17987826\/","https:\/\/x.com\/Ralf_Hoecker"],"url":"https:\/\/www.hoecker.eu\/blog\/author\/hoecker_adm\/"}]}},"authors":[{"term_id":84,"user_id":1,"is_guest":0,"slug":"hoecker_adm","display_name":"Prof. Dr. Ralf H\u00f6cker","avatar_url":{"url":"https:\/\/www.hoecker.eu\/blog\/wp-content\/uploads\/2023\/12\/ProfDrRalfHoecker.jpg","url2x":"https:\/\/www.hoecker.eu\/blog\/wp-content\/uploads\/2023\/12\/ProfDrRalfHoecker.jpg"},"0":null,"1":"","2":"","3":"","4":"","5":"","6":"","7":"","8":"","9":"","10":"","11":""}],"_links":{"self":[{"href":"https:\/\/www.hoecker.eu\/blog\/wp-json\/wp\/v2\/posts\/8417","targetHints":{"allow":["GET"]}}],"collection":[{"href":"https:\/\/www.hoecker.eu\/blog\/wp-json\/wp\/v2\/posts"}],"about":[{"href":"https:\/\/www.hoecker.eu\/blog\/wp-json\/wp\/v2\/types\/post"}],"author":[{"embeddable":true,"href":"https:\/\/www.hoecker.eu\/blog\/wp-json\/wp\/v2\/users\/1"}],"replies":[{"embeddable":true,"href":"https:\/\/www.hoecker.eu\/blog\/wp-json\/wp\/v2\/comments?post=8417"}],"version-history":[{"count":1,"href":"https:\/\/www.hoecker.eu\/blog\/wp-json\/wp\/v2\/posts\/8417\/revisions"}],"predecessor-version":[{"id":9539,"href":"https:\/\/www.hoecker.eu\/blog\/wp-json\/wp\/v2\/posts\/8417\/revisions\/9539"}],"wp:attachment":[{"href":"https:\/\/www.hoecker.eu\/blog\/wp-json\/wp\/v2\/media?parent=8417"}],"wp:term":[{"taxonomy":"category","embeddable":true,"href":"https:\/\/www.hoecker.eu\/blog\/wp-json\/wp\/v2\/categories?post=8417"},{"taxonomy":"post_tag","embeddable":true,"href":"https:\/\/www.hoecker.eu\/blog\/wp-json\/wp\/v2\/tags?post=8417"},{"taxonomy":"hashtags","embeddable":true,"href":"https:\/\/www.hoecker.eu\/blog\/wp-json\/wp\/v2\/hashtags?post=8417"},{"taxonomy":"author","embeddable":true,"href":"https:\/\/www.hoecker.eu\/blog\/wp-json\/wp\/v2\/ppma_author?post=8417"}],"curies":[{"name":"wp","href":"https:\/\/api.w.org\/{rel}","templated":true}]}}