{"id":8416,"date":"2016-08-30T10:47:00","date_gmt":"2016-08-30T08:47:00","guid":{"rendered":"https:\/\/www.hoecker.eu\/blog\/hoecker-stoppt-fuer-afd-irrefuehrende-wahlwerbung-von-buendnis-90-die-gruenen-in-mecklenburg-vorpommern-mit-einstweiliger-verfuegung\/"},"modified":"2025-02-17T14:57:25","modified_gmt":"2025-02-17T13:57:25","slug":"hoecker-stoppt-fuer-afd-irrefuehrende-wahlwerbung-von-buendnis-90-die-gruenen-in-mecklenburg-vorpommern-mit-einstweiliger-verfuegung","status":"publish","type":"post","link":"https:\/\/www.hoecker.eu\/blog\/hoecker-stoppt-fuer-afd-irrefuehrende-wahlwerbung-von-buendnis-90-die-gruenen-in-mecklenburg-vorpommern-mit-einstweiliger-verfuegung\/","title":{"rendered":"H\u00d6CKER stoppt f\u00fcr AfD irref\u00fchrende Wahlwerbung von B\u00fcndnis 90\/DIE GR\u00dcNEN in Mecklenburg-Vorpommern mit einstweiliger Verf\u00fcgung"},"content":{"rendered":"<p>B\u00fcndnis 90\/DIE GR\u00dcNEN haben in Mecklenburg-Vorpommern in der hei\u00dfen Endphase des Landtagswahlkampfes zu rechtswidrigen Mitteln gegriffen:<\/p>\n<p>DIE GR\u00dcNEN registrierten&nbsp;im Wahlkampf die Internetdomain alternativ-fuer.de&nbsp;und blendeten&nbsp;dort eine Wahlwerbung ein, die in der farblichen Gestaltung dem offiziellen Internetauftritt der Alternative f\u00fcr Deutschland unter der Domain alternativefuer.de zum Verwechseln \u00e4hnlich ist. Das verletzt das Namensrecht der AfD und verst\u00f6\u00dft gegen \u00a7 4 Parteiengesetz.<\/p>\n<p>H\u00d6CKER hat DIE GR\u00dcNEN im Namen der AfD zun\u00e4chst abgemahnt und diese darauf hingewiesen, dass und warum die Verwendung der Domain rechtswidrig ist: Bereits die \u00c4hnlichkeit des Domainnamens mit dem offiziellen Auftritt der AfD f\u00fchrt zu einer Verletzung des Namensrechts der AfD. Hinzu tritt die t\u00e4uschende Gestaltung des Webseiteninhalts, die aufgrund der Farbgebung beim Leser den Irrtum erregen kann, er befinde sich auf einem offiziellen Auftritt der AfD.<\/p>\n<p>DIE GR\u00dcNEN wollten nicht davon absehen, die Domain zu verwenden und wiesen die Abmahnung zur\u00fcck. Nun hat das Landgericht K\u00f6ln auf Antrag von H\u00d6CKER B\u00fcndnis 90\/DIE GR\u00dcNEN per einstweiliger Verf\u00fcgung&nbsp;verboten, die Domain alternativ-fuer.de f\u00fcr politische Zwecke zu benutzen&nbsp;(Beschl. v. 29.08.2016,&nbsp;Az. 31 O&nbsp;281\/16,&nbsp;n.rkr.).<\/p>\n<p>Rechtsanwalt&nbsp;Dr. Carsten Brennecke:<\/p>\n<p><em>\u201eParteien d\u00fcrfen die W\u00e4hler nicht \u00fcber die Herkunft einer Wahlwerbung t\u00e4uschen. Das gilt auch f\u00fcr DIE GR\u00dcNEN\u201c.<\/em><\/p>\n","protected":false},"excerpt":{"rendered":"<p>B\u00fcndnis 90\/DIE GR\u00dcNEN haben in Mecklenburg-Vorpommern in der hei\u00dfen Endphase des Landtagswahlkampfes zu rechtswidrigen Mitteln gegriffen: DIE GR\u00dcNEN registrierten&nbsp;im Wahlkampf die Internetdomain alternativ-fuer.de&nbsp;und blendeten&nbsp;dort eine Wahlwerbung ein, die in der farblichen Gestaltung dem offiziellen Internetauftritt der Alternative f\u00fcr Deutschland unter der Domain alternativefuer.de zum Verwechseln \u00e4hnlich ist. Das verletzt das Namensrecht der AfD und verst\u00f6\u00dft [&hellip;]<\/p>\n","protected":false},"author":1,"featured_media":0,"comment_status":"closed","ping_status":"closed","sticky":false,"template":"","format":"standard","meta":{"_has_post_settings":[],"footnotes":""},"categories":[15],"tags":[],"hashtags":[],"ppma_author":[84],"class_list":["post-8416","post","type-post","status-publish","format-standard","hentry","category-news","author-hoecker_adm"],"yoast_head":"<!-- This site is optimized with the Yoast SEO Premium plugin v25.9 (Yoast SEO v27.0) - https:\/\/yoast.com\/product\/yoast-seo-premium-wordpress\/ -->\n<title>H\u00d6CKER stoppt f\u00fcr AfD irref\u00fchrende Wahlwerbung von B\u00fcndnis 90\/DIE GR\u00dcNEN in Mecklenburg-Vorpommern mit einstweiliger Verf\u00fcgung - H\u00d6CKER - der Blog<\/title>\n<meta name=\"robots\" content=\"index, follow, max-snippet:-1, max-image-preview:large, max-video-preview:-1\" \/>\n<link rel=\"canonical\" href=\"https:\/\/www.hoecker.eu\/blog\/hoecker-stoppt-fuer-afd-irrefuehrende-wahlwerbung-von-buendnis-90-die-gruenen-in-mecklenburg-vorpommern-mit-einstweiliger-verfuegung\/\" \/>\n<meta property=\"og:locale\" content=\"de_DE\" \/>\n<meta property=\"og:type\" content=\"article\" \/>\n<meta property=\"og:title\" content=\"H\u00d6CKER stoppt f\u00fcr AfD irref\u00fchrende Wahlwerbung von B\u00fcndnis 90\/DIE GR\u00dcNEN in Mecklenburg-Vorpommern mit einstweiliger Verf\u00fcgung\" \/>\n<meta property=\"og:description\" content=\"B\u00fcndnis 90\/DIE GR\u00dcNEN haben in Mecklenburg-Vorpommern in der hei\u00dfen Endphase des Landtagswahlkampfes zu rechtswidrigen Mitteln gegriffen: DIE GR\u00dcNEN registrierten&nbsp;im Wahlkampf die Internetdomain alternativ-fuer.de&nbsp;und blendeten&nbsp;dort eine Wahlwerbung ein, die in der farblichen Gestaltung dem offiziellen Internetauftritt der Alternative f\u00fcr Deutschland unter der Domain alternativefuer.de zum Verwechseln \u00e4hnlich ist. Das verletzt das Namensrecht der AfD und verst\u00f6\u00dft [&hellip;]\" \/>\n<meta property=\"og:url\" content=\"https:\/\/www.hoecker.eu\/blog\/hoecker-stoppt-fuer-afd-irrefuehrende-wahlwerbung-von-buendnis-90-die-gruenen-in-mecklenburg-vorpommern-mit-einstweiliger-verfuegung\/\" \/>\n<meta property=\"og:site_name\" content=\"H\u00d6CKER - der Blog\" \/>\n<meta property=\"article:publisher\" content=\"https:\/\/www.facebook.com\/HoeckerRAe\/\" \/>\n<meta property=\"article:author\" content=\"https:\/\/www.facebook.com\/ralf.hoecker\" \/>\n<meta property=\"article:published_time\" content=\"2016-08-30T08:47:00+00:00\" \/>\n<meta property=\"article:modified_time\" content=\"2025-02-17T13:57:25+00:00\" \/>\n<meta name=\"author\" content=\"Prof. Dr. Ralf H\u00f6cker\" \/>\n<meta name=\"twitter:card\" content=\"summary_large_image\" \/>\n<meta name=\"twitter:creator\" content=\"@Ralf_Hoecker\" \/>\n<meta name=\"twitter:site\" content=\"@hoecker_rae\" \/>\n<meta name=\"twitter:label1\" content=\"Verfasst von\" \/>\n\t<meta name=\"twitter:data1\" content=\"Prof. Dr. Ralf H\u00f6cker\" \/>\n\t<meta name=\"twitter:label2\" content=\"Gesch\u00e4tzte Lesezeit\" \/>\n\t<meta name=\"twitter:data2\" content=\"1\u00a0Minute\" \/>\n<script type=\"application\/ld+json\" class=\"yoast-schema-graph\">{\"@context\":\"https:\/\/schema.org\",\"@graph\":[{\"@type\":\"Article\",\"@id\":\"https:\/\/www.hoecker.eu\/blog\/hoecker-stoppt-fuer-afd-irrefuehrende-wahlwerbung-von-buendnis-90-die-gruenen-in-mecklenburg-vorpommern-mit-einstweiliger-verfuegung\/#article\",\"isPartOf\":{\"@id\":\"https:\/\/www.hoecker.eu\/blog\/hoecker-stoppt-fuer-afd-irrefuehrende-wahlwerbung-von-buendnis-90-die-gruenen-in-mecklenburg-vorpommern-mit-einstweiliger-verfuegung\/\"},\"author\":{\"name\":\"Prof. Dr. Ralf H\u00f6cker\",\"@id\":\"https:\/\/www.hoecker.eu\/blog\/#\/schema\/person\/08f95581eed0534eccd0b2438f7a1cab\"},\"headline\":\"H\u00d6CKER stoppt f\u00fcr AfD irref\u00fchrende Wahlwerbung von B\u00fcndnis 90\/DIE GR\u00dcNEN in Mecklenburg-Vorpommern mit einstweiliger Verf\u00fcgung\",\"datePublished\":\"2016-08-30T08:47:00+00:00\",\"dateModified\":\"2025-02-17T13:57:25+00:00\",\"mainEntityOfPage\":{\"@id\":\"https:\/\/www.hoecker.eu\/blog\/hoecker-stoppt-fuer-afd-irrefuehrende-wahlwerbung-von-buendnis-90-die-gruenen-in-mecklenburg-vorpommern-mit-einstweiliger-verfuegung\/\"},\"wordCount\":251,\"publisher\":{\"@id\":\"https:\/\/www.hoecker.eu\/blog\/#organization\"},\"articleSection\":[\"News\"],\"inLanguage\":\"de\"},{\"@type\":\"WebPage\",\"@id\":\"https:\/\/www.hoecker.eu\/blog\/hoecker-stoppt-fuer-afd-irrefuehrende-wahlwerbung-von-buendnis-90-die-gruenen-in-mecklenburg-vorpommern-mit-einstweiliger-verfuegung\/\",\"url\":\"https:\/\/www.hoecker.eu\/blog\/hoecker-stoppt-fuer-afd-irrefuehrende-wahlwerbung-von-buendnis-90-die-gruenen-in-mecklenburg-vorpommern-mit-einstweiliger-verfuegung\/\",\"name\":\"H\u00d6CKER stoppt f\u00fcr AfD irref\u00fchrende Wahlwerbung von B\u00fcndnis 90\/DIE GR\u00dcNEN in Mecklenburg-Vorpommern mit einstweiliger Verf\u00fcgung - H\u00d6CKER - der Blog\",\"isPartOf\":{\"@id\":\"https:\/\/www.hoecker.eu\/blog\/#website\"},\"datePublished\":\"2016-08-30T08:47:00+00:00\",\"dateModified\":\"2025-02-17T13:57:25+00:00\",\"breadcrumb\":{\"@id\":\"https:\/\/www.hoecker.eu\/blog\/hoecker-stoppt-fuer-afd-irrefuehrende-wahlwerbung-von-buendnis-90-die-gruenen-in-mecklenburg-vorpommern-mit-einstweiliger-verfuegung\/#breadcrumb\"},\"inLanguage\":\"de\",\"potentialAction\":[{\"@type\":\"ReadAction\",\"target\":[\"https:\/\/www.hoecker.eu\/blog\/hoecker-stoppt-fuer-afd-irrefuehrende-wahlwerbung-von-buendnis-90-die-gruenen-in-mecklenburg-vorpommern-mit-einstweiliger-verfuegung\/\"]}]},{\"@type\":\"BreadcrumbList\",\"@id\":\"https:\/\/www.hoecker.eu\/blog\/hoecker-stoppt-fuer-afd-irrefuehrende-wahlwerbung-von-buendnis-90-die-gruenen-in-mecklenburg-vorpommern-mit-einstweiliger-verfuegung\/#breadcrumb\",\"itemListElement\":[{\"@type\":\"ListItem\",\"position\":1,\"name\":\"Startseite\",\"item\":\"https:\/\/dev.hoecker.eu\/blog\/\"},{\"@type\":\"ListItem\",\"position\":2,\"name\":\"H\u00d6CKER stoppt f\u00fcr AfD irref\u00fchrende Wahlwerbung von B\u00fcndnis 90\/DIE GR\u00dcNEN in Mecklenburg-Vorpommern mit einstweiliger Verf\u00fcgung\"}]},{\"@type\":\"WebSite\",\"@id\":\"https:\/\/www.hoecker.eu\/blog\/#website\",\"url\":\"https:\/\/www.hoecker.eu\/blog\/\",\"name\":\"H\u00d6CKER - der Blog\",\"description\":\"Expertenblog f\u00fcr \u00c4u\u00dferungs-, Medien-, Marken-, Urheber- und Wettbewerbsrecht.\",\"publisher\":{\"@id\":\"https:\/\/www.hoecker.eu\/blog\/#organization\"},\"potentialAction\":[{\"@type\":\"SearchAction\",\"target\":{\"@type\":\"EntryPoint\",\"urlTemplate\":\"https:\/\/www.hoecker.eu\/blog\/?s={search_term_string}\"},\"query-input\":{\"@type\":\"PropertyValueSpecification\",\"valueRequired\":true,\"valueName\":\"search_term_string\"}}],\"inLanguage\":\"de\"},{\"@type\":\"Organization\",\"@id\":\"https:\/\/www.hoecker.eu\/blog\/#organization\",\"name\":\"H\u00d6CKER Rechtsanw\u00e4lte PartGmbB\",\"alternateName\":\"H\u00d6CKER\",\"url\":\"https:\/\/www.hoecker.eu\/blog\/\",\"logo\":{\"@type\":\"ImageObject\",\"inLanguage\":\"de\",\"@id\":\"https:\/\/www.hoecker.eu\/blog\/#\/schema\/logo\/image\/\",\"url\":\"https:\/\/www.hoecker.eu\/blog\/wp-content\/uploads\/2025\/03\/Blog-Logo.webp\",\"contentUrl\":\"https:\/\/www.hoecker.eu\/blog\/wp-content\/uploads\/2025\/03\/Blog-Logo.webp\",\"width\":500,\"height\":500,\"caption\":\"H\u00d6CKER Rechtsanw\u00e4lte PartGmbB\"},\"image\":{\"@id\":\"https:\/\/www.hoecker.eu\/blog\/#\/schema\/logo\/image\/\"},\"sameAs\":[\"https:\/\/www.facebook.com\/HoeckerRAe\/\",\"https:\/\/x.com\/hoecker_rae\",\"https:\/\/www.linkedin.com\/company\/hcker-rechtsanwlte\/\",\"https:\/\/www.instagram.com\/hoecker_rae\/\"],\"email\":\"contact@hoecker.eu\",\"telephone\":\"+ 49 (0)221-933 19-10\",\"legalName\":\"H\u00d6CKER Rechtsanw\u00e4lte PartGmbB\",\"numberOfEmployees\":{\"@type\":\"QuantitativeValue\",\"minValue\":\"11\",\"maxValue\":\"50\"}},{\"@type\":\"Person\",\"@id\":\"https:\/\/www.hoecker.eu\/blog\/#\/schema\/person\/08f95581eed0534eccd0b2438f7a1cab\",\"name\":\"Prof. Dr. Ralf H\u00f6cker\",\"description\":\"Medienanwalt. Besch\u00fctzer vor mieser Presse\",\"sameAs\":[\"https:\/\/www.hoecker.eu\/wer\/prof-dr-ralf-hoecker\",\"https:\/\/www.facebook.com\/ralf.hoecker\",\"https:\/\/www.linkedin.com\/in\/prof-dr-ralf-hcker-ll-m-london-17987826\/\",\"https:\/\/x.com\/Ralf_Hoecker\"],\"url\":\"https:\/\/www.hoecker.eu\/blog\/author\/hoecker_adm\/\"}]}<\/script>\n<!-- \/ Yoast SEO Premium plugin. -->","yoast_head_json":{"title":"H\u00d6CKER stoppt f\u00fcr AfD irref\u00fchrende Wahlwerbung von B\u00fcndnis 90\/DIE GR\u00dcNEN in Mecklenburg-Vorpommern mit einstweiliger Verf\u00fcgung - H\u00d6CKER - der Blog","robots":{"index":"index","follow":"follow","max-snippet":"max-snippet:-1","max-image-preview":"max-image-preview:large","max-video-preview":"max-video-preview:-1"},"canonical":"https:\/\/www.hoecker.eu\/blog\/hoecker-stoppt-fuer-afd-irrefuehrende-wahlwerbung-von-buendnis-90-die-gruenen-in-mecklenburg-vorpommern-mit-einstweiliger-verfuegung\/","og_locale":"de_DE","og_type":"article","og_title":"H\u00d6CKER stoppt f\u00fcr AfD irref\u00fchrende Wahlwerbung von B\u00fcndnis 90\/DIE GR\u00dcNEN in Mecklenburg-Vorpommern mit einstweiliger Verf\u00fcgung","og_description":"B\u00fcndnis 90\/DIE GR\u00dcNEN haben in Mecklenburg-Vorpommern in der hei\u00dfen Endphase des Landtagswahlkampfes zu rechtswidrigen Mitteln gegriffen: DIE GR\u00dcNEN registrierten&nbsp;im Wahlkampf die Internetdomain alternativ-fuer.de&nbsp;und blendeten&nbsp;dort eine Wahlwerbung ein, die in der farblichen Gestaltung dem offiziellen Internetauftritt der Alternative f\u00fcr Deutschland unter der Domain alternativefuer.de zum Verwechseln \u00e4hnlich ist. Das verletzt das Namensrecht der AfD und verst\u00f6\u00dft [&hellip;]","og_url":"https:\/\/www.hoecker.eu\/blog\/hoecker-stoppt-fuer-afd-irrefuehrende-wahlwerbung-von-buendnis-90-die-gruenen-in-mecklenburg-vorpommern-mit-einstweiliger-verfuegung\/","og_site_name":"H\u00d6CKER - der Blog","article_publisher":"https:\/\/www.facebook.com\/HoeckerRAe\/","article_author":"https:\/\/www.facebook.com\/ralf.hoecker","article_published_time":"2016-08-30T08:47:00+00:00","article_modified_time":"2025-02-17T13:57:25+00:00","author":"Prof. Dr. Ralf H\u00f6cker","twitter_card":"summary_large_image","twitter_creator":"@Ralf_Hoecker","twitter_site":"@hoecker_rae","twitter_misc":{"Verfasst von":"Prof. Dr. Ralf H\u00f6cker","Gesch\u00e4tzte Lesezeit":"1\u00a0Minute"},"schema":{"@context":"https:\/\/schema.org","@graph":[{"@type":"Article","@id":"https:\/\/www.hoecker.eu\/blog\/hoecker-stoppt-fuer-afd-irrefuehrende-wahlwerbung-von-buendnis-90-die-gruenen-in-mecklenburg-vorpommern-mit-einstweiliger-verfuegung\/#article","isPartOf":{"@id":"https:\/\/www.hoecker.eu\/blog\/hoecker-stoppt-fuer-afd-irrefuehrende-wahlwerbung-von-buendnis-90-die-gruenen-in-mecklenburg-vorpommern-mit-einstweiliger-verfuegung\/"},"author":{"name":"Prof. Dr. Ralf H\u00f6cker","@id":"https:\/\/www.hoecker.eu\/blog\/#\/schema\/person\/08f95581eed0534eccd0b2438f7a1cab"},"headline":"H\u00d6CKER stoppt f\u00fcr AfD irref\u00fchrende Wahlwerbung von B\u00fcndnis 90\/DIE GR\u00dcNEN in Mecklenburg-Vorpommern mit einstweiliger Verf\u00fcgung","datePublished":"2016-08-30T08:47:00+00:00","dateModified":"2025-02-17T13:57:25+00:00","mainEntityOfPage":{"@id":"https:\/\/www.hoecker.eu\/blog\/hoecker-stoppt-fuer-afd-irrefuehrende-wahlwerbung-von-buendnis-90-die-gruenen-in-mecklenburg-vorpommern-mit-einstweiliger-verfuegung\/"},"wordCount":251,"publisher":{"@id":"https:\/\/www.hoecker.eu\/blog\/#organization"},"articleSection":["News"],"inLanguage":"de"},{"@type":"WebPage","@id":"https:\/\/www.hoecker.eu\/blog\/hoecker-stoppt-fuer-afd-irrefuehrende-wahlwerbung-von-buendnis-90-die-gruenen-in-mecklenburg-vorpommern-mit-einstweiliger-verfuegung\/","url":"https:\/\/www.hoecker.eu\/blog\/hoecker-stoppt-fuer-afd-irrefuehrende-wahlwerbung-von-buendnis-90-die-gruenen-in-mecklenburg-vorpommern-mit-einstweiliger-verfuegung\/","name":"H\u00d6CKER stoppt f\u00fcr AfD irref\u00fchrende Wahlwerbung von B\u00fcndnis 90\/DIE GR\u00dcNEN in Mecklenburg-Vorpommern mit einstweiliger Verf\u00fcgung - H\u00d6CKER - der Blog","isPartOf":{"@id":"https:\/\/www.hoecker.eu\/blog\/#website"},"datePublished":"2016-08-30T08:47:00+00:00","dateModified":"2025-02-17T13:57:25+00:00","breadcrumb":{"@id":"https:\/\/www.hoecker.eu\/blog\/hoecker-stoppt-fuer-afd-irrefuehrende-wahlwerbung-von-buendnis-90-die-gruenen-in-mecklenburg-vorpommern-mit-einstweiliger-verfuegung\/#breadcrumb"},"inLanguage":"de","potentialAction":[{"@type":"ReadAction","target":["https:\/\/www.hoecker.eu\/blog\/hoecker-stoppt-fuer-afd-irrefuehrende-wahlwerbung-von-buendnis-90-die-gruenen-in-mecklenburg-vorpommern-mit-einstweiliger-verfuegung\/"]}]},{"@type":"BreadcrumbList","@id":"https:\/\/www.hoecker.eu\/blog\/hoecker-stoppt-fuer-afd-irrefuehrende-wahlwerbung-von-buendnis-90-die-gruenen-in-mecklenburg-vorpommern-mit-einstweiliger-verfuegung\/#breadcrumb","itemListElement":[{"@type":"ListItem","position":1,"name":"Startseite","item":"https:\/\/dev.hoecker.eu\/blog\/"},{"@type":"ListItem","position":2,"name":"H\u00d6CKER stoppt f\u00fcr AfD irref\u00fchrende Wahlwerbung von B\u00fcndnis 90\/DIE GR\u00dcNEN in Mecklenburg-Vorpommern mit einstweiliger Verf\u00fcgung"}]},{"@type":"WebSite","@id":"https:\/\/www.hoecker.eu\/blog\/#website","url":"https:\/\/www.hoecker.eu\/blog\/","name":"H\u00d6CKER - der Blog","description":"Expertenblog f\u00fcr \u00c4u\u00dferungs-, Medien-, Marken-, Urheber- und Wettbewerbsrecht.","publisher":{"@id":"https:\/\/www.hoecker.eu\/blog\/#organization"},"potentialAction":[{"@type":"SearchAction","target":{"@type":"EntryPoint","urlTemplate":"https:\/\/www.hoecker.eu\/blog\/?s={search_term_string}"},"query-input":{"@type":"PropertyValueSpecification","valueRequired":true,"valueName":"search_term_string"}}],"inLanguage":"de"},{"@type":"Organization","@id":"https:\/\/www.hoecker.eu\/blog\/#organization","name":"H\u00d6CKER Rechtsanw\u00e4lte PartGmbB","alternateName":"H\u00d6CKER","url":"https:\/\/www.hoecker.eu\/blog\/","logo":{"@type":"ImageObject","inLanguage":"de","@id":"https:\/\/www.hoecker.eu\/blog\/#\/schema\/logo\/image\/","url":"https:\/\/www.hoecker.eu\/blog\/wp-content\/uploads\/2025\/03\/Blog-Logo.webp","contentUrl":"https:\/\/www.hoecker.eu\/blog\/wp-content\/uploads\/2025\/03\/Blog-Logo.webp","width":500,"height":500,"caption":"H\u00d6CKER Rechtsanw\u00e4lte PartGmbB"},"image":{"@id":"https:\/\/www.hoecker.eu\/blog\/#\/schema\/logo\/image\/"},"sameAs":["https:\/\/www.facebook.com\/HoeckerRAe\/","https:\/\/x.com\/hoecker_rae","https:\/\/www.linkedin.com\/company\/hcker-rechtsanwlte\/","https:\/\/www.instagram.com\/hoecker_rae\/"],"email":"contact@hoecker.eu","telephone":"+ 49 (0)221-933 19-10","legalName":"H\u00d6CKER Rechtsanw\u00e4lte PartGmbB","numberOfEmployees":{"@type":"QuantitativeValue","minValue":"11","maxValue":"50"}},{"@type":"Person","@id":"https:\/\/www.hoecker.eu\/blog\/#\/schema\/person\/08f95581eed0534eccd0b2438f7a1cab","name":"Prof. Dr. Ralf H\u00f6cker","description":"Medienanwalt. Besch\u00fctzer vor mieser Presse","sameAs":["https:\/\/www.hoecker.eu\/wer\/prof-dr-ralf-hoecker","https:\/\/www.facebook.com\/ralf.hoecker","https:\/\/www.linkedin.com\/in\/prof-dr-ralf-hcker-ll-m-london-17987826\/","https:\/\/x.com\/Ralf_Hoecker"],"url":"https:\/\/www.hoecker.eu\/blog\/author\/hoecker_adm\/"}]}},"authors":[{"term_id":84,"user_id":1,"is_guest":0,"slug":"hoecker_adm","display_name":"Prof. Dr. Ralf H\u00f6cker","avatar_url":{"url":"https:\/\/www.hoecker.eu\/blog\/wp-content\/uploads\/2023\/12\/ProfDrRalfHoecker.jpg","url2x":"https:\/\/www.hoecker.eu\/blog\/wp-content\/uploads\/2023\/12\/ProfDrRalfHoecker.jpg"},"0":null,"1":"","2":"","3":"","4":"","5":"","6":"","7":"","8":"","9":"","10":"","11":""}],"_links":{"self":[{"href":"https:\/\/www.hoecker.eu\/blog\/wp-json\/wp\/v2\/posts\/8416","targetHints":{"allow":["GET"]}}],"collection":[{"href":"https:\/\/www.hoecker.eu\/blog\/wp-json\/wp\/v2\/posts"}],"about":[{"href":"https:\/\/www.hoecker.eu\/blog\/wp-json\/wp\/v2\/types\/post"}],"author":[{"embeddable":true,"href":"https:\/\/www.hoecker.eu\/blog\/wp-json\/wp\/v2\/users\/1"}],"replies":[{"embeddable":true,"href":"https:\/\/www.hoecker.eu\/blog\/wp-json\/wp\/v2\/comments?post=8416"}],"version-history":[{"count":1,"href":"https:\/\/www.hoecker.eu\/blog\/wp-json\/wp\/v2\/posts\/8416\/revisions"}],"predecessor-version":[{"id":9538,"href":"https:\/\/www.hoecker.eu\/blog\/wp-json\/wp\/v2\/posts\/8416\/revisions\/9538"}],"wp:attachment":[{"href":"https:\/\/www.hoecker.eu\/blog\/wp-json\/wp\/v2\/media?parent=8416"}],"wp:term":[{"taxonomy":"category","embeddable":true,"href":"https:\/\/www.hoecker.eu\/blog\/wp-json\/wp\/v2\/categories?post=8416"},{"taxonomy":"post_tag","embeddable":true,"href":"https:\/\/www.hoecker.eu\/blog\/wp-json\/wp\/v2\/tags?post=8416"},{"taxonomy":"hashtags","embeddable":true,"href":"https:\/\/www.hoecker.eu\/blog\/wp-json\/wp\/v2\/hashtags?post=8416"},{"taxonomy":"author","embeddable":true,"href":"https:\/\/www.hoecker.eu\/blog\/wp-json\/wp\/v2\/ppma_author?post=8416"}],"curies":[{"name":"wp","href":"https:\/\/api.w.org\/{rel}","templated":true}]}}