{"id":8415,"date":"2016-08-30T13:08:10","date_gmt":"2016-08-30T11:08:10","guid":{"rendered":"https:\/\/www.hoecker.eu\/blog\/hoecker-stoppt-kampagne-des-dgb-geschaeftsfuehrers-stephan-doll-gegen-den-afd-politiker-martin-sichert\/"},"modified":"2025-02-17T14:57:24","modified_gmt":"2025-02-17T13:57:24","slug":"hoecker-stoppt-kampagne-des-dgb-geschaeftsfuehrers-stephan-doll-gegen-den-afd-politiker-martin-sichert","status":"publish","type":"post","link":"https:\/\/www.hoecker.eu\/blog\/hoecker-stoppt-kampagne-des-dgb-geschaeftsfuehrers-stephan-doll-gegen-den-afd-politiker-martin-sichert\/","title":{"rendered":"H\u00d6CKER stoppt Kampagne des DGB-Gesch\u00e4ftsf\u00fchrers Stephan Doll gegen den AfD Politiker Martin Sichert"},"content":{"rendered":"<p>Der DGB Mittelfranken&nbsp;organisiert in j\u00fcngerer Zeit Veranstaltungen&nbsp;in Bayern, in denen es weniger um die Wahrung von Arbeitnehmerrechten geht, sondern vielmehr um politische Agitation gegen die Alternative f\u00fcr Deutschland. Am 12.07.2016 sprach der Gesch\u00e4ftsf\u00fchrer des DGB-Bezirks Bayern, Region Mittelfranken, Herr Stephan Doll auf einer solchen Informationsveranstaltung, in der \u00fcber die Rolle der AfD diskutiert werden sollte. Wohlweislich hatte der DGB-Gesch\u00e4ftsf\u00fchrer Doll vor der Veranstaltung den AfD-Politiker Martin Sichert, der an der Diskussionsveranstaltung teilnehmen wollte, von dieser ausgeschlossen.<\/p>\n<p>Nachdem so eine Mitwirkung des AfD-Politikers an der Diskussion vermieden wurde, stellte Herr Stephan Doll vor versammeltem Publikum die folgende Behauptung auf:<\/p>\n<p><i>\u201eUnd der von mir gerade in meiner Funktion als Hausherr Verwiesene &hellip; es war \u00fcbrigens Herr Sichert, ist der Chef der AfD N\u00fcrnberg und F\u00fcrth&#8230;&nbsp;der ist im Kommunalwahlkampf in N\u00fcrnberg schon aufgefallen als ein Holocaust-Leugner.\u201c<\/i><\/p>\n<p><i><\/i>Der DGB-Vorsitzende Doll stellte somit \u00f6ffentlich die Tatsachenbehauptung auf, der AfD-Politiker Martin Sichert sei als Holocaust-Leugner aufgefallen.<\/p>\n<p>Diese Tatsachenbehauptung ist falsch: Herr Sichert hat den V\u00f6lkermord an europ\u00e4ischen Juden durch die Nationalsoziallisten zu keinem Zeitpunkt bestritten, weder im Kommunalwahlkampf noch an sonstiger Stelle.<\/p>\n<p>H\u00d6CKER mahnte den DGB-Vorsitzenden Doll im Auftrag von Herrn Sichert ab und forderte ihn auf, sich mit einer Unterlassungserkl\u00e4rung zu verpflichten, die Falschbehauptung nicht erneut zu verbreiten.&nbsp;Nachdem Herr Doll dieser Aufforderung nicht nachkam, reichte H\u00d6CKER im Namen des Herrn Sichert beim Landgericht N\u00fcrnberg einen Antrag auf Erlass einer einstweiligen Verf\u00fcgung ein.<\/p>\n<p>Dies hat Herrn Stephan Doll nun dazu bewogen, sich in einer Unterlassungserkl\u00e4rung gegen\u00fcber Herrn Sichert zu verpflichten, k\u00fcnftig nicht mehr die Falschbehauptung zu verbreiten, Herr Sichert sei als Holocaust-Leugner aufgefallen.<\/p>\n<p>Im einstweiligen Verf\u00fcgungsverfahren h\u00e4tte die Beweislast f\u00fcr die Richtigkeit der Behauptung bei Herrn Stephan Doll gelegen. Offensichtlich war es dem DGB-Vorsitzenden nicht m\u00f6glich, seine Falschbehauptung zu beweisen. Dies wird der Grund daf\u00fcr gewesen sein, das Verfahren durch Abgabe der Unterlassungserkl\u00e4rung m\u00f6glichst ger\u00e4uschlos&nbsp;beenden zu wollen.<\/p>\n<p>Rechtsanwalt&nbsp;Dr. Carsten Brennecke:<\/p>\n<p><i>\u201eWer politische Gegner durch die Verbreitung von ehrenr\u00fchrigen Tatsachenbehauptungen schlecht macht, der muss im Streitfall die Richtigkeit seiner \u00c4u\u00dferungen beweisen. Dies gilt auch f\u00fcr&nbsp;einen DGB-Vorsitzender im Rahmen seiner politischen Agitation gegen&nbsp;den politischen Gegner.&#8221;<\/i><\/p>\n","protected":false},"excerpt":{"rendered":"<p>Der DGB Mittelfranken&nbsp;organisiert in j\u00fcngerer Zeit Veranstaltungen&nbsp;in Bayern, in denen es weniger um die Wahrung von Arbeitnehmerrechten geht, sondern vielmehr um politische Agitation gegen die Alternative f\u00fcr Deutschland. Am 12.07.2016 sprach der Gesch\u00e4ftsf\u00fchrer des DGB-Bezirks Bayern, Region Mittelfranken, Herr Stephan Doll auf einer solchen Informationsveranstaltung, in der \u00fcber die Rolle der AfD diskutiert werden sollte. [&hellip;]<\/p>\n","protected":false},"author":1,"featured_media":0,"comment_status":"closed","ping_status":"closed","sticky":false,"template":"","format":"standard","meta":{"_has_post_settings":[],"footnotes":""},"categories":[15],"tags":[],"hashtags":[],"ppma_author":[84],"class_list":["post-8415","post","type-post","status-publish","format-standard","hentry","category-news","author-hoecker_adm"],"yoast_head":"<!-- This site is optimized with the Yoast SEO Premium plugin v25.9 (Yoast SEO v27.0) - https:\/\/yoast.com\/product\/yoast-seo-premium-wordpress\/ -->\n<title>H\u00d6CKER stoppt Kampagne des DGB-Gesch\u00e4ftsf\u00fchrers Stephan Doll gegen den AfD Politiker Martin Sichert - H\u00d6CKER - der Blog<\/title>\n<meta name=\"robots\" content=\"index, follow, max-snippet:-1, max-image-preview:large, max-video-preview:-1\" \/>\n<link rel=\"canonical\" href=\"https:\/\/www.hoecker.eu\/blog\/hoecker-stoppt-kampagne-des-dgb-geschaeftsfuehrers-stephan-doll-gegen-den-afd-politiker-martin-sichert\/\" \/>\n<meta property=\"og:locale\" content=\"de_DE\" \/>\n<meta property=\"og:type\" content=\"article\" \/>\n<meta property=\"og:title\" content=\"H\u00d6CKER stoppt Kampagne des DGB-Gesch\u00e4ftsf\u00fchrers Stephan Doll gegen den AfD Politiker Martin Sichert\" \/>\n<meta property=\"og:description\" content=\"Der DGB Mittelfranken&nbsp;organisiert in j\u00fcngerer Zeit Veranstaltungen&nbsp;in Bayern, in denen es weniger um die Wahrung von Arbeitnehmerrechten geht, sondern vielmehr um politische Agitation gegen die Alternative f\u00fcr Deutschland. Am 12.07.2016 sprach der Gesch\u00e4ftsf\u00fchrer des DGB-Bezirks Bayern, Region Mittelfranken, Herr Stephan Doll auf einer solchen Informationsveranstaltung, in der \u00fcber die Rolle der AfD diskutiert werden sollte. [&hellip;]\" \/>\n<meta property=\"og:url\" content=\"https:\/\/www.hoecker.eu\/blog\/hoecker-stoppt-kampagne-des-dgb-geschaeftsfuehrers-stephan-doll-gegen-den-afd-politiker-martin-sichert\/\" \/>\n<meta property=\"og:site_name\" content=\"H\u00d6CKER - der Blog\" \/>\n<meta property=\"article:publisher\" content=\"https:\/\/www.facebook.com\/HoeckerRAe\/\" \/>\n<meta property=\"article:author\" content=\"https:\/\/www.facebook.com\/ralf.hoecker\" \/>\n<meta property=\"article:published_time\" content=\"2016-08-30T11:08:10+00:00\" \/>\n<meta property=\"article:modified_time\" content=\"2025-02-17T13:57:24+00:00\" \/>\n<meta name=\"author\" content=\"Prof. Dr. Ralf H\u00f6cker\" \/>\n<meta name=\"twitter:card\" content=\"summary_large_image\" \/>\n<meta name=\"twitter:creator\" content=\"@Ralf_Hoecker\" \/>\n<meta name=\"twitter:site\" content=\"@hoecker_rae\" \/>\n<meta name=\"twitter:label1\" content=\"Verfasst von\" \/>\n\t<meta name=\"twitter:data1\" content=\"Prof. Dr. Ralf H\u00f6cker\" \/>\n\t<meta name=\"twitter:label2\" content=\"Gesch\u00e4tzte Lesezeit\" \/>\n\t<meta name=\"twitter:data2\" content=\"2\u00a0Minuten\" \/>\n<script type=\"application\/ld+json\" class=\"yoast-schema-graph\">{\"@context\":\"https:\/\/schema.org\",\"@graph\":[{\"@type\":\"Article\",\"@id\":\"https:\/\/www.hoecker.eu\/blog\/hoecker-stoppt-kampagne-des-dgb-geschaeftsfuehrers-stephan-doll-gegen-den-afd-politiker-martin-sichert\/#article\",\"isPartOf\":{\"@id\":\"https:\/\/www.hoecker.eu\/blog\/hoecker-stoppt-kampagne-des-dgb-geschaeftsfuehrers-stephan-doll-gegen-den-afd-politiker-martin-sichert\/\"},\"author\":{\"name\":\"Prof. Dr. Ralf H\u00f6cker\",\"@id\":\"https:\/\/www.hoecker.eu\/blog\/#\/schema\/person\/08f95581eed0534eccd0b2438f7a1cab\"},\"headline\":\"H\u00d6CKER stoppt Kampagne des DGB-Gesch\u00e4ftsf\u00fchrers Stephan Doll gegen den AfD Politiker Martin Sichert\",\"datePublished\":\"2016-08-30T11:08:10+00:00\",\"dateModified\":\"2025-02-17T13:57:24+00:00\",\"mainEntityOfPage\":{\"@id\":\"https:\/\/www.hoecker.eu\/blog\/hoecker-stoppt-kampagne-des-dgb-geschaeftsfuehrers-stephan-doll-gegen-den-afd-politiker-martin-sichert\/\"},\"wordCount\":398,\"publisher\":{\"@id\":\"https:\/\/www.hoecker.eu\/blog\/#organization\"},\"articleSection\":[\"News\"],\"inLanguage\":\"de\"},{\"@type\":\"WebPage\",\"@id\":\"https:\/\/www.hoecker.eu\/blog\/hoecker-stoppt-kampagne-des-dgb-geschaeftsfuehrers-stephan-doll-gegen-den-afd-politiker-martin-sichert\/\",\"url\":\"https:\/\/www.hoecker.eu\/blog\/hoecker-stoppt-kampagne-des-dgb-geschaeftsfuehrers-stephan-doll-gegen-den-afd-politiker-martin-sichert\/\",\"name\":\"H\u00d6CKER stoppt Kampagne des DGB-Gesch\u00e4ftsf\u00fchrers Stephan Doll gegen den AfD Politiker Martin Sichert - H\u00d6CKER - der Blog\",\"isPartOf\":{\"@id\":\"https:\/\/www.hoecker.eu\/blog\/#website\"},\"datePublished\":\"2016-08-30T11:08:10+00:00\",\"dateModified\":\"2025-02-17T13:57:24+00:00\",\"breadcrumb\":{\"@id\":\"https:\/\/www.hoecker.eu\/blog\/hoecker-stoppt-kampagne-des-dgb-geschaeftsfuehrers-stephan-doll-gegen-den-afd-politiker-martin-sichert\/#breadcrumb\"},\"inLanguage\":\"de\",\"potentialAction\":[{\"@type\":\"ReadAction\",\"target\":[\"https:\/\/www.hoecker.eu\/blog\/hoecker-stoppt-kampagne-des-dgb-geschaeftsfuehrers-stephan-doll-gegen-den-afd-politiker-martin-sichert\/\"]}]},{\"@type\":\"BreadcrumbList\",\"@id\":\"https:\/\/www.hoecker.eu\/blog\/hoecker-stoppt-kampagne-des-dgb-geschaeftsfuehrers-stephan-doll-gegen-den-afd-politiker-martin-sichert\/#breadcrumb\",\"itemListElement\":[{\"@type\":\"ListItem\",\"position\":1,\"name\":\"Startseite\",\"item\":\"https:\/\/dev.hoecker.eu\/blog\/\"},{\"@type\":\"ListItem\",\"position\":2,\"name\":\"H\u00d6CKER stoppt Kampagne des DGB-Gesch\u00e4ftsf\u00fchrers Stephan Doll gegen den AfD Politiker Martin Sichert\"}]},{\"@type\":\"WebSite\",\"@id\":\"https:\/\/www.hoecker.eu\/blog\/#website\",\"url\":\"https:\/\/www.hoecker.eu\/blog\/\",\"name\":\"H\u00d6CKER - der Blog\",\"description\":\"Expertenblog f\u00fcr \u00c4u\u00dferungs-, Medien-, Marken-, Urheber- und Wettbewerbsrecht.\",\"publisher\":{\"@id\":\"https:\/\/www.hoecker.eu\/blog\/#organization\"},\"potentialAction\":[{\"@type\":\"SearchAction\",\"target\":{\"@type\":\"EntryPoint\",\"urlTemplate\":\"https:\/\/www.hoecker.eu\/blog\/?s={search_term_string}\"},\"query-input\":{\"@type\":\"PropertyValueSpecification\",\"valueRequired\":true,\"valueName\":\"search_term_string\"}}],\"inLanguage\":\"de\"},{\"@type\":\"Organization\",\"@id\":\"https:\/\/www.hoecker.eu\/blog\/#organization\",\"name\":\"H\u00d6CKER Rechtsanw\u00e4lte PartGmbB\",\"alternateName\":\"H\u00d6CKER\",\"url\":\"https:\/\/www.hoecker.eu\/blog\/\",\"logo\":{\"@type\":\"ImageObject\",\"inLanguage\":\"de\",\"@id\":\"https:\/\/www.hoecker.eu\/blog\/#\/schema\/logo\/image\/\",\"url\":\"https:\/\/www.hoecker.eu\/blog\/wp-content\/uploads\/2025\/03\/Blog-Logo.webp\",\"contentUrl\":\"https:\/\/www.hoecker.eu\/blog\/wp-content\/uploads\/2025\/03\/Blog-Logo.webp\",\"width\":500,\"height\":500,\"caption\":\"H\u00d6CKER Rechtsanw\u00e4lte PartGmbB\"},\"image\":{\"@id\":\"https:\/\/www.hoecker.eu\/blog\/#\/schema\/logo\/image\/\"},\"sameAs\":[\"https:\/\/www.facebook.com\/HoeckerRAe\/\",\"https:\/\/x.com\/hoecker_rae\",\"https:\/\/www.linkedin.com\/company\/hcker-rechtsanwlte\/\",\"https:\/\/www.instagram.com\/hoecker_rae\/\"],\"email\":\"contact@hoecker.eu\",\"telephone\":\"+ 49 (0)221-933 19-10\",\"legalName\":\"H\u00d6CKER Rechtsanw\u00e4lte PartGmbB\",\"numberOfEmployees\":{\"@type\":\"QuantitativeValue\",\"minValue\":\"11\",\"maxValue\":\"50\"}},{\"@type\":\"Person\",\"@id\":\"https:\/\/www.hoecker.eu\/blog\/#\/schema\/person\/08f95581eed0534eccd0b2438f7a1cab\",\"name\":\"Prof. Dr. Ralf H\u00f6cker\",\"description\":\"Medienanwalt. Besch\u00fctzer vor mieser Presse\",\"sameAs\":[\"https:\/\/www.hoecker.eu\/wer\/prof-dr-ralf-hoecker\",\"https:\/\/www.facebook.com\/ralf.hoecker\",\"https:\/\/www.linkedin.com\/in\/prof-dr-ralf-hcker-ll-m-london-17987826\/\",\"https:\/\/x.com\/Ralf_Hoecker\"],\"url\":\"https:\/\/www.hoecker.eu\/blog\/author\/hoecker_adm\/\"}]}<\/script>\n<!-- \/ Yoast SEO Premium plugin. -->","yoast_head_json":{"title":"H\u00d6CKER stoppt Kampagne des DGB-Gesch\u00e4ftsf\u00fchrers Stephan Doll gegen den AfD Politiker Martin Sichert - H\u00d6CKER - der Blog","robots":{"index":"index","follow":"follow","max-snippet":"max-snippet:-1","max-image-preview":"max-image-preview:large","max-video-preview":"max-video-preview:-1"},"canonical":"https:\/\/www.hoecker.eu\/blog\/hoecker-stoppt-kampagne-des-dgb-geschaeftsfuehrers-stephan-doll-gegen-den-afd-politiker-martin-sichert\/","og_locale":"de_DE","og_type":"article","og_title":"H\u00d6CKER stoppt Kampagne des DGB-Gesch\u00e4ftsf\u00fchrers Stephan Doll gegen den AfD Politiker Martin Sichert","og_description":"Der DGB Mittelfranken&nbsp;organisiert in j\u00fcngerer Zeit Veranstaltungen&nbsp;in Bayern, in denen es weniger um die Wahrung von Arbeitnehmerrechten geht, sondern vielmehr um politische Agitation gegen die Alternative f\u00fcr Deutschland. Am 12.07.2016 sprach der Gesch\u00e4ftsf\u00fchrer des DGB-Bezirks Bayern, Region Mittelfranken, Herr Stephan Doll auf einer solchen Informationsveranstaltung, in der \u00fcber die Rolle der AfD diskutiert werden sollte. [&hellip;]","og_url":"https:\/\/www.hoecker.eu\/blog\/hoecker-stoppt-kampagne-des-dgb-geschaeftsfuehrers-stephan-doll-gegen-den-afd-politiker-martin-sichert\/","og_site_name":"H\u00d6CKER - der Blog","article_publisher":"https:\/\/www.facebook.com\/HoeckerRAe\/","article_author":"https:\/\/www.facebook.com\/ralf.hoecker","article_published_time":"2016-08-30T11:08:10+00:00","article_modified_time":"2025-02-17T13:57:24+00:00","author":"Prof. Dr. Ralf H\u00f6cker","twitter_card":"summary_large_image","twitter_creator":"@Ralf_Hoecker","twitter_site":"@hoecker_rae","twitter_misc":{"Verfasst von":"Prof. Dr. Ralf H\u00f6cker","Gesch\u00e4tzte Lesezeit":"2\u00a0Minuten"},"schema":{"@context":"https:\/\/schema.org","@graph":[{"@type":"Article","@id":"https:\/\/www.hoecker.eu\/blog\/hoecker-stoppt-kampagne-des-dgb-geschaeftsfuehrers-stephan-doll-gegen-den-afd-politiker-martin-sichert\/#article","isPartOf":{"@id":"https:\/\/www.hoecker.eu\/blog\/hoecker-stoppt-kampagne-des-dgb-geschaeftsfuehrers-stephan-doll-gegen-den-afd-politiker-martin-sichert\/"},"author":{"name":"Prof. Dr. Ralf H\u00f6cker","@id":"https:\/\/www.hoecker.eu\/blog\/#\/schema\/person\/08f95581eed0534eccd0b2438f7a1cab"},"headline":"H\u00d6CKER stoppt Kampagne des DGB-Gesch\u00e4ftsf\u00fchrers Stephan Doll gegen den AfD Politiker Martin Sichert","datePublished":"2016-08-30T11:08:10+00:00","dateModified":"2025-02-17T13:57:24+00:00","mainEntityOfPage":{"@id":"https:\/\/www.hoecker.eu\/blog\/hoecker-stoppt-kampagne-des-dgb-geschaeftsfuehrers-stephan-doll-gegen-den-afd-politiker-martin-sichert\/"},"wordCount":398,"publisher":{"@id":"https:\/\/www.hoecker.eu\/blog\/#organization"},"articleSection":["News"],"inLanguage":"de"},{"@type":"WebPage","@id":"https:\/\/www.hoecker.eu\/blog\/hoecker-stoppt-kampagne-des-dgb-geschaeftsfuehrers-stephan-doll-gegen-den-afd-politiker-martin-sichert\/","url":"https:\/\/www.hoecker.eu\/blog\/hoecker-stoppt-kampagne-des-dgb-geschaeftsfuehrers-stephan-doll-gegen-den-afd-politiker-martin-sichert\/","name":"H\u00d6CKER stoppt Kampagne des DGB-Gesch\u00e4ftsf\u00fchrers Stephan Doll gegen den AfD Politiker Martin Sichert - H\u00d6CKER - der Blog","isPartOf":{"@id":"https:\/\/www.hoecker.eu\/blog\/#website"},"datePublished":"2016-08-30T11:08:10+00:00","dateModified":"2025-02-17T13:57:24+00:00","breadcrumb":{"@id":"https:\/\/www.hoecker.eu\/blog\/hoecker-stoppt-kampagne-des-dgb-geschaeftsfuehrers-stephan-doll-gegen-den-afd-politiker-martin-sichert\/#breadcrumb"},"inLanguage":"de","potentialAction":[{"@type":"ReadAction","target":["https:\/\/www.hoecker.eu\/blog\/hoecker-stoppt-kampagne-des-dgb-geschaeftsfuehrers-stephan-doll-gegen-den-afd-politiker-martin-sichert\/"]}]},{"@type":"BreadcrumbList","@id":"https:\/\/www.hoecker.eu\/blog\/hoecker-stoppt-kampagne-des-dgb-geschaeftsfuehrers-stephan-doll-gegen-den-afd-politiker-martin-sichert\/#breadcrumb","itemListElement":[{"@type":"ListItem","position":1,"name":"Startseite","item":"https:\/\/dev.hoecker.eu\/blog\/"},{"@type":"ListItem","position":2,"name":"H\u00d6CKER stoppt Kampagne des DGB-Gesch\u00e4ftsf\u00fchrers Stephan Doll gegen den AfD Politiker Martin Sichert"}]},{"@type":"WebSite","@id":"https:\/\/www.hoecker.eu\/blog\/#website","url":"https:\/\/www.hoecker.eu\/blog\/","name":"H\u00d6CKER - der Blog","description":"Expertenblog f\u00fcr \u00c4u\u00dferungs-, Medien-, Marken-, Urheber- und Wettbewerbsrecht.","publisher":{"@id":"https:\/\/www.hoecker.eu\/blog\/#organization"},"potentialAction":[{"@type":"SearchAction","target":{"@type":"EntryPoint","urlTemplate":"https:\/\/www.hoecker.eu\/blog\/?s={search_term_string}"},"query-input":{"@type":"PropertyValueSpecification","valueRequired":true,"valueName":"search_term_string"}}],"inLanguage":"de"},{"@type":"Organization","@id":"https:\/\/www.hoecker.eu\/blog\/#organization","name":"H\u00d6CKER Rechtsanw\u00e4lte PartGmbB","alternateName":"H\u00d6CKER","url":"https:\/\/www.hoecker.eu\/blog\/","logo":{"@type":"ImageObject","inLanguage":"de","@id":"https:\/\/www.hoecker.eu\/blog\/#\/schema\/logo\/image\/","url":"https:\/\/www.hoecker.eu\/blog\/wp-content\/uploads\/2025\/03\/Blog-Logo.webp","contentUrl":"https:\/\/www.hoecker.eu\/blog\/wp-content\/uploads\/2025\/03\/Blog-Logo.webp","width":500,"height":500,"caption":"H\u00d6CKER Rechtsanw\u00e4lte PartGmbB"},"image":{"@id":"https:\/\/www.hoecker.eu\/blog\/#\/schema\/logo\/image\/"},"sameAs":["https:\/\/www.facebook.com\/HoeckerRAe\/","https:\/\/x.com\/hoecker_rae","https:\/\/www.linkedin.com\/company\/hcker-rechtsanwlte\/","https:\/\/www.instagram.com\/hoecker_rae\/"],"email":"contact@hoecker.eu","telephone":"+ 49 (0)221-933 19-10","legalName":"H\u00d6CKER Rechtsanw\u00e4lte PartGmbB","numberOfEmployees":{"@type":"QuantitativeValue","minValue":"11","maxValue":"50"}},{"@type":"Person","@id":"https:\/\/www.hoecker.eu\/blog\/#\/schema\/person\/08f95581eed0534eccd0b2438f7a1cab","name":"Prof. Dr. Ralf H\u00f6cker","description":"Medienanwalt. Besch\u00fctzer vor mieser Presse","sameAs":["https:\/\/www.hoecker.eu\/wer\/prof-dr-ralf-hoecker","https:\/\/www.facebook.com\/ralf.hoecker","https:\/\/www.linkedin.com\/in\/prof-dr-ralf-hcker-ll-m-london-17987826\/","https:\/\/x.com\/Ralf_Hoecker"],"url":"https:\/\/www.hoecker.eu\/blog\/author\/hoecker_adm\/"}]}},"authors":[{"term_id":84,"user_id":1,"is_guest":0,"slug":"hoecker_adm","display_name":"Prof. Dr. Ralf H\u00f6cker","avatar_url":{"url":"https:\/\/www.hoecker.eu\/blog\/wp-content\/uploads\/2023\/12\/ProfDrRalfHoecker.jpg","url2x":"https:\/\/www.hoecker.eu\/blog\/wp-content\/uploads\/2023\/12\/ProfDrRalfHoecker.jpg"},"0":null,"1":"","2":"","3":"","4":"","5":"","6":"","7":"","8":"","9":"","10":"","11":""}],"_links":{"self":[{"href":"https:\/\/www.hoecker.eu\/blog\/wp-json\/wp\/v2\/posts\/8415","targetHints":{"allow":["GET"]}}],"collection":[{"href":"https:\/\/www.hoecker.eu\/blog\/wp-json\/wp\/v2\/posts"}],"about":[{"href":"https:\/\/www.hoecker.eu\/blog\/wp-json\/wp\/v2\/types\/post"}],"author":[{"embeddable":true,"href":"https:\/\/www.hoecker.eu\/blog\/wp-json\/wp\/v2\/users\/1"}],"replies":[{"embeddable":true,"href":"https:\/\/www.hoecker.eu\/blog\/wp-json\/wp\/v2\/comments?post=8415"}],"version-history":[{"count":1,"href":"https:\/\/www.hoecker.eu\/blog\/wp-json\/wp\/v2\/posts\/8415\/revisions"}],"predecessor-version":[{"id":9537,"href":"https:\/\/www.hoecker.eu\/blog\/wp-json\/wp\/v2\/posts\/8415\/revisions\/9537"}],"wp:attachment":[{"href":"https:\/\/www.hoecker.eu\/blog\/wp-json\/wp\/v2\/media?parent=8415"}],"wp:term":[{"taxonomy":"category","embeddable":true,"href":"https:\/\/www.hoecker.eu\/blog\/wp-json\/wp\/v2\/categories?post=8415"},{"taxonomy":"post_tag","embeddable":true,"href":"https:\/\/www.hoecker.eu\/blog\/wp-json\/wp\/v2\/tags?post=8415"},{"taxonomy":"hashtags","embeddable":true,"href":"https:\/\/www.hoecker.eu\/blog\/wp-json\/wp\/v2\/hashtags?post=8415"},{"taxonomy":"author","embeddable":true,"href":"https:\/\/www.hoecker.eu\/blog\/wp-json\/wp\/v2\/ppma_author?post=8415"}],"curies":[{"name":"wp","href":"https:\/\/api.w.org\/{rel}","templated":true}]}}