{"id":8410,"date":"2016-10-05T14:47:00","date_gmt":"2016-10-05T12:47:00","guid":{"rendered":"https:\/\/www.hoecker.eu\/blog\/auch-persoenliche-daten-des-politischen-gegners-duerfen-nicht-im-internet-veroeffentlicht-werden-hohe-kosten-drohen\/"},"modified":"2025-02-17T14:57:21","modified_gmt":"2025-02-17T13:57:21","slug":"auch-persoenliche-daten-des-politischen-gegners-duerfen-nicht-im-internet-veroeffentlicht-werden-hohe-kosten-drohen","status":"publish","type":"post","link":"https:\/\/www.hoecker.eu\/blog\/auch-persoenliche-daten-des-politischen-gegners-duerfen-nicht-im-internet-veroeffentlicht-werden-hohe-kosten-drohen\/","title":{"rendered":"Auch pers\u00f6nliche Daten des politischen Gegners d\u00fcrfen nicht im Internet ver\u00f6ffentlicht werden &#8211; Hohe Kosten drohen"},"content":{"rendered":"<p>Unbekannte haben in gro\u00dfem Umfang pers\u00f6nliche Daten von Mitgliedern der Partei &#8220;Alternative f\u00fcr Deutschland&#8221; gestohlen und diese anonym im Internet auf einer linksgerichteten Website ver\u00f6ffentlicht. Unter den Daten finden sich etwa private Adressen, Handynummern oder Geburtsdaten. Mehr oder minder unverhohlen wird dazu aufgefordert, diese Personen aufzusuchen. Mehrere Personen haben diese Datens\u00e4tze aufgenommen und selber auf ihren Homepages ver\u00f6ffentlicht, wobei sie zus\u00e4tzlich auf die Ursprungsseite verlinkten bzw. die entsprechende URL nannten.<\/p>\n<p>Hiergegen haben sich mehrere Betroffene erfolgreich mit H\u00d6CKER zur Wehr gesetzt. Sowohl das Landgericht Berlin (Beschl. v. 11.08.2016, Az.: 27 O 409\/16, n. rkr.) wie auch das Landgericht K\u00f6ln (Beschl. v. 20.09.2016, Az.: 28 O 262\/16, n. rkr.; Beschl. v. 20.05.2016, Az.: 28 O 139\/16, n. rkr.; Beschl. v. 18.05.2016, Az.: 28 O 136\/16, n. rkr.) haben es verboten, diese Datens\u00e4tze selbst zu ver\u00f6ffentlichen, auf die Ursprungsseite zu verlinken oder auch nur die URL zu nennen. Dabei wurden jeweils Streitwerte von EUR 10.000,- bis zu EUR 30.000,- festgesetzt. In mehreren Ordnungsmittelverfahren wurden diese Verbote zudem bekr\u00e4ftigt.<\/p>\n<p>Rechtsanwalt Dr. Christian Conrad:<\/p>\n<p>&#8220;<em>Die Ver\u00f6ffentlichung der Daten verletzt nicht nur das Allgemeine Pers\u00f6nlichkeitsrecht der Betroffenen, sondern verst\u00f6\u00dft auch gegen geltendes Datenschutzrecht. Die Ver\u00f6ffentlichung dieser &#8220;schwarzen Listen&#8221; hat mit einem demokratischen Meinungskampf nichts mehr zu tun.<\/em>&#8220;<\/p>\n","protected":false},"excerpt":{"rendered":"<p>Unbekannte haben in gro\u00dfem Umfang pers\u00f6nliche Daten von Mitgliedern der Partei &#8220;Alternative f\u00fcr Deutschland&#8221; gestohlen und diese anonym im Internet auf einer linksgerichteten Website ver\u00f6ffentlicht. Unter den Daten finden sich etwa private Adressen, Handynummern oder Geburtsdaten. Mehr oder minder unverhohlen wird dazu aufgefordert, diese Personen aufzusuchen. Mehrere Personen haben diese Datens\u00e4tze aufgenommen und selber auf [&hellip;]<\/p>\n","protected":false},"author":1,"featured_media":0,"comment_status":"closed","ping_status":"closed","sticky":false,"template":"","format":"standard","meta":{"_has_post_settings":[],"footnotes":""},"categories":[15],"tags":[],"hashtags":[],"ppma_author":[84],"class_list":["post-8410","post","type-post","status-publish","format-standard","hentry","category-news","author-hoecker_adm"],"yoast_head":"<!-- This site is optimized with the Yoast SEO Premium plugin v25.9 (Yoast SEO v27.0) - https:\/\/yoast.com\/product\/yoast-seo-premium-wordpress\/ -->\n<title>Auch pers\u00f6nliche Daten des politischen Gegners d\u00fcrfen nicht im Internet ver\u00f6ffentlicht werden - Hohe Kosten drohen - H\u00d6CKER - der Blog<\/title>\n<meta name=\"robots\" content=\"index, follow, max-snippet:-1, max-image-preview:large, max-video-preview:-1\" \/>\n<link rel=\"canonical\" href=\"https:\/\/www.hoecker.eu\/blog\/auch-persoenliche-daten-des-politischen-gegners-duerfen-nicht-im-internet-veroeffentlicht-werden-hohe-kosten-drohen\/\" \/>\n<meta property=\"og:locale\" content=\"de_DE\" \/>\n<meta property=\"og:type\" content=\"article\" \/>\n<meta property=\"og:title\" content=\"Auch pers\u00f6nliche Daten des politischen Gegners d\u00fcrfen nicht im Internet ver\u00f6ffentlicht werden - Hohe Kosten drohen\" \/>\n<meta property=\"og:description\" content=\"Unbekannte haben in gro\u00dfem Umfang pers\u00f6nliche Daten von Mitgliedern der Partei &#8220;Alternative f\u00fcr Deutschland&#8221; gestohlen und diese anonym im Internet auf einer linksgerichteten Website ver\u00f6ffentlicht. Unter den Daten finden sich etwa private Adressen, Handynummern oder Geburtsdaten. Mehr oder minder unverhohlen wird dazu aufgefordert, diese Personen aufzusuchen. Mehrere Personen haben diese Datens\u00e4tze aufgenommen und selber auf [&hellip;]\" \/>\n<meta property=\"og:url\" content=\"https:\/\/www.hoecker.eu\/blog\/auch-persoenliche-daten-des-politischen-gegners-duerfen-nicht-im-internet-veroeffentlicht-werden-hohe-kosten-drohen\/\" \/>\n<meta property=\"og:site_name\" content=\"H\u00d6CKER - der Blog\" \/>\n<meta property=\"article:publisher\" content=\"https:\/\/www.facebook.com\/HoeckerRAe\/\" \/>\n<meta property=\"article:author\" content=\"https:\/\/www.facebook.com\/ralf.hoecker\" \/>\n<meta property=\"article:published_time\" content=\"2016-10-05T12:47:00+00:00\" \/>\n<meta property=\"article:modified_time\" content=\"2025-02-17T13:57:21+00:00\" \/>\n<meta name=\"author\" content=\"Prof. Dr. Ralf H\u00f6cker\" \/>\n<meta name=\"twitter:card\" content=\"summary_large_image\" \/>\n<meta name=\"twitter:creator\" content=\"@Ralf_Hoecker\" \/>\n<meta name=\"twitter:site\" content=\"@hoecker_rae\" \/>\n<meta name=\"twitter:label1\" content=\"Verfasst von\" \/>\n\t<meta name=\"twitter:data1\" content=\"Prof. Dr. Ralf H\u00f6cker\" \/>\n\t<meta name=\"twitter:label2\" content=\"Gesch\u00e4tzte Lesezeit\" \/>\n\t<meta name=\"twitter:data2\" content=\"1\u00a0Minute\" \/>\n<script type=\"application\/ld+json\" class=\"yoast-schema-graph\">{\"@context\":\"https:\/\/schema.org\",\"@graph\":[{\"@type\":\"Article\",\"@id\":\"https:\/\/www.hoecker.eu\/blog\/auch-persoenliche-daten-des-politischen-gegners-duerfen-nicht-im-internet-veroeffentlicht-werden-hohe-kosten-drohen\/#article\",\"isPartOf\":{\"@id\":\"https:\/\/www.hoecker.eu\/blog\/auch-persoenliche-daten-des-politischen-gegners-duerfen-nicht-im-internet-veroeffentlicht-werden-hohe-kosten-drohen\/\"},\"author\":{\"name\":\"Prof. Dr. Ralf H\u00f6cker\",\"@id\":\"https:\/\/www.hoecker.eu\/blog\/#\/schema\/person\/08f95581eed0534eccd0b2438f7a1cab\"},\"headline\":\"Auch pers\u00f6nliche Daten des politischen Gegners d\u00fcrfen nicht im Internet ver\u00f6ffentlicht werden &#8211; Hohe Kosten drohen\",\"datePublished\":\"2016-10-05T12:47:00+00:00\",\"dateModified\":\"2025-02-17T13:57:21+00:00\",\"mainEntityOfPage\":{\"@id\":\"https:\/\/www.hoecker.eu\/blog\/auch-persoenliche-daten-des-politischen-gegners-duerfen-nicht-im-internet-veroeffentlicht-werden-hohe-kosten-drohen\/\"},\"wordCount\":225,\"publisher\":{\"@id\":\"https:\/\/www.hoecker.eu\/blog\/#organization\"},\"articleSection\":[\"News\"],\"inLanguage\":\"de\"},{\"@type\":\"WebPage\",\"@id\":\"https:\/\/www.hoecker.eu\/blog\/auch-persoenliche-daten-des-politischen-gegners-duerfen-nicht-im-internet-veroeffentlicht-werden-hohe-kosten-drohen\/\",\"url\":\"https:\/\/www.hoecker.eu\/blog\/auch-persoenliche-daten-des-politischen-gegners-duerfen-nicht-im-internet-veroeffentlicht-werden-hohe-kosten-drohen\/\",\"name\":\"Auch pers\u00f6nliche Daten des politischen Gegners d\u00fcrfen nicht im Internet ver\u00f6ffentlicht werden - Hohe Kosten drohen - H\u00d6CKER - der Blog\",\"isPartOf\":{\"@id\":\"https:\/\/www.hoecker.eu\/blog\/#website\"},\"datePublished\":\"2016-10-05T12:47:00+00:00\",\"dateModified\":\"2025-02-17T13:57:21+00:00\",\"breadcrumb\":{\"@id\":\"https:\/\/www.hoecker.eu\/blog\/auch-persoenliche-daten-des-politischen-gegners-duerfen-nicht-im-internet-veroeffentlicht-werden-hohe-kosten-drohen\/#breadcrumb\"},\"inLanguage\":\"de\",\"potentialAction\":[{\"@type\":\"ReadAction\",\"target\":[\"https:\/\/www.hoecker.eu\/blog\/auch-persoenliche-daten-des-politischen-gegners-duerfen-nicht-im-internet-veroeffentlicht-werden-hohe-kosten-drohen\/\"]}]},{\"@type\":\"BreadcrumbList\",\"@id\":\"https:\/\/www.hoecker.eu\/blog\/auch-persoenliche-daten-des-politischen-gegners-duerfen-nicht-im-internet-veroeffentlicht-werden-hohe-kosten-drohen\/#breadcrumb\",\"itemListElement\":[{\"@type\":\"ListItem\",\"position\":1,\"name\":\"Startseite\",\"item\":\"https:\/\/dev.hoecker.eu\/blog\/\"},{\"@type\":\"ListItem\",\"position\":2,\"name\":\"Auch pers\u00f6nliche Daten des politischen Gegners d\u00fcrfen nicht im Internet ver\u00f6ffentlicht werden &#8211; Hohe Kosten drohen\"}]},{\"@type\":\"WebSite\",\"@id\":\"https:\/\/www.hoecker.eu\/blog\/#website\",\"url\":\"https:\/\/www.hoecker.eu\/blog\/\",\"name\":\"H\u00d6CKER - der Blog\",\"description\":\"Expertenblog f\u00fcr \u00c4u\u00dferungs-, Medien-, Marken-, Urheber- und Wettbewerbsrecht.\",\"publisher\":{\"@id\":\"https:\/\/www.hoecker.eu\/blog\/#organization\"},\"potentialAction\":[{\"@type\":\"SearchAction\",\"target\":{\"@type\":\"EntryPoint\",\"urlTemplate\":\"https:\/\/www.hoecker.eu\/blog\/?s={search_term_string}\"},\"query-input\":{\"@type\":\"PropertyValueSpecification\",\"valueRequired\":true,\"valueName\":\"search_term_string\"}}],\"inLanguage\":\"de\"},{\"@type\":\"Organization\",\"@id\":\"https:\/\/www.hoecker.eu\/blog\/#organization\",\"name\":\"H\u00d6CKER Rechtsanw\u00e4lte PartGmbB\",\"alternateName\":\"H\u00d6CKER\",\"url\":\"https:\/\/www.hoecker.eu\/blog\/\",\"logo\":{\"@type\":\"ImageObject\",\"inLanguage\":\"de\",\"@id\":\"https:\/\/www.hoecker.eu\/blog\/#\/schema\/logo\/image\/\",\"url\":\"https:\/\/www.hoecker.eu\/blog\/wp-content\/uploads\/2025\/03\/Blog-Logo.webp\",\"contentUrl\":\"https:\/\/www.hoecker.eu\/blog\/wp-content\/uploads\/2025\/03\/Blog-Logo.webp\",\"width\":500,\"height\":500,\"caption\":\"H\u00d6CKER Rechtsanw\u00e4lte PartGmbB\"},\"image\":{\"@id\":\"https:\/\/www.hoecker.eu\/blog\/#\/schema\/logo\/image\/\"},\"sameAs\":[\"https:\/\/www.facebook.com\/HoeckerRAe\/\",\"https:\/\/x.com\/hoecker_rae\",\"https:\/\/www.linkedin.com\/company\/hcker-rechtsanwlte\/\",\"https:\/\/www.instagram.com\/hoecker_rae\/\"],\"email\":\"contact@hoecker.eu\",\"telephone\":\"+ 49 (0)221-933 19-10\",\"legalName\":\"H\u00d6CKER Rechtsanw\u00e4lte PartGmbB\",\"numberOfEmployees\":{\"@type\":\"QuantitativeValue\",\"minValue\":\"11\",\"maxValue\":\"50\"}},{\"@type\":\"Person\",\"@id\":\"https:\/\/www.hoecker.eu\/blog\/#\/schema\/person\/08f95581eed0534eccd0b2438f7a1cab\",\"name\":\"Prof. Dr. Ralf H\u00f6cker\",\"description\":\"Medienanwalt. Besch\u00fctzer vor mieser Presse\",\"sameAs\":[\"https:\/\/www.hoecker.eu\/wer\/prof-dr-ralf-hoecker\",\"https:\/\/www.facebook.com\/ralf.hoecker\",\"https:\/\/www.linkedin.com\/in\/prof-dr-ralf-hcker-ll-m-london-17987826\/\",\"https:\/\/x.com\/Ralf_Hoecker\"],\"url\":\"https:\/\/www.hoecker.eu\/blog\/author\/hoecker_adm\/\"}]}<\/script>\n<!-- \/ Yoast SEO Premium plugin. -->","yoast_head_json":{"title":"Auch pers\u00f6nliche Daten des politischen Gegners d\u00fcrfen nicht im Internet ver\u00f6ffentlicht werden - Hohe Kosten drohen - H\u00d6CKER - der Blog","robots":{"index":"index","follow":"follow","max-snippet":"max-snippet:-1","max-image-preview":"max-image-preview:large","max-video-preview":"max-video-preview:-1"},"canonical":"https:\/\/www.hoecker.eu\/blog\/auch-persoenliche-daten-des-politischen-gegners-duerfen-nicht-im-internet-veroeffentlicht-werden-hohe-kosten-drohen\/","og_locale":"de_DE","og_type":"article","og_title":"Auch pers\u00f6nliche Daten des politischen Gegners d\u00fcrfen nicht im Internet ver\u00f6ffentlicht werden - Hohe Kosten drohen","og_description":"Unbekannte haben in gro\u00dfem Umfang pers\u00f6nliche Daten von Mitgliedern der Partei &#8220;Alternative f\u00fcr Deutschland&#8221; gestohlen und diese anonym im Internet auf einer linksgerichteten Website ver\u00f6ffentlicht. Unter den Daten finden sich etwa private Adressen, Handynummern oder Geburtsdaten. Mehr oder minder unverhohlen wird dazu aufgefordert, diese Personen aufzusuchen. Mehrere Personen haben diese Datens\u00e4tze aufgenommen und selber auf [&hellip;]","og_url":"https:\/\/www.hoecker.eu\/blog\/auch-persoenliche-daten-des-politischen-gegners-duerfen-nicht-im-internet-veroeffentlicht-werden-hohe-kosten-drohen\/","og_site_name":"H\u00d6CKER - der Blog","article_publisher":"https:\/\/www.facebook.com\/HoeckerRAe\/","article_author":"https:\/\/www.facebook.com\/ralf.hoecker","article_published_time":"2016-10-05T12:47:00+00:00","article_modified_time":"2025-02-17T13:57:21+00:00","author":"Prof. Dr. Ralf H\u00f6cker","twitter_card":"summary_large_image","twitter_creator":"@Ralf_Hoecker","twitter_site":"@hoecker_rae","twitter_misc":{"Verfasst von":"Prof. Dr. Ralf H\u00f6cker","Gesch\u00e4tzte Lesezeit":"1\u00a0Minute"},"schema":{"@context":"https:\/\/schema.org","@graph":[{"@type":"Article","@id":"https:\/\/www.hoecker.eu\/blog\/auch-persoenliche-daten-des-politischen-gegners-duerfen-nicht-im-internet-veroeffentlicht-werden-hohe-kosten-drohen\/#article","isPartOf":{"@id":"https:\/\/www.hoecker.eu\/blog\/auch-persoenliche-daten-des-politischen-gegners-duerfen-nicht-im-internet-veroeffentlicht-werden-hohe-kosten-drohen\/"},"author":{"name":"Prof. Dr. Ralf H\u00f6cker","@id":"https:\/\/www.hoecker.eu\/blog\/#\/schema\/person\/08f95581eed0534eccd0b2438f7a1cab"},"headline":"Auch pers\u00f6nliche Daten des politischen Gegners d\u00fcrfen nicht im Internet ver\u00f6ffentlicht werden &#8211; Hohe Kosten drohen","datePublished":"2016-10-05T12:47:00+00:00","dateModified":"2025-02-17T13:57:21+00:00","mainEntityOfPage":{"@id":"https:\/\/www.hoecker.eu\/blog\/auch-persoenliche-daten-des-politischen-gegners-duerfen-nicht-im-internet-veroeffentlicht-werden-hohe-kosten-drohen\/"},"wordCount":225,"publisher":{"@id":"https:\/\/www.hoecker.eu\/blog\/#organization"},"articleSection":["News"],"inLanguage":"de"},{"@type":"WebPage","@id":"https:\/\/www.hoecker.eu\/blog\/auch-persoenliche-daten-des-politischen-gegners-duerfen-nicht-im-internet-veroeffentlicht-werden-hohe-kosten-drohen\/","url":"https:\/\/www.hoecker.eu\/blog\/auch-persoenliche-daten-des-politischen-gegners-duerfen-nicht-im-internet-veroeffentlicht-werden-hohe-kosten-drohen\/","name":"Auch pers\u00f6nliche Daten des politischen Gegners d\u00fcrfen nicht im Internet ver\u00f6ffentlicht werden - Hohe Kosten drohen - H\u00d6CKER - der Blog","isPartOf":{"@id":"https:\/\/www.hoecker.eu\/blog\/#website"},"datePublished":"2016-10-05T12:47:00+00:00","dateModified":"2025-02-17T13:57:21+00:00","breadcrumb":{"@id":"https:\/\/www.hoecker.eu\/blog\/auch-persoenliche-daten-des-politischen-gegners-duerfen-nicht-im-internet-veroeffentlicht-werden-hohe-kosten-drohen\/#breadcrumb"},"inLanguage":"de","potentialAction":[{"@type":"ReadAction","target":["https:\/\/www.hoecker.eu\/blog\/auch-persoenliche-daten-des-politischen-gegners-duerfen-nicht-im-internet-veroeffentlicht-werden-hohe-kosten-drohen\/"]}]},{"@type":"BreadcrumbList","@id":"https:\/\/www.hoecker.eu\/blog\/auch-persoenliche-daten-des-politischen-gegners-duerfen-nicht-im-internet-veroeffentlicht-werden-hohe-kosten-drohen\/#breadcrumb","itemListElement":[{"@type":"ListItem","position":1,"name":"Startseite","item":"https:\/\/dev.hoecker.eu\/blog\/"},{"@type":"ListItem","position":2,"name":"Auch pers\u00f6nliche Daten des politischen Gegners d\u00fcrfen nicht im Internet ver\u00f6ffentlicht werden &#8211; Hohe Kosten drohen"}]},{"@type":"WebSite","@id":"https:\/\/www.hoecker.eu\/blog\/#website","url":"https:\/\/www.hoecker.eu\/blog\/","name":"H\u00d6CKER - der Blog","description":"Expertenblog f\u00fcr \u00c4u\u00dferungs-, Medien-, Marken-, Urheber- und Wettbewerbsrecht.","publisher":{"@id":"https:\/\/www.hoecker.eu\/blog\/#organization"},"potentialAction":[{"@type":"SearchAction","target":{"@type":"EntryPoint","urlTemplate":"https:\/\/www.hoecker.eu\/blog\/?s={search_term_string}"},"query-input":{"@type":"PropertyValueSpecification","valueRequired":true,"valueName":"search_term_string"}}],"inLanguage":"de"},{"@type":"Organization","@id":"https:\/\/www.hoecker.eu\/blog\/#organization","name":"H\u00d6CKER Rechtsanw\u00e4lte PartGmbB","alternateName":"H\u00d6CKER","url":"https:\/\/www.hoecker.eu\/blog\/","logo":{"@type":"ImageObject","inLanguage":"de","@id":"https:\/\/www.hoecker.eu\/blog\/#\/schema\/logo\/image\/","url":"https:\/\/www.hoecker.eu\/blog\/wp-content\/uploads\/2025\/03\/Blog-Logo.webp","contentUrl":"https:\/\/www.hoecker.eu\/blog\/wp-content\/uploads\/2025\/03\/Blog-Logo.webp","width":500,"height":500,"caption":"H\u00d6CKER Rechtsanw\u00e4lte PartGmbB"},"image":{"@id":"https:\/\/www.hoecker.eu\/blog\/#\/schema\/logo\/image\/"},"sameAs":["https:\/\/www.facebook.com\/HoeckerRAe\/","https:\/\/x.com\/hoecker_rae","https:\/\/www.linkedin.com\/company\/hcker-rechtsanwlte\/","https:\/\/www.instagram.com\/hoecker_rae\/"],"email":"contact@hoecker.eu","telephone":"+ 49 (0)221-933 19-10","legalName":"H\u00d6CKER Rechtsanw\u00e4lte PartGmbB","numberOfEmployees":{"@type":"QuantitativeValue","minValue":"11","maxValue":"50"}},{"@type":"Person","@id":"https:\/\/www.hoecker.eu\/blog\/#\/schema\/person\/08f95581eed0534eccd0b2438f7a1cab","name":"Prof. Dr. Ralf H\u00f6cker","description":"Medienanwalt. Besch\u00fctzer vor mieser Presse","sameAs":["https:\/\/www.hoecker.eu\/wer\/prof-dr-ralf-hoecker","https:\/\/www.facebook.com\/ralf.hoecker","https:\/\/www.linkedin.com\/in\/prof-dr-ralf-hcker-ll-m-london-17987826\/","https:\/\/x.com\/Ralf_Hoecker"],"url":"https:\/\/www.hoecker.eu\/blog\/author\/hoecker_adm\/"}]}},"authors":[{"term_id":84,"user_id":1,"is_guest":0,"slug":"hoecker_adm","display_name":"Prof. Dr. Ralf H\u00f6cker","avatar_url":{"url":"https:\/\/www.hoecker.eu\/blog\/wp-content\/uploads\/2023\/12\/ProfDrRalfHoecker.jpg","url2x":"https:\/\/www.hoecker.eu\/blog\/wp-content\/uploads\/2023\/12\/ProfDrRalfHoecker.jpg"},"0":null,"1":"","2":"","3":"","4":"","5":"","6":"","7":"","8":"","9":"","10":"","11":""}],"_links":{"self":[{"href":"https:\/\/www.hoecker.eu\/blog\/wp-json\/wp\/v2\/posts\/8410","targetHints":{"allow":["GET"]}}],"collection":[{"href":"https:\/\/www.hoecker.eu\/blog\/wp-json\/wp\/v2\/posts"}],"about":[{"href":"https:\/\/www.hoecker.eu\/blog\/wp-json\/wp\/v2\/types\/post"}],"author":[{"embeddable":true,"href":"https:\/\/www.hoecker.eu\/blog\/wp-json\/wp\/v2\/users\/1"}],"replies":[{"embeddable":true,"href":"https:\/\/www.hoecker.eu\/blog\/wp-json\/wp\/v2\/comments?post=8410"}],"version-history":[{"count":1,"href":"https:\/\/www.hoecker.eu\/blog\/wp-json\/wp\/v2\/posts\/8410\/revisions"}],"predecessor-version":[{"id":9532,"href":"https:\/\/www.hoecker.eu\/blog\/wp-json\/wp\/v2\/posts\/8410\/revisions\/9532"}],"wp:attachment":[{"href":"https:\/\/www.hoecker.eu\/blog\/wp-json\/wp\/v2\/media?parent=8410"}],"wp:term":[{"taxonomy":"category","embeddable":true,"href":"https:\/\/www.hoecker.eu\/blog\/wp-json\/wp\/v2\/categories?post=8410"},{"taxonomy":"post_tag","embeddable":true,"href":"https:\/\/www.hoecker.eu\/blog\/wp-json\/wp\/v2\/tags?post=8410"},{"taxonomy":"hashtags","embeddable":true,"href":"https:\/\/www.hoecker.eu\/blog\/wp-json\/wp\/v2\/hashtags?post=8410"},{"taxonomy":"author","embeddable":true,"href":"https:\/\/www.hoecker.eu\/blog\/wp-json\/wp\/v2\/ppma_author?post=8410"}],"curies":[{"name":"wp","href":"https:\/\/api.w.org\/{rel}","templated":true}]}}