{"id":8409,"date":"2016-10-19T13:31:00","date_gmt":"2016-10-19T11:31:00","guid":{"rendered":"https:\/\/www.hoecker.eu\/blog\/sportjournalist-erhaelt-nachtraeglich-mehr-als-e-26-000-fuer-die-print-und-online-nutzung-seiner-beitraege\/"},"modified":"2025-02-17T14:57:20","modified_gmt":"2025-02-17T13:57:20","slug":"sportjournalist-erhaelt-nachtraeglich-mehr-als-e-26-000-fuer-die-print-und-online-nutzung-seiner-beitraege","status":"publish","type":"post","link":"https:\/\/www.hoecker.eu\/blog\/sportjournalist-erhaelt-nachtraeglich-mehr-als-e-26-000-fuer-die-print-und-online-nutzung-seiner-beitraege\/","title":{"rendered":"Sportjournalist erh\u00e4lt nachtr\u00e4glich mehr als \u20ac\u00a026.000 f\u00fcr die Print- und Online-Nutzung seiner Beitr\u00e4ge"},"content":{"rendered":"<p>Mehr als \u20ac 26.000 muss der Verlag einer gro\u00dfen Zeitungsgruppe einem Sportreporter nachbezahlen &#8211; zus\u00e4tzlich zu der vertraglich vereinbarten Verg\u00fctung. Dies hat das Landgericht Bochum in einem richtungsweisenden Urteil (v. 11.08.2016, Az. I-8 O 498\/13) entschieden und der Klage damit in voller H\u00f6he stattgegeben.<\/p>\n<p>Der Journalist hatte f\u00fcr knapp 1.900 Texte und gut 100 Fotos die Zahlung einer angemessenen Verg\u00fctung gefordert, da die vertraglich vereinbarten Honorare unterhalb der Honorars\u00e4tze der Gemeinsamen Verg\u00fctungsregeln f\u00fcr freie Journalistinnen und Journalisten an Tageszeitungen (GVR) lagen. Die Gemeinsamen Verg\u00fctungsregeln wurden von Vertretern der Zeitungsverlegern und den Journalistenverb\u00e4nden aufgestellt und gelten nach dem Urheberrechtsgesetz als angemessene Verg\u00fctung f\u00fcr die urheberrechtlich gesch\u00fctzten Leistungen von Journalisten. Der Verlag hatte dem Kl\u00e4ger maximal 26 Cent pro Zeile bzw. maximal \u20ac 15,35 pro Foto bezahlt.<\/p>\n<p>Das Gericht erachtete die H\u00f6he dieser Verg\u00fctung als unangemessen gering und sprach dem Kl\u00e4ger die Differenz zu den Honorars\u00e4tzen der GVR zu. Au\u00dferdem wurden dem Kl\u00e4ger Schadensersatz f\u00fcr eine unerlaubte Nutzung seiner Beitr\u00e4ge in H\u00f6he von mehr als \u20ac 9.000 zugesprochen. Die Online-Tochter der Verlagsgruppe hatte die Beitr\u00e4ge auf die Internetseite gestellt, ohne dass der Kl\u00e4ger daf\u00fcr eine gesonderte Verg\u00fctung erhalten h\u00e4tte. Den Einwand der Gegenseite, der Kl\u00e4ger h\u00e4tte von der Online-Nutzung gewusst und somit konkludent eingewilligt, lie\u00df das Landgericht Bochum nicht gelten. Au\u00dferdem ist nach Ansicht des LG Bochum die Einstellung der Beitr\u00e4ge in ein dauerhaft abrufbares Archiv auch nicht von der Verg\u00fctung nach den GVR miterfasst, da ein Archiv etwas anderes ist als die aktuelle elektronische Ausgabe der Zeitung. Das Urteil ist bereits rechtskr\u00e4ftig.<\/p>\n<p> Ein Parallelverfahren liegt derzeit dem BGH im Rahmen einer Nichtzulassungsbeschwerde vor. In diesem Verfahren hatte das OLG Hamm den Nachforderungsanspr\u00fcche des klagenden Journalisten weitgehend stattgegeben (OLG Hamm, Urt. v. 15.09.2015, Az. I-4 U 128\/14). Weitere Verfahren von freien Journalisten sind vor den Landgerichten D\u00fcsseldorf und K\u00f6ln anh\u00e4ngig. <\/p>\n","protected":false},"excerpt":{"rendered":"<p>Mehr als \u20ac 26.000 muss der Verlag einer gro\u00dfen Zeitungsgruppe einem Sportreporter nachbezahlen &#8211; zus\u00e4tzlich zu der vertraglich vereinbarten Verg\u00fctung. Dies hat das Landgericht Bochum in einem richtungsweisenden Urteil (v. 11.08.2016, Az. I-8 O 498\/13) entschieden und der Klage damit in voller H\u00f6he stattgegeben. Der Journalist hatte f\u00fcr knapp 1.900 Texte und gut 100 Fotos [&hellip;]<\/p>\n","protected":false},"author":1,"featured_media":0,"comment_status":"closed","ping_status":"closed","sticky":false,"template":"","format":"standard","meta":{"_has_post_settings":[],"footnotes":""},"categories":[15],"tags":[],"hashtags":[],"ppma_author":[84],"class_list":["post-8409","post","type-post","status-publish","format-standard","hentry","category-news","author-hoecker_adm"],"yoast_head":"<!-- This site is optimized with the Yoast SEO Premium plugin v25.9 (Yoast SEO v27.0) - https:\/\/yoast.com\/product\/yoast-seo-premium-wordpress\/ -->\n<title>Sportjournalist erh\u00e4lt nachtr\u00e4glich mehr als \u20ac\u00a026.000 f\u00fcr die Print- und Online-Nutzung seiner Beitr\u00e4ge - H\u00d6CKER - der Blog<\/title>\n<meta name=\"robots\" content=\"index, follow, max-snippet:-1, max-image-preview:large, max-video-preview:-1\" \/>\n<link rel=\"canonical\" href=\"https:\/\/www.hoecker.eu\/blog\/sportjournalist-erhaelt-nachtraeglich-mehr-als-e-26-000-fuer-die-print-und-online-nutzung-seiner-beitraege\/\" \/>\n<meta property=\"og:locale\" content=\"de_DE\" \/>\n<meta property=\"og:type\" content=\"article\" \/>\n<meta property=\"og:title\" content=\"Sportjournalist erh\u00e4lt nachtr\u00e4glich mehr als \u20ac\u00a026.000 f\u00fcr die Print- und Online-Nutzung seiner Beitr\u00e4ge\" \/>\n<meta property=\"og:description\" content=\"Mehr als \u20ac 26.000 muss der Verlag einer gro\u00dfen Zeitungsgruppe einem Sportreporter nachbezahlen &#8211; zus\u00e4tzlich zu der vertraglich vereinbarten Verg\u00fctung. Dies hat das Landgericht Bochum in einem richtungsweisenden Urteil (v. 11.08.2016, Az. I-8 O 498\/13) entschieden und der Klage damit in voller H\u00f6he stattgegeben. Der Journalist hatte f\u00fcr knapp 1.900 Texte und gut 100 Fotos [&hellip;]\" \/>\n<meta property=\"og:url\" content=\"https:\/\/www.hoecker.eu\/blog\/sportjournalist-erhaelt-nachtraeglich-mehr-als-e-26-000-fuer-die-print-und-online-nutzung-seiner-beitraege\/\" \/>\n<meta property=\"og:site_name\" content=\"H\u00d6CKER - der Blog\" \/>\n<meta property=\"article:publisher\" content=\"https:\/\/www.facebook.com\/HoeckerRAe\/\" \/>\n<meta property=\"article:author\" content=\"https:\/\/www.facebook.com\/ralf.hoecker\" \/>\n<meta property=\"article:published_time\" content=\"2016-10-19T11:31:00+00:00\" \/>\n<meta property=\"article:modified_time\" content=\"2025-02-17T13:57:20+00:00\" \/>\n<meta name=\"author\" content=\"Prof. Dr. Ralf H\u00f6cker\" \/>\n<meta name=\"twitter:card\" content=\"summary_large_image\" \/>\n<meta name=\"twitter:creator\" content=\"@Ralf_Hoecker\" \/>\n<meta name=\"twitter:site\" content=\"@hoecker_rae\" \/>\n<meta name=\"twitter:label1\" content=\"Verfasst von\" \/>\n\t<meta name=\"twitter:data1\" content=\"Prof. Dr. Ralf H\u00f6cker\" \/>\n\t<meta name=\"twitter:label2\" content=\"Gesch\u00e4tzte Lesezeit\" \/>\n\t<meta name=\"twitter:data2\" content=\"2\u00a0Minuten\" \/>\n<script type=\"application\/ld+json\" class=\"yoast-schema-graph\">{\"@context\":\"https:\/\/schema.org\",\"@graph\":[{\"@type\":\"Article\",\"@id\":\"https:\/\/www.hoecker.eu\/blog\/sportjournalist-erhaelt-nachtraeglich-mehr-als-e-26-000-fuer-die-print-und-online-nutzung-seiner-beitraege\/#article\",\"isPartOf\":{\"@id\":\"https:\/\/www.hoecker.eu\/blog\/sportjournalist-erhaelt-nachtraeglich-mehr-als-e-26-000-fuer-die-print-und-online-nutzung-seiner-beitraege\/\"},\"author\":{\"name\":\"Prof. Dr. Ralf H\u00f6cker\",\"@id\":\"https:\/\/www.hoecker.eu\/blog\/#\/schema\/person\/08f95581eed0534eccd0b2438f7a1cab\"},\"headline\":\"Sportjournalist erh\u00e4lt nachtr\u00e4glich mehr als \u20ac\u00a026.000 f\u00fcr die Print- und Online-Nutzung seiner Beitr\u00e4ge\",\"datePublished\":\"2016-10-19T11:31:00+00:00\",\"dateModified\":\"2025-02-17T13:57:20+00:00\",\"mainEntityOfPage\":{\"@id\":\"https:\/\/www.hoecker.eu\/blog\/sportjournalist-erhaelt-nachtraeglich-mehr-als-e-26-000-fuer-die-print-und-online-nutzung-seiner-beitraege\/\"},\"wordCount\":340,\"publisher\":{\"@id\":\"https:\/\/www.hoecker.eu\/blog\/#organization\"},\"articleSection\":[\"News\"],\"inLanguage\":\"de\"},{\"@type\":\"WebPage\",\"@id\":\"https:\/\/www.hoecker.eu\/blog\/sportjournalist-erhaelt-nachtraeglich-mehr-als-e-26-000-fuer-die-print-und-online-nutzung-seiner-beitraege\/\",\"url\":\"https:\/\/www.hoecker.eu\/blog\/sportjournalist-erhaelt-nachtraeglich-mehr-als-e-26-000-fuer-die-print-und-online-nutzung-seiner-beitraege\/\",\"name\":\"Sportjournalist erh\u00e4lt nachtr\u00e4glich mehr als \u20ac\u00a026.000 f\u00fcr die Print- und Online-Nutzung seiner Beitr\u00e4ge - H\u00d6CKER - der Blog\",\"isPartOf\":{\"@id\":\"https:\/\/www.hoecker.eu\/blog\/#website\"},\"datePublished\":\"2016-10-19T11:31:00+00:00\",\"dateModified\":\"2025-02-17T13:57:20+00:00\",\"breadcrumb\":{\"@id\":\"https:\/\/www.hoecker.eu\/blog\/sportjournalist-erhaelt-nachtraeglich-mehr-als-e-26-000-fuer-die-print-und-online-nutzung-seiner-beitraege\/#breadcrumb\"},\"inLanguage\":\"de\",\"potentialAction\":[{\"@type\":\"ReadAction\",\"target\":[\"https:\/\/www.hoecker.eu\/blog\/sportjournalist-erhaelt-nachtraeglich-mehr-als-e-26-000-fuer-die-print-und-online-nutzung-seiner-beitraege\/\"]}]},{\"@type\":\"BreadcrumbList\",\"@id\":\"https:\/\/www.hoecker.eu\/blog\/sportjournalist-erhaelt-nachtraeglich-mehr-als-e-26-000-fuer-die-print-und-online-nutzung-seiner-beitraege\/#breadcrumb\",\"itemListElement\":[{\"@type\":\"ListItem\",\"position\":1,\"name\":\"Startseite\",\"item\":\"https:\/\/dev.hoecker.eu\/blog\/\"},{\"@type\":\"ListItem\",\"position\":2,\"name\":\"Sportjournalist erh\u00e4lt nachtr\u00e4glich mehr als \u20ac\u00a026.000 f\u00fcr die Print- und Online-Nutzung seiner Beitr\u00e4ge\"}]},{\"@type\":\"WebSite\",\"@id\":\"https:\/\/www.hoecker.eu\/blog\/#website\",\"url\":\"https:\/\/www.hoecker.eu\/blog\/\",\"name\":\"H\u00d6CKER - der Blog\",\"description\":\"Expertenblog f\u00fcr \u00c4u\u00dferungs-, Medien-, Marken-, Urheber- und Wettbewerbsrecht.\",\"publisher\":{\"@id\":\"https:\/\/www.hoecker.eu\/blog\/#organization\"},\"potentialAction\":[{\"@type\":\"SearchAction\",\"target\":{\"@type\":\"EntryPoint\",\"urlTemplate\":\"https:\/\/www.hoecker.eu\/blog\/?s={search_term_string}\"},\"query-input\":{\"@type\":\"PropertyValueSpecification\",\"valueRequired\":true,\"valueName\":\"search_term_string\"}}],\"inLanguage\":\"de\"},{\"@type\":\"Organization\",\"@id\":\"https:\/\/www.hoecker.eu\/blog\/#organization\",\"name\":\"H\u00d6CKER Rechtsanw\u00e4lte PartGmbB\",\"alternateName\":\"H\u00d6CKER\",\"url\":\"https:\/\/www.hoecker.eu\/blog\/\",\"logo\":{\"@type\":\"ImageObject\",\"inLanguage\":\"de\",\"@id\":\"https:\/\/www.hoecker.eu\/blog\/#\/schema\/logo\/image\/\",\"url\":\"https:\/\/www.hoecker.eu\/blog\/wp-content\/uploads\/2025\/03\/Blog-Logo.webp\",\"contentUrl\":\"https:\/\/www.hoecker.eu\/blog\/wp-content\/uploads\/2025\/03\/Blog-Logo.webp\",\"width\":500,\"height\":500,\"caption\":\"H\u00d6CKER Rechtsanw\u00e4lte PartGmbB\"},\"image\":{\"@id\":\"https:\/\/www.hoecker.eu\/blog\/#\/schema\/logo\/image\/\"},\"sameAs\":[\"https:\/\/www.facebook.com\/HoeckerRAe\/\",\"https:\/\/x.com\/hoecker_rae\",\"https:\/\/www.linkedin.com\/company\/hcker-rechtsanwlte\/\",\"https:\/\/www.instagram.com\/hoecker_rae\/\"],\"email\":\"contact@hoecker.eu\",\"telephone\":\"+ 49 (0)221-933 19-10\",\"legalName\":\"H\u00d6CKER Rechtsanw\u00e4lte PartGmbB\",\"numberOfEmployees\":{\"@type\":\"QuantitativeValue\",\"minValue\":\"11\",\"maxValue\":\"50\"}},{\"@type\":\"Person\",\"@id\":\"https:\/\/www.hoecker.eu\/blog\/#\/schema\/person\/08f95581eed0534eccd0b2438f7a1cab\",\"name\":\"Prof. Dr. Ralf H\u00f6cker\",\"description\":\"Medienanwalt. Besch\u00fctzer vor mieser Presse\",\"sameAs\":[\"https:\/\/www.hoecker.eu\/wer\/prof-dr-ralf-hoecker\",\"https:\/\/www.facebook.com\/ralf.hoecker\",\"https:\/\/www.linkedin.com\/in\/prof-dr-ralf-hcker-ll-m-london-17987826\/\",\"https:\/\/x.com\/Ralf_Hoecker\"],\"url\":\"https:\/\/www.hoecker.eu\/blog\/author\/hoecker_adm\/\"}]}<\/script>\n<!-- \/ Yoast SEO Premium plugin. -->","yoast_head_json":{"title":"Sportjournalist erh\u00e4lt nachtr\u00e4glich mehr als \u20ac\u00a026.000 f\u00fcr die Print- und Online-Nutzung seiner Beitr\u00e4ge - H\u00d6CKER - der Blog","robots":{"index":"index","follow":"follow","max-snippet":"max-snippet:-1","max-image-preview":"max-image-preview:large","max-video-preview":"max-video-preview:-1"},"canonical":"https:\/\/www.hoecker.eu\/blog\/sportjournalist-erhaelt-nachtraeglich-mehr-als-e-26-000-fuer-die-print-und-online-nutzung-seiner-beitraege\/","og_locale":"de_DE","og_type":"article","og_title":"Sportjournalist erh\u00e4lt nachtr\u00e4glich mehr als \u20ac\u00a026.000 f\u00fcr die Print- und Online-Nutzung seiner Beitr\u00e4ge","og_description":"Mehr als \u20ac 26.000 muss der Verlag einer gro\u00dfen Zeitungsgruppe einem Sportreporter nachbezahlen &#8211; zus\u00e4tzlich zu der vertraglich vereinbarten Verg\u00fctung. Dies hat das Landgericht Bochum in einem richtungsweisenden Urteil (v. 11.08.2016, Az. I-8 O 498\/13) entschieden und der Klage damit in voller H\u00f6he stattgegeben. Der Journalist hatte f\u00fcr knapp 1.900 Texte und gut 100 Fotos [&hellip;]","og_url":"https:\/\/www.hoecker.eu\/blog\/sportjournalist-erhaelt-nachtraeglich-mehr-als-e-26-000-fuer-die-print-und-online-nutzung-seiner-beitraege\/","og_site_name":"H\u00d6CKER - der Blog","article_publisher":"https:\/\/www.facebook.com\/HoeckerRAe\/","article_author":"https:\/\/www.facebook.com\/ralf.hoecker","article_published_time":"2016-10-19T11:31:00+00:00","article_modified_time":"2025-02-17T13:57:20+00:00","author":"Prof. Dr. Ralf H\u00f6cker","twitter_card":"summary_large_image","twitter_creator":"@Ralf_Hoecker","twitter_site":"@hoecker_rae","twitter_misc":{"Verfasst von":"Prof. Dr. Ralf H\u00f6cker","Gesch\u00e4tzte Lesezeit":"2\u00a0Minuten"},"schema":{"@context":"https:\/\/schema.org","@graph":[{"@type":"Article","@id":"https:\/\/www.hoecker.eu\/blog\/sportjournalist-erhaelt-nachtraeglich-mehr-als-e-26-000-fuer-die-print-und-online-nutzung-seiner-beitraege\/#article","isPartOf":{"@id":"https:\/\/www.hoecker.eu\/blog\/sportjournalist-erhaelt-nachtraeglich-mehr-als-e-26-000-fuer-die-print-und-online-nutzung-seiner-beitraege\/"},"author":{"name":"Prof. Dr. Ralf H\u00f6cker","@id":"https:\/\/www.hoecker.eu\/blog\/#\/schema\/person\/08f95581eed0534eccd0b2438f7a1cab"},"headline":"Sportjournalist erh\u00e4lt nachtr\u00e4glich mehr als \u20ac\u00a026.000 f\u00fcr die Print- und Online-Nutzung seiner Beitr\u00e4ge","datePublished":"2016-10-19T11:31:00+00:00","dateModified":"2025-02-17T13:57:20+00:00","mainEntityOfPage":{"@id":"https:\/\/www.hoecker.eu\/blog\/sportjournalist-erhaelt-nachtraeglich-mehr-als-e-26-000-fuer-die-print-und-online-nutzung-seiner-beitraege\/"},"wordCount":340,"publisher":{"@id":"https:\/\/www.hoecker.eu\/blog\/#organization"},"articleSection":["News"],"inLanguage":"de"},{"@type":"WebPage","@id":"https:\/\/www.hoecker.eu\/blog\/sportjournalist-erhaelt-nachtraeglich-mehr-als-e-26-000-fuer-die-print-und-online-nutzung-seiner-beitraege\/","url":"https:\/\/www.hoecker.eu\/blog\/sportjournalist-erhaelt-nachtraeglich-mehr-als-e-26-000-fuer-die-print-und-online-nutzung-seiner-beitraege\/","name":"Sportjournalist erh\u00e4lt nachtr\u00e4glich mehr als \u20ac\u00a026.000 f\u00fcr die Print- und Online-Nutzung seiner Beitr\u00e4ge - H\u00d6CKER - der Blog","isPartOf":{"@id":"https:\/\/www.hoecker.eu\/blog\/#website"},"datePublished":"2016-10-19T11:31:00+00:00","dateModified":"2025-02-17T13:57:20+00:00","breadcrumb":{"@id":"https:\/\/www.hoecker.eu\/blog\/sportjournalist-erhaelt-nachtraeglich-mehr-als-e-26-000-fuer-die-print-und-online-nutzung-seiner-beitraege\/#breadcrumb"},"inLanguage":"de","potentialAction":[{"@type":"ReadAction","target":["https:\/\/www.hoecker.eu\/blog\/sportjournalist-erhaelt-nachtraeglich-mehr-als-e-26-000-fuer-die-print-und-online-nutzung-seiner-beitraege\/"]}]},{"@type":"BreadcrumbList","@id":"https:\/\/www.hoecker.eu\/blog\/sportjournalist-erhaelt-nachtraeglich-mehr-als-e-26-000-fuer-die-print-und-online-nutzung-seiner-beitraege\/#breadcrumb","itemListElement":[{"@type":"ListItem","position":1,"name":"Startseite","item":"https:\/\/dev.hoecker.eu\/blog\/"},{"@type":"ListItem","position":2,"name":"Sportjournalist erh\u00e4lt nachtr\u00e4glich mehr als \u20ac\u00a026.000 f\u00fcr die Print- und Online-Nutzung seiner Beitr\u00e4ge"}]},{"@type":"WebSite","@id":"https:\/\/www.hoecker.eu\/blog\/#website","url":"https:\/\/www.hoecker.eu\/blog\/","name":"H\u00d6CKER - der Blog","description":"Expertenblog f\u00fcr \u00c4u\u00dferungs-, Medien-, Marken-, Urheber- und Wettbewerbsrecht.","publisher":{"@id":"https:\/\/www.hoecker.eu\/blog\/#organization"},"potentialAction":[{"@type":"SearchAction","target":{"@type":"EntryPoint","urlTemplate":"https:\/\/www.hoecker.eu\/blog\/?s={search_term_string}"},"query-input":{"@type":"PropertyValueSpecification","valueRequired":true,"valueName":"search_term_string"}}],"inLanguage":"de"},{"@type":"Organization","@id":"https:\/\/www.hoecker.eu\/blog\/#organization","name":"H\u00d6CKER Rechtsanw\u00e4lte PartGmbB","alternateName":"H\u00d6CKER","url":"https:\/\/www.hoecker.eu\/blog\/","logo":{"@type":"ImageObject","inLanguage":"de","@id":"https:\/\/www.hoecker.eu\/blog\/#\/schema\/logo\/image\/","url":"https:\/\/www.hoecker.eu\/blog\/wp-content\/uploads\/2025\/03\/Blog-Logo.webp","contentUrl":"https:\/\/www.hoecker.eu\/blog\/wp-content\/uploads\/2025\/03\/Blog-Logo.webp","width":500,"height":500,"caption":"H\u00d6CKER Rechtsanw\u00e4lte PartGmbB"},"image":{"@id":"https:\/\/www.hoecker.eu\/blog\/#\/schema\/logo\/image\/"},"sameAs":["https:\/\/www.facebook.com\/HoeckerRAe\/","https:\/\/x.com\/hoecker_rae","https:\/\/www.linkedin.com\/company\/hcker-rechtsanwlte\/","https:\/\/www.instagram.com\/hoecker_rae\/"],"email":"contact@hoecker.eu","telephone":"+ 49 (0)221-933 19-10","legalName":"H\u00d6CKER Rechtsanw\u00e4lte PartGmbB","numberOfEmployees":{"@type":"QuantitativeValue","minValue":"11","maxValue":"50"}},{"@type":"Person","@id":"https:\/\/www.hoecker.eu\/blog\/#\/schema\/person\/08f95581eed0534eccd0b2438f7a1cab","name":"Prof. Dr. Ralf H\u00f6cker","description":"Medienanwalt. Besch\u00fctzer vor mieser Presse","sameAs":["https:\/\/www.hoecker.eu\/wer\/prof-dr-ralf-hoecker","https:\/\/www.facebook.com\/ralf.hoecker","https:\/\/www.linkedin.com\/in\/prof-dr-ralf-hcker-ll-m-london-17987826\/","https:\/\/x.com\/Ralf_Hoecker"],"url":"https:\/\/www.hoecker.eu\/blog\/author\/hoecker_adm\/"}]}},"authors":[{"term_id":84,"user_id":1,"is_guest":0,"slug":"hoecker_adm","display_name":"Prof. Dr. Ralf H\u00f6cker","avatar_url":{"url":"https:\/\/www.hoecker.eu\/blog\/wp-content\/uploads\/2023\/12\/ProfDrRalfHoecker.jpg","url2x":"https:\/\/www.hoecker.eu\/blog\/wp-content\/uploads\/2023\/12\/ProfDrRalfHoecker.jpg"},"0":null,"1":"","2":"","3":"","4":"","5":"","6":"","7":"","8":"","9":"","10":"","11":""}],"_links":{"self":[{"href":"https:\/\/www.hoecker.eu\/blog\/wp-json\/wp\/v2\/posts\/8409","targetHints":{"allow":["GET"]}}],"collection":[{"href":"https:\/\/www.hoecker.eu\/blog\/wp-json\/wp\/v2\/posts"}],"about":[{"href":"https:\/\/www.hoecker.eu\/blog\/wp-json\/wp\/v2\/types\/post"}],"author":[{"embeddable":true,"href":"https:\/\/www.hoecker.eu\/blog\/wp-json\/wp\/v2\/users\/1"}],"replies":[{"embeddable":true,"href":"https:\/\/www.hoecker.eu\/blog\/wp-json\/wp\/v2\/comments?post=8409"}],"version-history":[{"count":1,"href":"https:\/\/www.hoecker.eu\/blog\/wp-json\/wp\/v2\/posts\/8409\/revisions"}],"predecessor-version":[{"id":9531,"href":"https:\/\/www.hoecker.eu\/blog\/wp-json\/wp\/v2\/posts\/8409\/revisions\/9531"}],"wp:attachment":[{"href":"https:\/\/www.hoecker.eu\/blog\/wp-json\/wp\/v2\/media?parent=8409"}],"wp:term":[{"taxonomy":"category","embeddable":true,"href":"https:\/\/www.hoecker.eu\/blog\/wp-json\/wp\/v2\/categories?post=8409"},{"taxonomy":"post_tag","embeddable":true,"href":"https:\/\/www.hoecker.eu\/blog\/wp-json\/wp\/v2\/tags?post=8409"},{"taxonomy":"hashtags","embeddable":true,"href":"https:\/\/www.hoecker.eu\/blog\/wp-json\/wp\/v2\/hashtags?post=8409"},{"taxonomy":"author","embeddable":true,"href":"https:\/\/www.hoecker.eu\/blog\/wp-json\/wp\/v2\/ppma_author?post=8409"}],"curies":[{"name":"wp","href":"https:\/\/api.w.org\/{rel}","templated":true}]}}