{"id":8408,"date":"2016-10-19T14:02:00","date_gmt":"2016-10-19T12:02:00","guid":{"rendered":"https:\/\/www.hoecker.eu\/blog\/identifizierung-von-sedlmayr-moerder-ist-rechtswidrig-olg-koeln-verbietet-bild-bericht\/"},"modified":"2025-02-17T14:57:20","modified_gmt":"2025-02-17T13:57:20","slug":"identifizierung-von-sedlmayr-moerder-ist-rechtswidrig-olg-koeln-verbietet-bild-bericht","status":"publish","type":"post","link":"https:\/\/www.hoecker.eu\/blog\/identifizierung-von-sedlmayr-moerder-ist-rechtswidrig-olg-koeln-verbietet-bild-bericht\/","title":{"rendered":"Identifizierung von Sedlmayr-M\u00f6rder ist rechtswidrig. OLG K\u00f6ln verbietet BILD-Bericht."},"content":{"rendered":"<p>Das Landgericht K\u00f6ln hatte der BILD verboten, in einem Bericht das Bild eines der sog. Sedlmayr-M\u00f6rder zu zeigen und seinen vollen Namen zu nennen. Die hiergegen eingelegte Berufung der BILD-Zeitung hat das OLG K\u00f6ln nun zur\u00fcckgewiesen und damit das Verbot best\u00e4tigt (Urt. v. 13.10.2016, Az. 15 U 57\/16). <\/p>\n<p>Der Sedlmayr-Mord gilt als einer der spektakul\u00e4rsten Mordf\u00e4lle in der bundesdeutschen Kriminalgeschichte. Zwei dem Opfer nahestehenden M\u00e4nner wurden in einem Indizienprozess wegen Mordes verurteilt. Sie bestreiten bis zum heutigen Tag eine Beteiligung an der Tat.<\/p>\n<p>Einer der Verurteilten forderte im Zusammenhang mit seiner Verurteilung nun Schadensersatz von der Bundesrepublik Deutschland. Dies nahm die BILD zum Anlass, Details zu der mehr als 20 Jahre zur\u00fcckliegenden Tatnacht zu schildern. Dazu ver\u00f6ffentlichte sie ein Foto des Kl\u00e4gers und nannte dessen vollen Namen.<\/p>\n<p>Das OLG K\u00f6ln stellte nun klar, dass auch der vermeintlich aktuelle Anlass keinen Freibrief darstelle, den Kl\u00e4ger noch einmal an den Pranger zu stellen. Im Urteil betonte es vielmehr die besondere Bedeutung seines Rechts auf Resozialisierung:<\/p>\n<p><em class=\"redactor-inline-converted\">\u201eDer Kl\u00e4ger ist nach Verb\u00fc\u00dfung der verh\u00e4ngten Straftat entlassen worden und hat bisher alle Bew\u00e4hrungsauflagen erf\u00fcllt. Er ist (\u2026) seit vielen Jahren mit seiner Tat nicht mehr in relevanter Weise in die \u00d6ffentlichkeit getreten. In dem von ihm angestrengten Zivilverfahren geht es zwar mittelbar auch um die fr\u00fchere Straftat, jedoch weder um eine erneute strafrechtliche oder sonstige Verfehlung des Kl\u00e4gers, noch um weitere Details der damaligen Tat, welche der interessierten \u00d6ffentlichkeit im Hinblick auf die bereits erfolgte Verurteilung bekannt gegeben werden m\u00fcssten.\u201c<\/em><\/p>\n<p>Weiter f\u00fchrte das OLG aus, dass einem Straft\u00e4ter der Weg in ein geregeltes soziales Leben nicht versperrt werden darf, wenn er seine Strafe verb\u00fc\u00dft hat. Zudem stelle das F\u00fchren eines zivilrechtlichen Prozesses keine \u201eSelbst\u00f6ffnung\u201c gegen\u00fcber der \u00d6ffentlichkeit dar:<\/p>\n<p><em>\u201eGegen eine solcherma\u00dfen erfolgte Selbst\u00f6ffnung als Grundlage einer identifizierenden Berichterstattung \u00fcber die fr\u00fchere Tat spricht schon der Umstand, dass damit dem Kl\u00e4ger ein Teil des sozialen Lebens verwehrt w\u00fcrde, welches ihm nach Verb\u00fc\u00dfung der Strafhaft in gleichem Ma\u00dfe wieder zur Verf\u00fcgung stehen muss wie allen anderen B\u00fcrgern.\u201c<\/em><\/p>\n","protected":false},"excerpt":{"rendered":"<p>Das Landgericht K\u00f6ln hatte der BILD verboten, in einem Bericht das Bild eines der sog. Sedlmayr-M\u00f6rder zu zeigen und seinen vollen Namen zu nennen. Die hiergegen eingelegte Berufung der BILD-Zeitung hat das OLG K\u00f6ln nun zur\u00fcckgewiesen und damit das Verbot best\u00e4tigt (Urt. v. 13.10.2016, Az. 15 U 57\/16). Der Sedlmayr-Mord gilt als einer der spektakul\u00e4rsten [&hellip;]<\/p>\n","protected":false},"author":1,"featured_media":0,"comment_status":"closed","ping_status":"closed","sticky":false,"template":"","format":"standard","meta":{"_has_post_settings":[],"footnotes":""},"categories":[15],"tags":[],"hashtags":[],"ppma_author":[84],"class_list":["post-8408","post","type-post","status-publish","format-standard","hentry","category-news","author-hoecker_adm"],"yoast_head":"<!-- This site is optimized with the Yoast SEO Premium plugin v25.9 (Yoast SEO v27.0) - https:\/\/yoast.com\/product\/yoast-seo-premium-wordpress\/ -->\n<title>Identifizierung von Sedlmayr-M\u00f6rder ist rechtswidrig. OLG K\u00f6ln verbietet BILD-Bericht. - H\u00d6CKER - der Blog<\/title>\n<meta name=\"robots\" content=\"index, follow, max-snippet:-1, max-image-preview:large, max-video-preview:-1\" \/>\n<link rel=\"canonical\" href=\"https:\/\/www.hoecker.eu\/blog\/identifizierung-von-sedlmayr-moerder-ist-rechtswidrig-olg-koeln-verbietet-bild-bericht\/\" \/>\n<meta property=\"og:locale\" content=\"de_DE\" \/>\n<meta property=\"og:type\" content=\"article\" \/>\n<meta property=\"og:title\" content=\"Identifizierung von Sedlmayr-M\u00f6rder ist rechtswidrig. OLG K\u00f6ln verbietet BILD-Bericht.\" \/>\n<meta property=\"og:description\" content=\"Das Landgericht K\u00f6ln hatte der BILD verboten, in einem Bericht das Bild eines der sog. Sedlmayr-M\u00f6rder zu zeigen und seinen vollen Namen zu nennen. Die hiergegen eingelegte Berufung der BILD-Zeitung hat das OLG K\u00f6ln nun zur\u00fcckgewiesen und damit das Verbot best\u00e4tigt (Urt. v. 13.10.2016, Az. 15 U 57\/16). Der Sedlmayr-Mord gilt als einer der spektakul\u00e4rsten [&hellip;]\" \/>\n<meta property=\"og:url\" content=\"https:\/\/www.hoecker.eu\/blog\/identifizierung-von-sedlmayr-moerder-ist-rechtswidrig-olg-koeln-verbietet-bild-bericht\/\" \/>\n<meta property=\"og:site_name\" content=\"H\u00d6CKER - der Blog\" \/>\n<meta property=\"article:publisher\" content=\"https:\/\/www.facebook.com\/HoeckerRAe\/\" \/>\n<meta property=\"article:author\" content=\"https:\/\/www.facebook.com\/ralf.hoecker\" \/>\n<meta property=\"article:published_time\" content=\"2016-10-19T12:02:00+00:00\" \/>\n<meta property=\"article:modified_time\" content=\"2025-02-17T13:57:20+00:00\" \/>\n<meta name=\"author\" content=\"Prof. Dr. Ralf H\u00f6cker\" \/>\n<meta name=\"twitter:card\" content=\"summary_large_image\" \/>\n<meta name=\"twitter:creator\" content=\"@Ralf_Hoecker\" \/>\n<meta name=\"twitter:site\" content=\"@hoecker_rae\" \/>\n<meta name=\"twitter:label1\" content=\"Verfasst von\" \/>\n\t<meta name=\"twitter:data1\" content=\"Prof. Dr. Ralf H\u00f6cker\" \/>\n\t<meta name=\"twitter:label2\" content=\"Gesch\u00e4tzte Lesezeit\" \/>\n\t<meta name=\"twitter:data2\" content=\"2\u00a0Minuten\" \/>\n<script type=\"application\/ld+json\" class=\"yoast-schema-graph\">{\"@context\":\"https:\/\/schema.org\",\"@graph\":[{\"@type\":\"Article\",\"@id\":\"https:\/\/www.hoecker.eu\/blog\/identifizierung-von-sedlmayr-moerder-ist-rechtswidrig-olg-koeln-verbietet-bild-bericht\/#article\",\"isPartOf\":{\"@id\":\"https:\/\/www.hoecker.eu\/blog\/identifizierung-von-sedlmayr-moerder-ist-rechtswidrig-olg-koeln-verbietet-bild-bericht\/\"},\"author\":{\"name\":\"Prof. Dr. Ralf H\u00f6cker\",\"@id\":\"https:\/\/www.hoecker.eu\/blog\/#\/schema\/person\/08f95581eed0534eccd0b2438f7a1cab\"},\"headline\":\"Identifizierung von Sedlmayr-M\u00f6rder ist rechtswidrig. OLG K\u00f6ln verbietet BILD-Bericht.\",\"datePublished\":\"2016-10-19T12:02:00+00:00\",\"dateModified\":\"2025-02-17T13:57:20+00:00\",\"mainEntityOfPage\":{\"@id\":\"https:\/\/www.hoecker.eu\/blog\/identifizierung-von-sedlmayr-moerder-ist-rechtswidrig-olg-koeln-verbietet-bild-bericht\/\"},\"wordCount\":372,\"publisher\":{\"@id\":\"https:\/\/www.hoecker.eu\/blog\/#organization\"},\"articleSection\":[\"News\"],\"inLanguage\":\"de\"},{\"@type\":\"WebPage\",\"@id\":\"https:\/\/www.hoecker.eu\/blog\/identifizierung-von-sedlmayr-moerder-ist-rechtswidrig-olg-koeln-verbietet-bild-bericht\/\",\"url\":\"https:\/\/www.hoecker.eu\/blog\/identifizierung-von-sedlmayr-moerder-ist-rechtswidrig-olg-koeln-verbietet-bild-bericht\/\",\"name\":\"Identifizierung von Sedlmayr-M\u00f6rder ist rechtswidrig. OLG K\u00f6ln verbietet BILD-Bericht. - H\u00d6CKER - der Blog\",\"isPartOf\":{\"@id\":\"https:\/\/www.hoecker.eu\/blog\/#website\"},\"datePublished\":\"2016-10-19T12:02:00+00:00\",\"dateModified\":\"2025-02-17T13:57:20+00:00\",\"breadcrumb\":{\"@id\":\"https:\/\/www.hoecker.eu\/blog\/identifizierung-von-sedlmayr-moerder-ist-rechtswidrig-olg-koeln-verbietet-bild-bericht\/#breadcrumb\"},\"inLanguage\":\"de\",\"potentialAction\":[{\"@type\":\"ReadAction\",\"target\":[\"https:\/\/www.hoecker.eu\/blog\/identifizierung-von-sedlmayr-moerder-ist-rechtswidrig-olg-koeln-verbietet-bild-bericht\/\"]}]},{\"@type\":\"BreadcrumbList\",\"@id\":\"https:\/\/www.hoecker.eu\/blog\/identifizierung-von-sedlmayr-moerder-ist-rechtswidrig-olg-koeln-verbietet-bild-bericht\/#breadcrumb\",\"itemListElement\":[{\"@type\":\"ListItem\",\"position\":1,\"name\":\"Startseite\",\"item\":\"https:\/\/dev.hoecker.eu\/blog\/\"},{\"@type\":\"ListItem\",\"position\":2,\"name\":\"Identifizierung von Sedlmayr-M\u00f6rder ist rechtswidrig. OLG K\u00f6ln verbietet BILD-Bericht.\"}]},{\"@type\":\"WebSite\",\"@id\":\"https:\/\/www.hoecker.eu\/blog\/#website\",\"url\":\"https:\/\/www.hoecker.eu\/blog\/\",\"name\":\"H\u00d6CKER - der Blog\",\"description\":\"Expertenblog f\u00fcr \u00c4u\u00dferungs-, Medien-, Marken-, Urheber- und Wettbewerbsrecht.\",\"publisher\":{\"@id\":\"https:\/\/www.hoecker.eu\/blog\/#organization\"},\"potentialAction\":[{\"@type\":\"SearchAction\",\"target\":{\"@type\":\"EntryPoint\",\"urlTemplate\":\"https:\/\/www.hoecker.eu\/blog\/?s={search_term_string}\"},\"query-input\":{\"@type\":\"PropertyValueSpecification\",\"valueRequired\":true,\"valueName\":\"search_term_string\"}}],\"inLanguage\":\"de\"},{\"@type\":\"Organization\",\"@id\":\"https:\/\/www.hoecker.eu\/blog\/#organization\",\"name\":\"H\u00d6CKER Rechtsanw\u00e4lte PartGmbB\",\"alternateName\":\"H\u00d6CKER\",\"url\":\"https:\/\/www.hoecker.eu\/blog\/\",\"logo\":{\"@type\":\"ImageObject\",\"inLanguage\":\"de\",\"@id\":\"https:\/\/www.hoecker.eu\/blog\/#\/schema\/logo\/image\/\",\"url\":\"https:\/\/www.hoecker.eu\/blog\/wp-content\/uploads\/2025\/03\/Blog-Logo.webp\",\"contentUrl\":\"https:\/\/www.hoecker.eu\/blog\/wp-content\/uploads\/2025\/03\/Blog-Logo.webp\",\"width\":500,\"height\":500,\"caption\":\"H\u00d6CKER Rechtsanw\u00e4lte PartGmbB\"},\"image\":{\"@id\":\"https:\/\/www.hoecker.eu\/blog\/#\/schema\/logo\/image\/\"},\"sameAs\":[\"https:\/\/www.facebook.com\/HoeckerRAe\/\",\"https:\/\/x.com\/hoecker_rae\",\"https:\/\/www.linkedin.com\/company\/hcker-rechtsanwlte\/\",\"https:\/\/www.instagram.com\/hoecker_rae\/\"],\"email\":\"contact@hoecker.eu\",\"telephone\":\"+ 49 (0)221-933 19-10\",\"legalName\":\"H\u00d6CKER Rechtsanw\u00e4lte PartGmbB\",\"numberOfEmployees\":{\"@type\":\"QuantitativeValue\",\"minValue\":\"11\",\"maxValue\":\"50\"}},{\"@type\":\"Person\",\"@id\":\"https:\/\/www.hoecker.eu\/blog\/#\/schema\/person\/08f95581eed0534eccd0b2438f7a1cab\",\"name\":\"Prof. Dr. Ralf H\u00f6cker\",\"description\":\"Medienanwalt. Besch\u00fctzer vor mieser Presse\",\"sameAs\":[\"https:\/\/www.hoecker.eu\/wer\/prof-dr-ralf-hoecker\",\"https:\/\/www.facebook.com\/ralf.hoecker\",\"https:\/\/www.linkedin.com\/in\/prof-dr-ralf-hcker-ll-m-london-17987826\/\",\"https:\/\/x.com\/Ralf_Hoecker\"],\"url\":\"https:\/\/www.hoecker.eu\/blog\/author\/hoecker_adm\/\"}]}<\/script>\n<!-- \/ Yoast SEO Premium plugin. -->","yoast_head_json":{"title":"Identifizierung von Sedlmayr-M\u00f6rder ist rechtswidrig. OLG K\u00f6ln verbietet BILD-Bericht. - H\u00d6CKER - der Blog","robots":{"index":"index","follow":"follow","max-snippet":"max-snippet:-1","max-image-preview":"max-image-preview:large","max-video-preview":"max-video-preview:-1"},"canonical":"https:\/\/www.hoecker.eu\/blog\/identifizierung-von-sedlmayr-moerder-ist-rechtswidrig-olg-koeln-verbietet-bild-bericht\/","og_locale":"de_DE","og_type":"article","og_title":"Identifizierung von Sedlmayr-M\u00f6rder ist rechtswidrig. OLG K\u00f6ln verbietet BILD-Bericht.","og_description":"Das Landgericht K\u00f6ln hatte der BILD verboten, in einem Bericht das Bild eines der sog. Sedlmayr-M\u00f6rder zu zeigen und seinen vollen Namen zu nennen. Die hiergegen eingelegte Berufung der BILD-Zeitung hat das OLG K\u00f6ln nun zur\u00fcckgewiesen und damit das Verbot best\u00e4tigt (Urt. v. 13.10.2016, Az. 15 U 57\/16). Der Sedlmayr-Mord gilt als einer der spektakul\u00e4rsten [&hellip;]","og_url":"https:\/\/www.hoecker.eu\/blog\/identifizierung-von-sedlmayr-moerder-ist-rechtswidrig-olg-koeln-verbietet-bild-bericht\/","og_site_name":"H\u00d6CKER - der Blog","article_publisher":"https:\/\/www.facebook.com\/HoeckerRAe\/","article_author":"https:\/\/www.facebook.com\/ralf.hoecker","article_published_time":"2016-10-19T12:02:00+00:00","article_modified_time":"2025-02-17T13:57:20+00:00","author":"Prof. Dr. Ralf H\u00f6cker","twitter_card":"summary_large_image","twitter_creator":"@Ralf_Hoecker","twitter_site":"@hoecker_rae","twitter_misc":{"Verfasst von":"Prof. Dr. Ralf H\u00f6cker","Gesch\u00e4tzte Lesezeit":"2\u00a0Minuten"},"schema":{"@context":"https:\/\/schema.org","@graph":[{"@type":"Article","@id":"https:\/\/www.hoecker.eu\/blog\/identifizierung-von-sedlmayr-moerder-ist-rechtswidrig-olg-koeln-verbietet-bild-bericht\/#article","isPartOf":{"@id":"https:\/\/www.hoecker.eu\/blog\/identifizierung-von-sedlmayr-moerder-ist-rechtswidrig-olg-koeln-verbietet-bild-bericht\/"},"author":{"name":"Prof. Dr. Ralf H\u00f6cker","@id":"https:\/\/www.hoecker.eu\/blog\/#\/schema\/person\/08f95581eed0534eccd0b2438f7a1cab"},"headline":"Identifizierung von Sedlmayr-M\u00f6rder ist rechtswidrig. OLG K\u00f6ln verbietet BILD-Bericht.","datePublished":"2016-10-19T12:02:00+00:00","dateModified":"2025-02-17T13:57:20+00:00","mainEntityOfPage":{"@id":"https:\/\/www.hoecker.eu\/blog\/identifizierung-von-sedlmayr-moerder-ist-rechtswidrig-olg-koeln-verbietet-bild-bericht\/"},"wordCount":372,"publisher":{"@id":"https:\/\/www.hoecker.eu\/blog\/#organization"},"articleSection":["News"],"inLanguage":"de"},{"@type":"WebPage","@id":"https:\/\/www.hoecker.eu\/blog\/identifizierung-von-sedlmayr-moerder-ist-rechtswidrig-olg-koeln-verbietet-bild-bericht\/","url":"https:\/\/www.hoecker.eu\/blog\/identifizierung-von-sedlmayr-moerder-ist-rechtswidrig-olg-koeln-verbietet-bild-bericht\/","name":"Identifizierung von Sedlmayr-M\u00f6rder ist rechtswidrig. OLG K\u00f6ln verbietet BILD-Bericht. - H\u00d6CKER - der Blog","isPartOf":{"@id":"https:\/\/www.hoecker.eu\/blog\/#website"},"datePublished":"2016-10-19T12:02:00+00:00","dateModified":"2025-02-17T13:57:20+00:00","breadcrumb":{"@id":"https:\/\/www.hoecker.eu\/blog\/identifizierung-von-sedlmayr-moerder-ist-rechtswidrig-olg-koeln-verbietet-bild-bericht\/#breadcrumb"},"inLanguage":"de","potentialAction":[{"@type":"ReadAction","target":["https:\/\/www.hoecker.eu\/blog\/identifizierung-von-sedlmayr-moerder-ist-rechtswidrig-olg-koeln-verbietet-bild-bericht\/"]}]},{"@type":"BreadcrumbList","@id":"https:\/\/www.hoecker.eu\/blog\/identifizierung-von-sedlmayr-moerder-ist-rechtswidrig-olg-koeln-verbietet-bild-bericht\/#breadcrumb","itemListElement":[{"@type":"ListItem","position":1,"name":"Startseite","item":"https:\/\/dev.hoecker.eu\/blog\/"},{"@type":"ListItem","position":2,"name":"Identifizierung von Sedlmayr-M\u00f6rder ist rechtswidrig. OLG K\u00f6ln verbietet BILD-Bericht."}]},{"@type":"WebSite","@id":"https:\/\/www.hoecker.eu\/blog\/#website","url":"https:\/\/www.hoecker.eu\/blog\/","name":"H\u00d6CKER - der Blog","description":"Expertenblog f\u00fcr \u00c4u\u00dferungs-, Medien-, Marken-, Urheber- und Wettbewerbsrecht.","publisher":{"@id":"https:\/\/www.hoecker.eu\/blog\/#organization"},"potentialAction":[{"@type":"SearchAction","target":{"@type":"EntryPoint","urlTemplate":"https:\/\/www.hoecker.eu\/blog\/?s={search_term_string}"},"query-input":{"@type":"PropertyValueSpecification","valueRequired":true,"valueName":"search_term_string"}}],"inLanguage":"de"},{"@type":"Organization","@id":"https:\/\/www.hoecker.eu\/blog\/#organization","name":"H\u00d6CKER Rechtsanw\u00e4lte PartGmbB","alternateName":"H\u00d6CKER","url":"https:\/\/www.hoecker.eu\/blog\/","logo":{"@type":"ImageObject","inLanguage":"de","@id":"https:\/\/www.hoecker.eu\/blog\/#\/schema\/logo\/image\/","url":"https:\/\/www.hoecker.eu\/blog\/wp-content\/uploads\/2025\/03\/Blog-Logo.webp","contentUrl":"https:\/\/www.hoecker.eu\/blog\/wp-content\/uploads\/2025\/03\/Blog-Logo.webp","width":500,"height":500,"caption":"H\u00d6CKER Rechtsanw\u00e4lte PartGmbB"},"image":{"@id":"https:\/\/www.hoecker.eu\/blog\/#\/schema\/logo\/image\/"},"sameAs":["https:\/\/www.facebook.com\/HoeckerRAe\/","https:\/\/x.com\/hoecker_rae","https:\/\/www.linkedin.com\/company\/hcker-rechtsanwlte\/","https:\/\/www.instagram.com\/hoecker_rae\/"],"email":"contact@hoecker.eu","telephone":"+ 49 (0)221-933 19-10","legalName":"H\u00d6CKER Rechtsanw\u00e4lte PartGmbB","numberOfEmployees":{"@type":"QuantitativeValue","minValue":"11","maxValue":"50"}},{"@type":"Person","@id":"https:\/\/www.hoecker.eu\/blog\/#\/schema\/person\/08f95581eed0534eccd0b2438f7a1cab","name":"Prof. Dr. Ralf H\u00f6cker","description":"Medienanwalt. Besch\u00fctzer vor mieser Presse","sameAs":["https:\/\/www.hoecker.eu\/wer\/prof-dr-ralf-hoecker","https:\/\/www.facebook.com\/ralf.hoecker","https:\/\/www.linkedin.com\/in\/prof-dr-ralf-hcker-ll-m-london-17987826\/","https:\/\/x.com\/Ralf_Hoecker"],"url":"https:\/\/www.hoecker.eu\/blog\/author\/hoecker_adm\/"}]}},"authors":[{"term_id":84,"user_id":1,"is_guest":0,"slug":"hoecker_adm","display_name":"Prof. Dr. Ralf H\u00f6cker","avatar_url":{"url":"https:\/\/www.hoecker.eu\/blog\/wp-content\/uploads\/2023\/12\/ProfDrRalfHoecker.jpg","url2x":"https:\/\/www.hoecker.eu\/blog\/wp-content\/uploads\/2023\/12\/ProfDrRalfHoecker.jpg"},"0":null,"1":"","2":"","3":"","4":"","5":"","6":"","7":"","8":"","9":"","10":"","11":""}],"_links":{"self":[{"href":"https:\/\/www.hoecker.eu\/blog\/wp-json\/wp\/v2\/posts\/8408","targetHints":{"allow":["GET"]}}],"collection":[{"href":"https:\/\/www.hoecker.eu\/blog\/wp-json\/wp\/v2\/posts"}],"about":[{"href":"https:\/\/www.hoecker.eu\/blog\/wp-json\/wp\/v2\/types\/post"}],"author":[{"embeddable":true,"href":"https:\/\/www.hoecker.eu\/blog\/wp-json\/wp\/v2\/users\/1"}],"replies":[{"embeddable":true,"href":"https:\/\/www.hoecker.eu\/blog\/wp-json\/wp\/v2\/comments?post=8408"}],"version-history":[{"count":1,"href":"https:\/\/www.hoecker.eu\/blog\/wp-json\/wp\/v2\/posts\/8408\/revisions"}],"predecessor-version":[{"id":9530,"href":"https:\/\/www.hoecker.eu\/blog\/wp-json\/wp\/v2\/posts\/8408\/revisions\/9530"}],"wp:attachment":[{"href":"https:\/\/www.hoecker.eu\/blog\/wp-json\/wp\/v2\/media?parent=8408"}],"wp:term":[{"taxonomy":"category","embeddable":true,"href":"https:\/\/www.hoecker.eu\/blog\/wp-json\/wp\/v2\/categories?post=8408"},{"taxonomy":"post_tag","embeddable":true,"href":"https:\/\/www.hoecker.eu\/blog\/wp-json\/wp\/v2\/tags?post=8408"},{"taxonomy":"hashtags","embeddable":true,"href":"https:\/\/www.hoecker.eu\/blog\/wp-json\/wp\/v2\/hashtags?post=8408"},{"taxonomy":"author","embeddable":true,"href":"https:\/\/www.hoecker.eu\/blog\/wp-json\/wp\/v2\/ppma_author?post=8408"}],"curies":[{"name":"wp","href":"https:\/\/api.w.org\/{rel}","templated":true}]}}