{"id":8407,"date":"2016-11-02T14:32:00","date_gmt":"2016-11-02T13:32:00","guid":{"rendered":"https:\/\/www.hoecker.eu\/blog\/juve-ranking-hoecker-in-der-1-liga-des-presse-und-aeusserungsrechts\/"},"modified":"2025-02-17T14:57:19","modified_gmt":"2025-02-17T13:57:19","slug":"juve-ranking-hoecker-in-der-1-liga-des-presse-und-aeusserungsrechts","status":"publish","type":"post","link":"https:\/\/www.hoecker.eu\/blog\/juve-ranking-hoecker-in-der-1-liga-des-presse-und-aeusserungsrechts\/","title":{"rendered":"JUVE-Ranking: H\u00d6CKER in der 1. Liga des Presse- und \u00c4u\u00dferungsrechts"},"content":{"rendered":"<p>Keine 10 Jahre nach der Kanzleigr\u00fcndung ist H\u00d6CKER in die 1. Liga des Presserechts aufgestiegen<\/p>\n<p><a href=\"http:\/\/juve.de\/handbuch\/de\/2017\/ranking\/24362#ranking-6082+13768\">http:\/\/juve.de\/handbuch\/de\/2017\/ranking\/24362#ranking-6082+13768<\/a><\/p>\n<p>Der JUVE Verlag f\u00fcr juristische Information gibt jedes Jahr ein Handbuch der f\u00fchrenden deutschen Wirtschaftskanzleien heraus. 22 Kanzleien haben es im Presse- und \u00c4u\u00dferungsrecht ins Ranking geschafft. Das Ranking ordnet sie in f\u00fcnf weitere Abstufungen ein. H\u00d6CKER hat sich jetzt in die oberste der f\u00fcnf Stufen hochgearbeitet und gilt damit auch unter den 22 gerankten Kanzleien als eine der bundesweit f\u00fchrenden. Von den Wettbewerbern, die sich wie H\u00d6CKER vor allem auf die Vertretung von Unternehmen und Einzelpersonen gegen die Medien spezialisiert haben, hat es mit Schertz Bergmann nur eine weitere deutsche Kanzlei geschafft, in diese h\u00f6chste Kategorie eingeordnet zu werden. Traditionsreiche Wettbewerber wie Prinz Neidhardt Engelschall oder Nesselhauf folgen auf den Stufen 2 und 3. JUVE schreibt zur Begr\u00fcndung der exzellenten Bewertung:<\/p>\n<p><em>\u201eZuletzt konnte die im Presse- und \u00c4u\u00dferungsrecht zu den f\u00fchrenden geh\u00f6rende Kanzlei ihre Mandantenbasis um mehrere namhafte Unternehmen, u.a. aus der Finanzbranche, erweitern. Sie wendeten sich verst\u00e4rkt an das Team um Namenspartner Prof. Dr. Ralf H\u00f6cker, wenn sie sich mit mutma\u00dflich kritischer Berichterstattung konfrontiert sahen. Gleichzeitig steht H\u00f6cker regelm\u00e4\u00dfig vor Gericht und erstreitet wichtige Urteile, etwa f\u00fcr Kachelmann sowie aufseiten eines Unternehmens gegen eine Hochschulzeitung, die sich laut OLG nicht auf das Presserecht berufen durfte. Wettbewerber loben ihn f\u00fcr seine Dauerpr\u00e4senz.\u201c<\/em><\/p>\n<p>Weiter betont JUVE, dass eine Partnerernennung und die Einstellung eines strafrechtlich erfahrenen Associates <em>\u201edie positive Entwicklung des Teams untermauern, das neben Schertz zu den gr\u00f6\u00dften presserechtlichen Einheiten z\u00e4hlt\u201c.<\/em><\/p>\n<p>Auch H\u00d6CKERs klare Fokussierung auf die Vertretung von Mandanten gegen die Medien stellt JUVE im allgemeinen Markt\u00fcberblick als einen wichtigen Grund des Kanzleierfolgs heraus:<\/p>\n<p><em>\u201eEntsprechend konnten Kanzleien, die sich deutlich auf Unternehmensseite positioniert haben, ihr Gesch\u00e4ft erneut ausbauen. Dazu z\u00e4hlen vor allem Schertz Bergmann und H\u00f6cker.\u201c<\/em><\/p>\n<p>Erneut wurde auch der Namenspartner der Kanzlei Prof. Dr. Ralf H\u00f6cker als einer der sieben f\u00fchrenden deutschen Anw\u00e4lte aufseiten gesch\u00e4digter Unternehmen genannt:<\/p>\n<p><a href=\"http:\/\/juve.de\/handbuch\/de\/2017\/fuehrendenamen\/24362#fuehrendenamen-5994+13768\">http:\/\/juve.de\/handbuch\/de\/2017\/fuehrendenamen\/24362#fuehrendenamen-5994+13768<\/a><\/p>\n","protected":false},"excerpt":{"rendered":"<p>Keine 10 Jahre nach der Kanzleigr\u00fcndung ist H\u00d6CKER in die 1. Liga des Presserechts aufgestiegen http:\/\/juve.de\/handbuch\/de\/2017\/ranking\/24362#ranking-6082+13768 Der JUVE Verlag f\u00fcr juristische Information gibt jedes Jahr ein Handbuch der f\u00fchrenden deutschen Wirtschaftskanzleien heraus. 22 Kanzleien haben es im Presse- und \u00c4u\u00dferungsrecht ins Ranking geschafft. Das Ranking ordnet sie in f\u00fcnf weitere Abstufungen ein. H\u00d6CKER hat sich [&hellip;]<\/p>\n","protected":false},"author":1,"featured_media":0,"comment_status":"closed","ping_status":"closed","sticky":false,"template":"","format":"standard","meta":{"_has_post_settings":[],"footnotes":""},"categories":[15],"tags":[],"hashtags":[],"ppma_author":[84],"class_list":["post-8407","post","type-post","status-publish","format-standard","hentry","category-news","author-hoecker_adm"],"yoast_head":"<!-- This site is optimized with the Yoast SEO Premium plugin v25.9 (Yoast SEO v27.0) - https:\/\/yoast.com\/product\/yoast-seo-premium-wordpress\/ -->\n<title>JUVE-Ranking: H\u00d6CKER in der 1. Liga des Presse- und \u00c4u\u00dferungsrechts - H\u00d6CKER - der Blog<\/title>\n<meta name=\"robots\" content=\"index, follow, max-snippet:-1, max-image-preview:large, max-video-preview:-1\" \/>\n<link rel=\"canonical\" href=\"https:\/\/www.hoecker.eu\/blog\/juve-ranking-hoecker-in-der-1-liga-des-presse-und-aeusserungsrechts\/\" \/>\n<meta property=\"og:locale\" content=\"de_DE\" \/>\n<meta property=\"og:type\" content=\"article\" \/>\n<meta property=\"og:title\" content=\"JUVE-Ranking: H\u00d6CKER in der 1. Liga des Presse- und \u00c4u\u00dferungsrechts\" \/>\n<meta property=\"og:description\" content=\"Keine 10 Jahre nach der Kanzleigr\u00fcndung ist H\u00d6CKER in die 1. Liga des Presserechts aufgestiegen http:\/\/juve.de\/handbuch\/de\/2017\/ranking\/24362#ranking-6082+13768 Der JUVE Verlag f\u00fcr juristische Information gibt jedes Jahr ein Handbuch der f\u00fchrenden deutschen Wirtschaftskanzleien heraus. 22 Kanzleien haben es im Presse- und \u00c4u\u00dferungsrecht ins Ranking geschafft. Das Ranking ordnet sie in f\u00fcnf weitere Abstufungen ein. H\u00d6CKER hat sich [&hellip;]\" \/>\n<meta property=\"og:url\" content=\"https:\/\/www.hoecker.eu\/blog\/juve-ranking-hoecker-in-der-1-liga-des-presse-und-aeusserungsrechts\/\" \/>\n<meta property=\"og:site_name\" content=\"H\u00d6CKER - der Blog\" \/>\n<meta property=\"article:publisher\" content=\"https:\/\/www.facebook.com\/HoeckerRAe\/\" \/>\n<meta property=\"article:author\" content=\"https:\/\/www.facebook.com\/ralf.hoecker\" \/>\n<meta property=\"article:published_time\" content=\"2016-11-02T13:32:00+00:00\" \/>\n<meta property=\"article:modified_time\" content=\"2025-02-17T13:57:19+00:00\" \/>\n<meta name=\"author\" content=\"Prof. Dr. Ralf H\u00f6cker\" \/>\n<meta name=\"twitter:card\" content=\"summary_large_image\" \/>\n<meta name=\"twitter:creator\" content=\"@Ralf_Hoecker\" \/>\n<meta name=\"twitter:site\" content=\"@hoecker_rae\" \/>\n<meta name=\"twitter:label1\" content=\"Verfasst von\" \/>\n\t<meta name=\"twitter:data1\" content=\"Prof. Dr. Ralf H\u00f6cker\" \/>\n\t<meta name=\"twitter:label2\" content=\"Gesch\u00e4tzte Lesezeit\" \/>\n\t<meta name=\"twitter:data2\" content=\"2\u00a0Minuten\" \/>\n<script type=\"application\/ld+json\" class=\"yoast-schema-graph\">{\"@context\":\"https:\/\/schema.org\",\"@graph\":[{\"@type\":\"Article\",\"@id\":\"https:\/\/www.hoecker.eu\/blog\/juve-ranking-hoecker-in-der-1-liga-des-presse-und-aeusserungsrechts\/#article\",\"isPartOf\":{\"@id\":\"https:\/\/www.hoecker.eu\/blog\/juve-ranking-hoecker-in-der-1-liga-des-presse-und-aeusserungsrechts\/\"},\"author\":{\"name\":\"Prof. Dr. Ralf H\u00f6cker\",\"@id\":\"https:\/\/www.hoecker.eu\/blog\/#\/schema\/person\/08f95581eed0534eccd0b2438f7a1cab\"},\"headline\":\"JUVE-Ranking: H\u00d6CKER in der 1. Liga des Presse- und \u00c4u\u00dferungsrechts\",\"datePublished\":\"2016-11-02T13:32:00+00:00\",\"dateModified\":\"2025-02-17T13:57:19+00:00\",\"mainEntityOfPage\":{\"@id\":\"https:\/\/www.hoecker.eu\/blog\/juve-ranking-hoecker-in-der-1-liga-des-presse-und-aeusserungsrechts\/\"},\"wordCount\":368,\"publisher\":{\"@id\":\"https:\/\/www.hoecker.eu\/blog\/#organization\"},\"articleSection\":[\"News\"],\"inLanguage\":\"de\"},{\"@type\":\"WebPage\",\"@id\":\"https:\/\/www.hoecker.eu\/blog\/juve-ranking-hoecker-in-der-1-liga-des-presse-und-aeusserungsrechts\/\",\"url\":\"https:\/\/www.hoecker.eu\/blog\/juve-ranking-hoecker-in-der-1-liga-des-presse-und-aeusserungsrechts\/\",\"name\":\"JUVE-Ranking: H\u00d6CKER in der 1. Liga des Presse- und \u00c4u\u00dferungsrechts - H\u00d6CKER - der Blog\",\"isPartOf\":{\"@id\":\"https:\/\/www.hoecker.eu\/blog\/#website\"},\"datePublished\":\"2016-11-02T13:32:00+00:00\",\"dateModified\":\"2025-02-17T13:57:19+00:00\",\"breadcrumb\":{\"@id\":\"https:\/\/www.hoecker.eu\/blog\/juve-ranking-hoecker-in-der-1-liga-des-presse-und-aeusserungsrechts\/#breadcrumb\"},\"inLanguage\":\"de\",\"potentialAction\":[{\"@type\":\"ReadAction\",\"target\":[\"https:\/\/www.hoecker.eu\/blog\/juve-ranking-hoecker-in-der-1-liga-des-presse-und-aeusserungsrechts\/\"]}]},{\"@type\":\"BreadcrumbList\",\"@id\":\"https:\/\/www.hoecker.eu\/blog\/juve-ranking-hoecker-in-der-1-liga-des-presse-und-aeusserungsrechts\/#breadcrumb\",\"itemListElement\":[{\"@type\":\"ListItem\",\"position\":1,\"name\":\"Startseite\",\"item\":\"https:\/\/dev.hoecker.eu\/blog\/\"},{\"@type\":\"ListItem\",\"position\":2,\"name\":\"JUVE-Ranking: H\u00d6CKER in der 1. Liga des Presse- und \u00c4u\u00dferungsrechts\"}]},{\"@type\":\"WebSite\",\"@id\":\"https:\/\/www.hoecker.eu\/blog\/#website\",\"url\":\"https:\/\/www.hoecker.eu\/blog\/\",\"name\":\"H\u00d6CKER - der Blog\",\"description\":\"Expertenblog f\u00fcr \u00c4u\u00dferungs-, Medien-, Marken-, Urheber- und Wettbewerbsrecht.\",\"publisher\":{\"@id\":\"https:\/\/www.hoecker.eu\/blog\/#organization\"},\"potentialAction\":[{\"@type\":\"SearchAction\",\"target\":{\"@type\":\"EntryPoint\",\"urlTemplate\":\"https:\/\/www.hoecker.eu\/blog\/?s={search_term_string}\"},\"query-input\":{\"@type\":\"PropertyValueSpecification\",\"valueRequired\":true,\"valueName\":\"search_term_string\"}}],\"inLanguage\":\"de\"},{\"@type\":\"Organization\",\"@id\":\"https:\/\/www.hoecker.eu\/blog\/#organization\",\"name\":\"H\u00d6CKER Rechtsanw\u00e4lte PartGmbB\",\"alternateName\":\"H\u00d6CKER\",\"url\":\"https:\/\/www.hoecker.eu\/blog\/\",\"logo\":{\"@type\":\"ImageObject\",\"inLanguage\":\"de\",\"@id\":\"https:\/\/www.hoecker.eu\/blog\/#\/schema\/logo\/image\/\",\"url\":\"https:\/\/www.hoecker.eu\/blog\/wp-content\/uploads\/2025\/03\/Blog-Logo.webp\",\"contentUrl\":\"https:\/\/www.hoecker.eu\/blog\/wp-content\/uploads\/2025\/03\/Blog-Logo.webp\",\"width\":500,\"height\":500,\"caption\":\"H\u00d6CKER Rechtsanw\u00e4lte PartGmbB\"},\"image\":{\"@id\":\"https:\/\/www.hoecker.eu\/blog\/#\/schema\/logo\/image\/\"},\"sameAs\":[\"https:\/\/www.facebook.com\/HoeckerRAe\/\",\"https:\/\/x.com\/hoecker_rae\",\"https:\/\/www.linkedin.com\/company\/hcker-rechtsanwlte\/\",\"https:\/\/www.instagram.com\/hoecker_rae\/\"],\"email\":\"contact@hoecker.eu\",\"telephone\":\"+ 49 (0)221-933 19-10\",\"legalName\":\"H\u00d6CKER Rechtsanw\u00e4lte PartGmbB\",\"numberOfEmployees\":{\"@type\":\"QuantitativeValue\",\"minValue\":\"11\",\"maxValue\":\"50\"}},{\"@type\":\"Person\",\"@id\":\"https:\/\/www.hoecker.eu\/blog\/#\/schema\/person\/08f95581eed0534eccd0b2438f7a1cab\",\"name\":\"Prof. Dr. Ralf H\u00f6cker\",\"description\":\"Medienanwalt. Besch\u00fctzer vor mieser Presse\",\"sameAs\":[\"https:\/\/www.hoecker.eu\/wer\/prof-dr-ralf-hoecker\",\"https:\/\/www.facebook.com\/ralf.hoecker\",\"https:\/\/www.linkedin.com\/in\/prof-dr-ralf-hcker-ll-m-london-17987826\/\",\"https:\/\/x.com\/Ralf_Hoecker\"],\"url\":\"https:\/\/www.hoecker.eu\/blog\/author\/hoecker_adm\/\"}]}<\/script>\n<!-- \/ Yoast SEO Premium plugin. -->","yoast_head_json":{"title":"JUVE-Ranking: H\u00d6CKER in der 1. Liga des Presse- und \u00c4u\u00dferungsrechts - H\u00d6CKER - der Blog","robots":{"index":"index","follow":"follow","max-snippet":"max-snippet:-1","max-image-preview":"max-image-preview:large","max-video-preview":"max-video-preview:-1"},"canonical":"https:\/\/www.hoecker.eu\/blog\/juve-ranking-hoecker-in-der-1-liga-des-presse-und-aeusserungsrechts\/","og_locale":"de_DE","og_type":"article","og_title":"JUVE-Ranking: H\u00d6CKER in der 1. Liga des Presse- und \u00c4u\u00dferungsrechts","og_description":"Keine 10 Jahre nach der Kanzleigr\u00fcndung ist H\u00d6CKER in die 1. Liga des Presserechts aufgestiegen http:\/\/juve.de\/handbuch\/de\/2017\/ranking\/24362#ranking-6082+13768 Der JUVE Verlag f\u00fcr juristische Information gibt jedes Jahr ein Handbuch der f\u00fchrenden deutschen Wirtschaftskanzleien heraus. 22 Kanzleien haben es im Presse- und \u00c4u\u00dferungsrecht ins Ranking geschafft. Das Ranking ordnet sie in f\u00fcnf weitere Abstufungen ein. H\u00d6CKER hat sich [&hellip;]","og_url":"https:\/\/www.hoecker.eu\/blog\/juve-ranking-hoecker-in-der-1-liga-des-presse-und-aeusserungsrechts\/","og_site_name":"H\u00d6CKER - der Blog","article_publisher":"https:\/\/www.facebook.com\/HoeckerRAe\/","article_author":"https:\/\/www.facebook.com\/ralf.hoecker","article_published_time":"2016-11-02T13:32:00+00:00","article_modified_time":"2025-02-17T13:57:19+00:00","author":"Prof. Dr. Ralf H\u00f6cker","twitter_card":"summary_large_image","twitter_creator":"@Ralf_Hoecker","twitter_site":"@hoecker_rae","twitter_misc":{"Verfasst von":"Prof. Dr. Ralf H\u00f6cker","Gesch\u00e4tzte Lesezeit":"2\u00a0Minuten"},"schema":{"@context":"https:\/\/schema.org","@graph":[{"@type":"Article","@id":"https:\/\/www.hoecker.eu\/blog\/juve-ranking-hoecker-in-der-1-liga-des-presse-und-aeusserungsrechts\/#article","isPartOf":{"@id":"https:\/\/www.hoecker.eu\/blog\/juve-ranking-hoecker-in-der-1-liga-des-presse-und-aeusserungsrechts\/"},"author":{"name":"Prof. Dr. Ralf H\u00f6cker","@id":"https:\/\/www.hoecker.eu\/blog\/#\/schema\/person\/08f95581eed0534eccd0b2438f7a1cab"},"headline":"JUVE-Ranking: H\u00d6CKER in der 1. Liga des Presse- und \u00c4u\u00dferungsrechts","datePublished":"2016-11-02T13:32:00+00:00","dateModified":"2025-02-17T13:57:19+00:00","mainEntityOfPage":{"@id":"https:\/\/www.hoecker.eu\/blog\/juve-ranking-hoecker-in-der-1-liga-des-presse-und-aeusserungsrechts\/"},"wordCount":368,"publisher":{"@id":"https:\/\/www.hoecker.eu\/blog\/#organization"},"articleSection":["News"],"inLanguage":"de"},{"@type":"WebPage","@id":"https:\/\/www.hoecker.eu\/blog\/juve-ranking-hoecker-in-der-1-liga-des-presse-und-aeusserungsrechts\/","url":"https:\/\/www.hoecker.eu\/blog\/juve-ranking-hoecker-in-der-1-liga-des-presse-und-aeusserungsrechts\/","name":"JUVE-Ranking: H\u00d6CKER in der 1. Liga des Presse- und \u00c4u\u00dferungsrechts - H\u00d6CKER - der Blog","isPartOf":{"@id":"https:\/\/www.hoecker.eu\/blog\/#website"},"datePublished":"2016-11-02T13:32:00+00:00","dateModified":"2025-02-17T13:57:19+00:00","breadcrumb":{"@id":"https:\/\/www.hoecker.eu\/blog\/juve-ranking-hoecker-in-der-1-liga-des-presse-und-aeusserungsrechts\/#breadcrumb"},"inLanguage":"de","potentialAction":[{"@type":"ReadAction","target":["https:\/\/www.hoecker.eu\/blog\/juve-ranking-hoecker-in-der-1-liga-des-presse-und-aeusserungsrechts\/"]}]},{"@type":"BreadcrumbList","@id":"https:\/\/www.hoecker.eu\/blog\/juve-ranking-hoecker-in-der-1-liga-des-presse-und-aeusserungsrechts\/#breadcrumb","itemListElement":[{"@type":"ListItem","position":1,"name":"Startseite","item":"https:\/\/dev.hoecker.eu\/blog\/"},{"@type":"ListItem","position":2,"name":"JUVE-Ranking: H\u00d6CKER in der 1. Liga des Presse- und \u00c4u\u00dferungsrechts"}]},{"@type":"WebSite","@id":"https:\/\/www.hoecker.eu\/blog\/#website","url":"https:\/\/www.hoecker.eu\/blog\/","name":"H\u00d6CKER - der Blog","description":"Expertenblog f\u00fcr \u00c4u\u00dferungs-, Medien-, Marken-, Urheber- und Wettbewerbsrecht.","publisher":{"@id":"https:\/\/www.hoecker.eu\/blog\/#organization"},"potentialAction":[{"@type":"SearchAction","target":{"@type":"EntryPoint","urlTemplate":"https:\/\/www.hoecker.eu\/blog\/?s={search_term_string}"},"query-input":{"@type":"PropertyValueSpecification","valueRequired":true,"valueName":"search_term_string"}}],"inLanguage":"de"},{"@type":"Organization","@id":"https:\/\/www.hoecker.eu\/blog\/#organization","name":"H\u00d6CKER Rechtsanw\u00e4lte PartGmbB","alternateName":"H\u00d6CKER","url":"https:\/\/www.hoecker.eu\/blog\/","logo":{"@type":"ImageObject","inLanguage":"de","@id":"https:\/\/www.hoecker.eu\/blog\/#\/schema\/logo\/image\/","url":"https:\/\/www.hoecker.eu\/blog\/wp-content\/uploads\/2025\/03\/Blog-Logo.webp","contentUrl":"https:\/\/www.hoecker.eu\/blog\/wp-content\/uploads\/2025\/03\/Blog-Logo.webp","width":500,"height":500,"caption":"H\u00d6CKER Rechtsanw\u00e4lte PartGmbB"},"image":{"@id":"https:\/\/www.hoecker.eu\/blog\/#\/schema\/logo\/image\/"},"sameAs":["https:\/\/www.facebook.com\/HoeckerRAe\/","https:\/\/x.com\/hoecker_rae","https:\/\/www.linkedin.com\/company\/hcker-rechtsanwlte\/","https:\/\/www.instagram.com\/hoecker_rae\/"],"email":"contact@hoecker.eu","telephone":"+ 49 (0)221-933 19-10","legalName":"H\u00d6CKER Rechtsanw\u00e4lte PartGmbB","numberOfEmployees":{"@type":"QuantitativeValue","minValue":"11","maxValue":"50"}},{"@type":"Person","@id":"https:\/\/www.hoecker.eu\/blog\/#\/schema\/person\/08f95581eed0534eccd0b2438f7a1cab","name":"Prof. Dr. Ralf H\u00f6cker","description":"Medienanwalt. Besch\u00fctzer vor mieser Presse","sameAs":["https:\/\/www.hoecker.eu\/wer\/prof-dr-ralf-hoecker","https:\/\/www.facebook.com\/ralf.hoecker","https:\/\/www.linkedin.com\/in\/prof-dr-ralf-hcker-ll-m-london-17987826\/","https:\/\/x.com\/Ralf_Hoecker"],"url":"https:\/\/www.hoecker.eu\/blog\/author\/hoecker_adm\/"}]}},"authors":[{"term_id":84,"user_id":1,"is_guest":0,"slug":"hoecker_adm","display_name":"Prof. Dr. Ralf H\u00f6cker","avatar_url":{"url":"https:\/\/www.hoecker.eu\/blog\/wp-content\/uploads\/2023\/12\/ProfDrRalfHoecker.jpg","url2x":"https:\/\/www.hoecker.eu\/blog\/wp-content\/uploads\/2023\/12\/ProfDrRalfHoecker.jpg"},"0":null,"1":"","2":"","3":"","4":"","5":"","6":"","7":"","8":"","9":"","10":"","11":""}],"_links":{"self":[{"href":"https:\/\/www.hoecker.eu\/blog\/wp-json\/wp\/v2\/posts\/8407","targetHints":{"allow":["GET"]}}],"collection":[{"href":"https:\/\/www.hoecker.eu\/blog\/wp-json\/wp\/v2\/posts"}],"about":[{"href":"https:\/\/www.hoecker.eu\/blog\/wp-json\/wp\/v2\/types\/post"}],"author":[{"embeddable":true,"href":"https:\/\/www.hoecker.eu\/blog\/wp-json\/wp\/v2\/users\/1"}],"replies":[{"embeddable":true,"href":"https:\/\/www.hoecker.eu\/blog\/wp-json\/wp\/v2\/comments?post=8407"}],"version-history":[{"count":1,"href":"https:\/\/www.hoecker.eu\/blog\/wp-json\/wp\/v2\/posts\/8407\/revisions"}],"predecessor-version":[{"id":9529,"href":"https:\/\/www.hoecker.eu\/blog\/wp-json\/wp\/v2\/posts\/8407\/revisions\/9529"}],"wp:attachment":[{"href":"https:\/\/www.hoecker.eu\/blog\/wp-json\/wp\/v2\/media?parent=8407"}],"wp:term":[{"taxonomy":"category","embeddable":true,"href":"https:\/\/www.hoecker.eu\/blog\/wp-json\/wp\/v2\/categories?post=8407"},{"taxonomy":"post_tag","embeddable":true,"href":"https:\/\/www.hoecker.eu\/blog\/wp-json\/wp\/v2\/tags?post=8407"},{"taxonomy":"hashtags","embeddable":true,"href":"https:\/\/www.hoecker.eu\/blog\/wp-json\/wp\/v2\/hashtags?post=8407"},{"taxonomy":"author","embeddable":true,"href":"https:\/\/www.hoecker.eu\/blog\/wp-json\/wp\/v2\/ppma_author?post=8407"}],"curies":[{"name":"wp","href":"https:\/\/api.w.org\/{rel}","templated":true}]}}