{"id":8405,"date":"2016-11-23T16:12:00","date_gmt":"2016-11-23T15:12:00","guid":{"rendered":"https:\/\/www.hoecker.eu\/blog\/ueber-geloeschte-vorstrafe-darf-nicht-berichtet-werden-bonner-unternehmer-erreicht-einstweilige-verfuegung-gegen-pressebericht\/"},"modified":"2025-02-17T14:57:18","modified_gmt":"2025-02-17T13:57:18","slug":"ueber-geloeschte-vorstrafe-darf-nicht-berichtet-werden-bonner-unternehmer-erreicht-einstweilige-verfuegung-gegen-pressebericht","status":"publish","type":"post","link":"https:\/\/www.hoecker.eu\/blog\/ueber-geloeschte-vorstrafe-darf-nicht-berichtet-werden-bonner-unternehmer-erreicht-einstweilige-verfuegung-gegen-pressebericht\/","title":{"rendered":"\u00dcber gel\u00f6schte Vorstrafe darf nicht berichtet werden: Bonner Unternehmer erreicht einstweilige Verf\u00fcgung gegen Pressebericht"},"content":{"rendered":"<p>Eine bekannte Zeitung hatte \u00fcber einen Bonner Unternehmer berichtet und diesen als vorbestraft bezeichnet. Aus einem \u00fcber 10 Jahre alten Strafurteil gegen den Unternehmer hatte das Blatt umfangreich zitiert. Tats\u00e4chlich weist das F\u00fchrungszeugnis des Unternehmers keine Eintragung mehr auf. Die alte Vorstrafe wurde bereits vor l\u00e4ngerer Zeit aus dem Bundeszentralregister (BZR) getilgt. Ferner hatte das Blatt unwahr behauptet, der Unternehmer habe Verbindlichkeiten in f\u00fcnfstelliger H\u00f6he bei einer Bonner PR-Agentur. In Wahrheit waren die berechtigten Honorarforderungen der Agentur vollst\u00e4ndig gezahlt.<\/p>\n<p>Auf eine ausf\u00fchrlich begr\u00fcndete Beanstandung der Berichterstattung durch seinen PR-Berater erhielt der Betroffene nur eine kurze ablehnende Antwort der Chefredaktion (\u201e&hellip;&nbsp;<i>Es mag bei der Bewertung von Fakten unterschiedliche Sichtweisen geben.<\/i>&nbsp;&hellip;\u201c). Er beantragte mit Hilfe von H\u00d6CKER eine einstweilige Verf\u00fcgung beim Landgericht K\u00f6ln. Das Gericht erlie\u00df nun die Verf\u00fcgung. Die Zeitung darf danach ihre falschen Darstellungen \u00fcber den Mandanten nicht wiederholen&nbsp;und ihn im Hinblick auf das \u00fcber 10 Jahre alte, aus dem BZR getilgte Strafurteil nicht mehr erkennbar machen oder daraus auszugsweise zitieren. <\/p>\n<p>Rechtsanwalt Dr. Marcel Leeser: <\/p>\n<p>  <i>\u201eDie Presse darf nicht \u00fcber Vorstrafen berichten, die aus dem BZR getilgt sind, und dabei den Betroffenen erkennbar machen. Er gilt nach Tilgung als unbestraft. Bemerkenswert an diesem Fall ist die lapidare Reaktion des Verlags auf eine gut begr\u00fcndete Beanstandung, die nicht von einem Presseanwalt kam. Offenbar hatte sich nicht einmal die Rechtsabteilung des Verlages hiermit befasst.\u201c<\/i><\/p>\n<p><em><\/em><\/p>\n","protected":false},"excerpt":{"rendered":"<p>Eine bekannte Zeitung hatte \u00fcber einen Bonner Unternehmer berichtet und diesen als vorbestraft bezeichnet. Aus einem \u00fcber 10 Jahre alten Strafurteil gegen den Unternehmer hatte das Blatt umfangreich zitiert. Tats\u00e4chlich weist das F\u00fchrungszeugnis des Unternehmers keine Eintragung mehr auf. Die alte Vorstrafe wurde bereits vor l\u00e4ngerer Zeit aus dem Bundeszentralregister (BZR) getilgt. Ferner hatte das [&hellip;]<\/p>\n","protected":false},"author":1,"featured_media":0,"comment_status":"closed","ping_status":"closed","sticky":false,"template":"","format":"standard","meta":{"_has_post_settings":[],"footnotes":""},"categories":[15],"tags":[],"hashtags":[],"ppma_author":[84],"class_list":["post-8405","post","type-post","status-publish","format-standard","hentry","category-news","author-hoecker_adm"],"yoast_head":"<!-- This site is optimized with the Yoast SEO Premium plugin v25.9 (Yoast SEO v27.0) - https:\/\/yoast.com\/product\/yoast-seo-premium-wordpress\/ -->\n<title>\u00dcber gel\u00f6schte Vorstrafe darf nicht berichtet werden: Bonner Unternehmer erreicht einstweilige Verf\u00fcgung gegen Pressebericht - H\u00d6CKER - der Blog<\/title>\n<meta name=\"robots\" content=\"index, follow, max-snippet:-1, max-image-preview:large, max-video-preview:-1\" \/>\n<link rel=\"canonical\" href=\"https:\/\/www.hoecker.eu\/blog\/ueber-geloeschte-vorstrafe-darf-nicht-berichtet-werden-bonner-unternehmer-erreicht-einstweilige-verfuegung-gegen-pressebericht\/\" \/>\n<meta property=\"og:locale\" content=\"de_DE\" \/>\n<meta property=\"og:type\" content=\"article\" \/>\n<meta property=\"og:title\" content=\"\u00dcber gel\u00f6schte Vorstrafe darf nicht berichtet werden: Bonner Unternehmer erreicht einstweilige Verf\u00fcgung gegen Pressebericht\" \/>\n<meta property=\"og:description\" content=\"Eine bekannte Zeitung hatte \u00fcber einen Bonner Unternehmer berichtet und diesen als vorbestraft bezeichnet. Aus einem \u00fcber 10 Jahre alten Strafurteil gegen den Unternehmer hatte das Blatt umfangreich zitiert. Tats\u00e4chlich weist das F\u00fchrungszeugnis des Unternehmers keine Eintragung mehr auf. Die alte Vorstrafe wurde bereits vor l\u00e4ngerer Zeit aus dem Bundeszentralregister (BZR) getilgt. Ferner hatte das [&hellip;]\" \/>\n<meta property=\"og:url\" content=\"https:\/\/www.hoecker.eu\/blog\/ueber-geloeschte-vorstrafe-darf-nicht-berichtet-werden-bonner-unternehmer-erreicht-einstweilige-verfuegung-gegen-pressebericht\/\" \/>\n<meta property=\"og:site_name\" content=\"H\u00d6CKER - der Blog\" \/>\n<meta property=\"article:publisher\" content=\"https:\/\/www.facebook.com\/HoeckerRAe\/\" \/>\n<meta property=\"article:author\" content=\"https:\/\/www.facebook.com\/ralf.hoecker\" \/>\n<meta property=\"article:published_time\" content=\"2016-11-23T15:12:00+00:00\" \/>\n<meta property=\"article:modified_time\" content=\"2025-02-17T13:57:18+00:00\" \/>\n<meta name=\"author\" content=\"Prof. Dr. Ralf H\u00f6cker\" \/>\n<meta name=\"twitter:card\" content=\"summary_large_image\" \/>\n<meta name=\"twitter:creator\" content=\"@Ralf_Hoecker\" \/>\n<meta name=\"twitter:site\" content=\"@hoecker_rae\" \/>\n<meta name=\"twitter:label1\" content=\"Verfasst von\" \/>\n\t<meta name=\"twitter:data1\" content=\"Prof. Dr. Ralf H\u00f6cker\" \/>\n\t<meta name=\"twitter:label2\" content=\"Gesch\u00e4tzte Lesezeit\" \/>\n\t<meta name=\"twitter:data2\" content=\"1\u00a0Minute\" \/>\n<script type=\"application\/ld+json\" class=\"yoast-schema-graph\">{\"@context\":\"https:\/\/schema.org\",\"@graph\":[{\"@type\":\"Article\",\"@id\":\"https:\/\/www.hoecker.eu\/blog\/ueber-geloeschte-vorstrafe-darf-nicht-berichtet-werden-bonner-unternehmer-erreicht-einstweilige-verfuegung-gegen-pressebericht\/#article\",\"isPartOf\":{\"@id\":\"https:\/\/www.hoecker.eu\/blog\/ueber-geloeschte-vorstrafe-darf-nicht-berichtet-werden-bonner-unternehmer-erreicht-einstweilige-verfuegung-gegen-pressebericht\/\"},\"author\":{\"name\":\"Prof. Dr. Ralf H\u00f6cker\",\"@id\":\"https:\/\/www.hoecker.eu\/blog\/#\/schema\/person\/08f95581eed0534eccd0b2438f7a1cab\"},\"headline\":\"\u00dcber gel\u00f6schte Vorstrafe darf nicht berichtet werden: Bonner Unternehmer erreicht einstweilige Verf\u00fcgung gegen Pressebericht\",\"datePublished\":\"2016-11-23T15:12:00+00:00\",\"dateModified\":\"2025-02-17T13:57:18+00:00\",\"mainEntityOfPage\":{\"@id\":\"https:\/\/www.hoecker.eu\/blog\/ueber-geloeschte-vorstrafe-darf-nicht-berichtet-werden-bonner-unternehmer-erreicht-einstweilige-verfuegung-gegen-pressebericht\/\"},\"wordCount\":255,\"publisher\":{\"@id\":\"https:\/\/www.hoecker.eu\/blog\/#organization\"},\"articleSection\":[\"News\"],\"inLanguage\":\"de\"},{\"@type\":\"WebPage\",\"@id\":\"https:\/\/www.hoecker.eu\/blog\/ueber-geloeschte-vorstrafe-darf-nicht-berichtet-werden-bonner-unternehmer-erreicht-einstweilige-verfuegung-gegen-pressebericht\/\",\"url\":\"https:\/\/www.hoecker.eu\/blog\/ueber-geloeschte-vorstrafe-darf-nicht-berichtet-werden-bonner-unternehmer-erreicht-einstweilige-verfuegung-gegen-pressebericht\/\",\"name\":\"\u00dcber gel\u00f6schte Vorstrafe darf nicht berichtet werden: Bonner Unternehmer erreicht einstweilige Verf\u00fcgung gegen Pressebericht - H\u00d6CKER - der Blog\",\"isPartOf\":{\"@id\":\"https:\/\/www.hoecker.eu\/blog\/#website\"},\"datePublished\":\"2016-11-23T15:12:00+00:00\",\"dateModified\":\"2025-02-17T13:57:18+00:00\",\"breadcrumb\":{\"@id\":\"https:\/\/www.hoecker.eu\/blog\/ueber-geloeschte-vorstrafe-darf-nicht-berichtet-werden-bonner-unternehmer-erreicht-einstweilige-verfuegung-gegen-pressebericht\/#breadcrumb\"},\"inLanguage\":\"de\",\"potentialAction\":[{\"@type\":\"ReadAction\",\"target\":[\"https:\/\/www.hoecker.eu\/blog\/ueber-geloeschte-vorstrafe-darf-nicht-berichtet-werden-bonner-unternehmer-erreicht-einstweilige-verfuegung-gegen-pressebericht\/\"]}]},{\"@type\":\"BreadcrumbList\",\"@id\":\"https:\/\/www.hoecker.eu\/blog\/ueber-geloeschte-vorstrafe-darf-nicht-berichtet-werden-bonner-unternehmer-erreicht-einstweilige-verfuegung-gegen-pressebericht\/#breadcrumb\",\"itemListElement\":[{\"@type\":\"ListItem\",\"position\":1,\"name\":\"Startseite\",\"item\":\"https:\/\/dev.hoecker.eu\/blog\/\"},{\"@type\":\"ListItem\",\"position\":2,\"name\":\"\u00dcber gel\u00f6schte Vorstrafe darf nicht berichtet werden: Bonner Unternehmer erreicht einstweilige Verf\u00fcgung gegen Pressebericht\"}]},{\"@type\":\"WebSite\",\"@id\":\"https:\/\/www.hoecker.eu\/blog\/#website\",\"url\":\"https:\/\/www.hoecker.eu\/blog\/\",\"name\":\"H\u00d6CKER - der Blog\",\"description\":\"Expertenblog f\u00fcr \u00c4u\u00dferungs-, Medien-, Marken-, Urheber- und Wettbewerbsrecht.\",\"publisher\":{\"@id\":\"https:\/\/www.hoecker.eu\/blog\/#organization\"},\"potentialAction\":[{\"@type\":\"SearchAction\",\"target\":{\"@type\":\"EntryPoint\",\"urlTemplate\":\"https:\/\/www.hoecker.eu\/blog\/?s={search_term_string}\"},\"query-input\":{\"@type\":\"PropertyValueSpecification\",\"valueRequired\":true,\"valueName\":\"search_term_string\"}}],\"inLanguage\":\"de\"},{\"@type\":\"Organization\",\"@id\":\"https:\/\/www.hoecker.eu\/blog\/#organization\",\"name\":\"H\u00d6CKER Rechtsanw\u00e4lte PartGmbB\",\"alternateName\":\"H\u00d6CKER\",\"url\":\"https:\/\/www.hoecker.eu\/blog\/\",\"logo\":{\"@type\":\"ImageObject\",\"inLanguage\":\"de\",\"@id\":\"https:\/\/www.hoecker.eu\/blog\/#\/schema\/logo\/image\/\",\"url\":\"https:\/\/www.hoecker.eu\/blog\/wp-content\/uploads\/2025\/03\/Blog-Logo.webp\",\"contentUrl\":\"https:\/\/www.hoecker.eu\/blog\/wp-content\/uploads\/2025\/03\/Blog-Logo.webp\",\"width\":500,\"height\":500,\"caption\":\"H\u00d6CKER Rechtsanw\u00e4lte PartGmbB\"},\"image\":{\"@id\":\"https:\/\/www.hoecker.eu\/blog\/#\/schema\/logo\/image\/\"},\"sameAs\":[\"https:\/\/www.facebook.com\/HoeckerRAe\/\",\"https:\/\/x.com\/hoecker_rae\",\"https:\/\/www.linkedin.com\/company\/hcker-rechtsanwlte\/\",\"https:\/\/www.instagram.com\/hoecker_rae\/\"],\"email\":\"contact@hoecker.eu\",\"telephone\":\"+ 49 (0)221-933 19-10\",\"legalName\":\"H\u00d6CKER Rechtsanw\u00e4lte PartGmbB\",\"numberOfEmployees\":{\"@type\":\"QuantitativeValue\",\"minValue\":\"11\",\"maxValue\":\"50\"}},{\"@type\":\"Person\",\"@id\":\"https:\/\/www.hoecker.eu\/blog\/#\/schema\/person\/08f95581eed0534eccd0b2438f7a1cab\",\"name\":\"Prof. Dr. Ralf H\u00f6cker\",\"description\":\"Medienanwalt. Besch\u00fctzer vor mieser Presse\",\"sameAs\":[\"https:\/\/www.hoecker.eu\/wer\/prof-dr-ralf-hoecker\",\"https:\/\/www.facebook.com\/ralf.hoecker\",\"https:\/\/www.linkedin.com\/in\/prof-dr-ralf-hcker-ll-m-london-17987826\/\",\"https:\/\/x.com\/Ralf_Hoecker\"],\"url\":\"https:\/\/www.hoecker.eu\/blog\/author\/hoecker_adm\/\"}]}<\/script>\n<!-- \/ Yoast SEO Premium plugin. -->","yoast_head_json":{"title":"\u00dcber gel\u00f6schte Vorstrafe darf nicht berichtet werden: Bonner Unternehmer erreicht einstweilige Verf\u00fcgung gegen Pressebericht - H\u00d6CKER - der Blog","robots":{"index":"index","follow":"follow","max-snippet":"max-snippet:-1","max-image-preview":"max-image-preview:large","max-video-preview":"max-video-preview:-1"},"canonical":"https:\/\/www.hoecker.eu\/blog\/ueber-geloeschte-vorstrafe-darf-nicht-berichtet-werden-bonner-unternehmer-erreicht-einstweilige-verfuegung-gegen-pressebericht\/","og_locale":"de_DE","og_type":"article","og_title":"\u00dcber gel\u00f6schte Vorstrafe darf nicht berichtet werden: Bonner Unternehmer erreicht einstweilige Verf\u00fcgung gegen Pressebericht","og_description":"Eine bekannte Zeitung hatte \u00fcber einen Bonner Unternehmer berichtet und diesen als vorbestraft bezeichnet. Aus einem \u00fcber 10 Jahre alten Strafurteil gegen den Unternehmer hatte das Blatt umfangreich zitiert. Tats\u00e4chlich weist das F\u00fchrungszeugnis des Unternehmers keine Eintragung mehr auf. Die alte Vorstrafe wurde bereits vor l\u00e4ngerer Zeit aus dem Bundeszentralregister (BZR) getilgt. Ferner hatte das [&hellip;]","og_url":"https:\/\/www.hoecker.eu\/blog\/ueber-geloeschte-vorstrafe-darf-nicht-berichtet-werden-bonner-unternehmer-erreicht-einstweilige-verfuegung-gegen-pressebericht\/","og_site_name":"H\u00d6CKER - der Blog","article_publisher":"https:\/\/www.facebook.com\/HoeckerRAe\/","article_author":"https:\/\/www.facebook.com\/ralf.hoecker","article_published_time":"2016-11-23T15:12:00+00:00","article_modified_time":"2025-02-17T13:57:18+00:00","author":"Prof. Dr. Ralf H\u00f6cker","twitter_card":"summary_large_image","twitter_creator":"@Ralf_Hoecker","twitter_site":"@hoecker_rae","twitter_misc":{"Verfasst von":"Prof. Dr. Ralf H\u00f6cker","Gesch\u00e4tzte Lesezeit":"1\u00a0Minute"},"schema":{"@context":"https:\/\/schema.org","@graph":[{"@type":"Article","@id":"https:\/\/www.hoecker.eu\/blog\/ueber-geloeschte-vorstrafe-darf-nicht-berichtet-werden-bonner-unternehmer-erreicht-einstweilige-verfuegung-gegen-pressebericht\/#article","isPartOf":{"@id":"https:\/\/www.hoecker.eu\/blog\/ueber-geloeschte-vorstrafe-darf-nicht-berichtet-werden-bonner-unternehmer-erreicht-einstweilige-verfuegung-gegen-pressebericht\/"},"author":{"name":"Prof. Dr. Ralf H\u00f6cker","@id":"https:\/\/www.hoecker.eu\/blog\/#\/schema\/person\/08f95581eed0534eccd0b2438f7a1cab"},"headline":"\u00dcber gel\u00f6schte Vorstrafe darf nicht berichtet werden: Bonner Unternehmer erreicht einstweilige Verf\u00fcgung gegen Pressebericht","datePublished":"2016-11-23T15:12:00+00:00","dateModified":"2025-02-17T13:57:18+00:00","mainEntityOfPage":{"@id":"https:\/\/www.hoecker.eu\/blog\/ueber-geloeschte-vorstrafe-darf-nicht-berichtet-werden-bonner-unternehmer-erreicht-einstweilige-verfuegung-gegen-pressebericht\/"},"wordCount":255,"publisher":{"@id":"https:\/\/www.hoecker.eu\/blog\/#organization"},"articleSection":["News"],"inLanguage":"de"},{"@type":"WebPage","@id":"https:\/\/www.hoecker.eu\/blog\/ueber-geloeschte-vorstrafe-darf-nicht-berichtet-werden-bonner-unternehmer-erreicht-einstweilige-verfuegung-gegen-pressebericht\/","url":"https:\/\/www.hoecker.eu\/blog\/ueber-geloeschte-vorstrafe-darf-nicht-berichtet-werden-bonner-unternehmer-erreicht-einstweilige-verfuegung-gegen-pressebericht\/","name":"\u00dcber gel\u00f6schte Vorstrafe darf nicht berichtet werden: Bonner Unternehmer erreicht einstweilige Verf\u00fcgung gegen Pressebericht - H\u00d6CKER - der Blog","isPartOf":{"@id":"https:\/\/www.hoecker.eu\/blog\/#website"},"datePublished":"2016-11-23T15:12:00+00:00","dateModified":"2025-02-17T13:57:18+00:00","breadcrumb":{"@id":"https:\/\/www.hoecker.eu\/blog\/ueber-geloeschte-vorstrafe-darf-nicht-berichtet-werden-bonner-unternehmer-erreicht-einstweilige-verfuegung-gegen-pressebericht\/#breadcrumb"},"inLanguage":"de","potentialAction":[{"@type":"ReadAction","target":["https:\/\/www.hoecker.eu\/blog\/ueber-geloeschte-vorstrafe-darf-nicht-berichtet-werden-bonner-unternehmer-erreicht-einstweilige-verfuegung-gegen-pressebericht\/"]}]},{"@type":"BreadcrumbList","@id":"https:\/\/www.hoecker.eu\/blog\/ueber-geloeschte-vorstrafe-darf-nicht-berichtet-werden-bonner-unternehmer-erreicht-einstweilige-verfuegung-gegen-pressebericht\/#breadcrumb","itemListElement":[{"@type":"ListItem","position":1,"name":"Startseite","item":"https:\/\/dev.hoecker.eu\/blog\/"},{"@type":"ListItem","position":2,"name":"\u00dcber gel\u00f6schte Vorstrafe darf nicht berichtet werden: Bonner Unternehmer erreicht einstweilige Verf\u00fcgung gegen Pressebericht"}]},{"@type":"WebSite","@id":"https:\/\/www.hoecker.eu\/blog\/#website","url":"https:\/\/www.hoecker.eu\/blog\/","name":"H\u00d6CKER - der Blog","description":"Expertenblog f\u00fcr \u00c4u\u00dferungs-, Medien-, Marken-, Urheber- und Wettbewerbsrecht.","publisher":{"@id":"https:\/\/www.hoecker.eu\/blog\/#organization"},"potentialAction":[{"@type":"SearchAction","target":{"@type":"EntryPoint","urlTemplate":"https:\/\/www.hoecker.eu\/blog\/?s={search_term_string}"},"query-input":{"@type":"PropertyValueSpecification","valueRequired":true,"valueName":"search_term_string"}}],"inLanguage":"de"},{"@type":"Organization","@id":"https:\/\/www.hoecker.eu\/blog\/#organization","name":"H\u00d6CKER Rechtsanw\u00e4lte PartGmbB","alternateName":"H\u00d6CKER","url":"https:\/\/www.hoecker.eu\/blog\/","logo":{"@type":"ImageObject","inLanguage":"de","@id":"https:\/\/www.hoecker.eu\/blog\/#\/schema\/logo\/image\/","url":"https:\/\/www.hoecker.eu\/blog\/wp-content\/uploads\/2025\/03\/Blog-Logo.webp","contentUrl":"https:\/\/www.hoecker.eu\/blog\/wp-content\/uploads\/2025\/03\/Blog-Logo.webp","width":500,"height":500,"caption":"H\u00d6CKER Rechtsanw\u00e4lte PartGmbB"},"image":{"@id":"https:\/\/www.hoecker.eu\/blog\/#\/schema\/logo\/image\/"},"sameAs":["https:\/\/www.facebook.com\/HoeckerRAe\/","https:\/\/x.com\/hoecker_rae","https:\/\/www.linkedin.com\/company\/hcker-rechtsanwlte\/","https:\/\/www.instagram.com\/hoecker_rae\/"],"email":"contact@hoecker.eu","telephone":"+ 49 (0)221-933 19-10","legalName":"H\u00d6CKER Rechtsanw\u00e4lte PartGmbB","numberOfEmployees":{"@type":"QuantitativeValue","minValue":"11","maxValue":"50"}},{"@type":"Person","@id":"https:\/\/www.hoecker.eu\/blog\/#\/schema\/person\/08f95581eed0534eccd0b2438f7a1cab","name":"Prof. Dr. Ralf H\u00f6cker","description":"Medienanwalt. Besch\u00fctzer vor mieser Presse","sameAs":["https:\/\/www.hoecker.eu\/wer\/prof-dr-ralf-hoecker","https:\/\/www.facebook.com\/ralf.hoecker","https:\/\/www.linkedin.com\/in\/prof-dr-ralf-hcker-ll-m-london-17987826\/","https:\/\/x.com\/Ralf_Hoecker"],"url":"https:\/\/www.hoecker.eu\/blog\/author\/hoecker_adm\/"}]}},"authors":[{"term_id":84,"user_id":1,"is_guest":0,"slug":"hoecker_adm","display_name":"Prof. Dr. Ralf H\u00f6cker","avatar_url":{"url":"https:\/\/www.hoecker.eu\/blog\/wp-content\/uploads\/2023\/12\/ProfDrRalfHoecker.jpg","url2x":"https:\/\/www.hoecker.eu\/blog\/wp-content\/uploads\/2023\/12\/ProfDrRalfHoecker.jpg"},"0":null,"1":"","2":"","3":"","4":"","5":"","6":"","7":"","8":"","9":"","10":"","11":""}],"_links":{"self":[{"href":"https:\/\/www.hoecker.eu\/blog\/wp-json\/wp\/v2\/posts\/8405","targetHints":{"allow":["GET"]}}],"collection":[{"href":"https:\/\/www.hoecker.eu\/blog\/wp-json\/wp\/v2\/posts"}],"about":[{"href":"https:\/\/www.hoecker.eu\/blog\/wp-json\/wp\/v2\/types\/post"}],"author":[{"embeddable":true,"href":"https:\/\/www.hoecker.eu\/blog\/wp-json\/wp\/v2\/users\/1"}],"replies":[{"embeddable":true,"href":"https:\/\/www.hoecker.eu\/blog\/wp-json\/wp\/v2\/comments?post=8405"}],"version-history":[{"count":1,"href":"https:\/\/www.hoecker.eu\/blog\/wp-json\/wp\/v2\/posts\/8405\/revisions"}],"predecessor-version":[{"id":9527,"href":"https:\/\/www.hoecker.eu\/blog\/wp-json\/wp\/v2\/posts\/8405\/revisions\/9527"}],"wp:attachment":[{"href":"https:\/\/www.hoecker.eu\/blog\/wp-json\/wp\/v2\/media?parent=8405"}],"wp:term":[{"taxonomy":"category","embeddable":true,"href":"https:\/\/www.hoecker.eu\/blog\/wp-json\/wp\/v2\/categories?post=8405"},{"taxonomy":"post_tag","embeddable":true,"href":"https:\/\/www.hoecker.eu\/blog\/wp-json\/wp\/v2\/tags?post=8405"},{"taxonomy":"hashtags","embeddable":true,"href":"https:\/\/www.hoecker.eu\/blog\/wp-json\/wp\/v2\/hashtags?post=8405"},{"taxonomy":"author","embeddable":true,"href":"https:\/\/www.hoecker.eu\/blog\/wp-json\/wp\/v2\/ppma_author?post=8405"}],"curies":[{"name":"wp","href":"https:\/\/api.w.org\/{rel}","templated":true}]}}