{"id":8402,"date":"2016-12-19T11:15:00","date_gmt":"2016-12-19T10:15:00","guid":{"rendered":"https:\/\/www.hoecker.eu\/blog\/frauke-petry-ist-nicht-die-spitzenreiterin-der-falschaussagen-luegen-ranking-der-koelner-journalistenschule-durch-olg-koeln-verboten\/"},"modified":"2025-02-17T14:57:16","modified_gmt":"2025-02-17T13:57:16","slug":"frauke-petry-ist-nicht-die-spitzenreiterin-der-falschaussagen-luegen-ranking-der-koelner-journalistenschule-durch-olg-koeln-verboten","status":"publish","type":"post","link":"https:\/\/www.hoecker.eu\/blog\/frauke-petry-ist-nicht-die-spitzenreiterin-der-falschaussagen-luegen-ranking-der-koelner-journalistenschule-durch-olg-koeln-verboten\/","title":{"rendered":"Frauke Petry ist nicht die \u201eSpitzenreiterin der Falschaussagen\u201c. L\u00fcgen-Ranking der K\u00f6lner Journalistenschule durch OLG K\u00f6ln verboten."},"content":{"rendered":"<p>Das OLG K\u00f6ln hat der K\u00f6lner Journalistenschule die Verbreitung des Ergebnisses ihrer Studie \u201eFaktenzoom\u201c verboten. Die Nachwuchs-Journalisten hatten Talkshow-Aussagen von Politikern auf ihren Wahrheitsgehalt \u00fcberpr\u00fcft. Dabei waren sie zu dem falschen Ergebnis gekommen, dass Frau Petry prozentual die meisten Falschaussagen get\u00e4tigt habe. Dies war von zahlreichen Medien aufgegriffen worden. ZEIT ONLINE etwa bezeichnete Frau Petry in diesem Zusammenhang als \u201ePinocchio unter den Talkshowg\u00e4sten\u201c. Auf welt.de hie\u00df es, dass Frau Petry als \u201eFalschaussagen-Spitzenreiterin\u201c entlarvt worden sei. Die Online-Ausgabe des Berliner Kurier titelte, dass Frauke Petry laut der Studie \u201eden meisten Unsinn [rede]\u201c. Zu Unrecht, wie sich jetzt herausstellte.<\/p>\n<p>Dass das Projekt \u201eFaktenzoom\u201c an offensichtlichen methodischen und effektiven Fehlern litt, fiel den meisten Medien nicht auf. Genauer hingesehen hatten nur die Journalisten Stefan Niggemeier (<a href=\"http:\/\/uebermedien.de\/5689\/der-fehlerteufel-arbeitet-jetzt-als-faktenchecker\/\">http:\/\/uebermedien.de\/5689\/der-fehlerteufel-arbeitet-jetzt-als-faktenchecker\/<\/a>) und Norbert H\u00e4ring (<a href=\"http:\/\/norberthaering.de\/de\/27-german\/news\/635-wahrheitsjournalisten\">http:\/\/norberthaering.de\/de\/27-german\/news\/635-wahrheitsjournalisten<\/a>). Beide bem\u00e4ngelten zu Recht, dass die Journalistensch\u00fcler ihrer Pr\u00fcfung mitunter Aussagen zugrunde legten, die die Politiker so weder w\u00f6rtlich noch sinngem\u00e4\u00df get\u00e4tigt hatten. Zu Recht kritisiert wurde auch, dass bestimmte \u00c4u\u00dferungen als Falschaussagen qualifiziert wurden, obwohl sie tats\u00e4chlich gar keine Falschaussagen enthielten. Die Auswertung zu Frauke Petry war besonders zweifelhaft. Die AfD-Vorsitzende ging daher mit H\u00d6CKER hiergegen vor. Mit Erfolg.<\/p>\n<p>Das Oberlandesgericht K\u00f6ln gab Petry in zentralen Punkten Recht (Urteil vom 15.12.2016, Az. 15 W 46\/16 n.rkr.). Danach d\u00fcrfen mehrere von Petrys Talkshow-Aussagen k\u00fcnftig nicht mehr als \u201efalsch\u201c gewertet werden. Auch die Verbreitung des Gesamtergebnisses, das Petry als Spitzenreiterin der Falschaussagen auswies, ist nun unzul\u00e4ssig. Denn bei Ausblendung der zu Unrecht als Falschaussage gewerteten Aussagen ist nicht Frau Petry die Spitzenreiterin der Falschaussagen. Rechnerischer Erstplatzierter w\u00e4re nunmehr Herr Markus S\u00f6der (CSU).<\/p>\n<p>Rechtsanwalt Dr. Carsten Brennecke:<\/p>\n<p>\u201eDas OLG K\u00f6ln hat zentrale Fehler der Journalistensch\u00fcler korrigiert. Ihre get\u00fcrkte Auswertung zu angeblichen Falschaussagen von Frau Petry scheint von der Absicht getragen gewesen zu sein, der Mandantin einen Spitzenplatz als vermeintliche Talkshow-L\u00fcgnerin zuzuweisen. Es bleibt zu hoffen, dass die Journalistensch\u00fcler in Zukunft sorgf\u00e4ltiger und weniger tendenzi\u00f6s arbeiten und sich kein Beispiel an den vielen Profi-Journalisten nehmen, die das falsche L\u00fcgen-Ranking v\u00f6llig ungepr\u00fcft weiterverbreiteten.\u201c<\/p>\n","protected":false},"excerpt":{"rendered":"<p>Das OLG K\u00f6ln hat der K\u00f6lner Journalistenschule die Verbreitung des Ergebnisses ihrer Studie \u201eFaktenzoom\u201c verboten. Die Nachwuchs-Journalisten hatten Talkshow-Aussagen von Politikern auf ihren Wahrheitsgehalt \u00fcberpr\u00fcft. Dabei waren sie zu dem falschen Ergebnis gekommen, dass Frau Petry prozentual die meisten Falschaussagen get\u00e4tigt habe. Dies war von zahlreichen Medien aufgegriffen worden. ZEIT ONLINE etwa bezeichnete Frau Petry [&hellip;]<\/p>\n","protected":false},"author":1,"featured_media":0,"comment_status":"closed","ping_status":"closed","sticky":false,"template":"","format":"standard","meta":{"_has_post_settings":[],"footnotes":""},"categories":[15],"tags":[],"hashtags":[],"ppma_author":[84],"class_list":["post-8402","post","type-post","status-publish","format-standard","hentry","category-news","author-hoecker_adm"],"yoast_head":"<!-- This site is optimized with the Yoast SEO Premium plugin v25.9 (Yoast SEO v27.0) - https:\/\/yoast.com\/product\/yoast-seo-premium-wordpress\/ -->\n<title>Frauke Petry ist nicht die \u201eSpitzenreiterin der Falschaussagen\u201c. L\u00fcgen-Ranking der K\u00f6lner Journalistenschule durch OLG K\u00f6ln verboten. - H\u00d6CKER - der Blog<\/title>\n<meta name=\"robots\" content=\"index, follow, max-snippet:-1, max-image-preview:large, max-video-preview:-1\" \/>\n<link rel=\"canonical\" href=\"https:\/\/www.hoecker.eu\/blog\/frauke-petry-ist-nicht-die-spitzenreiterin-der-falschaussagen-luegen-ranking-der-koelner-journalistenschule-durch-olg-koeln-verboten\/\" \/>\n<meta property=\"og:locale\" content=\"de_DE\" \/>\n<meta property=\"og:type\" content=\"article\" \/>\n<meta property=\"og:title\" content=\"Frauke Petry ist nicht die \u201eSpitzenreiterin der Falschaussagen\u201c. L\u00fcgen-Ranking der K\u00f6lner Journalistenschule durch OLG K\u00f6ln verboten.\" \/>\n<meta property=\"og:description\" content=\"Das OLG K\u00f6ln hat der K\u00f6lner Journalistenschule die Verbreitung des Ergebnisses ihrer Studie \u201eFaktenzoom\u201c verboten. Die Nachwuchs-Journalisten hatten Talkshow-Aussagen von Politikern auf ihren Wahrheitsgehalt \u00fcberpr\u00fcft. Dabei waren sie zu dem falschen Ergebnis gekommen, dass Frau Petry prozentual die meisten Falschaussagen get\u00e4tigt habe. Dies war von zahlreichen Medien aufgegriffen worden. ZEIT ONLINE etwa bezeichnete Frau Petry [&hellip;]\" \/>\n<meta property=\"og:url\" content=\"https:\/\/www.hoecker.eu\/blog\/frauke-petry-ist-nicht-die-spitzenreiterin-der-falschaussagen-luegen-ranking-der-koelner-journalistenschule-durch-olg-koeln-verboten\/\" \/>\n<meta property=\"og:site_name\" content=\"H\u00d6CKER - der Blog\" \/>\n<meta property=\"article:publisher\" content=\"https:\/\/www.facebook.com\/HoeckerRAe\/\" \/>\n<meta property=\"article:author\" content=\"https:\/\/www.facebook.com\/ralf.hoecker\" \/>\n<meta property=\"article:published_time\" content=\"2016-12-19T10:15:00+00:00\" \/>\n<meta property=\"article:modified_time\" content=\"2025-02-17T13:57:16+00:00\" \/>\n<meta name=\"author\" content=\"Prof. Dr. Ralf H\u00f6cker\" \/>\n<meta name=\"twitter:card\" content=\"summary_large_image\" \/>\n<meta name=\"twitter:creator\" content=\"@Ralf_Hoecker\" \/>\n<meta name=\"twitter:site\" content=\"@hoecker_rae\" \/>\n<meta name=\"twitter:label1\" content=\"Verfasst von\" \/>\n\t<meta name=\"twitter:data1\" content=\"Prof. Dr. Ralf H\u00f6cker\" \/>\n\t<meta name=\"twitter:label2\" content=\"Gesch\u00e4tzte Lesezeit\" \/>\n\t<meta name=\"twitter:data2\" content=\"2\u00a0Minuten\" \/>\n<script type=\"application\/ld+json\" class=\"yoast-schema-graph\">{\"@context\":\"https:\/\/schema.org\",\"@graph\":[{\"@type\":\"Article\",\"@id\":\"https:\/\/www.hoecker.eu\/blog\/frauke-petry-ist-nicht-die-spitzenreiterin-der-falschaussagen-luegen-ranking-der-koelner-journalistenschule-durch-olg-koeln-verboten\/#article\",\"isPartOf\":{\"@id\":\"https:\/\/www.hoecker.eu\/blog\/frauke-petry-ist-nicht-die-spitzenreiterin-der-falschaussagen-luegen-ranking-der-koelner-journalistenschule-durch-olg-koeln-verboten\/\"},\"author\":{\"name\":\"Prof. Dr. Ralf H\u00f6cker\",\"@id\":\"https:\/\/www.hoecker.eu\/blog\/#\/schema\/person\/08f95581eed0534eccd0b2438f7a1cab\"},\"headline\":\"Frauke Petry ist nicht die \u201eSpitzenreiterin der Falschaussagen\u201c. L\u00fcgen-Ranking der K\u00f6lner Journalistenschule durch OLG K\u00f6ln verboten.\",\"datePublished\":\"2016-12-19T10:15:00+00:00\",\"dateModified\":\"2025-02-17T13:57:16+00:00\",\"mainEntityOfPage\":{\"@id\":\"https:\/\/www.hoecker.eu\/blog\/frauke-petry-ist-nicht-die-spitzenreiterin-der-falschaussagen-luegen-ranking-der-koelner-journalistenschule-durch-olg-koeln-verboten\/\"},\"wordCount\":383,\"publisher\":{\"@id\":\"https:\/\/www.hoecker.eu\/blog\/#organization\"},\"articleSection\":[\"News\"],\"inLanguage\":\"de\"},{\"@type\":\"WebPage\",\"@id\":\"https:\/\/www.hoecker.eu\/blog\/frauke-petry-ist-nicht-die-spitzenreiterin-der-falschaussagen-luegen-ranking-der-koelner-journalistenschule-durch-olg-koeln-verboten\/\",\"url\":\"https:\/\/www.hoecker.eu\/blog\/frauke-petry-ist-nicht-die-spitzenreiterin-der-falschaussagen-luegen-ranking-der-koelner-journalistenschule-durch-olg-koeln-verboten\/\",\"name\":\"Frauke Petry ist nicht die \u201eSpitzenreiterin der Falschaussagen\u201c. L\u00fcgen-Ranking der K\u00f6lner Journalistenschule durch OLG K\u00f6ln verboten. - H\u00d6CKER - der Blog\",\"isPartOf\":{\"@id\":\"https:\/\/www.hoecker.eu\/blog\/#website\"},\"datePublished\":\"2016-12-19T10:15:00+00:00\",\"dateModified\":\"2025-02-17T13:57:16+00:00\",\"breadcrumb\":{\"@id\":\"https:\/\/www.hoecker.eu\/blog\/frauke-petry-ist-nicht-die-spitzenreiterin-der-falschaussagen-luegen-ranking-der-koelner-journalistenschule-durch-olg-koeln-verboten\/#breadcrumb\"},\"inLanguage\":\"de\",\"potentialAction\":[{\"@type\":\"ReadAction\",\"target\":[\"https:\/\/www.hoecker.eu\/blog\/frauke-petry-ist-nicht-die-spitzenreiterin-der-falschaussagen-luegen-ranking-der-koelner-journalistenschule-durch-olg-koeln-verboten\/\"]}]},{\"@type\":\"BreadcrumbList\",\"@id\":\"https:\/\/www.hoecker.eu\/blog\/frauke-petry-ist-nicht-die-spitzenreiterin-der-falschaussagen-luegen-ranking-der-koelner-journalistenschule-durch-olg-koeln-verboten\/#breadcrumb\",\"itemListElement\":[{\"@type\":\"ListItem\",\"position\":1,\"name\":\"Startseite\",\"item\":\"https:\/\/dev.hoecker.eu\/blog\/\"},{\"@type\":\"ListItem\",\"position\":2,\"name\":\"Frauke Petry ist nicht die \u201eSpitzenreiterin der Falschaussagen\u201c. L\u00fcgen-Ranking der K\u00f6lner Journalistenschule durch OLG K\u00f6ln verboten.\"}]},{\"@type\":\"WebSite\",\"@id\":\"https:\/\/www.hoecker.eu\/blog\/#website\",\"url\":\"https:\/\/www.hoecker.eu\/blog\/\",\"name\":\"H\u00d6CKER - der Blog\",\"description\":\"Expertenblog f\u00fcr \u00c4u\u00dferungs-, Medien-, Marken-, Urheber- und Wettbewerbsrecht.\",\"publisher\":{\"@id\":\"https:\/\/www.hoecker.eu\/blog\/#organization\"},\"potentialAction\":[{\"@type\":\"SearchAction\",\"target\":{\"@type\":\"EntryPoint\",\"urlTemplate\":\"https:\/\/www.hoecker.eu\/blog\/?s={search_term_string}\"},\"query-input\":{\"@type\":\"PropertyValueSpecification\",\"valueRequired\":true,\"valueName\":\"search_term_string\"}}],\"inLanguage\":\"de\"},{\"@type\":\"Organization\",\"@id\":\"https:\/\/www.hoecker.eu\/blog\/#organization\",\"name\":\"H\u00d6CKER Rechtsanw\u00e4lte PartGmbB\",\"alternateName\":\"H\u00d6CKER\",\"url\":\"https:\/\/www.hoecker.eu\/blog\/\",\"logo\":{\"@type\":\"ImageObject\",\"inLanguage\":\"de\",\"@id\":\"https:\/\/www.hoecker.eu\/blog\/#\/schema\/logo\/image\/\",\"url\":\"https:\/\/www.hoecker.eu\/blog\/wp-content\/uploads\/2025\/03\/Blog-Logo.webp\",\"contentUrl\":\"https:\/\/www.hoecker.eu\/blog\/wp-content\/uploads\/2025\/03\/Blog-Logo.webp\",\"width\":500,\"height\":500,\"caption\":\"H\u00d6CKER Rechtsanw\u00e4lte PartGmbB\"},\"image\":{\"@id\":\"https:\/\/www.hoecker.eu\/blog\/#\/schema\/logo\/image\/\"},\"sameAs\":[\"https:\/\/www.facebook.com\/HoeckerRAe\/\",\"https:\/\/x.com\/hoecker_rae\",\"https:\/\/www.linkedin.com\/company\/hcker-rechtsanwlte\/\",\"https:\/\/www.instagram.com\/hoecker_rae\/\"],\"email\":\"contact@hoecker.eu\",\"telephone\":\"+ 49 (0)221-933 19-10\",\"legalName\":\"H\u00d6CKER Rechtsanw\u00e4lte PartGmbB\",\"numberOfEmployees\":{\"@type\":\"QuantitativeValue\",\"minValue\":\"11\",\"maxValue\":\"50\"}},{\"@type\":\"Person\",\"@id\":\"https:\/\/www.hoecker.eu\/blog\/#\/schema\/person\/08f95581eed0534eccd0b2438f7a1cab\",\"name\":\"Prof. Dr. Ralf H\u00f6cker\",\"description\":\"Medienanwalt. Besch\u00fctzer vor mieser Presse\",\"sameAs\":[\"https:\/\/www.hoecker.eu\/wer\/prof-dr-ralf-hoecker\",\"https:\/\/www.facebook.com\/ralf.hoecker\",\"https:\/\/www.linkedin.com\/in\/prof-dr-ralf-hcker-ll-m-london-17987826\/\",\"https:\/\/x.com\/Ralf_Hoecker\"],\"url\":\"https:\/\/www.hoecker.eu\/blog\/author\/hoecker_adm\/\"}]}<\/script>\n<!-- \/ Yoast SEO Premium plugin. -->","yoast_head_json":{"title":"Frauke Petry ist nicht die \u201eSpitzenreiterin der Falschaussagen\u201c. L\u00fcgen-Ranking der K\u00f6lner Journalistenschule durch OLG K\u00f6ln verboten. - H\u00d6CKER - der Blog","robots":{"index":"index","follow":"follow","max-snippet":"max-snippet:-1","max-image-preview":"max-image-preview:large","max-video-preview":"max-video-preview:-1"},"canonical":"https:\/\/www.hoecker.eu\/blog\/frauke-petry-ist-nicht-die-spitzenreiterin-der-falschaussagen-luegen-ranking-der-koelner-journalistenschule-durch-olg-koeln-verboten\/","og_locale":"de_DE","og_type":"article","og_title":"Frauke Petry ist nicht die \u201eSpitzenreiterin der Falschaussagen\u201c. L\u00fcgen-Ranking der K\u00f6lner Journalistenschule durch OLG K\u00f6ln verboten.","og_description":"Das OLG K\u00f6ln hat der K\u00f6lner Journalistenschule die Verbreitung des Ergebnisses ihrer Studie \u201eFaktenzoom\u201c verboten. Die Nachwuchs-Journalisten hatten Talkshow-Aussagen von Politikern auf ihren Wahrheitsgehalt \u00fcberpr\u00fcft. Dabei waren sie zu dem falschen Ergebnis gekommen, dass Frau Petry prozentual die meisten Falschaussagen get\u00e4tigt habe. Dies war von zahlreichen Medien aufgegriffen worden. ZEIT ONLINE etwa bezeichnete Frau Petry [&hellip;]","og_url":"https:\/\/www.hoecker.eu\/blog\/frauke-petry-ist-nicht-die-spitzenreiterin-der-falschaussagen-luegen-ranking-der-koelner-journalistenschule-durch-olg-koeln-verboten\/","og_site_name":"H\u00d6CKER - der Blog","article_publisher":"https:\/\/www.facebook.com\/HoeckerRAe\/","article_author":"https:\/\/www.facebook.com\/ralf.hoecker","article_published_time":"2016-12-19T10:15:00+00:00","article_modified_time":"2025-02-17T13:57:16+00:00","author":"Prof. Dr. Ralf H\u00f6cker","twitter_card":"summary_large_image","twitter_creator":"@Ralf_Hoecker","twitter_site":"@hoecker_rae","twitter_misc":{"Verfasst von":"Prof. Dr. Ralf H\u00f6cker","Gesch\u00e4tzte Lesezeit":"2\u00a0Minuten"},"schema":{"@context":"https:\/\/schema.org","@graph":[{"@type":"Article","@id":"https:\/\/www.hoecker.eu\/blog\/frauke-petry-ist-nicht-die-spitzenreiterin-der-falschaussagen-luegen-ranking-der-koelner-journalistenschule-durch-olg-koeln-verboten\/#article","isPartOf":{"@id":"https:\/\/www.hoecker.eu\/blog\/frauke-petry-ist-nicht-die-spitzenreiterin-der-falschaussagen-luegen-ranking-der-koelner-journalistenschule-durch-olg-koeln-verboten\/"},"author":{"name":"Prof. Dr. Ralf H\u00f6cker","@id":"https:\/\/www.hoecker.eu\/blog\/#\/schema\/person\/08f95581eed0534eccd0b2438f7a1cab"},"headline":"Frauke Petry ist nicht die \u201eSpitzenreiterin der Falschaussagen\u201c. L\u00fcgen-Ranking der K\u00f6lner Journalistenschule durch OLG K\u00f6ln verboten.","datePublished":"2016-12-19T10:15:00+00:00","dateModified":"2025-02-17T13:57:16+00:00","mainEntityOfPage":{"@id":"https:\/\/www.hoecker.eu\/blog\/frauke-petry-ist-nicht-die-spitzenreiterin-der-falschaussagen-luegen-ranking-der-koelner-journalistenschule-durch-olg-koeln-verboten\/"},"wordCount":383,"publisher":{"@id":"https:\/\/www.hoecker.eu\/blog\/#organization"},"articleSection":["News"],"inLanguage":"de"},{"@type":"WebPage","@id":"https:\/\/www.hoecker.eu\/blog\/frauke-petry-ist-nicht-die-spitzenreiterin-der-falschaussagen-luegen-ranking-der-koelner-journalistenschule-durch-olg-koeln-verboten\/","url":"https:\/\/www.hoecker.eu\/blog\/frauke-petry-ist-nicht-die-spitzenreiterin-der-falschaussagen-luegen-ranking-der-koelner-journalistenschule-durch-olg-koeln-verboten\/","name":"Frauke Petry ist nicht die \u201eSpitzenreiterin der Falschaussagen\u201c. L\u00fcgen-Ranking der K\u00f6lner Journalistenschule durch OLG K\u00f6ln verboten. - H\u00d6CKER - der Blog","isPartOf":{"@id":"https:\/\/www.hoecker.eu\/blog\/#website"},"datePublished":"2016-12-19T10:15:00+00:00","dateModified":"2025-02-17T13:57:16+00:00","breadcrumb":{"@id":"https:\/\/www.hoecker.eu\/blog\/frauke-petry-ist-nicht-die-spitzenreiterin-der-falschaussagen-luegen-ranking-der-koelner-journalistenschule-durch-olg-koeln-verboten\/#breadcrumb"},"inLanguage":"de","potentialAction":[{"@type":"ReadAction","target":["https:\/\/www.hoecker.eu\/blog\/frauke-petry-ist-nicht-die-spitzenreiterin-der-falschaussagen-luegen-ranking-der-koelner-journalistenschule-durch-olg-koeln-verboten\/"]}]},{"@type":"BreadcrumbList","@id":"https:\/\/www.hoecker.eu\/blog\/frauke-petry-ist-nicht-die-spitzenreiterin-der-falschaussagen-luegen-ranking-der-koelner-journalistenschule-durch-olg-koeln-verboten\/#breadcrumb","itemListElement":[{"@type":"ListItem","position":1,"name":"Startseite","item":"https:\/\/dev.hoecker.eu\/blog\/"},{"@type":"ListItem","position":2,"name":"Frauke Petry ist nicht die \u201eSpitzenreiterin der Falschaussagen\u201c. L\u00fcgen-Ranking der K\u00f6lner Journalistenschule durch OLG K\u00f6ln verboten."}]},{"@type":"WebSite","@id":"https:\/\/www.hoecker.eu\/blog\/#website","url":"https:\/\/www.hoecker.eu\/blog\/","name":"H\u00d6CKER - der Blog","description":"Expertenblog f\u00fcr \u00c4u\u00dferungs-, Medien-, Marken-, Urheber- und Wettbewerbsrecht.","publisher":{"@id":"https:\/\/www.hoecker.eu\/blog\/#organization"},"potentialAction":[{"@type":"SearchAction","target":{"@type":"EntryPoint","urlTemplate":"https:\/\/www.hoecker.eu\/blog\/?s={search_term_string}"},"query-input":{"@type":"PropertyValueSpecification","valueRequired":true,"valueName":"search_term_string"}}],"inLanguage":"de"},{"@type":"Organization","@id":"https:\/\/www.hoecker.eu\/blog\/#organization","name":"H\u00d6CKER Rechtsanw\u00e4lte PartGmbB","alternateName":"H\u00d6CKER","url":"https:\/\/www.hoecker.eu\/blog\/","logo":{"@type":"ImageObject","inLanguage":"de","@id":"https:\/\/www.hoecker.eu\/blog\/#\/schema\/logo\/image\/","url":"https:\/\/www.hoecker.eu\/blog\/wp-content\/uploads\/2025\/03\/Blog-Logo.webp","contentUrl":"https:\/\/www.hoecker.eu\/blog\/wp-content\/uploads\/2025\/03\/Blog-Logo.webp","width":500,"height":500,"caption":"H\u00d6CKER Rechtsanw\u00e4lte PartGmbB"},"image":{"@id":"https:\/\/www.hoecker.eu\/blog\/#\/schema\/logo\/image\/"},"sameAs":["https:\/\/www.facebook.com\/HoeckerRAe\/","https:\/\/x.com\/hoecker_rae","https:\/\/www.linkedin.com\/company\/hcker-rechtsanwlte\/","https:\/\/www.instagram.com\/hoecker_rae\/"],"email":"contact@hoecker.eu","telephone":"+ 49 (0)221-933 19-10","legalName":"H\u00d6CKER Rechtsanw\u00e4lte PartGmbB","numberOfEmployees":{"@type":"QuantitativeValue","minValue":"11","maxValue":"50"}},{"@type":"Person","@id":"https:\/\/www.hoecker.eu\/blog\/#\/schema\/person\/08f95581eed0534eccd0b2438f7a1cab","name":"Prof. Dr. Ralf H\u00f6cker","description":"Medienanwalt. Besch\u00fctzer vor mieser Presse","sameAs":["https:\/\/www.hoecker.eu\/wer\/prof-dr-ralf-hoecker","https:\/\/www.facebook.com\/ralf.hoecker","https:\/\/www.linkedin.com\/in\/prof-dr-ralf-hcker-ll-m-london-17987826\/","https:\/\/x.com\/Ralf_Hoecker"],"url":"https:\/\/www.hoecker.eu\/blog\/author\/hoecker_adm\/"}]}},"authors":[{"term_id":84,"user_id":1,"is_guest":0,"slug":"hoecker_adm","display_name":"Prof. Dr. Ralf H\u00f6cker","avatar_url":{"url":"https:\/\/www.hoecker.eu\/blog\/wp-content\/uploads\/2023\/12\/ProfDrRalfHoecker.jpg","url2x":"https:\/\/www.hoecker.eu\/blog\/wp-content\/uploads\/2023\/12\/ProfDrRalfHoecker.jpg"},"0":null,"1":"","2":"","3":"","4":"","5":"","6":"","7":"","8":"","9":"","10":"","11":""}],"_links":{"self":[{"href":"https:\/\/www.hoecker.eu\/blog\/wp-json\/wp\/v2\/posts\/8402","targetHints":{"allow":["GET"]}}],"collection":[{"href":"https:\/\/www.hoecker.eu\/blog\/wp-json\/wp\/v2\/posts"}],"about":[{"href":"https:\/\/www.hoecker.eu\/blog\/wp-json\/wp\/v2\/types\/post"}],"author":[{"embeddable":true,"href":"https:\/\/www.hoecker.eu\/blog\/wp-json\/wp\/v2\/users\/1"}],"replies":[{"embeddable":true,"href":"https:\/\/www.hoecker.eu\/blog\/wp-json\/wp\/v2\/comments?post=8402"}],"version-history":[{"count":1,"href":"https:\/\/www.hoecker.eu\/blog\/wp-json\/wp\/v2\/posts\/8402\/revisions"}],"predecessor-version":[{"id":9524,"href":"https:\/\/www.hoecker.eu\/blog\/wp-json\/wp\/v2\/posts\/8402\/revisions\/9524"}],"wp:attachment":[{"href":"https:\/\/www.hoecker.eu\/blog\/wp-json\/wp\/v2\/media?parent=8402"}],"wp:term":[{"taxonomy":"category","embeddable":true,"href":"https:\/\/www.hoecker.eu\/blog\/wp-json\/wp\/v2\/categories?post=8402"},{"taxonomy":"post_tag","embeddable":true,"href":"https:\/\/www.hoecker.eu\/blog\/wp-json\/wp\/v2\/tags?post=8402"},{"taxonomy":"hashtags","embeddable":true,"href":"https:\/\/www.hoecker.eu\/blog\/wp-json\/wp\/v2\/hashtags?post=8402"},{"taxonomy":"author","embeddable":true,"href":"https:\/\/www.hoecker.eu\/blog\/wp-json\/wp\/v2\/ppma_author?post=8402"}],"curies":[{"name":"wp","href":"https:\/\/api.w.org\/{rel}","templated":true}]}}