{"id":8401,"date":"2016-12-21T13:02:00","date_gmt":"2016-12-21T12:02:00","guid":{"rendered":"https:\/\/www.hoecker.eu\/blog\/grosser-zeitungsverlag-aus-nrw-muss-nachzahlungen-in-fuenfstelliger-hoehe-an-fotografen-fuer-bilder-aus-den-jahren-2010-bis-2013-leisten\/"},"modified":"2025-02-17T14:57:15","modified_gmt":"2025-02-17T13:57:15","slug":"grosser-zeitungsverlag-aus-nrw-muss-nachzahlungen-in-fuenfstelliger-hoehe-an-fotografen-fuer-bilder-aus-den-jahren-2010-bis-2013-leisten","status":"publish","type":"post","link":"https:\/\/www.hoecker.eu\/blog\/grosser-zeitungsverlag-aus-nrw-muss-nachzahlungen-in-fuenfstelliger-hoehe-an-fotografen-fuer-bilder-aus-den-jahren-2010-bis-2013-leisten\/","title":{"rendered":"Gro\u00dfer Zeitungsverlag aus NRW muss Nachzahlungen in f\u00fcnfstelliger H\u00f6he an Fotografen f\u00fcr Bilder aus den Jahren 2010 bis 2013 leisten."},"content":{"rendered":"<p>Das Landgericht D\u00fcsseldorf hat in einem Verfahren eines Fotojournalisten dessen fr\u00fcheren Auftraggeber verurteilt, Nachzahlungen f\u00fcr bereits verg\u00fctete Fotos zu leisten (LG D\u00fcsseldorf, Urt. v. 12.10.2016, Az. 12 O 532\/13, n. rkr.). Der Verlag hatte dem freien Mitarbeiter f\u00fcr tagesaktuelle Fotos, die f\u00fcr eine Lokalausgabe verwendet wurden, jeweils ein Honorar von 19 Euro gezahlt. Nach Ansicht des Gerichts war diese Verg\u00fctung jedoch unangemessen gering, so dass dem Fotografen nach \u00a7 32 Abs. 1 S. 3 UrhG ein Nachhonorierungsanspruch zusteht.<\/p>\n<p>F\u00fcr die Bestimmung der H\u00f6he des angemessenen Honorars zog das Gericht die erst seit 2013 geltenden Gemeinsamen Verg\u00fctungsregeln f\u00fcr hauptberufliche Journalistinnen und Journalisten an Tageszeitungen heran, obwohl die Bilder \u00fcberwiegend aus den Jahren vor deren Inkrafttreten stammten. Nach Ansicht des Gericht die Gemeinsamen Verg\u00fctungsregeln jedoch auch f\u00fcr diesen Zeitraum heranzuziehen und gerade nicht die Empfehlungen der MFM oder die Honorars\u00e4tze des einschl\u00e4gigen Tarifvertrages als Sch\u00e4tzgrundlage.<\/p>\n<p>Der Verlag wurde \u00fcber die vertragliche Nachverg\u00fctung hinaus zu Auskunft und Schadensersatz im Hinblick auf die nach Ansicht des Kl\u00e4gers unberechtigte Mehrfach-Verwendung seiner Bilder verurteilt.<\/p>\n<p>F\u00fcr jede einzelne Zweitverwertung von Fotos aus dem Archiv muss der Verlag eine Nach-Verg\u00fctung auf der Basis der Honorars\u00e4tze f\u00fcr ein Zweitdruckrecht gem\u00e4\u00df der Gemeinsamen Verg\u00fctungsregeln leisten und somit 20 Euro bzw. 24 Euro pro Verwendung zahlen. Grund und H\u00f6he des Schadensersatzanspruches sind Gegenstand des von dem Verlag eingeleiteten Berufungsverfahrens vor dem OLG D\u00fcsseldorf.<\/p>\n<p>Weitere von H\u00d6CKER betreute Verfahren zu Nachhonorierungsanspr\u00fcchen sind anh\u00e4ngig vor den Landgerichten K\u00f6ln, D\u00fcsseldorf und dem BGH (Nichtzulassungsbeschwerde).<\/p>\n<p><em>*Wir berichteten: Meldungen vom <a href=\"{entry:928:url||https:\/\/www.hoecker.eu\/news\/zu-wenig-fotohonorar-gezahlt-h%C3%B6cker-verhilft-freiem-journalisten-zu-einer-nachzahlung-von-%C3%BCber-40-000-00-euro}\">14.03.2016<\/a> und <a href=\"{entry:964:url||https:\/\/www.hoecker.eu\/news\/nachzahlungen-f%C3%BCr-journalisten-k%C3%B6nnen-auch-bei-pauschalhonoraren-eingefordert-werden}\">19.08.2016<\/a>.<\/em><\/p>\n","protected":false},"excerpt":{"rendered":"<p>Das Landgericht D\u00fcsseldorf hat in einem Verfahren eines Fotojournalisten dessen fr\u00fcheren Auftraggeber verurteilt, Nachzahlungen f\u00fcr bereits verg\u00fctete Fotos zu leisten (LG D\u00fcsseldorf, Urt. v. 12.10.2016, Az. 12 O 532\/13, n. rkr.). Der Verlag hatte dem freien Mitarbeiter f\u00fcr tagesaktuelle Fotos, die f\u00fcr eine Lokalausgabe verwendet wurden, jeweils ein Honorar von 19 Euro gezahlt. Nach Ansicht [&hellip;]<\/p>\n","protected":false},"author":1,"featured_media":0,"comment_status":"closed","ping_status":"closed","sticky":false,"template":"","format":"standard","meta":{"_has_post_settings":[],"footnotes":""},"categories":[15],"tags":[],"hashtags":[],"ppma_author":[84],"class_list":["post-8401","post","type-post","status-publish","format-standard","hentry","category-news","author-hoecker_adm"],"yoast_head":"<!-- This site is optimized with the Yoast SEO Premium plugin v25.9 (Yoast SEO v27.0) - https:\/\/yoast.com\/product\/yoast-seo-premium-wordpress\/ -->\n<title>Gro\u00dfer Zeitungsverlag aus NRW muss Nachzahlungen in f\u00fcnfstelliger H\u00f6he an Fotografen f\u00fcr Bilder aus den Jahren 2010 bis 2013 leisten. - H\u00d6CKER - der Blog<\/title>\n<meta name=\"robots\" content=\"index, follow, max-snippet:-1, max-image-preview:large, max-video-preview:-1\" \/>\n<link rel=\"canonical\" href=\"https:\/\/www.hoecker.eu\/blog\/grosser-zeitungsverlag-aus-nrw-muss-nachzahlungen-in-fuenfstelliger-hoehe-an-fotografen-fuer-bilder-aus-den-jahren-2010-bis-2013-leisten\/\" \/>\n<meta property=\"og:locale\" content=\"de_DE\" \/>\n<meta property=\"og:type\" content=\"article\" \/>\n<meta property=\"og:title\" content=\"Gro\u00dfer Zeitungsverlag aus NRW muss Nachzahlungen in f\u00fcnfstelliger H\u00f6he an Fotografen f\u00fcr Bilder aus den Jahren 2010 bis 2013 leisten.\" \/>\n<meta property=\"og:description\" content=\"Das Landgericht D\u00fcsseldorf hat in einem Verfahren eines Fotojournalisten dessen fr\u00fcheren Auftraggeber verurteilt, Nachzahlungen f\u00fcr bereits verg\u00fctete Fotos zu leisten (LG D\u00fcsseldorf, Urt. v. 12.10.2016, Az. 12 O 532\/13, n. rkr.). Der Verlag hatte dem freien Mitarbeiter f\u00fcr tagesaktuelle Fotos, die f\u00fcr eine Lokalausgabe verwendet wurden, jeweils ein Honorar von 19 Euro gezahlt. Nach Ansicht [&hellip;]\" \/>\n<meta property=\"og:url\" content=\"https:\/\/www.hoecker.eu\/blog\/grosser-zeitungsverlag-aus-nrw-muss-nachzahlungen-in-fuenfstelliger-hoehe-an-fotografen-fuer-bilder-aus-den-jahren-2010-bis-2013-leisten\/\" \/>\n<meta property=\"og:site_name\" content=\"H\u00d6CKER - der Blog\" \/>\n<meta property=\"article:publisher\" content=\"https:\/\/www.facebook.com\/HoeckerRAe\/\" \/>\n<meta property=\"article:author\" content=\"https:\/\/www.facebook.com\/ralf.hoecker\" \/>\n<meta property=\"article:published_time\" content=\"2016-12-21T12:02:00+00:00\" \/>\n<meta property=\"article:modified_time\" content=\"2025-02-17T13:57:15+00:00\" \/>\n<meta name=\"author\" content=\"Prof. Dr. Ralf H\u00f6cker\" \/>\n<meta name=\"twitter:card\" content=\"summary_large_image\" \/>\n<meta name=\"twitter:creator\" content=\"@Ralf_Hoecker\" \/>\n<meta name=\"twitter:site\" content=\"@hoecker_rae\" \/>\n<meta name=\"twitter:label1\" content=\"Verfasst von\" \/>\n\t<meta name=\"twitter:data1\" content=\"Prof. Dr. Ralf H\u00f6cker\" \/>\n\t<meta name=\"twitter:label2\" content=\"Gesch\u00e4tzte Lesezeit\" \/>\n\t<meta name=\"twitter:data2\" content=\"1\u00a0Minute\" \/>\n<script type=\"application\/ld+json\" class=\"yoast-schema-graph\">{\"@context\":\"https:\/\/schema.org\",\"@graph\":[{\"@type\":\"Article\",\"@id\":\"https:\/\/www.hoecker.eu\/blog\/grosser-zeitungsverlag-aus-nrw-muss-nachzahlungen-in-fuenfstelliger-hoehe-an-fotografen-fuer-bilder-aus-den-jahren-2010-bis-2013-leisten\/#article\",\"isPartOf\":{\"@id\":\"https:\/\/www.hoecker.eu\/blog\/grosser-zeitungsverlag-aus-nrw-muss-nachzahlungen-in-fuenfstelliger-hoehe-an-fotografen-fuer-bilder-aus-den-jahren-2010-bis-2013-leisten\/\"},\"author\":{\"name\":\"Prof. Dr. Ralf H\u00f6cker\",\"@id\":\"https:\/\/www.hoecker.eu\/blog\/#\/schema\/person\/08f95581eed0534eccd0b2438f7a1cab\"},\"headline\":\"Gro\u00dfer Zeitungsverlag aus NRW muss Nachzahlungen in f\u00fcnfstelliger H\u00f6he an Fotografen f\u00fcr Bilder aus den Jahren 2010 bis 2013 leisten.\",\"datePublished\":\"2016-12-21T12:02:00+00:00\",\"dateModified\":\"2025-02-17T13:57:15+00:00\",\"mainEntityOfPage\":{\"@id\":\"https:\/\/www.hoecker.eu\/blog\/grosser-zeitungsverlag-aus-nrw-muss-nachzahlungen-in-fuenfstelliger-hoehe-an-fotografen-fuer-bilder-aus-den-jahren-2010-bis-2013-leisten\/\"},\"wordCount\":287,\"publisher\":{\"@id\":\"https:\/\/www.hoecker.eu\/blog\/#organization\"},\"articleSection\":[\"News\"],\"inLanguage\":\"de\"},{\"@type\":\"WebPage\",\"@id\":\"https:\/\/www.hoecker.eu\/blog\/grosser-zeitungsverlag-aus-nrw-muss-nachzahlungen-in-fuenfstelliger-hoehe-an-fotografen-fuer-bilder-aus-den-jahren-2010-bis-2013-leisten\/\",\"url\":\"https:\/\/www.hoecker.eu\/blog\/grosser-zeitungsverlag-aus-nrw-muss-nachzahlungen-in-fuenfstelliger-hoehe-an-fotografen-fuer-bilder-aus-den-jahren-2010-bis-2013-leisten\/\",\"name\":\"Gro\u00dfer Zeitungsverlag aus NRW muss Nachzahlungen in f\u00fcnfstelliger H\u00f6he an Fotografen f\u00fcr Bilder aus den Jahren 2010 bis 2013 leisten. - H\u00d6CKER - der Blog\",\"isPartOf\":{\"@id\":\"https:\/\/www.hoecker.eu\/blog\/#website\"},\"datePublished\":\"2016-12-21T12:02:00+00:00\",\"dateModified\":\"2025-02-17T13:57:15+00:00\",\"breadcrumb\":{\"@id\":\"https:\/\/www.hoecker.eu\/blog\/grosser-zeitungsverlag-aus-nrw-muss-nachzahlungen-in-fuenfstelliger-hoehe-an-fotografen-fuer-bilder-aus-den-jahren-2010-bis-2013-leisten\/#breadcrumb\"},\"inLanguage\":\"de\",\"potentialAction\":[{\"@type\":\"ReadAction\",\"target\":[\"https:\/\/www.hoecker.eu\/blog\/grosser-zeitungsverlag-aus-nrw-muss-nachzahlungen-in-fuenfstelliger-hoehe-an-fotografen-fuer-bilder-aus-den-jahren-2010-bis-2013-leisten\/\"]}]},{\"@type\":\"BreadcrumbList\",\"@id\":\"https:\/\/www.hoecker.eu\/blog\/grosser-zeitungsverlag-aus-nrw-muss-nachzahlungen-in-fuenfstelliger-hoehe-an-fotografen-fuer-bilder-aus-den-jahren-2010-bis-2013-leisten\/#breadcrumb\",\"itemListElement\":[{\"@type\":\"ListItem\",\"position\":1,\"name\":\"Startseite\",\"item\":\"https:\/\/dev.hoecker.eu\/blog\/\"},{\"@type\":\"ListItem\",\"position\":2,\"name\":\"Gro\u00dfer Zeitungsverlag aus NRW muss Nachzahlungen in f\u00fcnfstelliger H\u00f6he an Fotografen f\u00fcr Bilder aus den Jahren 2010 bis 2013 leisten.\"}]},{\"@type\":\"WebSite\",\"@id\":\"https:\/\/www.hoecker.eu\/blog\/#website\",\"url\":\"https:\/\/www.hoecker.eu\/blog\/\",\"name\":\"H\u00d6CKER - der Blog\",\"description\":\"Expertenblog f\u00fcr \u00c4u\u00dferungs-, Medien-, Marken-, Urheber- und Wettbewerbsrecht.\",\"publisher\":{\"@id\":\"https:\/\/www.hoecker.eu\/blog\/#organization\"},\"potentialAction\":[{\"@type\":\"SearchAction\",\"target\":{\"@type\":\"EntryPoint\",\"urlTemplate\":\"https:\/\/www.hoecker.eu\/blog\/?s={search_term_string}\"},\"query-input\":{\"@type\":\"PropertyValueSpecification\",\"valueRequired\":true,\"valueName\":\"search_term_string\"}}],\"inLanguage\":\"de\"},{\"@type\":\"Organization\",\"@id\":\"https:\/\/www.hoecker.eu\/blog\/#organization\",\"name\":\"H\u00d6CKER Rechtsanw\u00e4lte PartGmbB\",\"alternateName\":\"H\u00d6CKER\",\"url\":\"https:\/\/www.hoecker.eu\/blog\/\",\"logo\":{\"@type\":\"ImageObject\",\"inLanguage\":\"de\",\"@id\":\"https:\/\/www.hoecker.eu\/blog\/#\/schema\/logo\/image\/\",\"url\":\"https:\/\/www.hoecker.eu\/blog\/wp-content\/uploads\/2025\/03\/Blog-Logo.webp\",\"contentUrl\":\"https:\/\/www.hoecker.eu\/blog\/wp-content\/uploads\/2025\/03\/Blog-Logo.webp\",\"width\":500,\"height\":500,\"caption\":\"H\u00d6CKER Rechtsanw\u00e4lte PartGmbB\"},\"image\":{\"@id\":\"https:\/\/www.hoecker.eu\/blog\/#\/schema\/logo\/image\/\"},\"sameAs\":[\"https:\/\/www.facebook.com\/HoeckerRAe\/\",\"https:\/\/x.com\/hoecker_rae\",\"https:\/\/www.linkedin.com\/company\/hcker-rechtsanwlte\/\",\"https:\/\/www.instagram.com\/hoecker_rae\/\"],\"email\":\"contact@hoecker.eu\",\"telephone\":\"+ 49 (0)221-933 19-10\",\"legalName\":\"H\u00d6CKER Rechtsanw\u00e4lte PartGmbB\",\"numberOfEmployees\":{\"@type\":\"QuantitativeValue\",\"minValue\":\"11\",\"maxValue\":\"50\"}},{\"@type\":\"Person\",\"@id\":\"https:\/\/www.hoecker.eu\/blog\/#\/schema\/person\/08f95581eed0534eccd0b2438f7a1cab\",\"name\":\"Prof. Dr. Ralf H\u00f6cker\",\"description\":\"Medienanwalt. Besch\u00fctzer vor mieser Presse\",\"sameAs\":[\"https:\/\/www.hoecker.eu\/wer\/prof-dr-ralf-hoecker\",\"https:\/\/www.facebook.com\/ralf.hoecker\",\"https:\/\/www.linkedin.com\/in\/prof-dr-ralf-hcker-ll-m-london-17987826\/\",\"https:\/\/x.com\/Ralf_Hoecker\"],\"url\":\"https:\/\/www.hoecker.eu\/blog\/author\/hoecker_adm\/\"}]}<\/script>\n<!-- \/ Yoast SEO Premium plugin. -->","yoast_head_json":{"title":"Gro\u00dfer Zeitungsverlag aus NRW muss Nachzahlungen in f\u00fcnfstelliger H\u00f6he an Fotografen f\u00fcr Bilder aus den Jahren 2010 bis 2013 leisten. - H\u00d6CKER - der Blog","robots":{"index":"index","follow":"follow","max-snippet":"max-snippet:-1","max-image-preview":"max-image-preview:large","max-video-preview":"max-video-preview:-1"},"canonical":"https:\/\/www.hoecker.eu\/blog\/grosser-zeitungsverlag-aus-nrw-muss-nachzahlungen-in-fuenfstelliger-hoehe-an-fotografen-fuer-bilder-aus-den-jahren-2010-bis-2013-leisten\/","og_locale":"de_DE","og_type":"article","og_title":"Gro\u00dfer Zeitungsverlag aus NRW muss Nachzahlungen in f\u00fcnfstelliger H\u00f6he an Fotografen f\u00fcr Bilder aus den Jahren 2010 bis 2013 leisten.","og_description":"Das Landgericht D\u00fcsseldorf hat in einem Verfahren eines Fotojournalisten dessen fr\u00fcheren Auftraggeber verurteilt, Nachzahlungen f\u00fcr bereits verg\u00fctete Fotos zu leisten (LG D\u00fcsseldorf, Urt. v. 12.10.2016, Az. 12 O 532\/13, n. rkr.). Der Verlag hatte dem freien Mitarbeiter f\u00fcr tagesaktuelle Fotos, die f\u00fcr eine Lokalausgabe verwendet wurden, jeweils ein Honorar von 19 Euro gezahlt. Nach Ansicht [&hellip;]","og_url":"https:\/\/www.hoecker.eu\/blog\/grosser-zeitungsverlag-aus-nrw-muss-nachzahlungen-in-fuenfstelliger-hoehe-an-fotografen-fuer-bilder-aus-den-jahren-2010-bis-2013-leisten\/","og_site_name":"H\u00d6CKER - der Blog","article_publisher":"https:\/\/www.facebook.com\/HoeckerRAe\/","article_author":"https:\/\/www.facebook.com\/ralf.hoecker","article_published_time":"2016-12-21T12:02:00+00:00","article_modified_time":"2025-02-17T13:57:15+00:00","author":"Prof. Dr. Ralf H\u00f6cker","twitter_card":"summary_large_image","twitter_creator":"@Ralf_Hoecker","twitter_site":"@hoecker_rae","twitter_misc":{"Verfasst von":"Prof. Dr. Ralf H\u00f6cker","Gesch\u00e4tzte Lesezeit":"1\u00a0Minute"},"schema":{"@context":"https:\/\/schema.org","@graph":[{"@type":"Article","@id":"https:\/\/www.hoecker.eu\/blog\/grosser-zeitungsverlag-aus-nrw-muss-nachzahlungen-in-fuenfstelliger-hoehe-an-fotografen-fuer-bilder-aus-den-jahren-2010-bis-2013-leisten\/#article","isPartOf":{"@id":"https:\/\/www.hoecker.eu\/blog\/grosser-zeitungsverlag-aus-nrw-muss-nachzahlungen-in-fuenfstelliger-hoehe-an-fotografen-fuer-bilder-aus-den-jahren-2010-bis-2013-leisten\/"},"author":{"name":"Prof. Dr. Ralf H\u00f6cker","@id":"https:\/\/www.hoecker.eu\/blog\/#\/schema\/person\/08f95581eed0534eccd0b2438f7a1cab"},"headline":"Gro\u00dfer Zeitungsverlag aus NRW muss Nachzahlungen in f\u00fcnfstelliger H\u00f6he an Fotografen f\u00fcr Bilder aus den Jahren 2010 bis 2013 leisten.","datePublished":"2016-12-21T12:02:00+00:00","dateModified":"2025-02-17T13:57:15+00:00","mainEntityOfPage":{"@id":"https:\/\/www.hoecker.eu\/blog\/grosser-zeitungsverlag-aus-nrw-muss-nachzahlungen-in-fuenfstelliger-hoehe-an-fotografen-fuer-bilder-aus-den-jahren-2010-bis-2013-leisten\/"},"wordCount":287,"publisher":{"@id":"https:\/\/www.hoecker.eu\/blog\/#organization"},"articleSection":["News"],"inLanguage":"de"},{"@type":"WebPage","@id":"https:\/\/www.hoecker.eu\/blog\/grosser-zeitungsverlag-aus-nrw-muss-nachzahlungen-in-fuenfstelliger-hoehe-an-fotografen-fuer-bilder-aus-den-jahren-2010-bis-2013-leisten\/","url":"https:\/\/www.hoecker.eu\/blog\/grosser-zeitungsverlag-aus-nrw-muss-nachzahlungen-in-fuenfstelliger-hoehe-an-fotografen-fuer-bilder-aus-den-jahren-2010-bis-2013-leisten\/","name":"Gro\u00dfer Zeitungsverlag aus NRW muss Nachzahlungen in f\u00fcnfstelliger H\u00f6he an Fotografen f\u00fcr Bilder aus den Jahren 2010 bis 2013 leisten. - H\u00d6CKER - der Blog","isPartOf":{"@id":"https:\/\/www.hoecker.eu\/blog\/#website"},"datePublished":"2016-12-21T12:02:00+00:00","dateModified":"2025-02-17T13:57:15+00:00","breadcrumb":{"@id":"https:\/\/www.hoecker.eu\/blog\/grosser-zeitungsverlag-aus-nrw-muss-nachzahlungen-in-fuenfstelliger-hoehe-an-fotografen-fuer-bilder-aus-den-jahren-2010-bis-2013-leisten\/#breadcrumb"},"inLanguage":"de","potentialAction":[{"@type":"ReadAction","target":["https:\/\/www.hoecker.eu\/blog\/grosser-zeitungsverlag-aus-nrw-muss-nachzahlungen-in-fuenfstelliger-hoehe-an-fotografen-fuer-bilder-aus-den-jahren-2010-bis-2013-leisten\/"]}]},{"@type":"BreadcrumbList","@id":"https:\/\/www.hoecker.eu\/blog\/grosser-zeitungsverlag-aus-nrw-muss-nachzahlungen-in-fuenfstelliger-hoehe-an-fotografen-fuer-bilder-aus-den-jahren-2010-bis-2013-leisten\/#breadcrumb","itemListElement":[{"@type":"ListItem","position":1,"name":"Startseite","item":"https:\/\/dev.hoecker.eu\/blog\/"},{"@type":"ListItem","position":2,"name":"Gro\u00dfer Zeitungsverlag aus NRW muss Nachzahlungen in f\u00fcnfstelliger H\u00f6he an Fotografen f\u00fcr Bilder aus den Jahren 2010 bis 2013 leisten."}]},{"@type":"WebSite","@id":"https:\/\/www.hoecker.eu\/blog\/#website","url":"https:\/\/www.hoecker.eu\/blog\/","name":"H\u00d6CKER - der Blog","description":"Expertenblog f\u00fcr \u00c4u\u00dferungs-, Medien-, Marken-, Urheber- und Wettbewerbsrecht.","publisher":{"@id":"https:\/\/www.hoecker.eu\/blog\/#organization"},"potentialAction":[{"@type":"SearchAction","target":{"@type":"EntryPoint","urlTemplate":"https:\/\/www.hoecker.eu\/blog\/?s={search_term_string}"},"query-input":{"@type":"PropertyValueSpecification","valueRequired":true,"valueName":"search_term_string"}}],"inLanguage":"de"},{"@type":"Organization","@id":"https:\/\/www.hoecker.eu\/blog\/#organization","name":"H\u00d6CKER Rechtsanw\u00e4lte PartGmbB","alternateName":"H\u00d6CKER","url":"https:\/\/www.hoecker.eu\/blog\/","logo":{"@type":"ImageObject","inLanguage":"de","@id":"https:\/\/www.hoecker.eu\/blog\/#\/schema\/logo\/image\/","url":"https:\/\/www.hoecker.eu\/blog\/wp-content\/uploads\/2025\/03\/Blog-Logo.webp","contentUrl":"https:\/\/www.hoecker.eu\/blog\/wp-content\/uploads\/2025\/03\/Blog-Logo.webp","width":500,"height":500,"caption":"H\u00d6CKER Rechtsanw\u00e4lte PartGmbB"},"image":{"@id":"https:\/\/www.hoecker.eu\/blog\/#\/schema\/logo\/image\/"},"sameAs":["https:\/\/www.facebook.com\/HoeckerRAe\/","https:\/\/x.com\/hoecker_rae","https:\/\/www.linkedin.com\/company\/hcker-rechtsanwlte\/","https:\/\/www.instagram.com\/hoecker_rae\/"],"email":"contact@hoecker.eu","telephone":"+ 49 (0)221-933 19-10","legalName":"H\u00d6CKER Rechtsanw\u00e4lte PartGmbB","numberOfEmployees":{"@type":"QuantitativeValue","minValue":"11","maxValue":"50"}},{"@type":"Person","@id":"https:\/\/www.hoecker.eu\/blog\/#\/schema\/person\/08f95581eed0534eccd0b2438f7a1cab","name":"Prof. Dr. Ralf H\u00f6cker","description":"Medienanwalt. Besch\u00fctzer vor mieser Presse","sameAs":["https:\/\/www.hoecker.eu\/wer\/prof-dr-ralf-hoecker","https:\/\/www.facebook.com\/ralf.hoecker","https:\/\/www.linkedin.com\/in\/prof-dr-ralf-hcker-ll-m-london-17987826\/","https:\/\/x.com\/Ralf_Hoecker"],"url":"https:\/\/www.hoecker.eu\/blog\/author\/hoecker_adm\/"}]}},"authors":[{"term_id":84,"user_id":1,"is_guest":0,"slug":"hoecker_adm","display_name":"Prof. Dr. Ralf H\u00f6cker","avatar_url":{"url":"https:\/\/www.hoecker.eu\/blog\/wp-content\/uploads\/2023\/12\/ProfDrRalfHoecker.jpg","url2x":"https:\/\/www.hoecker.eu\/blog\/wp-content\/uploads\/2023\/12\/ProfDrRalfHoecker.jpg"},"0":null,"1":"","2":"","3":"","4":"","5":"","6":"","7":"","8":"","9":"","10":"","11":""}],"_links":{"self":[{"href":"https:\/\/www.hoecker.eu\/blog\/wp-json\/wp\/v2\/posts\/8401","targetHints":{"allow":["GET"]}}],"collection":[{"href":"https:\/\/www.hoecker.eu\/blog\/wp-json\/wp\/v2\/posts"}],"about":[{"href":"https:\/\/www.hoecker.eu\/blog\/wp-json\/wp\/v2\/types\/post"}],"author":[{"embeddable":true,"href":"https:\/\/www.hoecker.eu\/blog\/wp-json\/wp\/v2\/users\/1"}],"replies":[{"embeddable":true,"href":"https:\/\/www.hoecker.eu\/blog\/wp-json\/wp\/v2\/comments?post=8401"}],"version-history":[{"count":1,"href":"https:\/\/www.hoecker.eu\/blog\/wp-json\/wp\/v2\/posts\/8401\/revisions"}],"predecessor-version":[{"id":9523,"href":"https:\/\/www.hoecker.eu\/blog\/wp-json\/wp\/v2\/posts\/8401\/revisions\/9523"}],"wp:attachment":[{"href":"https:\/\/www.hoecker.eu\/blog\/wp-json\/wp\/v2\/media?parent=8401"}],"wp:term":[{"taxonomy":"category","embeddable":true,"href":"https:\/\/www.hoecker.eu\/blog\/wp-json\/wp\/v2\/categories?post=8401"},{"taxonomy":"post_tag","embeddable":true,"href":"https:\/\/www.hoecker.eu\/blog\/wp-json\/wp\/v2\/tags?post=8401"},{"taxonomy":"hashtags","embeddable":true,"href":"https:\/\/www.hoecker.eu\/blog\/wp-json\/wp\/v2\/hashtags?post=8401"},{"taxonomy":"author","embeddable":true,"href":"https:\/\/www.hoecker.eu\/blog\/wp-json\/wp\/v2\/ppma_author?post=8401"}],"curies":[{"name":"wp","href":"https:\/\/api.w.org\/{rel}","templated":true}]}}