{"id":8396,"date":"2016-12-29T12:24:00","date_gmt":"2016-12-29T11:24:00","guid":{"rendered":"https:\/\/www.hoecker.eu\/blog\/afd-fraktion-siegt-im-streit-um-waehlertaeuschung-gericht-verbietet-flyer-der-linke-fraktion-im-saechsischen-landtag\/"},"modified":"2025-02-17T14:57:12","modified_gmt":"2025-02-17T13:57:12","slug":"afd-fraktion-siegt-im-streit-um-waehlertaeuschung-gericht-verbietet-flyer-der-linke-fraktion-im-saechsischen-landtag","status":"publish","type":"post","link":"https:\/\/www.hoecker.eu\/blog\/afd-fraktion-siegt-im-streit-um-waehlertaeuschung-gericht-verbietet-flyer-der-linke-fraktion-im-saechsischen-landtag\/","title":{"rendered":"AfD-Fraktion siegt im Streit um W\u00e4hlert\u00e4uschung: Gericht verbietet Flyer der LINKE-Fraktion im s\u00e4chsischen Landtag."},"content":{"rendered":"<p>Anfang Oktober hatte die s\u00e4chsische Landtagsfraktion \u201eDIE LINKE\u201c einen Flyer verteilt. Dessen Verbreitung wurde nun gerichtlich untersagt (LG Dresden, Urt. v. 21.12.2016, Az: 3 O 2205\/16 EV, n. rkr.).<\/p>\n<p>In dem Flyer berichtete die LINKE \u00fcber einen Ende August abgelehnten Gesetzesentwurf (Drs. 6\/1088), den sie gemeinsam mit der Fraktion der GR\u00dcNEN in 2015 eingebracht hatte. Der Entwurf sollte eine h\u00f6here Volksbeteiligung im Gesetzgebungsverfahren erm\u00f6glichen. Neben der CDU und der SPD lehnte auch die AfD diesen Entwurf ab, da sie bereits im Juni einen eigenen Entwurf f\u00fcr mehr Volksbeteiligung in das Gesetzgebungsverfahren eingebracht hatte (Drs. 6\/5391).<\/p>\n<p>Auf die breite parlamentarische Ablehnung ihres Antrags reagierte die Fraktion \u201eDIE LINKE\u201c mit dem Flyer und warf der AfD darin u.a. vor, gegen mehr Volksentscheide zu sein, Volksentscheide zu verhindern und unglaubw\u00fcrdig zu sein, da Wahlversprechen gebrochen w\u00fcrden. Den von der&nbsp;AfD eingebrachten&nbsp;Gesetzesentwurf f\u00fcr mehr Volksbeteiligung verschwieg sie dagegen.<\/p>\n<p>H\u00d6CKER mahnte deshalb im Namen der Fraktion der AfD die Fraktion der LINKEN wegen dieser&nbsp;bewusst unvollst\u00e4ndigen und in gro\u00dfen Teilen unwahren Darstellungen&nbsp;ab. Da die LINKE keine Unterlassungserkl\u00e4rung abgab, reichte H\u00d6CKER beim Landgericht Dresden einen Verf\u00fcgungsantrag ein.<\/p>\n<p>Die Pressekammer des Landgerichts Dresden folgte nun der Argumentation der AfD und erlie\u00df nach m\u00fcndlicher Verhandlung das begehrte Verbot. In seiner&nbsp;Begr\u00fcndung bewertete das Gericht das Vorgehen der LINKEN als \u201eehrverletzende, unwahre und unvollst\u00e4ndige \u00c4u\u00dferung\u201c. Diese \u201ebewusste Weglassung\u201c erwecke den Eindruck, nur die LINKE setze sich f\u00fcr Volksentscheide ein. Das sei aber falsch und somit rechtswidrig.<\/p>\n<p>Rechtsanwalt Dr. Christian Conrad:<\/p>\n<p><em>\u201eAuch im Rahmen der \u00d6ffentlichkeitsarbeit von Parteien sind die Grunds\u00e4tze des Presserechts zu beachten. Wer sich inhaltlich mit dem politischen Gegner befassen m\u00f6chte, muss das vollst\u00e4ndig und wahrheitsgem\u00e4\u00df machen. Das Gericht hat hier eine Entscheidung im Interesse aller W\u00e4hler getroffen.\u201c<\/em><\/p>\n","protected":false},"excerpt":{"rendered":"<p>Anfang Oktober hatte die s\u00e4chsische Landtagsfraktion \u201eDIE LINKE\u201c einen Flyer verteilt. Dessen Verbreitung wurde nun gerichtlich untersagt (LG Dresden, Urt. v. 21.12.2016, Az: 3 O 2205\/16 EV, n. rkr.). In dem Flyer berichtete die LINKE \u00fcber einen Ende August abgelehnten Gesetzesentwurf (Drs. 6\/1088), den sie gemeinsam mit der Fraktion der GR\u00dcNEN in 2015 eingebracht hatte. [&hellip;]<\/p>\n","protected":false},"author":1,"featured_media":0,"comment_status":"closed","ping_status":"closed","sticky":false,"template":"","format":"standard","meta":{"_has_post_settings":[],"footnotes":""},"categories":[15],"tags":[],"hashtags":[],"ppma_author":[84],"class_list":["post-8396","post","type-post","status-publish","format-standard","hentry","category-news","author-hoecker_adm"],"yoast_head":"<!-- This site is optimized with the Yoast SEO Premium plugin v25.9 (Yoast SEO v27.0) - https:\/\/yoast.com\/product\/yoast-seo-premium-wordpress\/ -->\n<title>AfD-Fraktion siegt im Streit um W\u00e4hlert\u00e4uschung: Gericht verbietet Flyer der LINKE-Fraktion im s\u00e4chsischen Landtag. - H\u00d6CKER - der Blog<\/title>\n<meta name=\"robots\" content=\"index, follow, max-snippet:-1, max-image-preview:large, max-video-preview:-1\" \/>\n<link rel=\"canonical\" href=\"https:\/\/www.hoecker.eu\/blog\/afd-fraktion-siegt-im-streit-um-waehlertaeuschung-gericht-verbietet-flyer-der-linke-fraktion-im-saechsischen-landtag\/\" \/>\n<meta property=\"og:locale\" content=\"de_DE\" \/>\n<meta property=\"og:type\" content=\"article\" \/>\n<meta property=\"og:title\" content=\"AfD-Fraktion siegt im Streit um W\u00e4hlert\u00e4uschung: Gericht verbietet Flyer der LINKE-Fraktion im s\u00e4chsischen Landtag.\" \/>\n<meta property=\"og:description\" content=\"Anfang Oktober hatte die s\u00e4chsische Landtagsfraktion \u201eDIE LINKE\u201c einen Flyer verteilt. Dessen Verbreitung wurde nun gerichtlich untersagt (LG Dresden, Urt. v. 21.12.2016, Az: 3 O 2205\/16 EV, n. rkr.). In dem Flyer berichtete die LINKE \u00fcber einen Ende August abgelehnten Gesetzesentwurf (Drs. 6\/1088), den sie gemeinsam mit der Fraktion der GR\u00dcNEN in 2015 eingebracht hatte. [&hellip;]\" \/>\n<meta property=\"og:url\" content=\"https:\/\/www.hoecker.eu\/blog\/afd-fraktion-siegt-im-streit-um-waehlertaeuschung-gericht-verbietet-flyer-der-linke-fraktion-im-saechsischen-landtag\/\" \/>\n<meta property=\"og:site_name\" content=\"H\u00d6CKER - der Blog\" \/>\n<meta property=\"article:publisher\" content=\"https:\/\/www.facebook.com\/HoeckerRAe\/\" \/>\n<meta property=\"article:author\" content=\"https:\/\/www.facebook.com\/ralf.hoecker\" \/>\n<meta property=\"article:published_time\" content=\"2016-12-29T11:24:00+00:00\" \/>\n<meta property=\"article:modified_time\" content=\"2025-02-17T13:57:12+00:00\" \/>\n<meta name=\"author\" content=\"Prof. Dr. Ralf H\u00f6cker\" \/>\n<meta name=\"twitter:card\" content=\"summary_large_image\" \/>\n<meta name=\"twitter:creator\" content=\"@Ralf_Hoecker\" \/>\n<meta name=\"twitter:site\" content=\"@hoecker_rae\" \/>\n<meta name=\"twitter:label1\" content=\"Verfasst von\" \/>\n\t<meta name=\"twitter:data1\" content=\"Prof. Dr. Ralf H\u00f6cker\" \/>\n\t<meta name=\"twitter:label2\" content=\"Gesch\u00e4tzte Lesezeit\" \/>\n\t<meta name=\"twitter:data2\" content=\"2\u00a0Minuten\" \/>\n<script type=\"application\/ld+json\" class=\"yoast-schema-graph\">{\"@context\":\"https:\/\/schema.org\",\"@graph\":[{\"@type\":\"Article\",\"@id\":\"https:\/\/www.hoecker.eu\/blog\/afd-fraktion-siegt-im-streit-um-waehlertaeuschung-gericht-verbietet-flyer-der-linke-fraktion-im-saechsischen-landtag\/#article\",\"isPartOf\":{\"@id\":\"https:\/\/www.hoecker.eu\/blog\/afd-fraktion-siegt-im-streit-um-waehlertaeuschung-gericht-verbietet-flyer-der-linke-fraktion-im-saechsischen-landtag\/\"},\"author\":{\"name\":\"Prof. Dr. Ralf H\u00f6cker\",\"@id\":\"https:\/\/www.hoecker.eu\/blog\/#\/schema\/person\/08f95581eed0534eccd0b2438f7a1cab\"},\"headline\":\"AfD-Fraktion siegt im Streit um W\u00e4hlert\u00e4uschung: Gericht verbietet Flyer der LINKE-Fraktion im s\u00e4chsischen Landtag.\",\"datePublished\":\"2016-12-29T11:24:00+00:00\",\"dateModified\":\"2025-02-17T13:57:12+00:00\",\"mainEntityOfPage\":{\"@id\":\"https:\/\/www.hoecker.eu\/blog\/afd-fraktion-siegt-im-streit-um-waehlertaeuschung-gericht-verbietet-flyer-der-linke-fraktion-im-saechsischen-landtag\/\"},\"wordCount\":323,\"publisher\":{\"@id\":\"https:\/\/www.hoecker.eu\/blog\/#organization\"},\"articleSection\":[\"News\"],\"inLanguage\":\"de\"},{\"@type\":\"WebPage\",\"@id\":\"https:\/\/www.hoecker.eu\/blog\/afd-fraktion-siegt-im-streit-um-waehlertaeuschung-gericht-verbietet-flyer-der-linke-fraktion-im-saechsischen-landtag\/\",\"url\":\"https:\/\/www.hoecker.eu\/blog\/afd-fraktion-siegt-im-streit-um-waehlertaeuschung-gericht-verbietet-flyer-der-linke-fraktion-im-saechsischen-landtag\/\",\"name\":\"AfD-Fraktion siegt im Streit um W\u00e4hlert\u00e4uschung: Gericht verbietet Flyer der LINKE-Fraktion im s\u00e4chsischen Landtag. - H\u00d6CKER - der Blog\",\"isPartOf\":{\"@id\":\"https:\/\/www.hoecker.eu\/blog\/#website\"},\"datePublished\":\"2016-12-29T11:24:00+00:00\",\"dateModified\":\"2025-02-17T13:57:12+00:00\",\"breadcrumb\":{\"@id\":\"https:\/\/www.hoecker.eu\/blog\/afd-fraktion-siegt-im-streit-um-waehlertaeuschung-gericht-verbietet-flyer-der-linke-fraktion-im-saechsischen-landtag\/#breadcrumb\"},\"inLanguage\":\"de\",\"potentialAction\":[{\"@type\":\"ReadAction\",\"target\":[\"https:\/\/www.hoecker.eu\/blog\/afd-fraktion-siegt-im-streit-um-waehlertaeuschung-gericht-verbietet-flyer-der-linke-fraktion-im-saechsischen-landtag\/\"]}]},{\"@type\":\"BreadcrumbList\",\"@id\":\"https:\/\/www.hoecker.eu\/blog\/afd-fraktion-siegt-im-streit-um-waehlertaeuschung-gericht-verbietet-flyer-der-linke-fraktion-im-saechsischen-landtag\/#breadcrumb\",\"itemListElement\":[{\"@type\":\"ListItem\",\"position\":1,\"name\":\"Startseite\",\"item\":\"https:\/\/dev.hoecker.eu\/blog\/\"},{\"@type\":\"ListItem\",\"position\":2,\"name\":\"AfD-Fraktion siegt im Streit um W\u00e4hlert\u00e4uschung: Gericht verbietet Flyer der LINKE-Fraktion im s\u00e4chsischen Landtag.\"}]},{\"@type\":\"WebSite\",\"@id\":\"https:\/\/www.hoecker.eu\/blog\/#website\",\"url\":\"https:\/\/www.hoecker.eu\/blog\/\",\"name\":\"H\u00d6CKER - der Blog\",\"description\":\"Expertenblog f\u00fcr \u00c4u\u00dferungs-, Medien-, Marken-, Urheber- und Wettbewerbsrecht.\",\"publisher\":{\"@id\":\"https:\/\/www.hoecker.eu\/blog\/#organization\"},\"potentialAction\":[{\"@type\":\"SearchAction\",\"target\":{\"@type\":\"EntryPoint\",\"urlTemplate\":\"https:\/\/www.hoecker.eu\/blog\/?s={search_term_string}\"},\"query-input\":{\"@type\":\"PropertyValueSpecification\",\"valueRequired\":true,\"valueName\":\"search_term_string\"}}],\"inLanguage\":\"de\"},{\"@type\":\"Organization\",\"@id\":\"https:\/\/www.hoecker.eu\/blog\/#organization\",\"name\":\"H\u00d6CKER Rechtsanw\u00e4lte PartGmbB\",\"alternateName\":\"H\u00d6CKER\",\"url\":\"https:\/\/www.hoecker.eu\/blog\/\",\"logo\":{\"@type\":\"ImageObject\",\"inLanguage\":\"de\",\"@id\":\"https:\/\/www.hoecker.eu\/blog\/#\/schema\/logo\/image\/\",\"url\":\"https:\/\/www.hoecker.eu\/blog\/wp-content\/uploads\/2025\/03\/Blog-Logo.webp\",\"contentUrl\":\"https:\/\/www.hoecker.eu\/blog\/wp-content\/uploads\/2025\/03\/Blog-Logo.webp\",\"width\":500,\"height\":500,\"caption\":\"H\u00d6CKER Rechtsanw\u00e4lte PartGmbB\"},\"image\":{\"@id\":\"https:\/\/www.hoecker.eu\/blog\/#\/schema\/logo\/image\/\"},\"sameAs\":[\"https:\/\/www.facebook.com\/HoeckerRAe\/\",\"https:\/\/x.com\/hoecker_rae\",\"https:\/\/www.linkedin.com\/company\/hcker-rechtsanwlte\/\",\"https:\/\/www.instagram.com\/hoecker_rae\/\"],\"email\":\"contact@hoecker.eu\",\"telephone\":\"+ 49 (0)221-933 19-10\",\"legalName\":\"H\u00d6CKER Rechtsanw\u00e4lte PartGmbB\",\"numberOfEmployees\":{\"@type\":\"QuantitativeValue\",\"minValue\":\"11\",\"maxValue\":\"50\"}},{\"@type\":\"Person\",\"@id\":\"https:\/\/www.hoecker.eu\/blog\/#\/schema\/person\/08f95581eed0534eccd0b2438f7a1cab\",\"name\":\"Prof. Dr. Ralf H\u00f6cker\",\"description\":\"Medienanwalt. Besch\u00fctzer vor mieser Presse\",\"sameAs\":[\"https:\/\/www.hoecker.eu\/wer\/prof-dr-ralf-hoecker\",\"https:\/\/www.facebook.com\/ralf.hoecker\",\"https:\/\/www.linkedin.com\/in\/prof-dr-ralf-hcker-ll-m-london-17987826\/\",\"https:\/\/x.com\/Ralf_Hoecker\"],\"url\":\"https:\/\/www.hoecker.eu\/blog\/author\/hoecker_adm\/\"}]}<\/script>\n<!-- \/ Yoast SEO Premium plugin. -->","yoast_head_json":{"title":"AfD-Fraktion siegt im Streit um W\u00e4hlert\u00e4uschung: Gericht verbietet Flyer der LINKE-Fraktion im s\u00e4chsischen Landtag. - H\u00d6CKER - der Blog","robots":{"index":"index","follow":"follow","max-snippet":"max-snippet:-1","max-image-preview":"max-image-preview:large","max-video-preview":"max-video-preview:-1"},"canonical":"https:\/\/www.hoecker.eu\/blog\/afd-fraktion-siegt-im-streit-um-waehlertaeuschung-gericht-verbietet-flyer-der-linke-fraktion-im-saechsischen-landtag\/","og_locale":"de_DE","og_type":"article","og_title":"AfD-Fraktion siegt im Streit um W\u00e4hlert\u00e4uschung: Gericht verbietet Flyer der LINKE-Fraktion im s\u00e4chsischen Landtag.","og_description":"Anfang Oktober hatte die s\u00e4chsische Landtagsfraktion \u201eDIE LINKE\u201c einen Flyer verteilt. Dessen Verbreitung wurde nun gerichtlich untersagt (LG Dresden, Urt. v. 21.12.2016, Az: 3 O 2205\/16 EV, n. rkr.). In dem Flyer berichtete die LINKE \u00fcber einen Ende August abgelehnten Gesetzesentwurf (Drs. 6\/1088), den sie gemeinsam mit der Fraktion der GR\u00dcNEN in 2015 eingebracht hatte. [&hellip;]","og_url":"https:\/\/www.hoecker.eu\/blog\/afd-fraktion-siegt-im-streit-um-waehlertaeuschung-gericht-verbietet-flyer-der-linke-fraktion-im-saechsischen-landtag\/","og_site_name":"H\u00d6CKER - der Blog","article_publisher":"https:\/\/www.facebook.com\/HoeckerRAe\/","article_author":"https:\/\/www.facebook.com\/ralf.hoecker","article_published_time":"2016-12-29T11:24:00+00:00","article_modified_time":"2025-02-17T13:57:12+00:00","author":"Prof. Dr. Ralf H\u00f6cker","twitter_card":"summary_large_image","twitter_creator":"@Ralf_Hoecker","twitter_site":"@hoecker_rae","twitter_misc":{"Verfasst von":"Prof. Dr. Ralf H\u00f6cker","Gesch\u00e4tzte Lesezeit":"2\u00a0Minuten"},"schema":{"@context":"https:\/\/schema.org","@graph":[{"@type":"Article","@id":"https:\/\/www.hoecker.eu\/blog\/afd-fraktion-siegt-im-streit-um-waehlertaeuschung-gericht-verbietet-flyer-der-linke-fraktion-im-saechsischen-landtag\/#article","isPartOf":{"@id":"https:\/\/www.hoecker.eu\/blog\/afd-fraktion-siegt-im-streit-um-waehlertaeuschung-gericht-verbietet-flyer-der-linke-fraktion-im-saechsischen-landtag\/"},"author":{"name":"Prof. Dr. Ralf H\u00f6cker","@id":"https:\/\/www.hoecker.eu\/blog\/#\/schema\/person\/08f95581eed0534eccd0b2438f7a1cab"},"headline":"AfD-Fraktion siegt im Streit um W\u00e4hlert\u00e4uschung: Gericht verbietet Flyer der LINKE-Fraktion im s\u00e4chsischen Landtag.","datePublished":"2016-12-29T11:24:00+00:00","dateModified":"2025-02-17T13:57:12+00:00","mainEntityOfPage":{"@id":"https:\/\/www.hoecker.eu\/blog\/afd-fraktion-siegt-im-streit-um-waehlertaeuschung-gericht-verbietet-flyer-der-linke-fraktion-im-saechsischen-landtag\/"},"wordCount":323,"publisher":{"@id":"https:\/\/www.hoecker.eu\/blog\/#organization"},"articleSection":["News"],"inLanguage":"de"},{"@type":"WebPage","@id":"https:\/\/www.hoecker.eu\/blog\/afd-fraktion-siegt-im-streit-um-waehlertaeuschung-gericht-verbietet-flyer-der-linke-fraktion-im-saechsischen-landtag\/","url":"https:\/\/www.hoecker.eu\/blog\/afd-fraktion-siegt-im-streit-um-waehlertaeuschung-gericht-verbietet-flyer-der-linke-fraktion-im-saechsischen-landtag\/","name":"AfD-Fraktion siegt im Streit um W\u00e4hlert\u00e4uschung: Gericht verbietet Flyer der LINKE-Fraktion im s\u00e4chsischen Landtag. - H\u00d6CKER - der Blog","isPartOf":{"@id":"https:\/\/www.hoecker.eu\/blog\/#website"},"datePublished":"2016-12-29T11:24:00+00:00","dateModified":"2025-02-17T13:57:12+00:00","breadcrumb":{"@id":"https:\/\/www.hoecker.eu\/blog\/afd-fraktion-siegt-im-streit-um-waehlertaeuschung-gericht-verbietet-flyer-der-linke-fraktion-im-saechsischen-landtag\/#breadcrumb"},"inLanguage":"de","potentialAction":[{"@type":"ReadAction","target":["https:\/\/www.hoecker.eu\/blog\/afd-fraktion-siegt-im-streit-um-waehlertaeuschung-gericht-verbietet-flyer-der-linke-fraktion-im-saechsischen-landtag\/"]}]},{"@type":"BreadcrumbList","@id":"https:\/\/www.hoecker.eu\/blog\/afd-fraktion-siegt-im-streit-um-waehlertaeuschung-gericht-verbietet-flyer-der-linke-fraktion-im-saechsischen-landtag\/#breadcrumb","itemListElement":[{"@type":"ListItem","position":1,"name":"Startseite","item":"https:\/\/dev.hoecker.eu\/blog\/"},{"@type":"ListItem","position":2,"name":"AfD-Fraktion siegt im Streit um W\u00e4hlert\u00e4uschung: Gericht verbietet Flyer der LINKE-Fraktion im s\u00e4chsischen Landtag."}]},{"@type":"WebSite","@id":"https:\/\/www.hoecker.eu\/blog\/#website","url":"https:\/\/www.hoecker.eu\/blog\/","name":"H\u00d6CKER - der Blog","description":"Expertenblog f\u00fcr \u00c4u\u00dferungs-, Medien-, Marken-, Urheber- und Wettbewerbsrecht.","publisher":{"@id":"https:\/\/www.hoecker.eu\/blog\/#organization"},"potentialAction":[{"@type":"SearchAction","target":{"@type":"EntryPoint","urlTemplate":"https:\/\/www.hoecker.eu\/blog\/?s={search_term_string}"},"query-input":{"@type":"PropertyValueSpecification","valueRequired":true,"valueName":"search_term_string"}}],"inLanguage":"de"},{"@type":"Organization","@id":"https:\/\/www.hoecker.eu\/blog\/#organization","name":"H\u00d6CKER Rechtsanw\u00e4lte PartGmbB","alternateName":"H\u00d6CKER","url":"https:\/\/www.hoecker.eu\/blog\/","logo":{"@type":"ImageObject","inLanguage":"de","@id":"https:\/\/www.hoecker.eu\/blog\/#\/schema\/logo\/image\/","url":"https:\/\/www.hoecker.eu\/blog\/wp-content\/uploads\/2025\/03\/Blog-Logo.webp","contentUrl":"https:\/\/www.hoecker.eu\/blog\/wp-content\/uploads\/2025\/03\/Blog-Logo.webp","width":500,"height":500,"caption":"H\u00d6CKER Rechtsanw\u00e4lte PartGmbB"},"image":{"@id":"https:\/\/www.hoecker.eu\/blog\/#\/schema\/logo\/image\/"},"sameAs":["https:\/\/www.facebook.com\/HoeckerRAe\/","https:\/\/x.com\/hoecker_rae","https:\/\/www.linkedin.com\/company\/hcker-rechtsanwlte\/","https:\/\/www.instagram.com\/hoecker_rae\/"],"email":"contact@hoecker.eu","telephone":"+ 49 (0)221-933 19-10","legalName":"H\u00d6CKER Rechtsanw\u00e4lte PartGmbB","numberOfEmployees":{"@type":"QuantitativeValue","minValue":"11","maxValue":"50"}},{"@type":"Person","@id":"https:\/\/www.hoecker.eu\/blog\/#\/schema\/person\/08f95581eed0534eccd0b2438f7a1cab","name":"Prof. Dr. Ralf H\u00f6cker","description":"Medienanwalt. Besch\u00fctzer vor mieser Presse","sameAs":["https:\/\/www.hoecker.eu\/wer\/prof-dr-ralf-hoecker","https:\/\/www.facebook.com\/ralf.hoecker","https:\/\/www.linkedin.com\/in\/prof-dr-ralf-hcker-ll-m-london-17987826\/","https:\/\/x.com\/Ralf_Hoecker"],"url":"https:\/\/www.hoecker.eu\/blog\/author\/hoecker_adm\/"}]}},"authors":[{"term_id":84,"user_id":1,"is_guest":0,"slug":"hoecker_adm","display_name":"Prof. Dr. Ralf H\u00f6cker","avatar_url":{"url":"https:\/\/www.hoecker.eu\/blog\/wp-content\/uploads\/2023\/12\/ProfDrRalfHoecker.jpg","url2x":"https:\/\/www.hoecker.eu\/blog\/wp-content\/uploads\/2023\/12\/ProfDrRalfHoecker.jpg"},"0":null,"1":"","2":"","3":"","4":"","5":"","6":"","7":"","8":"","9":"","10":"","11":""}],"_links":{"self":[{"href":"https:\/\/www.hoecker.eu\/blog\/wp-json\/wp\/v2\/posts\/8396","targetHints":{"allow":["GET"]}}],"collection":[{"href":"https:\/\/www.hoecker.eu\/blog\/wp-json\/wp\/v2\/posts"}],"about":[{"href":"https:\/\/www.hoecker.eu\/blog\/wp-json\/wp\/v2\/types\/post"}],"author":[{"embeddable":true,"href":"https:\/\/www.hoecker.eu\/blog\/wp-json\/wp\/v2\/users\/1"}],"replies":[{"embeddable":true,"href":"https:\/\/www.hoecker.eu\/blog\/wp-json\/wp\/v2\/comments?post=8396"}],"version-history":[{"count":1,"href":"https:\/\/www.hoecker.eu\/blog\/wp-json\/wp\/v2\/posts\/8396\/revisions"}],"predecessor-version":[{"id":9518,"href":"https:\/\/www.hoecker.eu\/blog\/wp-json\/wp\/v2\/posts\/8396\/revisions\/9518"}],"wp:attachment":[{"href":"https:\/\/www.hoecker.eu\/blog\/wp-json\/wp\/v2\/media?parent=8396"}],"wp:term":[{"taxonomy":"category","embeddable":true,"href":"https:\/\/www.hoecker.eu\/blog\/wp-json\/wp\/v2\/categories?post=8396"},{"taxonomy":"post_tag","embeddable":true,"href":"https:\/\/www.hoecker.eu\/blog\/wp-json\/wp\/v2\/tags?post=8396"},{"taxonomy":"hashtags","embeddable":true,"href":"https:\/\/www.hoecker.eu\/blog\/wp-json\/wp\/v2\/hashtags?post=8396"},{"taxonomy":"author","embeddable":true,"href":"https:\/\/www.hoecker.eu\/blog\/wp-json\/wp\/v2\/ppma_author?post=8396"}],"curies":[{"name":"wp","href":"https:\/\/api.w.org\/{rel}","templated":true}]}}