{"id":8395,"date":"2016-12-29T12:27:00","date_gmt":"2016-12-29T11:27:00","guid":{"rendered":"https:\/\/www.hoecker.eu\/blog\/stadt-bamberg-darf-in-pressemitteilung-zu-erzbischof-schick-nicht-mehr-behaupten-die-afd-rufe-zu-kriminellen-handlungen-auf-verwaltungsgericht-bayreuth-erlaesst-verbot-gegen-die-stadt\/"},"modified":"2025-02-17T14:57:11","modified_gmt":"2025-02-17T13:57:11","slug":"stadt-bamberg-darf-in-pressemitteilung-zu-erzbischof-schick-nicht-mehr-behaupten-die-afd-rufe-zu-kriminellen-handlungen-auf-verwaltungsgericht-bayreuth-erlaesst-verbot-gegen-die-stadt","status":"publish","type":"post","link":"https:\/\/www.hoecker.eu\/blog\/stadt-bamberg-darf-in-pressemitteilung-zu-erzbischof-schick-nicht-mehr-behaupten-die-afd-rufe-zu-kriminellen-handlungen-auf-verwaltungsgericht-bayreuth-erlaesst-verbot-gegen-die-stadt\/","title":{"rendered":"Stadt Bamberg darf in Pressemitteilung zu Erzbischof Schick nicht mehr behaupten, die AfD rufe zu kriminellen Handlungen auf. Verwaltungsgericht Bayreuth erl\u00e4sst Verbot gegen die Stadt."},"content":{"rendered":"<p>Die Stadt Bamberg hatte der AfD in einer auf ihrer Webseite ver\u00f6ffentlichten Pressemitteilung unterstellt, dass sie zu kriminellen Handlungen aufrufe. In der Pressemitteilung der Stadt Bamberg lie\u00df sich der Oberb\u00fcrgermeister von Bamberg mit der Behauptung zitieren, die AfD habe im Internet im Hinblick auf Erzbischof Schick zu kriminellen Handlungen aufgerufen. Diese Behauptungen waren unwahr. Die AfD hatte sich im Internet lediglich kritisch mit einer \u00c4u\u00dferung des Erzbischofs auseinandergesetzt, dabei aber nicht zu kriminellen Handlungen aufgerufen.<\/p>\n<p>Die Stadt Bamberg lie\u00df sich auch durch eine anwaltliche Abmahnung nicht dazu bringen, die Falschbehauptung zu l\u00f6schen, so dass die AfD vor dem Verwaltungsgericht Bayreuth gegen die Falschbehauptung klagte.<\/p>\n<p>Das Verwaltungsgericht Bayreuth hat die Behauptung als unwahr und rechtswidrig bewertet und deshalb verboten (Beschluss vom 20.12.2016, Az:&nbsp;B 5 E 16.832, n.rk.). Dabei hat das Gericht insbesondere auch betont, dass die Stadt Bamberg mit ihrer Pressemitteilung das Sachlichkeitsgebot missachtet habe.<\/p>\n<p>Rechtsanwalt Dr. Carsten Brennecke:<\/p>\n<p><em>\u201eEs ist gerade in Zeiten einer Fakenews-Debatte bemerkenswert, dass eine staatliche Institution im politischen Meinungskampf Falschbehauptungen aufstellt und sich erst durch ein Gericht bremsen l\u00e4sst. Es sollte vom Staat und seinen Institutionen zu erwarten sein, dass diese mit gutem Beispiel vorangehen und keine falschen Behauptungen \u00fcber Dritte verbreiten. Die Stadt Bamberg hat leider gezeigt, wie es nicht geht.\u201c<\/em><\/p>\n","protected":false},"excerpt":{"rendered":"<p>Die Stadt Bamberg hatte der AfD in einer auf ihrer Webseite ver\u00f6ffentlichten Pressemitteilung unterstellt, dass sie zu kriminellen Handlungen aufrufe. In der Pressemitteilung der Stadt Bamberg lie\u00df sich der Oberb\u00fcrgermeister von Bamberg mit der Behauptung zitieren, die AfD habe im Internet im Hinblick auf Erzbischof Schick zu kriminellen Handlungen aufgerufen. Diese Behauptungen waren unwahr. Die [&hellip;]<\/p>\n","protected":false},"author":1,"featured_media":0,"comment_status":"closed","ping_status":"closed","sticky":false,"template":"","format":"standard","meta":{"_has_post_settings":[],"footnotes":""},"categories":[15],"tags":[],"hashtags":[],"ppma_author":[84],"class_list":["post-8395","post","type-post","status-publish","format-standard","hentry","category-news","author-hoecker_adm"],"yoast_head":"<!-- This site is optimized with the Yoast SEO Premium plugin v25.9 (Yoast SEO v27.0) - https:\/\/yoast.com\/product\/yoast-seo-premium-wordpress\/ -->\n<title>Stadt Bamberg darf in Pressemitteilung zu Erzbischof Schick nicht mehr behaupten, die AfD rufe zu kriminellen Handlungen auf. Verwaltungsgericht Bayreuth erl\u00e4sst Verbot gegen die Stadt. - H\u00d6CKER - der Blog<\/title>\n<meta name=\"robots\" content=\"index, follow, max-snippet:-1, max-image-preview:large, max-video-preview:-1\" \/>\n<link rel=\"canonical\" href=\"https:\/\/www.hoecker.eu\/blog\/stadt-bamberg-darf-in-pressemitteilung-zu-erzbischof-schick-nicht-mehr-behaupten-die-afd-rufe-zu-kriminellen-handlungen-auf-verwaltungsgericht-bayreuth-erlaesst-verbot-gegen-die-stadt\/\" \/>\n<meta property=\"og:locale\" content=\"de_DE\" \/>\n<meta property=\"og:type\" content=\"article\" \/>\n<meta property=\"og:title\" content=\"Stadt Bamberg darf in Pressemitteilung zu Erzbischof Schick nicht mehr behaupten, die AfD rufe zu kriminellen Handlungen auf. Verwaltungsgericht Bayreuth erl\u00e4sst Verbot gegen die Stadt.\" \/>\n<meta property=\"og:description\" content=\"Die Stadt Bamberg hatte der AfD in einer auf ihrer Webseite ver\u00f6ffentlichten Pressemitteilung unterstellt, dass sie zu kriminellen Handlungen aufrufe. In der Pressemitteilung der Stadt Bamberg lie\u00df sich der Oberb\u00fcrgermeister von Bamberg mit der Behauptung zitieren, die AfD habe im Internet im Hinblick auf Erzbischof Schick zu kriminellen Handlungen aufgerufen. Diese Behauptungen waren unwahr. Die [&hellip;]\" \/>\n<meta property=\"og:url\" content=\"https:\/\/www.hoecker.eu\/blog\/stadt-bamberg-darf-in-pressemitteilung-zu-erzbischof-schick-nicht-mehr-behaupten-die-afd-rufe-zu-kriminellen-handlungen-auf-verwaltungsgericht-bayreuth-erlaesst-verbot-gegen-die-stadt\/\" \/>\n<meta property=\"og:site_name\" content=\"H\u00d6CKER - der Blog\" \/>\n<meta property=\"article:publisher\" content=\"https:\/\/www.facebook.com\/HoeckerRAe\/\" \/>\n<meta property=\"article:author\" content=\"https:\/\/www.facebook.com\/ralf.hoecker\" \/>\n<meta property=\"article:published_time\" content=\"2016-12-29T11:27:00+00:00\" \/>\n<meta property=\"article:modified_time\" content=\"2025-02-17T13:57:11+00:00\" \/>\n<meta name=\"author\" content=\"Prof. Dr. Ralf H\u00f6cker\" \/>\n<meta name=\"twitter:card\" content=\"summary_large_image\" \/>\n<meta name=\"twitter:creator\" content=\"@Ralf_Hoecker\" \/>\n<meta name=\"twitter:site\" content=\"@hoecker_rae\" \/>\n<meta name=\"twitter:label1\" content=\"Verfasst von\" \/>\n\t<meta name=\"twitter:data1\" content=\"Prof. Dr. Ralf H\u00f6cker\" \/>\n\t<meta name=\"twitter:label2\" content=\"Gesch\u00e4tzte Lesezeit\" \/>\n\t<meta name=\"twitter:data2\" content=\"1\u00a0Minute\" \/>\n<script type=\"application\/ld+json\" class=\"yoast-schema-graph\">{\"@context\":\"https:\/\/schema.org\",\"@graph\":[{\"@type\":\"Article\",\"@id\":\"https:\/\/www.hoecker.eu\/blog\/stadt-bamberg-darf-in-pressemitteilung-zu-erzbischof-schick-nicht-mehr-behaupten-die-afd-rufe-zu-kriminellen-handlungen-auf-verwaltungsgericht-bayreuth-erlaesst-verbot-gegen-die-stadt\/#article\",\"isPartOf\":{\"@id\":\"https:\/\/www.hoecker.eu\/blog\/stadt-bamberg-darf-in-pressemitteilung-zu-erzbischof-schick-nicht-mehr-behaupten-die-afd-rufe-zu-kriminellen-handlungen-auf-verwaltungsgericht-bayreuth-erlaesst-verbot-gegen-die-stadt\/\"},\"author\":{\"name\":\"Prof. Dr. Ralf H\u00f6cker\",\"@id\":\"https:\/\/www.hoecker.eu\/blog\/#\/schema\/person\/08f95581eed0534eccd0b2438f7a1cab\"},\"headline\":\"Stadt Bamberg darf in Pressemitteilung zu Erzbischof Schick nicht mehr behaupten, die AfD rufe zu kriminellen Handlungen auf. Verwaltungsgericht Bayreuth erl\u00e4sst Verbot gegen die Stadt.\",\"datePublished\":\"2016-12-29T11:27:00+00:00\",\"dateModified\":\"2025-02-17T13:57:11+00:00\",\"mainEntityOfPage\":{\"@id\":\"https:\/\/www.hoecker.eu\/blog\/stadt-bamberg-darf-in-pressemitteilung-zu-erzbischof-schick-nicht-mehr-behaupten-die-afd-rufe-zu-kriminellen-handlungen-auf-verwaltungsgericht-bayreuth-erlaesst-verbot-gegen-die-stadt\/\"},\"wordCount\":237,\"publisher\":{\"@id\":\"https:\/\/www.hoecker.eu\/blog\/#organization\"},\"articleSection\":[\"News\"],\"inLanguage\":\"de\"},{\"@type\":\"WebPage\",\"@id\":\"https:\/\/www.hoecker.eu\/blog\/stadt-bamberg-darf-in-pressemitteilung-zu-erzbischof-schick-nicht-mehr-behaupten-die-afd-rufe-zu-kriminellen-handlungen-auf-verwaltungsgericht-bayreuth-erlaesst-verbot-gegen-die-stadt\/\",\"url\":\"https:\/\/www.hoecker.eu\/blog\/stadt-bamberg-darf-in-pressemitteilung-zu-erzbischof-schick-nicht-mehr-behaupten-die-afd-rufe-zu-kriminellen-handlungen-auf-verwaltungsgericht-bayreuth-erlaesst-verbot-gegen-die-stadt\/\",\"name\":\"Stadt Bamberg darf in Pressemitteilung zu Erzbischof Schick nicht mehr behaupten, die AfD rufe zu kriminellen Handlungen auf. Verwaltungsgericht Bayreuth erl\u00e4sst Verbot gegen die Stadt. - H\u00d6CKER - der Blog\",\"isPartOf\":{\"@id\":\"https:\/\/www.hoecker.eu\/blog\/#website\"},\"datePublished\":\"2016-12-29T11:27:00+00:00\",\"dateModified\":\"2025-02-17T13:57:11+00:00\",\"breadcrumb\":{\"@id\":\"https:\/\/www.hoecker.eu\/blog\/stadt-bamberg-darf-in-pressemitteilung-zu-erzbischof-schick-nicht-mehr-behaupten-die-afd-rufe-zu-kriminellen-handlungen-auf-verwaltungsgericht-bayreuth-erlaesst-verbot-gegen-die-stadt\/#breadcrumb\"},\"inLanguage\":\"de\",\"potentialAction\":[{\"@type\":\"ReadAction\",\"target\":[\"https:\/\/www.hoecker.eu\/blog\/stadt-bamberg-darf-in-pressemitteilung-zu-erzbischof-schick-nicht-mehr-behaupten-die-afd-rufe-zu-kriminellen-handlungen-auf-verwaltungsgericht-bayreuth-erlaesst-verbot-gegen-die-stadt\/\"]}]},{\"@type\":\"BreadcrumbList\",\"@id\":\"https:\/\/www.hoecker.eu\/blog\/stadt-bamberg-darf-in-pressemitteilung-zu-erzbischof-schick-nicht-mehr-behaupten-die-afd-rufe-zu-kriminellen-handlungen-auf-verwaltungsgericht-bayreuth-erlaesst-verbot-gegen-die-stadt\/#breadcrumb\",\"itemListElement\":[{\"@type\":\"ListItem\",\"position\":1,\"name\":\"Startseite\",\"item\":\"https:\/\/dev.hoecker.eu\/blog\/\"},{\"@type\":\"ListItem\",\"position\":2,\"name\":\"Stadt Bamberg darf in Pressemitteilung zu Erzbischof Schick nicht mehr behaupten, die AfD rufe zu kriminellen Handlungen auf. Verwaltungsgericht Bayreuth erl\u00e4sst Verbot gegen die Stadt.\"}]},{\"@type\":\"WebSite\",\"@id\":\"https:\/\/www.hoecker.eu\/blog\/#website\",\"url\":\"https:\/\/www.hoecker.eu\/blog\/\",\"name\":\"H\u00d6CKER - der Blog\",\"description\":\"Expertenblog f\u00fcr \u00c4u\u00dferungs-, Medien-, Marken-, Urheber- und Wettbewerbsrecht.\",\"publisher\":{\"@id\":\"https:\/\/www.hoecker.eu\/blog\/#organization\"},\"potentialAction\":[{\"@type\":\"SearchAction\",\"target\":{\"@type\":\"EntryPoint\",\"urlTemplate\":\"https:\/\/www.hoecker.eu\/blog\/?s={search_term_string}\"},\"query-input\":{\"@type\":\"PropertyValueSpecification\",\"valueRequired\":true,\"valueName\":\"search_term_string\"}}],\"inLanguage\":\"de\"},{\"@type\":\"Organization\",\"@id\":\"https:\/\/www.hoecker.eu\/blog\/#organization\",\"name\":\"H\u00d6CKER Rechtsanw\u00e4lte PartGmbB\",\"alternateName\":\"H\u00d6CKER\",\"url\":\"https:\/\/www.hoecker.eu\/blog\/\",\"logo\":{\"@type\":\"ImageObject\",\"inLanguage\":\"de\",\"@id\":\"https:\/\/www.hoecker.eu\/blog\/#\/schema\/logo\/image\/\",\"url\":\"https:\/\/www.hoecker.eu\/blog\/wp-content\/uploads\/2025\/03\/Blog-Logo.webp\",\"contentUrl\":\"https:\/\/www.hoecker.eu\/blog\/wp-content\/uploads\/2025\/03\/Blog-Logo.webp\",\"width\":500,\"height\":500,\"caption\":\"H\u00d6CKER Rechtsanw\u00e4lte PartGmbB\"},\"image\":{\"@id\":\"https:\/\/www.hoecker.eu\/blog\/#\/schema\/logo\/image\/\"},\"sameAs\":[\"https:\/\/www.facebook.com\/HoeckerRAe\/\",\"https:\/\/x.com\/hoecker_rae\",\"https:\/\/www.linkedin.com\/company\/hcker-rechtsanwlte\/\",\"https:\/\/www.instagram.com\/hoecker_rae\/\"],\"email\":\"contact@hoecker.eu\",\"telephone\":\"+ 49 (0)221-933 19-10\",\"legalName\":\"H\u00d6CKER Rechtsanw\u00e4lte PartGmbB\",\"numberOfEmployees\":{\"@type\":\"QuantitativeValue\",\"minValue\":\"11\",\"maxValue\":\"50\"}},{\"@type\":\"Person\",\"@id\":\"https:\/\/www.hoecker.eu\/blog\/#\/schema\/person\/08f95581eed0534eccd0b2438f7a1cab\",\"name\":\"Prof. Dr. Ralf H\u00f6cker\",\"description\":\"Medienanwalt. Besch\u00fctzer vor mieser Presse\",\"sameAs\":[\"https:\/\/www.hoecker.eu\/wer\/prof-dr-ralf-hoecker\",\"https:\/\/www.facebook.com\/ralf.hoecker\",\"https:\/\/www.linkedin.com\/in\/prof-dr-ralf-hcker-ll-m-london-17987826\/\",\"https:\/\/x.com\/Ralf_Hoecker\"],\"url\":\"https:\/\/www.hoecker.eu\/blog\/author\/hoecker_adm\/\"}]}<\/script>\n<!-- \/ Yoast SEO Premium plugin. -->","yoast_head_json":{"title":"Stadt Bamberg darf in Pressemitteilung zu Erzbischof Schick nicht mehr behaupten, die AfD rufe zu kriminellen Handlungen auf. Verwaltungsgericht Bayreuth erl\u00e4sst Verbot gegen die Stadt. - H\u00d6CKER - der Blog","robots":{"index":"index","follow":"follow","max-snippet":"max-snippet:-1","max-image-preview":"max-image-preview:large","max-video-preview":"max-video-preview:-1"},"canonical":"https:\/\/www.hoecker.eu\/blog\/stadt-bamberg-darf-in-pressemitteilung-zu-erzbischof-schick-nicht-mehr-behaupten-die-afd-rufe-zu-kriminellen-handlungen-auf-verwaltungsgericht-bayreuth-erlaesst-verbot-gegen-die-stadt\/","og_locale":"de_DE","og_type":"article","og_title":"Stadt Bamberg darf in Pressemitteilung zu Erzbischof Schick nicht mehr behaupten, die AfD rufe zu kriminellen Handlungen auf. Verwaltungsgericht Bayreuth erl\u00e4sst Verbot gegen die Stadt.","og_description":"Die Stadt Bamberg hatte der AfD in einer auf ihrer Webseite ver\u00f6ffentlichten Pressemitteilung unterstellt, dass sie zu kriminellen Handlungen aufrufe. In der Pressemitteilung der Stadt Bamberg lie\u00df sich der Oberb\u00fcrgermeister von Bamberg mit der Behauptung zitieren, die AfD habe im Internet im Hinblick auf Erzbischof Schick zu kriminellen Handlungen aufgerufen. Diese Behauptungen waren unwahr. Die [&hellip;]","og_url":"https:\/\/www.hoecker.eu\/blog\/stadt-bamberg-darf-in-pressemitteilung-zu-erzbischof-schick-nicht-mehr-behaupten-die-afd-rufe-zu-kriminellen-handlungen-auf-verwaltungsgericht-bayreuth-erlaesst-verbot-gegen-die-stadt\/","og_site_name":"H\u00d6CKER - der Blog","article_publisher":"https:\/\/www.facebook.com\/HoeckerRAe\/","article_author":"https:\/\/www.facebook.com\/ralf.hoecker","article_published_time":"2016-12-29T11:27:00+00:00","article_modified_time":"2025-02-17T13:57:11+00:00","author":"Prof. Dr. Ralf H\u00f6cker","twitter_card":"summary_large_image","twitter_creator":"@Ralf_Hoecker","twitter_site":"@hoecker_rae","twitter_misc":{"Verfasst von":"Prof. Dr. Ralf H\u00f6cker","Gesch\u00e4tzte Lesezeit":"1\u00a0Minute"},"schema":{"@context":"https:\/\/schema.org","@graph":[{"@type":"Article","@id":"https:\/\/www.hoecker.eu\/blog\/stadt-bamberg-darf-in-pressemitteilung-zu-erzbischof-schick-nicht-mehr-behaupten-die-afd-rufe-zu-kriminellen-handlungen-auf-verwaltungsgericht-bayreuth-erlaesst-verbot-gegen-die-stadt\/#article","isPartOf":{"@id":"https:\/\/www.hoecker.eu\/blog\/stadt-bamberg-darf-in-pressemitteilung-zu-erzbischof-schick-nicht-mehr-behaupten-die-afd-rufe-zu-kriminellen-handlungen-auf-verwaltungsgericht-bayreuth-erlaesst-verbot-gegen-die-stadt\/"},"author":{"name":"Prof. Dr. Ralf H\u00f6cker","@id":"https:\/\/www.hoecker.eu\/blog\/#\/schema\/person\/08f95581eed0534eccd0b2438f7a1cab"},"headline":"Stadt Bamberg darf in Pressemitteilung zu Erzbischof Schick nicht mehr behaupten, die AfD rufe zu kriminellen Handlungen auf. Verwaltungsgericht Bayreuth erl\u00e4sst Verbot gegen die Stadt.","datePublished":"2016-12-29T11:27:00+00:00","dateModified":"2025-02-17T13:57:11+00:00","mainEntityOfPage":{"@id":"https:\/\/www.hoecker.eu\/blog\/stadt-bamberg-darf-in-pressemitteilung-zu-erzbischof-schick-nicht-mehr-behaupten-die-afd-rufe-zu-kriminellen-handlungen-auf-verwaltungsgericht-bayreuth-erlaesst-verbot-gegen-die-stadt\/"},"wordCount":237,"publisher":{"@id":"https:\/\/www.hoecker.eu\/blog\/#organization"},"articleSection":["News"],"inLanguage":"de"},{"@type":"WebPage","@id":"https:\/\/www.hoecker.eu\/blog\/stadt-bamberg-darf-in-pressemitteilung-zu-erzbischof-schick-nicht-mehr-behaupten-die-afd-rufe-zu-kriminellen-handlungen-auf-verwaltungsgericht-bayreuth-erlaesst-verbot-gegen-die-stadt\/","url":"https:\/\/www.hoecker.eu\/blog\/stadt-bamberg-darf-in-pressemitteilung-zu-erzbischof-schick-nicht-mehr-behaupten-die-afd-rufe-zu-kriminellen-handlungen-auf-verwaltungsgericht-bayreuth-erlaesst-verbot-gegen-die-stadt\/","name":"Stadt Bamberg darf in Pressemitteilung zu Erzbischof Schick nicht mehr behaupten, die AfD rufe zu kriminellen Handlungen auf. Verwaltungsgericht Bayreuth erl\u00e4sst Verbot gegen die Stadt. - H\u00d6CKER - der Blog","isPartOf":{"@id":"https:\/\/www.hoecker.eu\/blog\/#website"},"datePublished":"2016-12-29T11:27:00+00:00","dateModified":"2025-02-17T13:57:11+00:00","breadcrumb":{"@id":"https:\/\/www.hoecker.eu\/blog\/stadt-bamberg-darf-in-pressemitteilung-zu-erzbischof-schick-nicht-mehr-behaupten-die-afd-rufe-zu-kriminellen-handlungen-auf-verwaltungsgericht-bayreuth-erlaesst-verbot-gegen-die-stadt\/#breadcrumb"},"inLanguage":"de","potentialAction":[{"@type":"ReadAction","target":["https:\/\/www.hoecker.eu\/blog\/stadt-bamberg-darf-in-pressemitteilung-zu-erzbischof-schick-nicht-mehr-behaupten-die-afd-rufe-zu-kriminellen-handlungen-auf-verwaltungsgericht-bayreuth-erlaesst-verbot-gegen-die-stadt\/"]}]},{"@type":"BreadcrumbList","@id":"https:\/\/www.hoecker.eu\/blog\/stadt-bamberg-darf-in-pressemitteilung-zu-erzbischof-schick-nicht-mehr-behaupten-die-afd-rufe-zu-kriminellen-handlungen-auf-verwaltungsgericht-bayreuth-erlaesst-verbot-gegen-die-stadt\/#breadcrumb","itemListElement":[{"@type":"ListItem","position":1,"name":"Startseite","item":"https:\/\/dev.hoecker.eu\/blog\/"},{"@type":"ListItem","position":2,"name":"Stadt Bamberg darf in Pressemitteilung zu Erzbischof Schick nicht mehr behaupten, die AfD rufe zu kriminellen Handlungen auf. Verwaltungsgericht Bayreuth erl\u00e4sst Verbot gegen die Stadt."}]},{"@type":"WebSite","@id":"https:\/\/www.hoecker.eu\/blog\/#website","url":"https:\/\/www.hoecker.eu\/blog\/","name":"H\u00d6CKER - der Blog","description":"Expertenblog f\u00fcr \u00c4u\u00dferungs-, Medien-, Marken-, Urheber- und Wettbewerbsrecht.","publisher":{"@id":"https:\/\/www.hoecker.eu\/blog\/#organization"},"potentialAction":[{"@type":"SearchAction","target":{"@type":"EntryPoint","urlTemplate":"https:\/\/www.hoecker.eu\/blog\/?s={search_term_string}"},"query-input":{"@type":"PropertyValueSpecification","valueRequired":true,"valueName":"search_term_string"}}],"inLanguage":"de"},{"@type":"Organization","@id":"https:\/\/www.hoecker.eu\/blog\/#organization","name":"H\u00d6CKER Rechtsanw\u00e4lte PartGmbB","alternateName":"H\u00d6CKER","url":"https:\/\/www.hoecker.eu\/blog\/","logo":{"@type":"ImageObject","inLanguage":"de","@id":"https:\/\/www.hoecker.eu\/blog\/#\/schema\/logo\/image\/","url":"https:\/\/www.hoecker.eu\/blog\/wp-content\/uploads\/2025\/03\/Blog-Logo.webp","contentUrl":"https:\/\/www.hoecker.eu\/blog\/wp-content\/uploads\/2025\/03\/Blog-Logo.webp","width":500,"height":500,"caption":"H\u00d6CKER Rechtsanw\u00e4lte PartGmbB"},"image":{"@id":"https:\/\/www.hoecker.eu\/blog\/#\/schema\/logo\/image\/"},"sameAs":["https:\/\/www.facebook.com\/HoeckerRAe\/","https:\/\/x.com\/hoecker_rae","https:\/\/www.linkedin.com\/company\/hcker-rechtsanwlte\/","https:\/\/www.instagram.com\/hoecker_rae\/"],"email":"contact@hoecker.eu","telephone":"+ 49 (0)221-933 19-10","legalName":"H\u00d6CKER Rechtsanw\u00e4lte PartGmbB","numberOfEmployees":{"@type":"QuantitativeValue","minValue":"11","maxValue":"50"}},{"@type":"Person","@id":"https:\/\/www.hoecker.eu\/blog\/#\/schema\/person\/08f95581eed0534eccd0b2438f7a1cab","name":"Prof. Dr. Ralf H\u00f6cker","description":"Medienanwalt. Besch\u00fctzer vor mieser Presse","sameAs":["https:\/\/www.hoecker.eu\/wer\/prof-dr-ralf-hoecker","https:\/\/www.facebook.com\/ralf.hoecker","https:\/\/www.linkedin.com\/in\/prof-dr-ralf-hcker-ll-m-london-17987826\/","https:\/\/x.com\/Ralf_Hoecker"],"url":"https:\/\/www.hoecker.eu\/blog\/author\/hoecker_adm\/"}]}},"authors":[{"term_id":84,"user_id":1,"is_guest":0,"slug":"hoecker_adm","display_name":"Prof. Dr. Ralf H\u00f6cker","avatar_url":{"url":"https:\/\/www.hoecker.eu\/blog\/wp-content\/uploads\/2023\/12\/ProfDrRalfHoecker.jpg","url2x":"https:\/\/www.hoecker.eu\/blog\/wp-content\/uploads\/2023\/12\/ProfDrRalfHoecker.jpg"},"0":null,"1":"","2":"","3":"","4":"","5":"","6":"","7":"","8":"","9":"","10":"","11":""}],"_links":{"self":[{"href":"https:\/\/www.hoecker.eu\/blog\/wp-json\/wp\/v2\/posts\/8395","targetHints":{"allow":["GET"]}}],"collection":[{"href":"https:\/\/www.hoecker.eu\/blog\/wp-json\/wp\/v2\/posts"}],"about":[{"href":"https:\/\/www.hoecker.eu\/blog\/wp-json\/wp\/v2\/types\/post"}],"author":[{"embeddable":true,"href":"https:\/\/www.hoecker.eu\/blog\/wp-json\/wp\/v2\/users\/1"}],"replies":[{"embeddable":true,"href":"https:\/\/www.hoecker.eu\/blog\/wp-json\/wp\/v2\/comments?post=8395"}],"version-history":[{"count":1,"href":"https:\/\/www.hoecker.eu\/blog\/wp-json\/wp\/v2\/posts\/8395\/revisions"}],"predecessor-version":[{"id":9517,"href":"https:\/\/www.hoecker.eu\/blog\/wp-json\/wp\/v2\/posts\/8395\/revisions\/9517"}],"wp:attachment":[{"href":"https:\/\/www.hoecker.eu\/blog\/wp-json\/wp\/v2\/media?parent=8395"}],"wp:term":[{"taxonomy":"category","embeddable":true,"href":"https:\/\/www.hoecker.eu\/blog\/wp-json\/wp\/v2\/categories?post=8395"},{"taxonomy":"post_tag","embeddable":true,"href":"https:\/\/www.hoecker.eu\/blog\/wp-json\/wp\/v2\/tags?post=8395"},{"taxonomy":"hashtags","embeddable":true,"href":"https:\/\/www.hoecker.eu\/blog\/wp-json\/wp\/v2\/hashtags?post=8395"},{"taxonomy":"author","embeddable":true,"href":"https:\/\/www.hoecker.eu\/blog\/wp-json\/wp\/v2\/ppma_author?post=8395"}],"curies":[{"name":"wp","href":"https:\/\/api.w.org\/{rel}","templated":true}]}}