{"id":8393,"date":"2017-01-02T13:37:30","date_gmt":"2017-01-02T12:37:30","guid":{"rendered":"https:\/\/www.hoecker.eu\/blog\/sueddeutsche-durfte-stellungnahme-nicht-verfaelscht-wiedergeben-einstweilige-verfuegung-gegen-panama-papers-enthueller\/"},"modified":"2025-02-17T14:57:10","modified_gmt":"2025-02-17T13:57:10","slug":"sueddeutsche-durfte-stellungnahme-nicht-verfaelscht-wiedergeben-einstweilige-verfuegung-gegen-panama-papers-enthueller","status":"publish","type":"post","link":"https:\/\/www.hoecker.eu\/blog\/sueddeutsche-durfte-stellungnahme-nicht-verfaelscht-wiedergeben-einstweilige-verfuegung-gegen-panama-papers-enthueller\/","title":{"rendered":"S\u00fcddeutsche durfte Stellungnahme nicht verf\u00e4lscht wiedergeben. Einstweilige Verf\u00fcgung gegen \u201ePanama Papers-Enth\u00fcller\u201c."},"content":{"rendered":"<p>H\u00d6CKER hat eine einstweilige Verf\u00fcgung gegen die S\u00fcddeutsche Zeitung wegen einer rechtswidrigen Berichterstattung erwirkt.<\/p>\n<p>Die S\u00fcddeutsche Zeitung hatte \u00fcber einen Mandanten mehrfach insbesondere im Zusammenhang mit den sogenannten \u201ePanama-Papers-Enth\u00fcllungen\u201c berichtet. Teile der Berichterstattung waren jedoch rechtswidrig, wie das Landgericht K\u00f6ln mit Beschluss vom 29.12.2016 festgestellt hat. In dem nunmehr verbotenen Artikel hatten die Journalisten der S\u00fcddeutschen Zeitung eine Stellungnahme in Teilen verf\u00e4lscht und in weiteren Teilen&nbsp;\u00fcberhaupt&nbsp;nicht wiedergegeben.&nbsp;Die&nbsp;Stellungnahme&nbsp;hatte&nbsp;mehrere Umst\u00e4nde und Argumente&nbsp;enthalten, die den gegen den Mandanten erhobenen Verdacht entkr\u00e4ftet h\u00e4tten.&nbsp;Die Leser erfuhren hiervon nichts.<\/p>\n<p>Rechtsanwalt Dr. Julian Rodenbeck:<\/p>\n<p><em>\u201eDie S\u00fcddeutsche Zeitung wollte ihren Lesern&nbsp;offenbar&nbsp;keine objektive Schilderung eines Sachverhalts bieten, sondern eine einseitige Crime-Story.\u201c<\/em><\/p>\n","protected":false},"excerpt":{"rendered":"<p>H\u00d6CKER hat eine einstweilige Verf\u00fcgung gegen die S\u00fcddeutsche Zeitung wegen einer rechtswidrigen Berichterstattung erwirkt. Die S\u00fcddeutsche Zeitung hatte \u00fcber einen Mandanten mehrfach insbesondere im Zusammenhang mit den sogenannten \u201ePanama-Papers-Enth\u00fcllungen\u201c berichtet. Teile der Berichterstattung waren jedoch rechtswidrig, wie das Landgericht K\u00f6ln mit Beschluss vom 29.12.2016 festgestellt hat. In dem nunmehr verbotenen Artikel hatten die Journalisten der [&hellip;]<\/p>\n","protected":false},"author":1,"featured_media":0,"comment_status":"closed","ping_status":"closed","sticky":false,"template":"","format":"standard","meta":{"_has_post_settings":[],"footnotes":""},"categories":[15],"tags":[],"hashtags":[],"ppma_author":[84],"class_list":["post-8393","post","type-post","status-publish","format-standard","hentry","category-news","author-hoecker_adm"],"yoast_head":"<!-- This site is optimized with the Yoast SEO Premium plugin v25.9 (Yoast SEO v27.0) - https:\/\/yoast.com\/product\/yoast-seo-premium-wordpress\/ -->\n<title>S\u00fcddeutsche durfte Stellungnahme nicht verf\u00e4lscht wiedergeben. Einstweilige Verf\u00fcgung gegen \u201ePanama Papers-Enth\u00fcller\u201c. - H\u00d6CKER - der Blog<\/title>\n<meta name=\"robots\" content=\"index, follow, max-snippet:-1, max-image-preview:large, max-video-preview:-1\" \/>\n<link rel=\"canonical\" href=\"https:\/\/www.hoecker.eu\/blog\/sueddeutsche-durfte-stellungnahme-nicht-verfaelscht-wiedergeben-einstweilige-verfuegung-gegen-panama-papers-enthueller\/\" \/>\n<meta property=\"og:locale\" content=\"de_DE\" \/>\n<meta property=\"og:type\" content=\"article\" \/>\n<meta property=\"og:title\" content=\"S\u00fcddeutsche durfte Stellungnahme nicht verf\u00e4lscht wiedergeben. Einstweilige Verf\u00fcgung gegen \u201ePanama Papers-Enth\u00fcller\u201c.\" \/>\n<meta property=\"og:description\" content=\"H\u00d6CKER hat eine einstweilige Verf\u00fcgung gegen die S\u00fcddeutsche Zeitung wegen einer rechtswidrigen Berichterstattung erwirkt. Die S\u00fcddeutsche Zeitung hatte \u00fcber einen Mandanten mehrfach insbesondere im Zusammenhang mit den sogenannten \u201ePanama-Papers-Enth\u00fcllungen\u201c berichtet. Teile der Berichterstattung waren jedoch rechtswidrig, wie das Landgericht K\u00f6ln mit Beschluss vom 29.12.2016 festgestellt hat. In dem nunmehr verbotenen Artikel hatten die Journalisten der [&hellip;]\" \/>\n<meta property=\"og:url\" content=\"https:\/\/www.hoecker.eu\/blog\/sueddeutsche-durfte-stellungnahme-nicht-verfaelscht-wiedergeben-einstweilige-verfuegung-gegen-panama-papers-enthueller\/\" \/>\n<meta property=\"og:site_name\" content=\"H\u00d6CKER - der Blog\" \/>\n<meta property=\"article:publisher\" content=\"https:\/\/www.facebook.com\/HoeckerRAe\/\" \/>\n<meta property=\"article:author\" content=\"https:\/\/www.facebook.com\/ralf.hoecker\" \/>\n<meta property=\"article:published_time\" content=\"2017-01-02T12:37:30+00:00\" \/>\n<meta property=\"article:modified_time\" content=\"2025-02-17T13:57:10+00:00\" \/>\n<meta name=\"author\" content=\"Prof. Dr. Ralf H\u00f6cker\" \/>\n<meta name=\"twitter:card\" content=\"summary_large_image\" \/>\n<meta name=\"twitter:creator\" content=\"@Ralf_Hoecker\" \/>\n<meta name=\"twitter:site\" content=\"@hoecker_rae\" \/>\n<meta name=\"twitter:label1\" content=\"Verfasst von\" \/>\n\t<meta name=\"twitter:data1\" content=\"Prof. Dr. Ralf H\u00f6cker\" \/>\n\t<meta name=\"twitter:label2\" content=\"Gesch\u00e4tzte Lesezeit\" \/>\n\t<meta name=\"twitter:data2\" content=\"1\u00a0Minute\" \/>\n<script type=\"application\/ld+json\" class=\"yoast-schema-graph\">{\"@context\":\"https:\/\/schema.org\",\"@graph\":[{\"@type\":\"Article\",\"@id\":\"https:\/\/www.hoecker.eu\/blog\/sueddeutsche-durfte-stellungnahme-nicht-verfaelscht-wiedergeben-einstweilige-verfuegung-gegen-panama-papers-enthueller\/#article\",\"isPartOf\":{\"@id\":\"https:\/\/www.hoecker.eu\/blog\/sueddeutsche-durfte-stellungnahme-nicht-verfaelscht-wiedergeben-einstweilige-verfuegung-gegen-panama-papers-enthueller\/\"},\"author\":{\"name\":\"Prof. Dr. Ralf H\u00f6cker\",\"@id\":\"https:\/\/www.hoecker.eu\/blog\/#\/schema\/person\/08f95581eed0534eccd0b2438f7a1cab\"},\"headline\":\"S\u00fcddeutsche durfte Stellungnahme nicht verf\u00e4lscht wiedergeben. Einstweilige Verf\u00fcgung gegen \u201ePanama Papers-Enth\u00fcller\u201c.\",\"datePublished\":\"2017-01-02T12:37:30+00:00\",\"dateModified\":\"2025-02-17T13:57:10+00:00\",\"mainEntityOfPage\":{\"@id\":\"https:\/\/www.hoecker.eu\/blog\/sueddeutsche-durfte-stellungnahme-nicht-verfaelscht-wiedergeben-einstweilige-verfuegung-gegen-panama-papers-enthueller\/\"},\"wordCount\":148,\"publisher\":{\"@id\":\"https:\/\/www.hoecker.eu\/blog\/#organization\"},\"articleSection\":[\"News\"],\"inLanguage\":\"de\"},{\"@type\":\"WebPage\",\"@id\":\"https:\/\/www.hoecker.eu\/blog\/sueddeutsche-durfte-stellungnahme-nicht-verfaelscht-wiedergeben-einstweilige-verfuegung-gegen-panama-papers-enthueller\/\",\"url\":\"https:\/\/www.hoecker.eu\/blog\/sueddeutsche-durfte-stellungnahme-nicht-verfaelscht-wiedergeben-einstweilige-verfuegung-gegen-panama-papers-enthueller\/\",\"name\":\"S\u00fcddeutsche durfte Stellungnahme nicht verf\u00e4lscht wiedergeben. Einstweilige Verf\u00fcgung gegen \u201ePanama Papers-Enth\u00fcller\u201c. - H\u00d6CKER - der Blog\",\"isPartOf\":{\"@id\":\"https:\/\/www.hoecker.eu\/blog\/#website\"},\"datePublished\":\"2017-01-02T12:37:30+00:00\",\"dateModified\":\"2025-02-17T13:57:10+00:00\",\"breadcrumb\":{\"@id\":\"https:\/\/www.hoecker.eu\/blog\/sueddeutsche-durfte-stellungnahme-nicht-verfaelscht-wiedergeben-einstweilige-verfuegung-gegen-panama-papers-enthueller\/#breadcrumb\"},\"inLanguage\":\"de\",\"potentialAction\":[{\"@type\":\"ReadAction\",\"target\":[\"https:\/\/www.hoecker.eu\/blog\/sueddeutsche-durfte-stellungnahme-nicht-verfaelscht-wiedergeben-einstweilige-verfuegung-gegen-panama-papers-enthueller\/\"]}]},{\"@type\":\"BreadcrumbList\",\"@id\":\"https:\/\/www.hoecker.eu\/blog\/sueddeutsche-durfte-stellungnahme-nicht-verfaelscht-wiedergeben-einstweilige-verfuegung-gegen-panama-papers-enthueller\/#breadcrumb\",\"itemListElement\":[{\"@type\":\"ListItem\",\"position\":1,\"name\":\"Startseite\",\"item\":\"https:\/\/dev.hoecker.eu\/blog\/\"},{\"@type\":\"ListItem\",\"position\":2,\"name\":\"S\u00fcddeutsche durfte Stellungnahme nicht verf\u00e4lscht wiedergeben. Einstweilige Verf\u00fcgung gegen \u201ePanama Papers-Enth\u00fcller\u201c.\"}]},{\"@type\":\"WebSite\",\"@id\":\"https:\/\/www.hoecker.eu\/blog\/#website\",\"url\":\"https:\/\/www.hoecker.eu\/blog\/\",\"name\":\"H\u00d6CKER - der Blog\",\"description\":\"Expertenblog f\u00fcr \u00c4u\u00dferungs-, Medien-, Marken-, Urheber- und Wettbewerbsrecht.\",\"publisher\":{\"@id\":\"https:\/\/www.hoecker.eu\/blog\/#organization\"},\"potentialAction\":[{\"@type\":\"SearchAction\",\"target\":{\"@type\":\"EntryPoint\",\"urlTemplate\":\"https:\/\/www.hoecker.eu\/blog\/?s={search_term_string}\"},\"query-input\":{\"@type\":\"PropertyValueSpecification\",\"valueRequired\":true,\"valueName\":\"search_term_string\"}}],\"inLanguage\":\"de\"},{\"@type\":\"Organization\",\"@id\":\"https:\/\/www.hoecker.eu\/blog\/#organization\",\"name\":\"H\u00d6CKER Rechtsanw\u00e4lte PartGmbB\",\"alternateName\":\"H\u00d6CKER\",\"url\":\"https:\/\/www.hoecker.eu\/blog\/\",\"logo\":{\"@type\":\"ImageObject\",\"inLanguage\":\"de\",\"@id\":\"https:\/\/www.hoecker.eu\/blog\/#\/schema\/logo\/image\/\",\"url\":\"https:\/\/www.hoecker.eu\/blog\/wp-content\/uploads\/2025\/03\/Blog-Logo.webp\",\"contentUrl\":\"https:\/\/www.hoecker.eu\/blog\/wp-content\/uploads\/2025\/03\/Blog-Logo.webp\",\"width\":500,\"height\":500,\"caption\":\"H\u00d6CKER Rechtsanw\u00e4lte PartGmbB\"},\"image\":{\"@id\":\"https:\/\/www.hoecker.eu\/blog\/#\/schema\/logo\/image\/\"},\"sameAs\":[\"https:\/\/www.facebook.com\/HoeckerRAe\/\",\"https:\/\/x.com\/hoecker_rae\",\"https:\/\/www.linkedin.com\/company\/hcker-rechtsanwlte\/\",\"https:\/\/www.instagram.com\/hoecker_rae\/\"],\"email\":\"contact@hoecker.eu\",\"telephone\":\"+ 49 (0)221-933 19-10\",\"legalName\":\"H\u00d6CKER Rechtsanw\u00e4lte PartGmbB\",\"numberOfEmployees\":{\"@type\":\"QuantitativeValue\",\"minValue\":\"11\",\"maxValue\":\"50\"}},{\"@type\":\"Person\",\"@id\":\"https:\/\/www.hoecker.eu\/blog\/#\/schema\/person\/08f95581eed0534eccd0b2438f7a1cab\",\"name\":\"Prof. Dr. Ralf H\u00f6cker\",\"description\":\"Medienanwalt. Besch\u00fctzer vor mieser Presse\",\"sameAs\":[\"https:\/\/www.hoecker.eu\/wer\/prof-dr-ralf-hoecker\",\"https:\/\/www.facebook.com\/ralf.hoecker\",\"https:\/\/www.linkedin.com\/in\/prof-dr-ralf-hcker-ll-m-london-17987826\/\",\"https:\/\/x.com\/Ralf_Hoecker\"],\"url\":\"https:\/\/www.hoecker.eu\/blog\/author\/hoecker_adm\/\"}]}<\/script>\n<!-- \/ Yoast SEO Premium plugin. -->","yoast_head_json":{"title":"S\u00fcddeutsche durfte Stellungnahme nicht verf\u00e4lscht wiedergeben. Einstweilige Verf\u00fcgung gegen \u201ePanama Papers-Enth\u00fcller\u201c. - H\u00d6CKER - der Blog","robots":{"index":"index","follow":"follow","max-snippet":"max-snippet:-1","max-image-preview":"max-image-preview:large","max-video-preview":"max-video-preview:-1"},"canonical":"https:\/\/www.hoecker.eu\/blog\/sueddeutsche-durfte-stellungnahme-nicht-verfaelscht-wiedergeben-einstweilige-verfuegung-gegen-panama-papers-enthueller\/","og_locale":"de_DE","og_type":"article","og_title":"S\u00fcddeutsche durfte Stellungnahme nicht verf\u00e4lscht wiedergeben. Einstweilige Verf\u00fcgung gegen \u201ePanama Papers-Enth\u00fcller\u201c.","og_description":"H\u00d6CKER hat eine einstweilige Verf\u00fcgung gegen die S\u00fcddeutsche Zeitung wegen einer rechtswidrigen Berichterstattung erwirkt. Die S\u00fcddeutsche Zeitung hatte \u00fcber einen Mandanten mehrfach insbesondere im Zusammenhang mit den sogenannten \u201ePanama-Papers-Enth\u00fcllungen\u201c berichtet. Teile der Berichterstattung waren jedoch rechtswidrig, wie das Landgericht K\u00f6ln mit Beschluss vom 29.12.2016 festgestellt hat. In dem nunmehr verbotenen Artikel hatten die Journalisten der [&hellip;]","og_url":"https:\/\/www.hoecker.eu\/blog\/sueddeutsche-durfte-stellungnahme-nicht-verfaelscht-wiedergeben-einstweilige-verfuegung-gegen-panama-papers-enthueller\/","og_site_name":"H\u00d6CKER - der Blog","article_publisher":"https:\/\/www.facebook.com\/HoeckerRAe\/","article_author":"https:\/\/www.facebook.com\/ralf.hoecker","article_published_time":"2017-01-02T12:37:30+00:00","article_modified_time":"2025-02-17T13:57:10+00:00","author":"Prof. Dr. Ralf H\u00f6cker","twitter_card":"summary_large_image","twitter_creator":"@Ralf_Hoecker","twitter_site":"@hoecker_rae","twitter_misc":{"Verfasst von":"Prof. Dr. Ralf H\u00f6cker","Gesch\u00e4tzte Lesezeit":"1\u00a0Minute"},"schema":{"@context":"https:\/\/schema.org","@graph":[{"@type":"Article","@id":"https:\/\/www.hoecker.eu\/blog\/sueddeutsche-durfte-stellungnahme-nicht-verfaelscht-wiedergeben-einstweilige-verfuegung-gegen-panama-papers-enthueller\/#article","isPartOf":{"@id":"https:\/\/www.hoecker.eu\/blog\/sueddeutsche-durfte-stellungnahme-nicht-verfaelscht-wiedergeben-einstweilige-verfuegung-gegen-panama-papers-enthueller\/"},"author":{"name":"Prof. Dr. Ralf H\u00f6cker","@id":"https:\/\/www.hoecker.eu\/blog\/#\/schema\/person\/08f95581eed0534eccd0b2438f7a1cab"},"headline":"S\u00fcddeutsche durfte Stellungnahme nicht verf\u00e4lscht wiedergeben. Einstweilige Verf\u00fcgung gegen \u201ePanama Papers-Enth\u00fcller\u201c.","datePublished":"2017-01-02T12:37:30+00:00","dateModified":"2025-02-17T13:57:10+00:00","mainEntityOfPage":{"@id":"https:\/\/www.hoecker.eu\/blog\/sueddeutsche-durfte-stellungnahme-nicht-verfaelscht-wiedergeben-einstweilige-verfuegung-gegen-panama-papers-enthueller\/"},"wordCount":148,"publisher":{"@id":"https:\/\/www.hoecker.eu\/blog\/#organization"},"articleSection":["News"],"inLanguage":"de"},{"@type":"WebPage","@id":"https:\/\/www.hoecker.eu\/blog\/sueddeutsche-durfte-stellungnahme-nicht-verfaelscht-wiedergeben-einstweilige-verfuegung-gegen-panama-papers-enthueller\/","url":"https:\/\/www.hoecker.eu\/blog\/sueddeutsche-durfte-stellungnahme-nicht-verfaelscht-wiedergeben-einstweilige-verfuegung-gegen-panama-papers-enthueller\/","name":"S\u00fcddeutsche durfte Stellungnahme nicht verf\u00e4lscht wiedergeben. Einstweilige Verf\u00fcgung gegen \u201ePanama Papers-Enth\u00fcller\u201c. - H\u00d6CKER - der Blog","isPartOf":{"@id":"https:\/\/www.hoecker.eu\/blog\/#website"},"datePublished":"2017-01-02T12:37:30+00:00","dateModified":"2025-02-17T13:57:10+00:00","breadcrumb":{"@id":"https:\/\/www.hoecker.eu\/blog\/sueddeutsche-durfte-stellungnahme-nicht-verfaelscht-wiedergeben-einstweilige-verfuegung-gegen-panama-papers-enthueller\/#breadcrumb"},"inLanguage":"de","potentialAction":[{"@type":"ReadAction","target":["https:\/\/www.hoecker.eu\/blog\/sueddeutsche-durfte-stellungnahme-nicht-verfaelscht-wiedergeben-einstweilige-verfuegung-gegen-panama-papers-enthueller\/"]}]},{"@type":"BreadcrumbList","@id":"https:\/\/www.hoecker.eu\/blog\/sueddeutsche-durfte-stellungnahme-nicht-verfaelscht-wiedergeben-einstweilige-verfuegung-gegen-panama-papers-enthueller\/#breadcrumb","itemListElement":[{"@type":"ListItem","position":1,"name":"Startseite","item":"https:\/\/dev.hoecker.eu\/blog\/"},{"@type":"ListItem","position":2,"name":"S\u00fcddeutsche durfte Stellungnahme nicht verf\u00e4lscht wiedergeben. Einstweilige Verf\u00fcgung gegen \u201ePanama Papers-Enth\u00fcller\u201c."}]},{"@type":"WebSite","@id":"https:\/\/www.hoecker.eu\/blog\/#website","url":"https:\/\/www.hoecker.eu\/blog\/","name":"H\u00d6CKER - der Blog","description":"Expertenblog f\u00fcr \u00c4u\u00dferungs-, Medien-, Marken-, Urheber- und Wettbewerbsrecht.","publisher":{"@id":"https:\/\/www.hoecker.eu\/blog\/#organization"},"potentialAction":[{"@type":"SearchAction","target":{"@type":"EntryPoint","urlTemplate":"https:\/\/www.hoecker.eu\/blog\/?s={search_term_string}"},"query-input":{"@type":"PropertyValueSpecification","valueRequired":true,"valueName":"search_term_string"}}],"inLanguage":"de"},{"@type":"Organization","@id":"https:\/\/www.hoecker.eu\/blog\/#organization","name":"H\u00d6CKER Rechtsanw\u00e4lte PartGmbB","alternateName":"H\u00d6CKER","url":"https:\/\/www.hoecker.eu\/blog\/","logo":{"@type":"ImageObject","inLanguage":"de","@id":"https:\/\/www.hoecker.eu\/blog\/#\/schema\/logo\/image\/","url":"https:\/\/www.hoecker.eu\/blog\/wp-content\/uploads\/2025\/03\/Blog-Logo.webp","contentUrl":"https:\/\/www.hoecker.eu\/blog\/wp-content\/uploads\/2025\/03\/Blog-Logo.webp","width":500,"height":500,"caption":"H\u00d6CKER Rechtsanw\u00e4lte PartGmbB"},"image":{"@id":"https:\/\/www.hoecker.eu\/blog\/#\/schema\/logo\/image\/"},"sameAs":["https:\/\/www.facebook.com\/HoeckerRAe\/","https:\/\/x.com\/hoecker_rae","https:\/\/www.linkedin.com\/company\/hcker-rechtsanwlte\/","https:\/\/www.instagram.com\/hoecker_rae\/"],"email":"contact@hoecker.eu","telephone":"+ 49 (0)221-933 19-10","legalName":"H\u00d6CKER Rechtsanw\u00e4lte PartGmbB","numberOfEmployees":{"@type":"QuantitativeValue","minValue":"11","maxValue":"50"}},{"@type":"Person","@id":"https:\/\/www.hoecker.eu\/blog\/#\/schema\/person\/08f95581eed0534eccd0b2438f7a1cab","name":"Prof. Dr. Ralf H\u00f6cker","description":"Medienanwalt. Besch\u00fctzer vor mieser Presse","sameAs":["https:\/\/www.hoecker.eu\/wer\/prof-dr-ralf-hoecker","https:\/\/www.facebook.com\/ralf.hoecker","https:\/\/www.linkedin.com\/in\/prof-dr-ralf-hcker-ll-m-london-17987826\/","https:\/\/x.com\/Ralf_Hoecker"],"url":"https:\/\/www.hoecker.eu\/blog\/author\/hoecker_adm\/"}]}},"authors":[{"term_id":84,"user_id":1,"is_guest":0,"slug":"hoecker_adm","display_name":"Prof. Dr. Ralf H\u00f6cker","avatar_url":{"url":"https:\/\/www.hoecker.eu\/blog\/wp-content\/uploads\/2023\/12\/ProfDrRalfHoecker.jpg","url2x":"https:\/\/www.hoecker.eu\/blog\/wp-content\/uploads\/2023\/12\/ProfDrRalfHoecker.jpg"},"0":null,"1":"","2":"","3":"","4":"","5":"","6":"","7":"","8":"","9":"","10":"","11":""}],"_links":{"self":[{"href":"https:\/\/www.hoecker.eu\/blog\/wp-json\/wp\/v2\/posts\/8393","targetHints":{"allow":["GET"]}}],"collection":[{"href":"https:\/\/www.hoecker.eu\/blog\/wp-json\/wp\/v2\/posts"}],"about":[{"href":"https:\/\/www.hoecker.eu\/blog\/wp-json\/wp\/v2\/types\/post"}],"author":[{"embeddable":true,"href":"https:\/\/www.hoecker.eu\/blog\/wp-json\/wp\/v2\/users\/1"}],"replies":[{"embeddable":true,"href":"https:\/\/www.hoecker.eu\/blog\/wp-json\/wp\/v2\/comments?post=8393"}],"version-history":[{"count":1,"href":"https:\/\/www.hoecker.eu\/blog\/wp-json\/wp\/v2\/posts\/8393\/revisions"}],"predecessor-version":[{"id":9515,"href":"https:\/\/www.hoecker.eu\/blog\/wp-json\/wp\/v2\/posts\/8393\/revisions\/9515"}],"wp:attachment":[{"href":"https:\/\/www.hoecker.eu\/blog\/wp-json\/wp\/v2\/media?parent=8393"}],"wp:term":[{"taxonomy":"category","embeddable":true,"href":"https:\/\/www.hoecker.eu\/blog\/wp-json\/wp\/v2\/categories?post=8393"},{"taxonomy":"post_tag","embeddable":true,"href":"https:\/\/www.hoecker.eu\/blog\/wp-json\/wp\/v2\/tags?post=8393"},{"taxonomy":"hashtags","embeddable":true,"href":"https:\/\/www.hoecker.eu\/blog\/wp-json\/wp\/v2\/hashtags?post=8393"},{"taxonomy":"author","embeddable":true,"href":"https:\/\/www.hoecker.eu\/blog\/wp-json\/wp\/v2\/ppma_author?post=8393"}],"curies":[{"name":"wp","href":"https:\/\/api.w.org\/{rel}","templated":true}]}}