{"id":8391,"date":"2017-01-06T10:03:00","date_gmt":"2017-01-06T09:03:00","guid":{"rendered":"https:\/\/www.hoecker.eu\/blog\/muslimischer-bundespraesident-denkbar-erzbischof-schick-scheitert-vor-dem-lg-hamburg-mit-dem-versuch-kritik-der-afd-an-seiner-aussage-zu-verbieten\/"},"modified":"2025-02-17T14:57:09","modified_gmt":"2025-02-17T13:57:09","slug":"muslimischer-bundespraesident-denkbar-erzbischof-schick-scheitert-vor-dem-lg-hamburg-mit-dem-versuch-kritik-der-afd-an-seiner-aussage-zu-verbieten","status":"publish","type":"post","link":"https:\/\/www.hoecker.eu\/blog\/muslimischer-bundespraesident-denkbar-erzbischof-schick-scheitert-vor-dem-lg-hamburg-mit-dem-versuch-kritik-der-afd-an-seiner-aussage-zu-verbieten\/","title":{"rendered":"\u201eMuslimischer Bundespr\u00e4sident denkbar\u201c &#8211; Erzbischof Schick scheitert vor dem LG Hamburg mit dem Versuch, Kritik der AfD an seiner Aussage zu verbieten."},"content":{"rendered":"<p>Ludwig Schick, Erzbischof des Erzbistums Bamberg, ist mit seinem Versuch gescheitert, der Alternative f\u00fcr Deutschland (AfD) eine missliebige Kritik an seiner Aussage zu verbieten, er halte auch einen muslimischen Bundespr\u00e4sidenten f\u00fcr denkbar.<\/p>\n<p>Die AfD hat auf ihrer Facebook-Seite den nachstehenden Beitrag ver\u00f6ffentlicht:<\/p>\n<figure><img decoding=\"async\" class=\"img-responsive\" src=\"http:\/\/www.hoecker.eu\/assets\/img\/image001.jpg.jpeg\"><br \/><\/figure>\n<p><em><em><\/em><\/em><\/p>\n<p><em><em><br \/>\n<\/em><\/em><\/p>\n<p><img decoding=\"async\" class=\"img-responsive\" src=\"http:\/\/www.hoecker.eu\/assets\/img\/image002.jpg.jpeg\"><\/p>\n<p>Die AfD kn\u00fcpfte an mehrere Medienberichte an, nach denen sich Erzbischof Schick auch einen muslimischen Bundespr\u00e4sidenten als Gauck-Nachfolger vorstellen k\u00f6nne. Ein Beispiel findet sich im M\u00fcnchener Merkur:<br \/>\n<a href=\"http:\/\/www.merkur.de\/politik\/bamberger-erzbischof-schick-muslimischer-bundespraesident-waere-denkbar-zr-6919956.html\">http:\/\/www.merkur.de\/politik\/bamberger-erzbischof-schick-muslimischer-bundespraesident-waere-denkbar-zr-6919956.html<\/a><\/p>\n<p>Erzbischof Schick&nbsp;ging&nbsp;zun\u00e4chst mit einer Abmahnung&nbsp;gegen die Kritik der AfD vor.&nbsp;Seine&nbsp;Rechtsanw\u00e4lte meinten, die zugespitzte&nbsp;Formulierung&nbsp;<em>\u201eKirche: Muslimischer Bundespr\u00e4sident denkbar\u201c<\/em>&nbsp;sei unzul\u00e4ssig, weil sich Schick so nicht w\u00f6rtlich ge\u00e4u\u00dfert habe. Man d\u00fcrfte eine Kritik an Schick auch nicht mit seinem Foto bebildern. Unzul\u00e4ssig sei auch der \u201eHALAL\u201c-Stempel auf dem Bild Schicks, der diesen herabsetze.<\/p>\n<p>H\u00d6CKER wies die Abmahnung f\u00fcr die Alternative f\u00fcr Deutschland zur\u00fcck.\n<\/p>\n<p>Daraufhin&nbsp;beantragte&nbsp;Erzbischof Schick&nbsp;vor dem Landgericht Hamburg&nbsp;eine einstweilige Verf\u00fcgung. Das&nbsp;Gericht Hamburg hielt den Verbotsantrag&nbsp;jedoch&nbsp;f\u00fcr unbegr\u00fcndet und teilte dies den Rechtsanw\u00e4lten Schicks mit.\n<\/p>\n<p>Damit folgte das Landgericht Hamburg&nbsp;im Ergebnis&nbsp;der Argumentation der Kanzlei H\u00d6CKER, die dem Landgericht Hamburg vorlag: Die Kritik an Erzbischof Schick&nbsp;war und ist&nbsp;zul\u00e4ssig, weil er nicht w\u00f6rtlich zitiert wird, sondern&nbsp;seine&nbsp;Aussagen inhaltlich zutreffend zusammengefasst werden. Die Kritik&nbsp;stellt&nbsp;eine zul\u00e4ssige Meinungs\u00e4u\u00dferung&nbsp;dar, die sich auch&nbsp;gegen kirchliche W\u00fcrdentr\u00e4ger richten&nbsp;kann.\n<\/p>\n<p>Der aufgebrachte Stempel mit dem Wort \u201eHALAL\u201c bezieht&nbsp;sich entgegen der Auffassung&nbsp;Schicks auch nicht ausschlie\u00dflich auf Lebensmittel. Er bezeichnet ganz allgemein Dinge, die nach dem islamischen Recht zul\u00e4ssig sind. Da Schick sagte, dass die Kirche einen islamischen Bundespr\u00e4sidenten akzeptieren m\u00fcsse, hat er einen solchen damit f\u00fcr zul\u00e4ssig, also \u201eHALAL\u201c gehalten, so dass das Aufbringen des Stempels deshalb gerechtfertigt ist.\n<\/p>\n<p>Nach dem Hinweis des Landgerichts Hamburg, dass es den Verbotsantrag nicht f\u00fcr begr\u00fcndet h\u00e4lt, machten die Rechtsanw\u00e4lte Schicks einen R\u00fcckzieher und nahmen den Verbotsantrag zur\u00fcck.\n<\/p>\n<p>Dr. Carsten Brennecke:<\/p>\n<p><em><em><em>\u201eAuch wenn einem hochrangigen kirchlichen W\u00fcrdentr\u00e4ger eine Kritik an seinen \u00c4u\u00dferungen nicht gef\u00e4llt, muss er diese genauso hinnehmen, wie jeder andere B\u00fcrger, wenn sie nicht unwahr ist oder ihn in seiner Ehre herabsetzt.\u201c<\/em><\/em><\/em><\/p>\n","protected":false},"excerpt":{"rendered":"<p>Ludwig Schick, Erzbischof des Erzbistums Bamberg, ist mit seinem Versuch gescheitert, der Alternative f\u00fcr Deutschland (AfD) eine missliebige Kritik an seiner Aussage zu verbieten, er halte auch einen muslimischen Bundespr\u00e4sidenten f\u00fcr denkbar. Die AfD hat auf ihrer Facebook-Seite den nachstehenden Beitrag ver\u00f6ffentlicht: Die AfD kn\u00fcpfte an mehrere Medienberichte an, nach denen sich Erzbischof Schick auch [&hellip;]<\/p>\n","protected":false},"author":1,"featured_media":0,"comment_status":"closed","ping_status":"closed","sticky":false,"template":"","format":"standard","meta":{"_has_post_settings":[],"footnotes":""},"categories":[15],"tags":[],"hashtags":[],"ppma_author":[84],"class_list":["post-8391","post","type-post","status-publish","format-standard","hentry","category-news","author-hoecker_adm"],"yoast_head":"<!-- This site is optimized with the Yoast SEO Premium plugin v25.9 (Yoast SEO v27.0) - https:\/\/yoast.com\/product\/yoast-seo-premium-wordpress\/ -->\n<title>\u201eMuslimischer Bundespr\u00e4sident denkbar\u201c - Erzbischof Schick scheitert vor dem LG Hamburg mit dem Versuch, Kritik der AfD an seiner Aussage zu verbieten. - H\u00d6CKER - der Blog<\/title>\n<meta name=\"robots\" content=\"index, follow, max-snippet:-1, max-image-preview:large, max-video-preview:-1\" \/>\n<link rel=\"canonical\" href=\"https:\/\/www.hoecker.eu\/blog\/muslimischer-bundespraesident-denkbar-erzbischof-schick-scheitert-vor-dem-lg-hamburg-mit-dem-versuch-kritik-der-afd-an-seiner-aussage-zu-verbieten\/\" \/>\n<meta property=\"og:locale\" content=\"de_DE\" \/>\n<meta property=\"og:type\" content=\"article\" \/>\n<meta property=\"og:title\" content=\"\u201eMuslimischer Bundespr\u00e4sident denkbar\u201c - Erzbischof Schick scheitert vor dem LG Hamburg mit dem Versuch, Kritik der AfD an seiner Aussage zu verbieten.\" \/>\n<meta property=\"og:description\" content=\"Ludwig Schick, Erzbischof des Erzbistums Bamberg, ist mit seinem Versuch gescheitert, der Alternative f\u00fcr Deutschland (AfD) eine missliebige Kritik an seiner Aussage zu verbieten, er halte auch einen muslimischen Bundespr\u00e4sidenten f\u00fcr denkbar. Die AfD hat auf ihrer Facebook-Seite den nachstehenden Beitrag ver\u00f6ffentlicht: Die AfD kn\u00fcpfte an mehrere Medienberichte an, nach denen sich Erzbischof Schick auch [&hellip;]\" \/>\n<meta property=\"og:url\" content=\"https:\/\/www.hoecker.eu\/blog\/muslimischer-bundespraesident-denkbar-erzbischof-schick-scheitert-vor-dem-lg-hamburg-mit-dem-versuch-kritik-der-afd-an-seiner-aussage-zu-verbieten\/\" \/>\n<meta property=\"og:site_name\" content=\"H\u00d6CKER - der Blog\" \/>\n<meta property=\"article:publisher\" content=\"https:\/\/www.facebook.com\/HoeckerRAe\/\" \/>\n<meta property=\"article:author\" content=\"https:\/\/www.facebook.com\/ralf.hoecker\" \/>\n<meta property=\"article:published_time\" content=\"2017-01-06T09:03:00+00:00\" \/>\n<meta property=\"article:modified_time\" content=\"2025-02-17T13:57:09+00:00\" \/>\n<meta property=\"og:image\" content=\"http:\/\/www.hoecker.eu\/assets\/img\/image001.jpg.jpeg\" \/>\n<meta name=\"author\" content=\"Prof. Dr. Ralf H\u00f6cker\" \/>\n<meta name=\"twitter:card\" content=\"summary_large_image\" \/>\n<meta name=\"twitter:creator\" content=\"@Ralf_Hoecker\" \/>\n<meta name=\"twitter:site\" content=\"@hoecker_rae\" \/>\n<meta name=\"twitter:label1\" content=\"Verfasst von\" \/>\n\t<meta name=\"twitter:data1\" content=\"Prof. Dr. Ralf H\u00f6cker\" \/>\n\t<meta name=\"twitter:label2\" content=\"Gesch\u00e4tzte Lesezeit\" \/>\n\t<meta name=\"twitter:data2\" content=\"2\u00a0Minuten\" \/>\n<script type=\"application\/ld+json\" class=\"yoast-schema-graph\">{\"@context\":\"https:\/\/schema.org\",\"@graph\":[{\"@type\":\"Article\",\"@id\":\"https:\/\/www.hoecker.eu\/blog\/muslimischer-bundespraesident-denkbar-erzbischof-schick-scheitert-vor-dem-lg-hamburg-mit-dem-versuch-kritik-der-afd-an-seiner-aussage-zu-verbieten\/#article\",\"isPartOf\":{\"@id\":\"https:\/\/www.hoecker.eu\/blog\/muslimischer-bundespraesident-denkbar-erzbischof-schick-scheitert-vor-dem-lg-hamburg-mit-dem-versuch-kritik-der-afd-an-seiner-aussage-zu-verbieten\/\"},\"author\":{\"name\":\"Prof. Dr. Ralf H\u00f6cker\",\"@id\":\"https:\/\/www.hoecker.eu\/blog\/#\/schema\/person\/08f95581eed0534eccd0b2438f7a1cab\"},\"headline\":\"\u201eMuslimischer Bundespr\u00e4sident denkbar\u201c &#8211; Erzbischof Schick scheitert vor dem LG Hamburg mit dem Versuch, Kritik der AfD an seiner Aussage zu verbieten.\",\"datePublished\":\"2017-01-06T09:03:00+00:00\",\"dateModified\":\"2025-02-17T13:57:09+00:00\",\"mainEntityOfPage\":{\"@id\":\"https:\/\/www.hoecker.eu\/blog\/muslimischer-bundespraesident-denkbar-erzbischof-schick-scheitert-vor-dem-lg-hamburg-mit-dem-versuch-kritik-der-afd-an-seiner-aussage-zu-verbieten\/\"},\"wordCount\":447,\"publisher\":{\"@id\":\"https:\/\/www.hoecker.eu\/blog\/#organization\"},\"image\":{\"@id\":\"https:\/\/www.hoecker.eu\/blog\/muslimischer-bundespraesident-denkbar-erzbischof-schick-scheitert-vor-dem-lg-hamburg-mit-dem-versuch-kritik-der-afd-an-seiner-aussage-zu-verbieten\/#primaryimage\"},\"thumbnailUrl\":\"http:\/\/www.hoecker.eu\/assets\/img\/image001.jpg.jpeg\",\"articleSection\":[\"News\"],\"inLanguage\":\"de\"},{\"@type\":\"WebPage\",\"@id\":\"https:\/\/www.hoecker.eu\/blog\/muslimischer-bundespraesident-denkbar-erzbischof-schick-scheitert-vor-dem-lg-hamburg-mit-dem-versuch-kritik-der-afd-an-seiner-aussage-zu-verbieten\/\",\"url\":\"https:\/\/www.hoecker.eu\/blog\/muslimischer-bundespraesident-denkbar-erzbischof-schick-scheitert-vor-dem-lg-hamburg-mit-dem-versuch-kritik-der-afd-an-seiner-aussage-zu-verbieten\/\",\"name\":\"\u201eMuslimischer Bundespr\u00e4sident denkbar\u201c - Erzbischof Schick scheitert vor dem LG Hamburg mit dem Versuch, Kritik der AfD an seiner Aussage zu verbieten. - H\u00d6CKER - der Blog\",\"isPartOf\":{\"@id\":\"https:\/\/www.hoecker.eu\/blog\/#website\"},\"primaryImageOfPage\":{\"@id\":\"https:\/\/www.hoecker.eu\/blog\/muslimischer-bundespraesident-denkbar-erzbischof-schick-scheitert-vor-dem-lg-hamburg-mit-dem-versuch-kritik-der-afd-an-seiner-aussage-zu-verbieten\/#primaryimage\"},\"image\":{\"@id\":\"https:\/\/www.hoecker.eu\/blog\/muslimischer-bundespraesident-denkbar-erzbischof-schick-scheitert-vor-dem-lg-hamburg-mit-dem-versuch-kritik-der-afd-an-seiner-aussage-zu-verbieten\/#primaryimage\"},\"thumbnailUrl\":\"http:\/\/www.hoecker.eu\/assets\/img\/image001.jpg.jpeg\",\"datePublished\":\"2017-01-06T09:03:00+00:00\",\"dateModified\":\"2025-02-17T13:57:09+00:00\",\"breadcrumb\":{\"@id\":\"https:\/\/www.hoecker.eu\/blog\/muslimischer-bundespraesident-denkbar-erzbischof-schick-scheitert-vor-dem-lg-hamburg-mit-dem-versuch-kritik-der-afd-an-seiner-aussage-zu-verbieten\/#breadcrumb\"},\"inLanguage\":\"de\",\"potentialAction\":[{\"@type\":\"ReadAction\",\"target\":[\"https:\/\/www.hoecker.eu\/blog\/muslimischer-bundespraesident-denkbar-erzbischof-schick-scheitert-vor-dem-lg-hamburg-mit-dem-versuch-kritik-der-afd-an-seiner-aussage-zu-verbieten\/\"]}]},{\"@type\":\"ImageObject\",\"inLanguage\":\"de\",\"@id\":\"https:\/\/www.hoecker.eu\/blog\/muslimischer-bundespraesident-denkbar-erzbischof-schick-scheitert-vor-dem-lg-hamburg-mit-dem-versuch-kritik-der-afd-an-seiner-aussage-zu-verbieten\/#primaryimage\",\"url\":\"http:\/\/www.hoecker.eu\/assets\/img\/image001.jpg.jpeg\",\"contentUrl\":\"http:\/\/www.hoecker.eu\/assets\/img\/image001.jpg.jpeg\"},{\"@type\":\"BreadcrumbList\",\"@id\":\"https:\/\/www.hoecker.eu\/blog\/muslimischer-bundespraesident-denkbar-erzbischof-schick-scheitert-vor-dem-lg-hamburg-mit-dem-versuch-kritik-der-afd-an-seiner-aussage-zu-verbieten\/#breadcrumb\",\"itemListElement\":[{\"@type\":\"ListItem\",\"position\":1,\"name\":\"Startseite\",\"item\":\"https:\/\/dev.hoecker.eu\/blog\/\"},{\"@type\":\"ListItem\",\"position\":2,\"name\":\"\u201eMuslimischer Bundespr\u00e4sident denkbar\u201c &#8211; Erzbischof Schick scheitert vor dem LG Hamburg mit dem Versuch, Kritik der AfD an seiner Aussage zu verbieten.\"}]},{\"@type\":\"WebSite\",\"@id\":\"https:\/\/www.hoecker.eu\/blog\/#website\",\"url\":\"https:\/\/www.hoecker.eu\/blog\/\",\"name\":\"H\u00d6CKER - der Blog\",\"description\":\"Expertenblog f\u00fcr \u00c4u\u00dferungs-, Medien-, Marken-, Urheber- und Wettbewerbsrecht.\",\"publisher\":{\"@id\":\"https:\/\/www.hoecker.eu\/blog\/#organization\"},\"potentialAction\":[{\"@type\":\"SearchAction\",\"target\":{\"@type\":\"EntryPoint\",\"urlTemplate\":\"https:\/\/www.hoecker.eu\/blog\/?s={search_term_string}\"},\"query-input\":{\"@type\":\"PropertyValueSpecification\",\"valueRequired\":true,\"valueName\":\"search_term_string\"}}],\"inLanguage\":\"de\"},{\"@type\":\"Organization\",\"@id\":\"https:\/\/www.hoecker.eu\/blog\/#organization\",\"name\":\"H\u00d6CKER Rechtsanw\u00e4lte PartGmbB\",\"alternateName\":\"H\u00d6CKER\",\"url\":\"https:\/\/www.hoecker.eu\/blog\/\",\"logo\":{\"@type\":\"ImageObject\",\"inLanguage\":\"de\",\"@id\":\"https:\/\/www.hoecker.eu\/blog\/#\/schema\/logo\/image\/\",\"url\":\"https:\/\/www.hoecker.eu\/blog\/wp-content\/uploads\/2025\/03\/Blog-Logo.webp\",\"contentUrl\":\"https:\/\/www.hoecker.eu\/blog\/wp-content\/uploads\/2025\/03\/Blog-Logo.webp\",\"width\":500,\"height\":500,\"caption\":\"H\u00d6CKER Rechtsanw\u00e4lte PartGmbB\"},\"image\":{\"@id\":\"https:\/\/www.hoecker.eu\/blog\/#\/schema\/logo\/image\/\"},\"sameAs\":[\"https:\/\/www.facebook.com\/HoeckerRAe\/\",\"https:\/\/x.com\/hoecker_rae\",\"https:\/\/www.linkedin.com\/company\/hcker-rechtsanwlte\/\",\"https:\/\/www.instagram.com\/hoecker_rae\/\"],\"email\":\"contact@hoecker.eu\",\"telephone\":\"+ 49 (0)221-933 19-10\",\"legalName\":\"H\u00d6CKER Rechtsanw\u00e4lte PartGmbB\",\"numberOfEmployees\":{\"@type\":\"QuantitativeValue\",\"minValue\":\"11\",\"maxValue\":\"50\"}},{\"@type\":\"Person\",\"@id\":\"https:\/\/www.hoecker.eu\/blog\/#\/schema\/person\/08f95581eed0534eccd0b2438f7a1cab\",\"name\":\"Prof. Dr. Ralf H\u00f6cker\",\"description\":\"Medienanwalt. Besch\u00fctzer vor mieser Presse\",\"sameAs\":[\"https:\/\/www.hoecker.eu\/wer\/prof-dr-ralf-hoecker\",\"https:\/\/www.facebook.com\/ralf.hoecker\",\"https:\/\/www.linkedin.com\/in\/prof-dr-ralf-hcker-ll-m-london-17987826\/\",\"https:\/\/x.com\/Ralf_Hoecker\"],\"url\":\"https:\/\/www.hoecker.eu\/blog\/author\/hoecker_adm\/\"}]}<\/script>\n<!-- \/ Yoast SEO Premium plugin. -->","yoast_head_json":{"title":"\u201eMuslimischer Bundespr\u00e4sident denkbar\u201c - Erzbischof Schick scheitert vor dem LG Hamburg mit dem Versuch, Kritik der AfD an seiner Aussage zu verbieten. - H\u00d6CKER - der Blog","robots":{"index":"index","follow":"follow","max-snippet":"max-snippet:-1","max-image-preview":"max-image-preview:large","max-video-preview":"max-video-preview:-1"},"canonical":"https:\/\/www.hoecker.eu\/blog\/muslimischer-bundespraesident-denkbar-erzbischof-schick-scheitert-vor-dem-lg-hamburg-mit-dem-versuch-kritik-der-afd-an-seiner-aussage-zu-verbieten\/","og_locale":"de_DE","og_type":"article","og_title":"\u201eMuslimischer Bundespr\u00e4sident denkbar\u201c - Erzbischof Schick scheitert vor dem LG Hamburg mit dem Versuch, Kritik der AfD an seiner Aussage zu verbieten.","og_description":"Ludwig Schick, Erzbischof des Erzbistums Bamberg, ist mit seinem Versuch gescheitert, der Alternative f\u00fcr Deutschland (AfD) eine missliebige Kritik an seiner Aussage zu verbieten, er halte auch einen muslimischen Bundespr\u00e4sidenten f\u00fcr denkbar. Die AfD hat auf ihrer Facebook-Seite den nachstehenden Beitrag ver\u00f6ffentlicht: Die AfD kn\u00fcpfte an mehrere Medienberichte an, nach denen sich Erzbischof Schick auch [&hellip;]","og_url":"https:\/\/www.hoecker.eu\/blog\/muslimischer-bundespraesident-denkbar-erzbischof-schick-scheitert-vor-dem-lg-hamburg-mit-dem-versuch-kritik-der-afd-an-seiner-aussage-zu-verbieten\/","og_site_name":"H\u00d6CKER - der Blog","article_publisher":"https:\/\/www.facebook.com\/HoeckerRAe\/","article_author":"https:\/\/www.facebook.com\/ralf.hoecker","article_published_time":"2017-01-06T09:03:00+00:00","article_modified_time":"2025-02-17T13:57:09+00:00","og_image":[{"url":"http:\/\/www.hoecker.eu\/assets\/img\/image001.jpg.jpeg","type":"","width":"","height":""}],"author":"Prof. Dr. Ralf H\u00f6cker","twitter_card":"summary_large_image","twitter_creator":"@Ralf_Hoecker","twitter_site":"@hoecker_rae","twitter_misc":{"Verfasst von":"Prof. Dr. Ralf H\u00f6cker","Gesch\u00e4tzte Lesezeit":"2\u00a0Minuten"},"schema":{"@context":"https:\/\/schema.org","@graph":[{"@type":"Article","@id":"https:\/\/www.hoecker.eu\/blog\/muslimischer-bundespraesident-denkbar-erzbischof-schick-scheitert-vor-dem-lg-hamburg-mit-dem-versuch-kritik-der-afd-an-seiner-aussage-zu-verbieten\/#article","isPartOf":{"@id":"https:\/\/www.hoecker.eu\/blog\/muslimischer-bundespraesident-denkbar-erzbischof-schick-scheitert-vor-dem-lg-hamburg-mit-dem-versuch-kritik-der-afd-an-seiner-aussage-zu-verbieten\/"},"author":{"name":"Prof. Dr. Ralf H\u00f6cker","@id":"https:\/\/www.hoecker.eu\/blog\/#\/schema\/person\/08f95581eed0534eccd0b2438f7a1cab"},"headline":"\u201eMuslimischer Bundespr\u00e4sident denkbar\u201c &#8211; Erzbischof Schick scheitert vor dem LG Hamburg mit dem Versuch, Kritik der AfD an seiner Aussage zu verbieten.","datePublished":"2017-01-06T09:03:00+00:00","dateModified":"2025-02-17T13:57:09+00:00","mainEntityOfPage":{"@id":"https:\/\/www.hoecker.eu\/blog\/muslimischer-bundespraesident-denkbar-erzbischof-schick-scheitert-vor-dem-lg-hamburg-mit-dem-versuch-kritik-der-afd-an-seiner-aussage-zu-verbieten\/"},"wordCount":447,"publisher":{"@id":"https:\/\/www.hoecker.eu\/blog\/#organization"},"image":{"@id":"https:\/\/www.hoecker.eu\/blog\/muslimischer-bundespraesident-denkbar-erzbischof-schick-scheitert-vor-dem-lg-hamburg-mit-dem-versuch-kritik-der-afd-an-seiner-aussage-zu-verbieten\/#primaryimage"},"thumbnailUrl":"http:\/\/www.hoecker.eu\/assets\/img\/image001.jpg.jpeg","articleSection":["News"],"inLanguage":"de"},{"@type":"WebPage","@id":"https:\/\/www.hoecker.eu\/blog\/muslimischer-bundespraesident-denkbar-erzbischof-schick-scheitert-vor-dem-lg-hamburg-mit-dem-versuch-kritik-der-afd-an-seiner-aussage-zu-verbieten\/","url":"https:\/\/www.hoecker.eu\/blog\/muslimischer-bundespraesident-denkbar-erzbischof-schick-scheitert-vor-dem-lg-hamburg-mit-dem-versuch-kritik-der-afd-an-seiner-aussage-zu-verbieten\/","name":"\u201eMuslimischer Bundespr\u00e4sident denkbar\u201c - Erzbischof Schick scheitert vor dem LG Hamburg mit dem Versuch, Kritik der AfD an seiner Aussage zu verbieten. - H\u00d6CKER - der Blog","isPartOf":{"@id":"https:\/\/www.hoecker.eu\/blog\/#website"},"primaryImageOfPage":{"@id":"https:\/\/www.hoecker.eu\/blog\/muslimischer-bundespraesident-denkbar-erzbischof-schick-scheitert-vor-dem-lg-hamburg-mit-dem-versuch-kritik-der-afd-an-seiner-aussage-zu-verbieten\/#primaryimage"},"image":{"@id":"https:\/\/www.hoecker.eu\/blog\/muslimischer-bundespraesident-denkbar-erzbischof-schick-scheitert-vor-dem-lg-hamburg-mit-dem-versuch-kritik-der-afd-an-seiner-aussage-zu-verbieten\/#primaryimage"},"thumbnailUrl":"http:\/\/www.hoecker.eu\/assets\/img\/image001.jpg.jpeg","datePublished":"2017-01-06T09:03:00+00:00","dateModified":"2025-02-17T13:57:09+00:00","breadcrumb":{"@id":"https:\/\/www.hoecker.eu\/blog\/muslimischer-bundespraesident-denkbar-erzbischof-schick-scheitert-vor-dem-lg-hamburg-mit-dem-versuch-kritik-der-afd-an-seiner-aussage-zu-verbieten\/#breadcrumb"},"inLanguage":"de","potentialAction":[{"@type":"ReadAction","target":["https:\/\/www.hoecker.eu\/blog\/muslimischer-bundespraesident-denkbar-erzbischof-schick-scheitert-vor-dem-lg-hamburg-mit-dem-versuch-kritik-der-afd-an-seiner-aussage-zu-verbieten\/"]}]},{"@type":"ImageObject","inLanguage":"de","@id":"https:\/\/www.hoecker.eu\/blog\/muslimischer-bundespraesident-denkbar-erzbischof-schick-scheitert-vor-dem-lg-hamburg-mit-dem-versuch-kritik-der-afd-an-seiner-aussage-zu-verbieten\/#primaryimage","url":"http:\/\/www.hoecker.eu\/assets\/img\/image001.jpg.jpeg","contentUrl":"http:\/\/www.hoecker.eu\/assets\/img\/image001.jpg.jpeg"},{"@type":"BreadcrumbList","@id":"https:\/\/www.hoecker.eu\/blog\/muslimischer-bundespraesident-denkbar-erzbischof-schick-scheitert-vor-dem-lg-hamburg-mit-dem-versuch-kritik-der-afd-an-seiner-aussage-zu-verbieten\/#breadcrumb","itemListElement":[{"@type":"ListItem","position":1,"name":"Startseite","item":"https:\/\/dev.hoecker.eu\/blog\/"},{"@type":"ListItem","position":2,"name":"\u201eMuslimischer Bundespr\u00e4sident denkbar\u201c &#8211; Erzbischof Schick scheitert vor dem LG Hamburg mit dem Versuch, Kritik der AfD an seiner Aussage zu verbieten."}]},{"@type":"WebSite","@id":"https:\/\/www.hoecker.eu\/blog\/#website","url":"https:\/\/www.hoecker.eu\/blog\/","name":"H\u00d6CKER - der Blog","description":"Expertenblog f\u00fcr \u00c4u\u00dferungs-, Medien-, Marken-, Urheber- und Wettbewerbsrecht.","publisher":{"@id":"https:\/\/www.hoecker.eu\/blog\/#organization"},"potentialAction":[{"@type":"SearchAction","target":{"@type":"EntryPoint","urlTemplate":"https:\/\/www.hoecker.eu\/blog\/?s={search_term_string}"},"query-input":{"@type":"PropertyValueSpecification","valueRequired":true,"valueName":"search_term_string"}}],"inLanguage":"de"},{"@type":"Organization","@id":"https:\/\/www.hoecker.eu\/blog\/#organization","name":"H\u00d6CKER Rechtsanw\u00e4lte PartGmbB","alternateName":"H\u00d6CKER","url":"https:\/\/www.hoecker.eu\/blog\/","logo":{"@type":"ImageObject","inLanguage":"de","@id":"https:\/\/www.hoecker.eu\/blog\/#\/schema\/logo\/image\/","url":"https:\/\/www.hoecker.eu\/blog\/wp-content\/uploads\/2025\/03\/Blog-Logo.webp","contentUrl":"https:\/\/www.hoecker.eu\/blog\/wp-content\/uploads\/2025\/03\/Blog-Logo.webp","width":500,"height":500,"caption":"H\u00d6CKER Rechtsanw\u00e4lte PartGmbB"},"image":{"@id":"https:\/\/www.hoecker.eu\/blog\/#\/schema\/logo\/image\/"},"sameAs":["https:\/\/www.facebook.com\/HoeckerRAe\/","https:\/\/x.com\/hoecker_rae","https:\/\/www.linkedin.com\/company\/hcker-rechtsanwlte\/","https:\/\/www.instagram.com\/hoecker_rae\/"],"email":"contact@hoecker.eu","telephone":"+ 49 (0)221-933 19-10","legalName":"H\u00d6CKER Rechtsanw\u00e4lte PartGmbB","numberOfEmployees":{"@type":"QuantitativeValue","minValue":"11","maxValue":"50"}},{"@type":"Person","@id":"https:\/\/www.hoecker.eu\/blog\/#\/schema\/person\/08f95581eed0534eccd0b2438f7a1cab","name":"Prof. Dr. Ralf H\u00f6cker","description":"Medienanwalt. Besch\u00fctzer vor mieser Presse","sameAs":["https:\/\/www.hoecker.eu\/wer\/prof-dr-ralf-hoecker","https:\/\/www.facebook.com\/ralf.hoecker","https:\/\/www.linkedin.com\/in\/prof-dr-ralf-hcker-ll-m-london-17987826\/","https:\/\/x.com\/Ralf_Hoecker"],"url":"https:\/\/www.hoecker.eu\/blog\/author\/hoecker_adm\/"}]}},"authors":[{"term_id":84,"user_id":1,"is_guest":0,"slug":"hoecker_adm","display_name":"Prof. Dr. Ralf H\u00f6cker","avatar_url":{"url":"https:\/\/www.hoecker.eu\/blog\/wp-content\/uploads\/2023\/12\/ProfDrRalfHoecker.jpg","url2x":"https:\/\/www.hoecker.eu\/blog\/wp-content\/uploads\/2023\/12\/ProfDrRalfHoecker.jpg"},"0":null,"1":"","2":"","3":"","4":"","5":"","6":"","7":"","8":"","9":"","10":"","11":""}],"_links":{"self":[{"href":"https:\/\/www.hoecker.eu\/blog\/wp-json\/wp\/v2\/posts\/8391","targetHints":{"allow":["GET"]}}],"collection":[{"href":"https:\/\/www.hoecker.eu\/blog\/wp-json\/wp\/v2\/posts"}],"about":[{"href":"https:\/\/www.hoecker.eu\/blog\/wp-json\/wp\/v2\/types\/post"}],"author":[{"embeddable":true,"href":"https:\/\/www.hoecker.eu\/blog\/wp-json\/wp\/v2\/users\/1"}],"replies":[{"embeddable":true,"href":"https:\/\/www.hoecker.eu\/blog\/wp-json\/wp\/v2\/comments?post=8391"}],"version-history":[{"count":1,"href":"https:\/\/www.hoecker.eu\/blog\/wp-json\/wp\/v2\/posts\/8391\/revisions"}],"predecessor-version":[{"id":9513,"href":"https:\/\/www.hoecker.eu\/blog\/wp-json\/wp\/v2\/posts\/8391\/revisions\/9513"}],"wp:attachment":[{"href":"https:\/\/www.hoecker.eu\/blog\/wp-json\/wp\/v2\/media?parent=8391"}],"wp:term":[{"taxonomy":"category","embeddable":true,"href":"https:\/\/www.hoecker.eu\/blog\/wp-json\/wp\/v2\/categories?post=8391"},{"taxonomy":"post_tag","embeddable":true,"href":"https:\/\/www.hoecker.eu\/blog\/wp-json\/wp\/v2\/tags?post=8391"},{"taxonomy":"hashtags","embeddable":true,"href":"https:\/\/www.hoecker.eu\/blog\/wp-json\/wp\/v2\/hashtags?post=8391"},{"taxonomy":"author","embeddable":true,"href":"https:\/\/www.hoecker.eu\/blog\/wp-json\/wp\/v2\/ppma_author?post=8391"}],"curies":[{"name":"wp","href":"https:\/\/api.w.org\/{rel}","templated":true}]}}