{"id":8387,"date":"2017-01-18T13:21:00","date_gmt":"2017-01-18T12:21:00","guid":{"rendered":"https:\/\/www.hoecker.eu\/blog\/landgericht-koeln-ueber-geruechte-des-drogenmissbrauchs-und-der-untersuchung-einer-haarprobe-eines-spitzenpolitikers-darf-nicht-berichtet-werden\/"},"modified":"2025-02-17T14:57:06","modified_gmt":"2025-02-17T13:57:06","slug":"landgericht-koeln-ueber-geruechte-des-drogenmissbrauchs-und-der-untersuchung-einer-haarprobe-eines-spitzenpolitikers-darf-nicht-berichtet-werden","status":"publish","type":"post","link":"https:\/\/www.hoecker.eu\/blog\/landgericht-koeln-ueber-geruechte-des-drogenmissbrauchs-und-der-untersuchung-einer-haarprobe-eines-spitzenpolitikers-darf-nicht-berichtet-werden\/","title":{"rendered":"Landgericht K\u00f6ln: \u00dcber Ger\u00fcchte des Drogenmissbrauchs und der Untersuchung einer Haarprobe eines Spitzenpolitikers darf nicht berichtet werden."},"content":{"rendered":"<p>Es gab&nbsp;Ger\u00fcchte,&nbsp;dass Parteikollegen den Verdacht des Drogenmissbrauchs gegen&nbsp;einen&nbsp;Spitzenpolitiker&nbsp;hegen. Diese h\u00e4tten sich sogar schon heimlich&nbsp;Haarproben besorgt, um einen&nbsp;Drogentest durchzuf\u00fchren.&nbsp;\u00dcber diese Ger\u00fcchte berichtete das Westfalen-Blatt unter voller Namensnennung des Politikers.<\/p>\n<p>Allerdings&nbsp;musste der Redakteur des Westfalen-Blattes sp\u00e4ter eingestehen, dass er seinen&nbsp;Bericht lediglich auf eine Kette von Ger\u00fcchten vom H\u00f6rensagen gest\u00fctzt habe. So habe er&nbsp;geh\u00f6rt, dass zwei Partei-Funktion\u00e4re, deren Namen ihm noch nicht einmal mitgeteilt worden waren, angeblich Haarproben des Politikers auf Kokain untersuchen lassen wollen. Au\u00dferdem habe er ebenfalls&nbsp;ger\u00fcchteweise zugetragen bekommen, dass ein Drogentest sogar bereits&nbsp;durchgef\u00fchrt worden sei &#8211; und dieser&nbsp;negativ ausgefallen sei,&nbsp;also keine Drogen nachgewiesen habe.<\/p>\n<p>Vor Erscheinen des Berichts hatte der Redakteur den Politiker mit diesen Ger\u00fcchten konfrontiert. Der&nbsp;Politiker wies&nbsp;die&nbsp;Drogenvorw\u00fcrfe zur\u00fcck. Er machte zudem deutlich, dass es keinerlei tragf\u00e4hige Grundlage f\u00fcr einen Bericht \u00fcber einen Drogenverdacht gebe.&nbsp;Denn der Redakteur hatte selbst mit keinem einzigen Zeugen gesprochen, der die Vorw\u00fcrfe unmittelbar best\u00e4tigen konnte. Der Redakteur wurde zudem darauf hingewiesen, dass eine Berichterstattung auch dann unzul\u00e4ssig w\u00e4re, wenn nur einseitig das Ger\u00fccht des Drogenverdachts verbreitet werde,&nbsp;ohne gleichzeitig das entlastende Ger\u00fccht mitzuteilen, dass bereits ein Drogentest negativ ausgefallen sei.<\/p>\n<p>Das Westfalen-Blatt ver\u00f6ffentlichte gleichwohl den Bericht&nbsp;\u00fcber die haltlosen&nbsp;Drogenger\u00fcchte. Das entlastende Argument, dass der angebliche Drogentest&nbsp;sogar nach Aussage der Ger\u00fcchte negativ ausgefallen&nbsp;sei, erw\u00e4hnte&nbsp;das Westfalen-Blatt gar nicht.<\/p>\n<p>Das Landgericht K\u00f6ln hat nun best\u00e4tigt, dass diese Vorgehensweise rechtswidrig ist und die Berichterstattung mit einstweiliger Verf\u00fcgung vom 04.01.2017, Az. 28 O 1\/17 (n.rkr.) verboten. Das Gericht folgte dabei der Argumentation von H\u00d6CKER, wonach \u00fcber einen Drogenverdacht nicht berichtet werden darf, wenn es hierf\u00fcr keine hinreichende Beweisgrundlage gibt.<\/p>\n<p>Rechtsanwalt Dr. Carsten Brennecke:<\/p>\n<p><em>\u201eEin Bericht \u00fcber Drogenvorw\u00fcrfe ist in besonderem Ma\u00dfe geeignet, das Vertrauen in einen Politiker zu zerst\u00f6ren. \u00dcber einen solchen Verdacht darf daher nur berichtet werden, wenn der Redakteur tragf\u00e4hige Beweise recherchiert hat, die den schweren Vorwurf st\u00fctzen. Eine blo\u00dfe Ger\u00fcchtekette vom H\u00f6rensagen gen\u00fcgt nicht.<br \/>Genau dies war&nbsp;dem&nbsp;Westfalen-Blatt schon vor der&nbsp;Ver\u00f6ffentlichung&nbsp;mitgeteilt worden. Offensichtlich&nbsp;hielt man es dort aber f\u00fcr&nbsp;wichtiger, in einem rei\u00dferischen Artikel \u00fcber einen Drogenverdacht zu berichten, als die erforderliche&nbsp;journalistische Sorgfaltspflicht&nbsp;einzuhalten.\u201c<\/em><\/p>\n","protected":false},"excerpt":{"rendered":"<p>Es gab&nbsp;Ger\u00fcchte,&nbsp;dass Parteikollegen den Verdacht des Drogenmissbrauchs gegen&nbsp;einen&nbsp;Spitzenpolitiker&nbsp;hegen. Diese h\u00e4tten sich sogar schon heimlich&nbsp;Haarproben besorgt, um einen&nbsp;Drogentest durchzuf\u00fchren.&nbsp;\u00dcber diese Ger\u00fcchte berichtete das Westfalen-Blatt unter voller Namensnennung des Politikers. Allerdings&nbsp;musste der Redakteur des Westfalen-Blattes sp\u00e4ter eingestehen, dass er seinen&nbsp;Bericht lediglich auf eine Kette von Ger\u00fcchten vom H\u00f6rensagen gest\u00fctzt habe. So habe er&nbsp;geh\u00f6rt, dass zwei Partei-Funktion\u00e4re, deren [&hellip;]<\/p>\n","protected":false},"author":1,"featured_media":0,"comment_status":"closed","ping_status":"closed","sticky":false,"template":"","format":"standard","meta":{"_has_post_settings":[],"footnotes":""},"categories":[15],"tags":[],"hashtags":[],"ppma_author":[84],"class_list":["post-8387","post","type-post","status-publish","format-standard","hentry","category-news","author-hoecker_adm"],"yoast_head":"<!-- This site is optimized with the Yoast SEO Premium plugin v25.9 (Yoast SEO v27.0) - https:\/\/yoast.com\/product\/yoast-seo-premium-wordpress\/ -->\n<title>Landgericht K\u00f6ln: \u00dcber Ger\u00fcchte des Drogenmissbrauchs und der Untersuchung einer Haarprobe eines Spitzenpolitikers darf nicht berichtet werden. - H\u00d6CKER - der Blog<\/title>\n<meta name=\"robots\" content=\"index, follow, max-snippet:-1, max-image-preview:large, max-video-preview:-1\" \/>\n<link rel=\"canonical\" href=\"https:\/\/www.hoecker.eu\/blog\/landgericht-koeln-ueber-geruechte-des-drogenmissbrauchs-und-der-untersuchung-einer-haarprobe-eines-spitzenpolitikers-darf-nicht-berichtet-werden\/\" \/>\n<meta property=\"og:locale\" content=\"de_DE\" \/>\n<meta property=\"og:type\" content=\"article\" \/>\n<meta property=\"og:title\" content=\"Landgericht K\u00f6ln: \u00dcber Ger\u00fcchte des Drogenmissbrauchs und der Untersuchung einer Haarprobe eines Spitzenpolitikers darf nicht berichtet werden.\" \/>\n<meta property=\"og:description\" content=\"Es gab&nbsp;Ger\u00fcchte,&nbsp;dass Parteikollegen den Verdacht des Drogenmissbrauchs gegen&nbsp;einen&nbsp;Spitzenpolitiker&nbsp;hegen. Diese h\u00e4tten sich sogar schon heimlich&nbsp;Haarproben besorgt, um einen&nbsp;Drogentest durchzuf\u00fchren.&nbsp;\u00dcber diese Ger\u00fcchte berichtete das Westfalen-Blatt unter voller Namensnennung des Politikers. Allerdings&nbsp;musste der Redakteur des Westfalen-Blattes sp\u00e4ter eingestehen, dass er seinen&nbsp;Bericht lediglich auf eine Kette von Ger\u00fcchten vom H\u00f6rensagen gest\u00fctzt habe. So habe er&nbsp;geh\u00f6rt, dass zwei Partei-Funktion\u00e4re, deren [&hellip;]\" \/>\n<meta property=\"og:url\" content=\"https:\/\/www.hoecker.eu\/blog\/landgericht-koeln-ueber-geruechte-des-drogenmissbrauchs-und-der-untersuchung-einer-haarprobe-eines-spitzenpolitikers-darf-nicht-berichtet-werden\/\" \/>\n<meta property=\"og:site_name\" content=\"H\u00d6CKER - der Blog\" \/>\n<meta property=\"article:publisher\" content=\"https:\/\/www.facebook.com\/HoeckerRAe\/\" \/>\n<meta property=\"article:author\" content=\"https:\/\/www.facebook.com\/ralf.hoecker\" \/>\n<meta property=\"article:published_time\" content=\"2017-01-18T12:21:00+00:00\" \/>\n<meta property=\"article:modified_time\" content=\"2025-02-17T13:57:06+00:00\" \/>\n<meta name=\"author\" content=\"Prof. Dr. Ralf H\u00f6cker\" \/>\n<meta name=\"twitter:card\" content=\"summary_large_image\" \/>\n<meta name=\"twitter:creator\" content=\"@Ralf_Hoecker\" \/>\n<meta name=\"twitter:site\" content=\"@hoecker_rae\" \/>\n<meta name=\"twitter:label1\" content=\"Verfasst von\" \/>\n\t<meta name=\"twitter:data1\" content=\"Prof. Dr. Ralf H\u00f6cker\" \/>\n\t<meta name=\"twitter:label2\" content=\"Gesch\u00e4tzte Lesezeit\" \/>\n\t<meta name=\"twitter:data2\" content=\"2\u00a0Minuten\" \/>\n<script type=\"application\/ld+json\" class=\"yoast-schema-graph\">{\"@context\":\"https:\/\/schema.org\",\"@graph\":[{\"@type\":\"Article\",\"@id\":\"https:\/\/www.hoecker.eu\/blog\/landgericht-koeln-ueber-geruechte-des-drogenmissbrauchs-und-der-untersuchung-einer-haarprobe-eines-spitzenpolitikers-darf-nicht-berichtet-werden\/#article\",\"isPartOf\":{\"@id\":\"https:\/\/www.hoecker.eu\/blog\/landgericht-koeln-ueber-geruechte-des-drogenmissbrauchs-und-der-untersuchung-einer-haarprobe-eines-spitzenpolitikers-darf-nicht-berichtet-werden\/\"},\"author\":{\"name\":\"Prof. Dr. Ralf H\u00f6cker\",\"@id\":\"https:\/\/www.hoecker.eu\/blog\/#\/schema\/person\/08f95581eed0534eccd0b2438f7a1cab\"},\"headline\":\"Landgericht K\u00f6ln: \u00dcber Ger\u00fcchte des Drogenmissbrauchs und der Untersuchung einer Haarprobe eines Spitzenpolitikers darf nicht berichtet werden.\",\"datePublished\":\"2017-01-18T12:21:00+00:00\",\"dateModified\":\"2025-02-17T13:57:06+00:00\",\"mainEntityOfPage\":{\"@id\":\"https:\/\/www.hoecker.eu\/blog\/landgericht-koeln-ueber-geruechte-des-drogenmissbrauchs-und-der-untersuchung-einer-haarprobe-eines-spitzenpolitikers-darf-nicht-berichtet-werden\/\"},\"wordCount\":450,\"publisher\":{\"@id\":\"https:\/\/www.hoecker.eu\/blog\/#organization\"},\"articleSection\":[\"News\"],\"inLanguage\":\"de\"},{\"@type\":\"WebPage\",\"@id\":\"https:\/\/www.hoecker.eu\/blog\/landgericht-koeln-ueber-geruechte-des-drogenmissbrauchs-und-der-untersuchung-einer-haarprobe-eines-spitzenpolitikers-darf-nicht-berichtet-werden\/\",\"url\":\"https:\/\/www.hoecker.eu\/blog\/landgericht-koeln-ueber-geruechte-des-drogenmissbrauchs-und-der-untersuchung-einer-haarprobe-eines-spitzenpolitikers-darf-nicht-berichtet-werden\/\",\"name\":\"Landgericht K\u00f6ln: \u00dcber Ger\u00fcchte des Drogenmissbrauchs und der Untersuchung einer Haarprobe eines Spitzenpolitikers darf nicht berichtet werden. - H\u00d6CKER - der Blog\",\"isPartOf\":{\"@id\":\"https:\/\/www.hoecker.eu\/blog\/#website\"},\"datePublished\":\"2017-01-18T12:21:00+00:00\",\"dateModified\":\"2025-02-17T13:57:06+00:00\",\"breadcrumb\":{\"@id\":\"https:\/\/www.hoecker.eu\/blog\/landgericht-koeln-ueber-geruechte-des-drogenmissbrauchs-und-der-untersuchung-einer-haarprobe-eines-spitzenpolitikers-darf-nicht-berichtet-werden\/#breadcrumb\"},\"inLanguage\":\"de\",\"potentialAction\":[{\"@type\":\"ReadAction\",\"target\":[\"https:\/\/www.hoecker.eu\/blog\/landgericht-koeln-ueber-geruechte-des-drogenmissbrauchs-und-der-untersuchung-einer-haarprobe-eines-spitzenpolitikers-darf-nicht-berichtet-werden\/\"]}]},{\"@type\":\"BreadcrumbList\",\"@id\":\"https:\/\/www.hoecker.eu\/blog\/landgericht-koeln-ueber-geruechte-des-drogenmissbrauchs-und-der-untersuchung-einer-haarprobe-eines-spitzenpolitikers-darf-nicht-berichtet-werden\/#breadcrumb\",\"itemListElement\":[{\"@type\":\"ListItem\",\"position\":1,\"name\":\"Startseite\",\"item\":\"https:\/\/dev.hoecker.eu\/blog\/\"},{\"@type\":\"ListItem\",\"position\":2,\"name\":\"Landgericht K\u00f6ln: \u00dcber Ger\u00fcchte des Drogenmissbrauchs und der Untersuchung einer Haarprobe eines Spitzenpolitikers darf nicht berichtet werden.\"}]},{\"@type\":\"WebSite\",\"@id\":\"https:\/\/www.hoecker.eu\/blog\/#website\",\"url\":\"https:\/\/www.hoecker.eu\/blog\/\",\"name\":\"H\u00d6CKER - der Blog\",\"description\":\"Expertenblog f\u00fcr \u00c4u\u00dferungs-, Medien-, Marken-, Urheber- und Wettbewerbsrecht.\",\"publisher\":{\"@id\":\"https:\/\/www.hoecker.eu\/blog\/#organization\"},\"potentialAction\":[{\"@type\":\"SearchAction\",\"target\":{\"@type\":\"EntryPoint\",\"urlTemplate\":\"https:\/\/www.hoecker.eu\/blog\/?s={search_term_string}\"},\"query-input\":{\"@type\":\"PropertyValueSpecification\",\"valueRequired\":true,\"valueName\":\"search_term_string\"}}],\"inLanguage\":\"de\"},{\"@type\":\"Organization\",\"@id\":\"https:\/\/www.hoecker.eu\/blog\/#organization\",\"name\":\"H\u00d6CKER Rechtsanw\u00e4lte PartGmbB\",\"alternateName\":\"H\u00d6CKER\",\"url\":\"https:\/\/www.hoecker.eu\/blog\/\",\"logo\":{\"@type\":\"ImageObject\",\"inLanguage\":\"de\",\"@id\":\"https:\/\/www.hoecker.eu\/blog\/#\/schema\/logo\/image\/\",\"url\":\"https:\/\/www.hoecker.eu\/blog\/wp-content\/uploads\/2025\/03\/Blog-Logo.webp\",\"contentUrl\":\"https:\/\/www.hoecker.eu\/blog\/wp-content\/uploads\/2025\/03\/Blog-Logo.webp\",\"width\":500,\"height\":500,\"caption\":\"H\u00d6CKER Rechtsanw\u00e4lte PartGmbB\"},\"image\":{\"@id\":\"https:\/\/www.hoecker.eu\/blog\/#\/schema\/logo\/image\/\"},\"sameAs\":[\"https:\/\/www.facebook.com\/HoeckerRAe\/\",\"https:\/\/x.com\/hoecker_rae\",\"https:\/\/www.linkedin.com\/company\/hcker-rechtsanwlte\/\",\"https:\/\/www.instagram.com\/hoecker_rae\/\"],\"email\":\"contact@hoecker.eu\",\"telephone\":\"+ 49 (0)221-933 19-10\",\"legalName\":\"H\u00d6CKER Rechtsanw\u00e4lte PartGmbB\",\"numberOfEmployees\":{\"@type\":\"QuantitativeValue\",\"minValue\":\"11\",\"maxValue\":\"50\"}},{\"@type\":\"Person\",\"@id\":\"https:\/\/www.hoecker.eu\/blog\/#\/schema\/person\/08f95581eed0534eccd0b2438f7a1cab\",\"name\":\"Prof. Dr. Ralf H\u00f6cker\",\"description\":\"Medienanwalt. Besch\u00fctzer vor mieser Presse\",\"sameAs\":[\"https:\/\/www.hoecker.eu\/wer\/prof-dr-ralf-hoecker\",\"https:\/\/www.facebook.com\/ralf.hoecker\",\"https:\/\/www.linkedin.com\/in\/prof-dr-ralf-hcker-ll-m-london-17987826\/\",\"https:\/\/x.com\/Ralf_Hoecker\"],\"url\":\"https:\/\/www.hoecker.eu\/blog\/author\/hoecker_adm\/\"}]}<\/script>\n<!-- \/ Yoast SEO Premium plugin. -->","yoast_head_json":{"title":"Landgericht K\u00f6ln: \u00dcber Ger\u00fcchte des Drogenmissbrauchs und der Untersuchung einer Haarprobe eines Spitzenpolitikers darf nicht berichtet werden. - H\u00d6CKER - der Blog","robots":{"index":"index","follow":"follow","max-snippet":"max-snippet:-1","max-image-preview":"max-image-preview:large","max-video-preview":"max-video-preview:-1"},"canonical":"https:\/\/www.hoecker.eu\/blog\/landgericht-koeln-ueber-geruechte-des-drogenmissbrauchs-und-der-untersuchung-einer-haarprobe-eines-spitzenpolitikers-darf-nicht-berichtet-werden\/","og_locale":"de_DE","og_type":"article","og_title":"Landgericht K\u00f6ln: \u00dcber Ger\u00fcchte des Drogenmissbrauchs und der Untersuchung einer Haarprobe eines Spitzenpolitikers darf nicht berichtet werden.","og_description":"Es gab&nbsp;Ger\u00fcchte,&nbsp;dass Parteikollegen den Verdacht des Drogenmissbrauchs gegen&nbsp;einen&nbsp;Spitzenpolitiker&nbsp;hegen. Diese h\u00e4tten sich sogar schon heimlich&nbsp;Haarproben besorgt, um einen&nbsp;Drogentest durchzuf\u00fchren.&nbsp;\u00dcber diese Ger\u00fcchte berichtete das Westfalen-Blatt unter voller Namensnennung des Politikers. Allerdings&nbsp;musste der Redakteur des Westfalen-Blattes sp\u00e4ter eingestehen, dass er seinen&nbsp;Bericht lediglich auf eine Kette von Ger\u00fcchten vom H\u00f6rensagen gest\u00fctzt habe. So habe er&nbsp;geh\u00f6rt, dass zwei Partei-Funktion\u00e4re, deren [&hellip;]","og_url":"https:\/\/www.hoecker.eu\/blog\/landgericht-koeln-ueber-geruechte-des-drogenmissbrauchs-und-der-untersuchung-einer-haarprobe-eines-spitzenpolitikers-darf-nicht-berichtet-werden\/","og_site_name":"H\u00d6CKER - der Blog","article_publisher":"https:\/\/www.facebook.com\/HoeckerRAe\/","article_author":"https:\/\/www.facebook.com\/ralf.hoecker","article_published_time":"2017-01-18T12:21:00+00:00","article_modified_time":"2025-02-17T13:57:06+00:00","author":"Prof. Dr. Ralf H\u00f6cker","twitter_card":"summary_large_image","twitter_creator":"@Ralf_Hoecker","twitter_site":"@hoecker_rae","twitter_misc":{"Verfasst von":"Prof. Dr. Ralf H\u00f6cker","Gesch\u00e4tzte Lesezeit":"2\u00a0Minuten"},"schema":{"@context":"https:\/\/schema.org","@graph":[{"@type":"Article","@id":"https:\/\/www.hoecker.eu\/blog\/landgericht-koeln-ueber-geruechte-des-drogenmissbrauchs-und-der-untersuchung-einer-haarprobe-eines-spitzenpolitikers-darf-nicht-berichtet-werden\/#article","isPartOf":{"@id":"https:\/\/www.hoecker.eu\/blog\/landgericht-koeln-ueber-geruechte-des-drogenmissbrauchs-und-der-untersuchung-einer-haarprobe-eines-spitzenpolitikers-darf-nicht-berichtet-werden\/"},"author":{"name":"Prof. Dr. Ralf H\u00f6cker","@id":"https:\/\/www.hoecker.eu\/blog\/#\/schema\/person\/08f95581eed0534eccd0b2438f7a1cab"},"headline":"Landgericht K\u00f6ln: \u00dcber Ger\u00fcchte des Drogenmissbrauchs und der Untersuchung einer Haarprobe eines Spitzenpolitikers darf nicht berichtet werden.","datePublished":"2017-01-18T12:21:00+00:00","dateModified":"2025-02-17T13:57:06+00:00","mainEntityOfPage":{"@id":"https:\/\/www.hoecker.eu\/blog\/landgericht-koeln-ueber-geruechte-des-drogenmissbrauchs-und-der-untersuchung-einer-haarprobe-eines-spitzenpolitikers-darf-nicht-berichtet-werden\/"},"wordCount":450,"publisher":{"@id":"https:\/\/www.hoecker.eu\/blog\/#organization"},"articleSection":["News"],"inLanguage":"de"},{"@type":"WebPage","@id":"https:\/\/www.hoecker.eu\/blog\/landgericht-koeln-ueber-geruechte-des-drogenmissbrauchs-und-der-untersuchung-einer-haarprobe-eines-spitzenpolitikers-darf-nicht-berichtet-werden\/","url":"https:\/\/www.hoecker.eu\/blog\/landgericht-koeln-ueber-geruechte-des-drogenmissbrauchs-und-der-untersuchung-einer-haarprobe-eines-spitzenpolitikers-darf-nicht-berichtet-werden\/","name":"Landgericht K\u00f6ln: \u00dcber Ger\u00fcchte des Drogenmissbrauchs und der Untersuchung einer Haarprobe eines Spitzenpolitikers darf nicht berichtet werden. - H\u00d6CKER - der Blog","isPartOf":{"@id":"https:\/\/www.hoecker.eu\/blog\/#website"},"datePublished":"2017-01-18T12:21:00+00:00","dateModified":"2025-02-17T13:57:06+00:00","breadcrumb":{"@id":"https:\/\/www.hoecker.eu\/blog\/landgericht-koeln-ueber-geruechte-des-drogenmissbrauchs-und-der-untersuchung-einer-haarprobe-eines-spitzenpolitikers-darf-nicht-berichtet-werden\/#breadcrumb"},"inLanguage":"de","potentialAction":[{"@type":"ReadAction","target":["https:\/\/www.hoecker.eu\/blog\/landgericht-koeln-ueber-geruechte-des-drogenmissbrauchs-und-der-untersuchung-einer-haarprobe-eines-spitzenpolitikers-darf-nicht-berichtet-werden\/"]}]},{"@type":"BreadcrumbList","@id":"https:\/\/www.hoecker.eu\/blog\/landgericht-koeln-ueber-geruechte-des-drogenmissbrauchs-und-der-untersuchung-einer-haarprobe-eines-spitzenpolitikers-darf-nicht-berichtet-werden\/#breadcrumb","itemListElement":[{"@type":"ListItem","position":1,"name":"Startseite","item":"https:\/\/dev.hoecker.eu\/blog\/"},{"@type":"ListItem","position":2,"name":"Landgericht K\u00f6ln: \u00dcber Ger\u00fcchte des Drogenmissbrauchs und der Untersuchung einer Haarprobe eines Spitzenpolitikers darf nicht berichtet werden."}]},{"@type":"WebSite","@id":"https:\/\/www.hoecker.eu\/blog\/#website","url":"https:\/\/www.hoecker.eu\/blog\/","name":"H\u00d6CKER - der Blog","description":"Expertenblog f\u00fcr \u00c4u\u00dferungs-, Medien-, Marken-, Urheber- und Wettbewerbsrecht.","publisher":{"@id":"https:\/\/www.hoecker.eu\/blog\/#organization"},"potentialAction":[{"@type":"SearchAction","target":{"@type":"EntryPoint","urlTemplate":"https:\/\/www.hoecker.eu\/blog\/?s={search_term_string}"},"query-input":{"@type":"PropertyValueSpecification","valueRequired":true,"valueName":"search_term_string"}}],"inLanguage":"de"},{"@type":"Organization","@id":"https:\/\/www.hoecker.eu\/blog\/#organization","name":"H\u00d6CKER Rechtsanw\u00e4lte PartGmbB","alternateName":"H\u00d6CKER","url":"https:\/\/www.hoecker.eu\/blog\/","logo":{"@type":"ImageObject","inLanguage":"de","@id":"https:\/\/www.hoecker.eu\/blog\/#\/schema\/logo\/image\/","url":"https:\/\/www.hoecker.eu\/blog\/wp-content\/uploads\/2025\/03\/Blog-Logo.webp","contentUrl":"https:\/\/www.hoecker.eu\/blog\/wp-content\/uploads\/2025\/03\/Blog-Logo.webp","width":500,"height":500,"caption":"H\u00d6CKER Rechtsanw\u00e4lte PartGmbB"},"image":{"@id":"https:\/\/www.hoecker.eu\/blog\/#\/schema\/logo\/image\/"},"sameAs":["https:\/\/www.facebook.com\/HoeckerRAe\/","https:\/\/x.com\/hoecker_rae","https:\/\/www.linkedin.com\/company\/hcker-rechtsanwlte\/","https:\/\/www.instagram.com\/hoecker_rae\/"],"email":"contact@hoecker.eu","telephone":"+ 49 (0)221-933 19-10","legalName":"H\u00d6CKER Rechtsanw\u00e4lte PartGmbB","numberOfEmployees":{"@type":"QuantitativeValue","minValue":"11","maxValue":"50"}},{"@type":"Person","@id":"https:\/\/www.hoecker.eu\/blog\/#\/schema\/person\/08f95581eed0534eccd0b2438f7a1cab","name":"Prof. Dr. Ralf H\u00f6cker","description":"Medienanwalt. Besch\u00fctzer vor mieser Presse","sameAs":["https:\/\/www.hoecker.eu\/wer\/prof-dr-ralf-hoecker","https:\/\/www.facebook.com\/ralf.hoecker","https:\/\/www.linkedin.com\/in\/prof-dr-ralf-hcker-ll-m-london-17987826\/","https:\/\/x.com\/Ralf_Hoecker"],"url":"https:\/\/www.hoecker.eu\/blog\/author\/hoecker_adm\/"}]}},"authors":[{"term_id":84,"user_id":1,"is_guest":0,"slug":"hoecker_adm","display_name":"Prof. Dr. Ralf H\u00f6cker","avatar_url":{"url":"https:\/\/www.hoecker.eu\/blog\/wp-content\/uploads\/2023\/12\/ProfDrRalfHoecker.jpg","url2x":"https:\/\/www.hoecker.eu\/blog\/wp-content\/uploads\/2023\/12\/ProfDrRalfHoecker.jpg"},"0":null,"1":"","2":"","3":"","4":"","5":"","6":"","7":"","8":"","9":"","10":"","11":""}],"_links":{"self":[{"href":"https:\/\/www.hoecker.eu\/blog\/wp-json\/wp\/v2\/posts\/8387","targetHints":{"allow":["GET"]}}],"collection":[{"href":"https:\/\/www.hoecker.eu\/blog\/wp-json\/wp\/v2\/posts"}],"about":[{"href":"https:\/\/www.hoecker.eu\/blog\/wp-json\/wp\/v2\/types\/post"}],"author":[{"embeddable":true,"href":"https:\/\/www.hoecker.eu\/blog\/wp-json\/wp\/v2\/users\/1"}],"replies":[{"embeddable":true,"href":"https:\/\/www.hoecker.eu\/blog\/wp-json\/wp\/v2\/comments?post=8387"}],"version-history":[{"count":1,"href":"https:\/\/www.hoecker.eu\/blog\/wp-json\/wp\/v2\/posts\/8387\/revisions"}],"predecessor-version":[{"id":9509,"href":"https:\/\/www.hoecker.eu\/blog\/wp-json\/wp\/v2\/posts\/8387\/revisions\/9509"}],"wp:attachment":[{"href":"https:\/\/www.hoecker.eu\/blog\/wp-json\/wp\/v2\/media?parent=8387"}],"wp:term":[{"taxonomy":"category","embeddable":true,"href":"https:\/\/www.hoecker.eu\/blog\/wp-json\/wp\/v2\/categories?post=8387"},{"taxonomy":"post_tag","embeddable":true,"href":"https:\/\/www.hoecker.eu\/blog\/wp-json\/wp\/v2\/tags?post=8387"},{"taxonomy":"hashtags","embeddable":true,"href":"https:\/\/www.hoecker.eu\/blog\/wp-json\/wp\/v2\/hashtags?post=8387"},{"taxonomy":"author","embeddable":true,"href":"https:\/\/www.hoecker.eu\/blog\/wp-json\/wp\/v2\/ppma_author?post=8387"}],"curies":[{"name":"wp","href":"https:\/\/api.w.org\/{rel}","templated":true}]}}