{"id":8385,"date":"2017-02-06T19:32:00","date_gmt":"2017-02-06T18:32:00","guid":{"rendered":"https:\/\/www.hoecker.eu\/blog\/verdachtsbericht-nach-pauschaler-anhoerung-unzulaessig-bonner-unternehmer-erwirkt-einstweilige-verfuegung-gegen-general-anzeiger\/"},"modified":"2025-02-17T14:57:05","modified_gmt":"2025-02-17T13:57:05","slug":"verdachtsbericht-nach-pauschaler-anhoerung-unzulaessig-bonner-unternehmer-erwirkt-einstweilige-verfuegung-gegen-general-anzeiger","status":"publish","type":"post","link":"https:\/\/www.hoecker.eu\/blog\/verdachtsbericht-nach-pauschaler-anhoerung-unzulaessig-bonner-unternehmer-erwirkt-einstweilige-verfuegung-gegen-general-anzeiger\/","title":{"rendered":"Verdachtsbericht nach pauschaler Anh\u00f6rung unzul\u00e4ssig. Bonner Unternehmer erwirkt einstweilige Verf\u00fcgung gegen General-Anzeiger."},"content":{"rendered":"<p>Der H\u00d6CKER-Mandant war Gesch\u00e4ftsf\u00fchrer einer Gesellschaft, \u00fcber deren Verm\u00f6gen das Insolvenzverfahren er\u00f6ffnet wurde. Am 23.12.2016, 15:15 Uhr, erhielt der Mandant eine Presseanfrage des General-Anzeigers mit vier pauschalen und offenen Fragen im Zusammenhang mit den finanziellen Verh\u00e4ltnissen der Gesellschaft und dem Insolvenzverfahren. Aus den Fragen ergab sich kein Vorwurf eines Fehlverhaltens gegen den Mandanten. Der Journalist setzte dem Mandanten eine Antwortfrist von nur knapp f\u00fcnf (!)&nbsp;Stunden. In unserer Antwort innerhalb dieser Frist wiesen wir den Journalisten darauf hin, dass die Frist insbesondere am Tag vor Heiligabend deutlich zu kurz sei und er den Mandanten mit einem konkreten Vorwurf konfrontieren m\u00fcsse, falls er identifizierend \u00fcber den Verdacht eines vermeintlichen Fehlverhaltens berichten wolle.&nbsp;Eine Nachbesserung der Fragen erfolgte nicht. Stattdessen ver\u00f6ffentlichte der General-Anzeiger noch am Abend des 23.12.2016 einen Online-Artikel, in dem er ohne Vorank\u00fcndigung und ohne vorherige Konfrontation \u00fcber ein strafrechtliches Ermittlungsverfahren wegen des Verdachts der Begehung von Insolvenzstraftaten gegen den Mandanten berichtete. Der Journalist hatte es trotz unseres Hinweises bewusst unterlassen, den Mandanten zu dem Verdacht anzuh\u00f6ren, offenbar um sich eine Stellungnahme des Mandanten in seinem Bericht zu ersparen. An Heiligabend erschien dann der entsprechende Print-Bericht im General-Anzeiger Bonn. <\/p>\n<p>Auf Antrag von H\u00d6CKER erlie\u00df das Landgericht K\u00f6ln mit Beschluss vom 31.01.2017 (Az. 28 O 19\/17, n.rkr.) eine einstweilige Verf\u00fcgung f\u00fcr den Mandanten gegen den General-Anzeiger. Nach dieser ist die identifizierende Verdachtsberichterstattung \u00fcber den Mandanten verboten. Auf die erfolgte Zustellung hin&nbsp;hat der General-Anzeiger den Online-Bericht gel\u00f6scht. <\/p>\n<p>Rechtsanwalt Dr. Marcel Leeser: <\/p>\n<p>  \u201e<i>Der Mandant hat dem Gericht glaubhaft gemacht, dass er dem General-Anzeiger eine Antwort gegeben h\u00e4tte, die den Straftatverdacht gegen ihn ausr\u00e4umt bzw. stark in Zweifel zieht,&nbsp;<u>wenn er denn hierzu gefragt worden w\u00e4re<\/u>. Voraussetzung f\u00fcr eine rechtm\u00e4\u00dfige Verdachtsberichterstattung ist die vorherige Anh\u00f6rung des Betroffenen und die M\u00f6glichkeit zur Stellungnahme innerhalb angemessener Frist. Je konkreter der&nbsp;sp\u00e4tere&nbsp;Bericht ausfallen soll, umso konkreter muss die Anh\u00f6rung sein. Nimmt der Bericht also&nbsp;auf konkrete Vorg\u00e4nge Bezug, sind diese auch in der Anh\u00f6rung zu benennen. Berichtet die Presse \u00fcber einen Straftatverdacht bzw. ein staatsanwaltschaftliches Ermittlungsverfahren und h\u00f6rt sie den Betroffenen hierzu nicht oder nur pauschal an, verletzt sie ihre journalistische Sorgfaltspflicht.<\/i>\u201c<\/p>\n","protected":false},"excerpt":{"rendered":"<p>Der H\u00d6CKER-Mandant war Gesch\u00e4ftsf\u00fchrer einer Gesellschaft, \u00fcber deren Verm\u00f6gen das Insolvenzverfahren er\u00f6ffnet wurde. Am 23.12.2016, 15:15 Uhr, erhielt der Mandant eine Presseanfrage des General-Anzeigers mit vier pauschalen und offenen Fragen im Zusammenhang mit den finanziellen Verh\u00e4ltnissen der Gesellschaft und dem Insolvenzverfahren. Aus den Fragen ergab sich kein Vorwurf eines Fehlverhaltens gegen den Mandanten. Der Journalist [&hellip;]<\/p>\n","protected":false},"author":1,"featured_media":0,"comment_status":"closed","ping_status":"closed","sticky":false,"template":"","format":"standard","meta":{"_has_post_settings":[],"footnotes":""},"categories":[15],"tags":[],"hashtags":[],"ppma_author":[84],"class_list":["post-8385","post","type-post","status-publish","format-standard","hentry","category-news","author-hoecker_adm"],"yoast_head":"<!-- This site is optimized with the Yoast SEO Premium plugin v25.9 (Yoast SEO v27.0) - https:\/\/yoast.com\/product\/yoast-seo-premium-wordpress\/ -->\n<title>Verdachtsbericht nach pauschaler Anh\u00f6rung unzul\u00e4ssig. Bonner Unternehmer erwirkt einstweilige Verf\u00fcgung gegen General-Anzeiger. - H\u00d6CKER - der Blog<\/title>\n<meta name=\"robots\" content=\"index, follow, max-snippet:-1, max-image-preview:large, max-video-preview:-1\" \/>\n<link rel=\"canonical\" href=\"https:\/\/www.hoecker.eu\/blog\/verdachtsbericht-nach-pauschaler-anhoerung-unzulaessig-bonner-unternehmer-erwirkt-einstweilige-verfuegung-gegen-general-anzeiger\/\" \/>\n<meta property=\"og:locale\" content=\"de_DE\" \/>\n<meta property=\"og:type\" content=\"article\" \/>\n<meta property=\"og:title\" content=\"Verdachtsbericht nach pauschaler Anh\u00f6rung unzul\u00e4ssig. Bonner Unternehmer erwirkt einstweilige Verf\u00fcgung gegen General-Anzeiger.\" \/>\n<meta property=\"og:description\" content=\"Der H\u00d6CKER-Mandant war Gesch\u00e4ftsf\u00fchrer einer Gesellschaft, \u00fcber deren Verm\u00f6gen das Insolvenzverfahren er\u00f6ffnet wurde. Am 23.12.2016, 15:15 Uhr, erhielt der Mandant eine Presseanfrage des General-Anzeigers mit vier pauschalen und offenen Fragen im Zusammenhang mit den finanziellen Verh\u00e4ltnissen der Gesellschaft und dem Insolvenzverfahren. Aus den Fragen ergab sich kein Vorwurf eines Fehlverhaltens gegen den Mandanten. Der Journalist [&hellip;]\" \/>\n<meta property=\"og:url\" content=\"https:\/\/www.hoecker.eu\/blog\/verdachtsbericht-nach-pauschaler-anhoerung-unzulaessig-bonner-unternehmer-erwirkt-einstweilige-verfuegung-gegen-general-anzeiger\/\" \/>\n<meta property=\"og:site_name\" content=\"H\u00d6CKER - der Blog\" \/>\n<meta property=\"article:publisher\" content=\"https:\/\/www.facebook.com\/HoeckerRAe\/\" \/>\n<meta property=\"article:author\" content=\"https:\/\/www.facebook.com\/ralf.hoecker\" \/>\n<meta property=\"article:published_time\" content=\"2017-02-06T18:32:00+00:00\" \/>\n<meta property=\"article:modified_time\" content=\"2025-02-17T13:57:05+00:00\" \/>\n<meta name=\"author\" content=\"Prof. Dr. Ralf H\u00f6cker\" \/>\n<meta name=\"twitter:card\" content=\"summary_large_image\" \/>\n<meta name=\"twitter:creator\" content=\"@Ralf_Hoecker\" \/>\n<meta name=\"twitter:site\" content=\"@hoecker_rae\" \/>\n<meta name=\"twitter:label1\" content=\"Verfasst von\" \/>\n\t<meta name=\"twitter:data1\" content=\"Prof. Dr. Ralf H\u00f6cker\" \/>\n\t<meta name=\"twitter:label2\" content=\"Gesch\u00e4tzte Lesezeit\" \/>\n\t<meta name=\"twitter:data2\" content=\"2\u00a0Minuten\" \/>\n<script type=\"application\/ld+json\" class=\"yoast-schema-graph\">{\"@context\":\"https:\/\/schema.org\",\"@graph\":[{\"@type\":\"Article\",\"@id\":\"https:\/\/www.hoecker.eu\/blog\/verdachtsbericht-nach-pauschaler-anhoerung-unzulaessig-bonner-unternehmer-erwirkt-einstweilige-verfuegung-gegen-general-anzeiger\/#article\",\"isPartOf\":{\"@id\":\"https:\/\/www.hoecker.eu\/blog\/verdachtsbericht-nach-pauschaler-anhoerung-unzulaessig-bonner-unternehmer-erwirkt-einstweilige-verfuegung-gegen-general-anzeiger\/\"},\"author\":{\"name\":\"Prof. Dr. Ralf H\u00f6cker\",\"@id\":\"https:\/\/www.hoecker.eu\/blog\/#\/schema\/person\/08f95581eed0534eccd0b2438f7a1cab\"},\"headline\":\"Verdachtsbericht nach pauschaler Anh\u00f6rung unzul\u00e4ssig. Bonner Unternehmer erwirkt einstweilige Verf\u00fcgung gegen General-Anzeiger.\",\"datePublished\":\"2017-02-06T18:32:00+00:00\",\"dateModified\":\"2025-02-17T13:57:05+00:00\",\"mainEntityOfPage\":{\"@id\":\"https:\/\/www.hoecker.eu\/blog\/verdachtsbericht-nach-pauschaler-anhoerung-unzulaessig-bonner-unternehmer-erwirkt-einstweilige-verfuegung-gegen-general-anzeiger\/\"},\"wordCount\":391,\"publisher\":{\"@id\":\"https:\/\/www.hoecker.eu\/blog\/#organization\"},\"articleSection\":[\"News\"],\"inLanguage\":\"de\"},{\"@type\":\"WebPage\",\"@id\":\"https:\/\/www.hoecker.eu\/blog\/verdachtsbericht-nach-pauschaler-anhoerung-unzulaessig-bonner-unternehmer-erwirkt-einstweilige-verfuegung-gegen-general-anzeiger\/\",\"url\":\"https:\/\/www.hoecker.eu\/blog\/verdachtsbericht-nach-pauschaler-anhoerung-unzulaessig-bonner-unternehmer-erwirkt-einstweilige-verfuegung-gegen-general-anzeiger\/\",\"name\":\"Verdachtsbericht nach pauschaler Anh\u00f6rung unzul\u00e4ssig. Bonner Unternehmer erwirkt einstweilige Verf\u00fcgung gegen General-Anzeiger. - H\u00d6CKER - der Blog\",\"isPartOf\":{\"@id\":\"https:\/\/www.hoecker.eu\/blog\/#website\"},\"datePublished\":\"2017-02-06T18:32:00+00:00\",\"dateModified\":\"2025-02-17T13:57:05+00:00\",\"breadcrumb\":{\"@id\":\"https:\/\/www.hoecker.eu\/blog\/verdachtsbericht-nach-pauschaler-anhoerung-unzulaessig-bonner-unternehmer-erwirkt-einstweilige-verfuegung-gegen-general-anzeiger\/#breadcrumb\"},\"inLanguage\":\"de\",\"potentialAction\":[{\"@type\":\"ReadAction\",\"target\":[\"https:\/\/www.hoecker.eu\/blog\/verdachtsbericht-nach-pauschaler-anhoerung-unzulaessig-bonner-unternehmer-erwirkt-einstweilige-verfuegung-gegen-general-anzeiger\/\"]}]},{\"@type\":\"BreadcrumbList\",\"@id\":\"https:\/\/www.hoecker.eu\/blog\/verdachtsbericht-nach-pauschaler-anhoerung-unzulaessig-bonner-unternehmer-erwirkt-einstweilige-verfuegung-gegen-general-anzeiger\/#breadcrumb\",\"itemListElement\":[{\"@type\":\"ListItem\",\"position\":1,\"name\":\"Startseite\",\"item\":\"https:\/\/dev.hoecker.eu\/blog\/\"},{\"@type\":\"ListItem\",\"position\":2,\"name\":\"Verdachtsbericht nach pauschaler Anh\u00f6rung unzul\u00e4ssig. Bonner Unternehmer erwirkt einstweilige Verf\u00fcgung gegen General-Anzeiger.\"}]},{\"@type\":\"WebSite\",\"@id\":\"https:\/\/www.hoecker.eu\/blog\/#website\",\"url\":\"https:\/\/www.hoecker.eu\/blog\/\",\"name\":\"H\u00d6CKER - der Blog\",\"description\":\"Expertenblog f\u00fcr \u00c4u\u00dferungs-, Medien-, Marken-, Urheber- und Wettbewerbsrecht.\",\"publisher\":{\"@id\":\"https:\/\/www.hoecker.eu\/blog\/#organization\"},\"potentialAction\":[{\"@type\":\"SearchAction\",\"target\":{\"@type\":\"EntryPoint\",\"urlTemplate\":\"https:\/\/www.hoecker.eu\/blog\/?s={search_term_string}\"},\"query-input\":{\"@type\":\"PropertyValueSpecification\",\"valueRequired\":true,\"valueName\":\"search_term_string\"}}],\"inLanguage\":\"de\"},{\"@type\":\"Organization\",\"@id\":\"https:\/\/www.hoecker.eu\/blog\/#organization\",\"name\":\"H\u00d6CKER Rechtsanw\u00e4lte PartGmbB\",\"alternateName\":\"H\u00d6CKER\",\"url\":\"https:\/\/www.hoecker.eu\/blog\/\",\"logo\":{\"@type\":\"ImageObject\",\"inLanguage\":\"de\",\"@id\":\"https:\/\/www.hoecker.eu\/blog\/#\/schema\/logo\/image\/\",\"url\":\"https:\/\/www.hoecker.eu\/blog\/wp-content\/uploads\/2025\/03\/Blog-Logo.webp\",\"contentUrl\":\"https:\/\/www.hoecker.eu\/blog\/wp-content\/uploads\/2025\/03\/Blog-Logo.webp\",\"width\":500,\"height\":500,\"caption\":\"H\u00d6CKER Rechtsanw\u00e4lte PartGmbB\"},\"image\":{\"@id\":\"https:\/\/www.hoecker.eu\/blog\/#\/schema\/logo\/image\/\"},\"sameAs\":[\"https:\/\/www.facebook.com\/HoeckerRAe\/\",\"https:\/\/x.com\/hoecker_rae\",\"https:\/\/www.linkedin.com\/company\/hcker-rechtsanwlte\/\",\"https:\/\/www.instagram.com\/hoecker_rae\/\"],\"email\":\"contact@hoecker.eu\",\"telephone\":\"+ 49 (0)221-933 19-10\",\"legalName\":\"H\u00d6CKER Rechtsanw\u00e4lte PartGmbB\",\"numberOfEmployees\":{\"@type\":\"QuantitativeValue\",\"minValue\":\"11\",\"maxValue\":\"50\"}},{\"@type\":\"Person\",\"@id\":\"https:\/\/www.hoecker.eu\/blog\/#\/schema\/person\/08f95581eed0534eccd0b2438f7a1cab\",\"name\":\"Prof. Dr. Ralf H\u00f6cker\",\"description\":\"Medienanwalt. Besch\u00fctzer vor mieser Presse\",\"sameAs\":[\"https:\/\/www.hoecker.eu\/wer\/prof-dr-ralf-hoecker\",\"https:\/\/www.facebook.com\/ralf.hoecker\",\"https:\/\/www.linkedin.com\/in\/prof-dr-ralf-hcker-ll-m-london-17987826\/\",\"https:\/\/x.com\/Ralf_Hoecker\"],\"url\":\"https:\/\/www.hoecker.eu\/blog\/author\/hoecker_adm\/\"}]}<\/script>\n<!-- \/ Yoast SEO Premium plugin. -->","yoast_head_json":{"title":"Verdachtsbericht nach pauschaler Anh\u00f6rung unzul\u00e4ssig. Bonner Unternehmer erwirkt einstweilige Verf\u00fcgung gegen General-Anzeiger. - H\u00d6CKER - der Blog","robots":{"index":"index","follow":"follow","max-snippet":"max-snippet:-1","max-image-preview":"max-image-preview:large","max-video-preview":"max-video-preview:-1"},"canonical":"https:\/\/www.hoecker.eu\/blog\/verdachtsbericht-nach-pauschaler-anhoerung-unzulaessig-bonner-unternehmer-erwirkt-einstweilige-verfuegung-gegen-general-anzeiger\/","og_locale":"de_DE","og_type":"article","og_title":"Verdachtsbericht nach pauschaler Anh\u00f6rung unzul\u00e4ssig. Bonner Unternehmer erwirkt einstweilige Verf\u00fcgung gegen General-Anzeiger.","og_description":"Der H\u00d6CKER-Mandant war Gesch\u00e4ftsf\u00fchrer einer Gesellschaft, \u00fcber deren Verm\u00f6gen das Insolvenzverfahren er\u00f6ffnet wurde. Am 23.12.2016, 15:15 Uhr, erhielt der Mandant eine Presseanfrage des General-Anzeigers mit vier pauschalen und offenen Fragen im Zusammenhang mit den finanziellen Verh\u00e4ltnissen der Gesellschaft und dem Insolvenzverfahren. Aus den Fragen ergab sich kein Vorwurf eines Fehlverhaltens gegen den Mandanten. Der Journalist [&hellip;]","og_url":"https:\/\/www.hoecker.eu\/blog\/verdachtsbericht-nach-pauschaler-anhoerung-unzulaessig-bonner-unternehmer-erwirkt-einstweilige-verfuegung-gegen-general-anzeiger\/","og_site_name":"H\u00d6CKER - der Blog","article_publisher":"https:\/\/www.facebook.com\/HoeckerRAe\/","article_author":"https:\/\/www.facebook.com\/ralf.hoecker","article_published_time":"2017-02-06T18:32:00+00:00","article_modified_time":"2025-02-17T13:57:05+00:00","author":"Prof. Dr. Ralf H\u00f6cker","twitter_card":"summary_large_image","twitter_creator":"@Ralf_Hoecker","twitter_site":"@hoecker_rae","twitter_misc":{"Verfasst von":"Prof. Dr. Ralf H\u00f6cker","Gesch\u00e4tzte Lesezeit":"2\u00a0Minuten"},"schema":{"@context":"https:\/\/schema.org","@graph":[{"@type":"Article","@id":"https:\/\/www.hoecker.eu\/blog\/verdachtsbericht-nach-pauschaler-anhoerung-unzulaessig-bonner-unternehmer-erwirkt-einstweilige-verfuegung-gegen-general-anzeiger\/#article","isPartOf":{"@id":"https:\/\/www.hoecker.eu\/blog\/verdachtsbericht-nach-pauschaler-anhoerung-unzulaessig-bonner-unternehmer-erwirkt-einstweilige-verfuegung-gegen-general-anzeiger\/"},"author":{"name":"Prof. Dr. Ralf H\u00f6cker","@id":"https:\/\/www.hoecker.eu\/blog\/#\/schema\/person\/08f95581eed0534eccd0b2438f7a1cab"},"headline":"Verdachtsbericht nach pauschaler Anh\u00f6rung unzul\u00e4ssig. Bonner Unternehmer erwirkt einstweilige Verf\u00fcgung gegen General-Anzeiger.","datePublished":"2017-02-06T18:32:00+00:00","dateModified":"2025-02-17T13:57:05+00:00","mainEntityOfPage":{"@id":"https:\/\/www.hoecker.eu\/blog\/verdachtsbericht-nach-pauschaler-anhoerung-unzulaessig-bonner-unternehmer-erwirkt-einstweilige-verfuegung-gegen-general-anzeiger\/"},"wordCount":391,"publisher":{"@id":"https:\/\/www.hoecker.eu\/blog\/#organization"},"articleSection":["News"],"inLanguage":"de"},{"@type":"WebPage","@id":"https:\/\/www.hoecker.eu\/blog\/verdachtsbericht-nach-pauschaler-anhoerung-unzulaessig-bonner-unternehmer-erwirkt-einstweilige-verfuegung-gegen-general-anzeiger\/","url":"https:\/\/www.hoecker.eu\/blog\/verdachtsbericht-nach-pauschaler-anhoerung-unzulaessig-bonner-unternehmer-erwirkt-einstweilige-verfuegung-gegen-general-anzeiger\/","name":"Verdachtsbericht nach pauschaler Anh\u00f6rung unzul\u00e4ssig. Bonner Unternehmer erwirkt einstweilige Verf\u00fcgung gegen General-Anzeiger. - H\u00d6CKER - der Blog","isPartOf":{"@id":"https:\/\/www.hoecker.eu\/blog\/#website"},"datePublished":"2017-02-06T18:32:00+00:00","dateModified":"2025-02-17T13:57:05+00:00","breadcrumb":{"@id":"https:\/\/www.hoecker.eu\/blog\/verdachtsbericht-nach-pauschaler-anhoerung-unzulaessig-bonner-unternehmer-erwirkt-einstweilige-verfuegung-gegen-general-anzeiger\/#breadcrumb"},"inLanguage":"de","potentialAction":[{"@type":"ReadAction","target":["https:\/\/www.hoecker.eu\/blog\/verdachtsbericht-nach-pauschaler-anhoerung-unzulaessig-bonner-unternehmer-erwirkt-einstweilige-verfuegung-gegen-general-anzeiger\/"]}]},{"@type":"BreadcrumbList","@id":"https:\/\/www.hoecker.eu\/blog\/verdachtsbericht-nach-pauschaler-anhoerung-unzulaessig-bonner-unternehmer-erwirkt-einstweilige-verfuegung-gegen-general-anzeiger\/#breadcrumb","itemListElement":[{"@type":"ListItem","position":1,"name":"Startseite","item":"https:\/\/dev.hoecker.eu\/blog\/"},{"@type":"ListItem","position":2,"name":"Verdachtsbericht nach pauschaler Anh\u00f6rung unzul\u00e4ssig. Bonner Unternehmer erwirkt einstweilige Verf\u00fcgung gegen General-Anzeiger."}]},{"@type":"WebSite","@id":"https:\/\/www.hoecker.eu\/blog\/#website","url":"https:\/\/www.hoecker.eu\/blog\/","name":"H\u00d6CKER - der Blog","description":"Expertenblog f\u00fcr \u00c4u\u00dferungs-, Medien-, Marken-, Urheber- und Wettbewerbsrecht.","publisher":{"@id":"https:\/\/www.hoecker.eu\/blog\/#organization"},"potentialAction":[{"@type":"SearchAction","target":{"@type":"EntryPoint","urlTemplate":"https:\/\/www.hoecker.eu\/blog\/?s={search_term_string}"},"query-input":{"@type":"PropertyValueSpecification","valueRequired":true,"valueName":"search_term_string"}}],"inLanguage":"de"},{"@type":"Organization","@id":"https:\/\/www.hoecker.eu\/blog\/#organization","name":"H\u00d6CKER Rechtsanw\u00e4lte PartGmbB","alternateName":"H\u00d6CKER","url":"https:\/\/www.hoecker.eu\/blog\/","logo":{"@type":"ImageObject","inLanguage":"de","@id":"https:\/\/www.hoecker.eu\/blog\/#\/schema\/logo\/image\/","url":"https:\/\/www.hoecker.eu\/blog\/wp-content\/uploads\/2025\/03\/Blog-Logo.webp","contentUrl":"https:\/\/www.hoecker.eu\/blog\/wp-content\/uploads\/2025\/03\/Blog-Logo.webp","width":500,"height":500,"caption":"H\u00d6CKER Rechtsanw\u00e4lte PartGmbB"},"image":{"@id":"https:\/\/www.hoecker.eu\/blog\/#\/schema\/logo\/image\/"},"sameAs":["https:\/\/www.facebook.com\/HoeckerRAe\/","https:\/\/x.com\/hoecker_rae","https:\/\/www.linkedin.com\/company\/hcker-rechtsanwlte\/","https:\/\/www.instagram.com\/hoecker_rae\/"],"email":"contact@hoecker.eu","telephone":"+ 49 (0)221-933 19-10","legalName":"H\u00d6CKER Rechtsanw\u00e4lte PartGmbB","numberOfEmployees":{"@type":"QuantitativeValue","minValue":"11","maxValue":"50"}},{"@type":"Person","@id":"https:\/\/www.hoecker.eu\/blog\/#\/schema\/person\/08f95581eed0534eccd0b2438f7a1cab","name":"Prof. Dr. Ralf H\u00f6cker","description":"Medienanwalt. Besch\u00fctzer vor mieser Presse","sameAs":["https:\/\/www.hoecker.eu\/wer\/prof-dr-ralf-hoecker","https:\/\/www.facebook.com\/ralf.hoecker","https:\/\/www.linkedin.com\/in\/prof-dr-ralf-hcker-ll-m-london-17987826\/","https:\/\/x.com\/Ralf_Hoecker"],"url":"https:\/\/www.hoecker.eu\/blog\/author\/hoecker_adm\/"}]}},"authors":[{"term_id":84,"user_id":1,"is_guest":0,"slug":"hoecker_adm","display_name":"Prof. Dr. Ralf H\u00f6cker","avatar_url":{"url":"https:\/\/www.hoecker.eu\/blog\/wp-content\/uploads\/2023\/12\/ProfDrRalfHoecker.jpg","url2x":"https:\/\/www.hoecker.eu\/blog\/wp-content\/uploads\/2023\/12\/ProfDrRalfHoecker.jpg"},"0":null,"1":"","2":"","3":"","4":"","5":"","6":"","7":"","8":"","9":"","10":"","11":""}],"_links":{"self":[{"href":"https:\/\/www.hoecker.eu\/blog\/wp-json\/wp\/v2\/posts\/8385","targetHints":{"allow":["GET"]}}],"collection":[{"href":"https:\/\/www.hoecker.eu\/blog\/wp-json\/wp\/v2\/posts"}],"about":[{"href":"https:\/\/www.hoecker.eu\/blog\/wp-json\/wp\/v2\/types\/post"}],"author":[{"embeddable":true,"href":"https:\/\/www.hoecker.eu\/blog\/wp-json\/wp\/v2\/users\/1"}],"replies":[{"embeddable":true,"href":"https:\/\/www.hoecker.eu\/blog\/wp-json\/wp\/v2\/comments?post=8385"}],"version-history":[{"count":1,"href":"https:\/\/www.hoecker.eu\/blog\/wp-json\/wp\/v2\/posts\/8385\/revisions"}],"predecessor-version":[{"id":9507,"href":"https:\/\/www.hoecker.eu\/blog\/wp-json\/wp\/v2\/posts\/8385\/revisions\/9507"}],"wp:attachment":[{"href":"https:\/\/www.hoecker.eu\/blog\/wp-json\/wp\/v2\/media?parent=8385"}],"wp:term":[{"taxonomy":"category","embeddable":true,"href":"https:\/\/www.hoecker.eu\/blog\/wp-json\/wp\/v2\/categories?post=8385"},{"taxonomy":"post_tag","embeddable":true,"href":"https:\/\/www.hoecker.eu\/blog\/wp-json\/wp\/v2\/tags?post=8385"},{"taxonomy":"hashtags","embeddable":true,"href":"https:\/\/www.hoecker.eu\/blog\/wp-json\/wp\/v2\/hashtags?post=8385"},{"taxonomy":"author","embeddable":true,"href":"https:\/\/www.hoecker.eu\/blog\/wp-json\/wp\/v2\/ppma_author?post=8385"}],"curies":[{"name":"wp","href":"https:\/\/api.w.org\/{rel}","templated":true}]}}