{"id":8384,"date":"2017-02-10T18:00:00","date_gmt":"2017-02-10T17:00:00","guid":{"rendered":"https:\/\/www.hoecker.eu\/blog\/afd-gegen-add-allianz-deutscher-demokraten-darf-nicht-mehr-add-heissen-alternative-fuer-deutschland-erwirkt-einstweilige-verfuegung-beim-landgericht-koel\/"},"modified":"2025-02-17T14:57:04","modified_gmt":"2025-02-17T13:57:04","slug":"afd-gegen-add-allianz-deutscher-demokraten-darf-nicht-mehr-add-heissen-alternative-fuer-deutschland-erwirkt-einstweilige-verfuegung-beim-landgericht-koel","status":"publish","type":"post","link":"https:\/\/www.hoecker.eu\/blog\/afd-gegen-add-allianz-deutscher-demokraten-darf-nicht-mehr-add-heissen-alternative-fuer-deutschland-erwirkt-einstweilige-verfuegung-beim-landgericht-koel\/","title":{"rendered":"AfD gegen ADD: \u201eAllianz Deutscher Demokraten\u201c darf nicht mehr \u201eADD\u201c hei\u00dfen \u2013 Alternative f\u00fcr Deutschland erwirkt einstweilige Verf\u00fcgung beim Landgericht K\u00f6ln."},"content":{"rendered":"<p>Die Partei Allianz Deutscher Demokraten tritt unter der Abk\u00fcrzung ADD auf, die&nbsp;hochgradig \u00e4hnlich zur deutschlandweit bekannten Abk\u00fcrzung AfD ist. Nach \u00a7 4 Abs. 1 Parteiengesetz muss sich der Name einer Partei, einschlie\u00dflich verwendeter Kurzbezeichnung von dem Namen einer bereits bestehenden Partei deutlich unterscheiden. Mit dieser Vorschrift sollen W\u00e4hler davor bewahrt werden, ihre Stimme aufgrund einer Namensverwechslung einer Partei zu geben, die sie eigentlich nicht w\u00e4hlen m\u00f6chten.<\/p>\n<p>Die Allianz Deutscher Demokraten wurde durch H\u00d6CKER zun\u00e4chst im Namen der Alternative f\u00fcr Deutschland abgemahnt und aufgefordert, freiwillig auf das Namensk\u00fcrzel zu verzichten. Nachdem die Allianz Deutscher Demokraten dieser Aufforderung nicht nachkam, reichte H\u00d6CKER f\u00fcr die AfD beim Landgericht K\u00f6ln einen Antrag auf Erlass einer einstweiligen Verf\u00fcgung ein. Das Landgericht K\u00f6ln hat der Allianz Deutscher Demokraten nun mit einstweiliger Verf\u00fcgung vom 08.02.2017&nbsp;(Az. 31 O 44\/17, n.rkr.) verboten, die Kurzbezeichnung \u201eADD\u201c zu f\u00fchren.<\/p>\n<p>Dr. Carsten Brennecke:<\/p>\n<p>\u201e<em>AfD und ADD klingen einfach zu \u00e4hnlich. Das Parteienrecht fordert eine deutliche Unterscheidbarkeit. CDU und CSU d\u00fcrften auch nicht gleichzeitig so hei\u00dfen, wenn die CDU in Bayern oder die CSU au\u00dferhalb Bayerns antr\u00e4te. Anders sieht es bei SPD und NPD aus. Da ist der besonders auff\u00e4llige erste Buchstabe verschieden. Deshalb geht das.\u201c<\/em><\/p>\n","protected":false},"excerpt":{"rendered":"<p>Die Partei Allianz Deutscher Demokraten tritt unter der Abk\u00fcrzung ADD auf, die&nbsp;hochgradig \u00e4hnlich zur deutschlandweit bekannten Abk\u00fcrzung AfD ist. Nach \u00a7 4 Abs. 1 Parteiengesetz muss sich der Name einer Partei, einschlie\u00dflich verwendeter Kurzbezeichnung von dem Namen einer bereits bestehenden Partei deutlich unterscheiden. Mit dieser Vorschrift sollen W\u00e4hler davor bewahrt werden, ihre Stimme aufgrund einer [&hellip;]<\/p>\n","protected":false},"author":1,"featured_media":0,"comment_status":"closed","ping_status":"closed","sticky":false,"template":"","format":"standard","meta":{"_has_post_settings":[],"footnotes":""},"categories":[15],"tags":[],"hashtags":[],"ppma_author":[84],"class_list":["post-8384","post","type-post","status-publish","format-standard","hentry","category-news","author-hoecker_adm"],"yoast_head":"<!-- This site is optimized with the Yoast SEO Premium plugin v25.9 (Yoast SEO v27.0) - https:\/\/yoast.com\/product\/yoast-seo-premium-wordpress\/ -->\n<title>AfD gegen ADD: \u201eAllianz Deutscher Demokraten\u201c darf nicht mehr \u201eADD\u201c hei\u00dfen \u2013 Alternative f\u00fcr Deutschland erwirkt einstweilige Verf\u00fcgung beim Landgericht K\u00f6ln. - H\u00d6CKER - der Blog<\/title>\n<meta name=\"robots\" content=\"index, follow, max-snippet:-1, max-image-preview:large, max-video-preview:-1\" \/>\n<link rel=\"canonical\" href=\"https:\/\/www.hoecker.eu\/blog\/afd-gegen-add-allianz-deutscher-demokraten-darf-nicht-mehr-add-heissen-alternative-fuer-deutschland-erwirkt-einstweilige-verfuegung-beim-landgericht-koel\/\" \/>\n<meta property=\"og:locale\" content=\"de_DE\" \/>\n<meta property=\"og:type\" content=\"article\" \/>\n<meta property=\"og:title\" content=\"AfD gegen ADD: \u201eAllianz Deutscher Demokraten\u201c darf nicht mehr \u201eADD\u201c hei\u00dfen \u2013 Alternative f\u00fcr Deutschland erwirkt einstweilige Verf\u00fcgung beim Landgericht K\u00f6ln.\" \/>\n<meta property=\"og:description\" content=\"Die Partei Allianz Deutscher Demokraten tritt unter der Abk\u00fcrzung ADD auf, die&nbsp;hochgradig \u00e4hnlich zur deutschlandweit bekannten Abk\u00fcrzung AfD ist. Nach \u00a7 4 Abs. 1 Parteiengesetz muss sich der Name einer Partei, einschlie\u00dflich verwendeter Kurzbezeichnung von dem Namen einer bereits bestehenden Partei deutlich unterscheiden. Mit dieser Vorschrift sollen W\u00e4hler davor bewahrt werden, ihre Stimme aufgrund einer [&hellip;]\" \/>\n<meta property=\"og:url\" content=\"https:\/\/www.hoecker.eu\/blog\/afd-gegen-add-allianz-deutscher-demokraten-darf-nicht-mehr-add-heissen-alternative-fuer-deutschland-erwirkt-einstweilige-verfuegung-beim-landgericht-koel\/\" \/>\n<meta property=\"og:site_name\" content=\"H\u00d6CKER - der Blog\" \/>\n<meta property=\"article:publisher\" content=\"https:\/\/www.facebook.com\/HoeckerRAe\/\" \/>\n<meta property=\"article:author\" content=\"https:\/\/www.facebook.com\/ralf.hoecker\" \/>\n<meta property=\"article:published_time\" content=\"2017-02-10T17:00:00+00:00\" \/>\n<meta property=\"article:modified_time\" content=\"2025-02-17T13:57:04+00:00\" \/>\n<meta name=\"author\" content=\"Prof. Dr. Ralf H\u00f6cker\" \/>\n<meta name=\"twitter:card\" content=\"summary_large_image\" \/>\n<meta name=\"twitter:creator\" content=\"@Ralf_Hoecker\" \/>\n<meta name=\"twitter:site\" content=\"@hoecker_rae\" \/>\n<meta name=\"twitter:label1\" content=\"Verfasst von\" \/>\n\t<meta name=\"twitter:data1\" content=\"Prof. Dr. Ralf H\u00f6cker\" \/>\n\t<meta name=\"twitter:label2\" content=\"Gesch\u00e4tzte Lesezeit\" \/>\n\t<meta name=\"twitter:data2\" content=\"1\u00a0Minute\" \/>\n<script type=\"application\/ld+json\" class=\"yoast-schema-graph\">{\"@context\":\"https:\/\/schema.org\",\"@graph\":[{\"@type\":\"Article\",\"@id\":\"https:\/\/www.hoecker.eu\/blog\/afd-gegen-add-allianz-deutscher-demokraten-darf-nicht-mehr-add-heissen-alternative-fuer-deutschland-erwirkt-einstweilige-verfuegung-beim-landgericht-koel\/#article\",\"isPartOf\":{\"@id\":\"https:\/\/www.hoecker.eu\/blog\/afd-gegen-add-allianz-deutscher-demokraten-darf-nicht-mehr-add-heissen-alternative-fuer-deutschland-erwirkt-einstweilige-verfuegung-beim-landgericht-koel\/\"},\"author\":{\"name\":\"Prof. Dr. Ralf H\u00f6cker\",\"@id\":\"https:\/\/www.hoecker.eu\/blog\/#\/schema\/person\/08f95581eed0534eccd0b2438f7a1cab\"},\"headline\":\"AfD gegen ADD: \u201eAllianz Deutscher Demokraten\u201c darf nicht mehr \u201eADD\u201c hei\u00dfen \u2013 Alternative f\u00fcr Deutschland erwirkt einstweilige Verf\u00fcgung beim Landgericht K\u00f6ln.\",\"datePublished\":\"2017-02-10T17:00:00+00:00\",\"dateModified\":\"2025-02-17T13:57:04+00:00\",\"mainEntityOfPage\":{\"@id\":\"https:\/\/www.hoecker.eu\/blog\/afd-gegen-add-allianz-deutscher-demokraten-darf-nicht-mehr-add-heissen-alternative-fuer-deutschland-erwirkt-einstweilige-verfuegung-beim-landgericht-koel\/\"},\"wordCount\":238,\"publisher\":{\"@id\":\"https:\/\/www.hoecker.eu\/blog\/#organization\"},\"articleSection\":[\"News\"],\"inLanguage\":\"de\"},{\"@type\":\"WebPage\",\"@id\":\"https:\/\/www.hoecker.eu\/blog\/afd-gegen-add-allianz-deutscher-demokraten-darf-nicht-mehr-add-heissen-alternative-fuer-deutschland-erwirkt-einstweilige-verfuegung-beim-landgericht-koel\/\",\"url\":\"https:\/\/www.hoecker.eu\/blog\/afd-gegen-add-allianz-deutscher-demokraten-darf-nicht-mehr-add-heissen-alternative-fuer-deutschland-erwirkt-einstweilige-verfuegung-beim-landgericht-koel\/\",\"name\":\"AfD gegen ADD: \u201eAllianz Deutscher Demokraten\u201c darf nicht mehr \u201eADD\u201c hei\u00dfen \u2013 Alternative f\u00fcr Deutschland erwirkt einstweilige Verf\u00fcgung beim Landgericht K\u00f6ln. - H\u00d6CKER - der Blog\",\"isPartOf\":{\"@id\":\"https:\/\/www.hoecker.eu\/blog\/#website\"},\"datePublished\":\"2017-02-10T17:00:00+00:00\",\"dateModified\":\"2025-02-17T13:57:04+00:00\",\"breadcrumb\":{\"@id\":\"https:\/\/www.hoecker.eu\/blog\/afd-gegen-add-allianz-deutscher-demokraten-darf-nicht-mehr-add-heissen-alternative-fuer-deutschland-erwirkt-einstweilige-verfuegung-beim-landgericht-koel\/#breadcrumb\"},\"inLanguage\":\"de\",\"potentialAction\":[{\"@type\":\"ReadAction\",\"target\":[\"https:\/\/www.hoecker.eu\/blog\/afd-gegen-add-allianz-deutscher-demokraten-darf-nicht-mehr-add-heissen-alternative-fuer-deutschland-erwirkt-einstweilige-verfuegung-beim-landgericht-koel\/\"]}]},{\"@type\":\"BreadcrumbList\",\"@id\":\"https:\/\/www.hoecker.eu\/blog\/afd-gegen-add-allianz-deutscher-demokraten-darf-nicht-mehr-add-heissen-alternative-fuer-deutschland-erwirkt-einstweilige-verfuegung-beim-landgericht-koel\/#breadcrumb\",\"itemListElement\":[{\"@type\":\"ListItem\",\"position\":1,\"name\":\"Startseite\",\"item\":\"https:\/\/dev.hoecker.eu\/blog\/\"},{\"@type\":\"ListItem\",\"position\":2,\"name\":\"AfD gegen ADD: \u201eAllianz Deutscher Demokraten\u201c darf nicht mehr \u201eADD\u201c hei\u00dfen \u2013 Alternative f\u00fcr Deutschland erwirkt einstweilige Verf\u00fcgung beim Landgericht K\u00f6ln.\"}]},{\"@type\":\"WebSite\",\"@id\":\"https:\/\/www.hoecker.eu\/blog\/#website\",\"url\":\"https:\/\/www.hoecker.eu\/blog\/\",\"name\":\"H\u00d6CKER - der Blog\",\"description\":\"Expertenblog f\u00fcr \u00c4u\u00dferungs-, Medien-, Marken-, Urheber- und Wettbewerbsrecht.\",\"publisher\":{\"@id\":\"https:\/\/www.hoecker.eu\/blog\/#organization\"},\"potentialAction\":[{\"@type\":\"SearchAction\",\"target\":{\"@type\":\"EntryPoint\",\"urlTemplate\":\"https:\/\/www.hoecker.eu\/blog\/?s={search_term_string}\"},\"query-input\":{\"@type\":\"PropertyValueSpecification\",\"valueRequired\":true,\"valueName\":\"search_term_string\"}}],\"inLanguage\":\"de\"},{\"@type\":\"Organization\",\"@id\":\"https:\/\/www.hoecker.eu\/blog\/#organization\",\"name\":\"H\u00d6CKER Rechtsanw\u00e4lte PartGmbB\",\"alternateName\":\"H\u00d6CKER\",\"url\":\"https:\/\/www.hoecker.eu\/blog\/\",\"logo\":{\"@type\":\"ImageObject\",\"inLanguage\":\"de\",\"@id\":\"https:\/\/www.hoecker.eu\/blog\/#\/schema\/logo\/image\/\",\"url\":\"https:\/\/www.hoecker.eu\/blog\/wp-content\/uploads\/2025\/03\/Blog-Logo.webp\",\"contentUrl\":\"https:\/\/www.hoecker.eu\/blog\/wp-content\/uploads\/2025\/03\/Blog-Logo.webp\",\"width\":500,\"height\":500,\"caption\":\"H\u00d6CKER Rechtsanw\u00e4lte PartGmbB\"},\"image\":{\"@id\":\"https:\/\/www.hoecker.eu\/blog\/#\/schema\/logo\/image\/\"},\"sameAs\":[\"https:\/\/www.facebook.com\/HoeckerRAe\/\",\"https:\/\/x.com\/hoecker_rae\",\"https:\/\/www.linkedin.com\/company\/hcker-rechtsanwlte\/\",\"https:\/\/www.instagram.com\/hoecker_rae\/\"],\"email\":\"contact@hoecker.eu\",\"telephone\":\"+ 49 (0)221-933 19-10\",\"legalName\":\"H\u00d6CKER Rechtsanw\u00e4lte PartGmbB\",\"numberOfEmployees\":{\"@type\":\"QuantitativeValue\",\"minValue\":\"11\",\"maxValue\":\"50\"}},{\"@type\":\"Person\",\"@id\":\"https:\/\/www.hoecker.eu\/blog\/#\/schema\/person\/08f95581eed0534eccd0b2438f7a1cab\",\"name\":\"Prof. Dr. Ralf H\u00f6cker\",\"description\":\"Medienanwalt. Besch\u00fctzer vor mieser Presse\",\"sameAs\":[\"https:\/\/www.hoecker.eu\/wer\/prof-dr-ralf-hoecker\",\"https:\/\/www.facebook.com\/ralf.hoecker\",\"https:\/\/www.linkedin.com\/in\/prof-dr-ralf-hcker-ll-m-london-17987826\/\",\"https:\/\/x.com\/Ralf_Hoecker\"],\"url\":\"https:\/\/www.hoecker.eu\/blog\/author\/hoecker_adm\/\"}]}<\/script>\n<!-- \/ Yoast SEO Premium plugin. -->","yoast_head_json":{"title":"AfD gegen ADD: \u201eAllianz Deutscher Demokraten\u201c darf nicht mehr \u201eADD\u201c hei\u00dfen \u2013 Alternative f\u00fcr Deutschland erwirkt einstweilige Verf\u00fcgung beim Landgericht K\u00f6ln. - H\u00d6CKER - der Blog","robots":{"index":"index","follow":"follow","max-snippet":"max-snippet:-1","max-image-preview":"max-image-preview:large","max-video-preview":"max-video-preview:-1"},"canonical":"https:\/\/www.hoecker.eu\/blog\/afd-gegen-add-allianz-deutscher-demokraten-darf-nicht-mehr-add-heissen-alternative-fuer-deutschland-erwirkt-einstweilige-verfuegung-beim-landgericht-koel\/","og_locale":"de_DE","og_type":"article","og_title":"AfD gegen ADD: \u201eAllianz Deutscher Demokraten\u201c darf nicht mehr \u201eADD\u201c hei\u00dfen \u2013 Alternative f\u00fcr Deutschland erwirkt einstweilige Verf\u00fcgung beim Landgericht K\u00f6ln.","og_description":"Die Partei Allianz Deutscher Demokraten tritt unter der Abk\u00fcrzung ADD auf, die&nbsp;hochgradig \u00e4hnlich zur deutschlandweit bekannten Abk\u00fcrzung AfD ist. Nach \u00a7 4 Abs. 1 Parteiengesetz muss sich der Name einer Partei, einschlie\u00dflich verwendeter Kurzbezeichnung von dem Namen einer bereits bestehenden Partei deutlich unterscheiden. Mit dieser Vorschrift sollen W\u00e4hler davor bewahrt werden, ihre Stimme aufgrund einer [&hellip;]","og_url":"https:\/\/www.hoecker.eu\/blog\/afd-gegen-add-allianz-deutscher-demokraten-darf-nicht-mehr-add-heissen-alternative-fuer-deutschland-erwirkt-einstweilige-verfuegung-beim-landgericht-koel\/","og_site_name":"H\u00d6CKER - der Blog","article_publisher":"https:\/\/www.facebook.com\/HoeckerRAe\/","article_author":"https:\/\/www.facebook.com\/ralf.hoecker","article_published_time":"2017-02-10T17:00:00+00:00","article_modified_time":"2025-02-17T13:57:04+00:00","author":"Prof. Dr. Ralf H\u00f6cker","twitter_card":"summary_large_image","twitter_creator":"@Ralf_Hoecker","twitter_site":"@hoecker_rae","twitter_misc":{"Verfasst von":"Prof. Dr. Ralf H\u00f6cker","Gesch\u00e4tzte Lesezeit":"1\u00a0Minute"},"schema":{"@context":"https:\/\/schema.org","@graph":[{"@type":"Article","@id":"https:\/\/www.hoecker.eu\/blog\/afd-gegen-add-allianz-deutscher-demokraten-darf-nicht-mehr-add-heissen-alternative-fuer-deutschland-erwirkt-einstweilige-verfuegung-beim-landgericht-koel\/#article","isPartOf":{"@id":"https:\/\/www.hoecker.eu\/blog\/afd-gegen-add-allianz-deutscher-demokraten-darf-nicht-mehr-add-heissen-alternative-fuer-deutschland-erwirkt-einstweilige-verfuegung-beim-landgericht-koel\/"},"author":{"name":"Prof. Dr. Ralf H\u00f6cker","@id":"https:\/\/www.hoecker.eu\/blog\/#\/schema\/person\/08f95581eed0534eccd0b2438f7a1cab"},"headline":"AfD gegen ADD: \u201eAllianz Deutscher Demokraten\u201c darf nicht mehr \u201eADD\u201c hei\u00dfen \u2013 Alternative f\u00fcr Deutschland erwirkt einstweilige Verf\u00fcgung beim Landgericht K\u00f6ln.","datePublished":"2017-02-10T17:00:00+00:00","dateModified":"2025-02-17T13:57:04+00:00","mainEntityOfPage":{"@id":"https:\/\/www.hoecker.eu\/blog\/afd-gegen-add-allianz-deutscher-demokraten-darf-nicht-mehr-add-heissen-alternative-fuer-deutschland-erwirkt-einstweilige-verfuegung-beim-landgericht-koel\/"},"wordCount":238,"publisher":{"@id":"https:\/\/www.hoecker.eu\/blog\/#organization"},"articleSection":["News"],"inLanguage":"de"},{"@type":"WebPage","@id":"https:\/\/www.hoecker.eu\/blog\/afd-gegen-add-allianz-deutscher-demokraten-darf-nicht-mehr-add-heissen-alternative-fuer-deutschland-erwirkt-einstweilige-verfuegung-beim-landgericht-koel\/","url":"https:\/\/www.hoecker.eu\/blog\/afd-gegen-add-allianz-deutscher-demokraten-darf-nicht-mehr-add-heissen-alternative-fuer-deutschland-erwirkt-einstweilige-verfuegung-beim-landgericht-koel\/","name":"AfD gegen ADD: \u201eAllianz Deutscher Demokraten\u201c darf nicht mehr \u201eADD\u201c hei\u00dfen \u2013 Alternative f\u00fcr Deutschland erwirkt einstweilige Verf\u00fcgung beim Landgericht K\u00f6ln. - H\u00d6CKER - der Blog","isPartOf":{"@id":"https:\/\/www.hoecker.eu\/blog\/#website"},"datePublished":"2017-02-10T17:00:00+00:00","dateModified":"2025-02-17T13:57:04+00:00","breadcrumb":{"@id":"https:\/\/www.hoecker.eu\/blog\/afd-gegen-add-allianz-deutscher-demokraten-darf-nicht-mehr-add-heissen-alternative-fuer-deutschland-erwirkt-einstweilige-verfuegung-beim-landgericht-koel\/#breadcrumb"},"inLanguage":"de","potentialAction":[{"@type":"ReadAction","target":["https:\/\/www.hoecker.eu\/blog\/afd-gegen-add-allianz-deutscher-demokraten-darf-nicht-mehr-add-heissen-alternative-fuer-deutschland-erwirkt-einstweilige-verfuegung-beim-landgericht-koel\/"]}]},{"@type":"BreadcrumbList","@id":"https:\/\/www.hoecker.eu\/blog\/afd-gegen-add-allianz-deutscher-demokraten-darf-nicht-mehr-add-heissen-alternative-fuer-deutschland-erwirkt-einstweilige-verfuegung-beim-landgericht-koel\/#breadcrumb","itemListElement":[{"@type":"ListItem","position":1,"name":"Startseite","item":"https:\/\/dev.hoecker.eu\/blog\/"},{"@type":"ListItem","position":2,"name":"AfD gegen ADD: \u201eAllianz Deutscher Demokraten\u201c darf nicht mehr \u201eADD\u201c hei\u00dfen \u2013 Alternative f\u00fcr Deutschland erwirkt einstweilige Verf\u00fcgung beim Landgericht K\u00f6ln."}]},{"@type":"WebSite","@id":"https:\/\/www.hoecker.eu\/blog\/#website","url":"https:\/\/www.hoecker.eu\/blog\/","name":"H\u00d6CKER - der Blog","description":"Expertenblog f\u00fcr \u00c4u\u00dferungs-, Medien-, Marken-, Urheber- und Wettbewerbsrecht.","publisher":{"@id":"https:\/\/www.hoecker.eu\/blog\/#organization"},"potentialAction":[{"@type":"SearchAction","target":{"@type":"EntryPoint","urlTemplate":"https:\/\/www.hoecker.eu\/blog\/?s={search_term_string}"},"query-input":{"@type":"PropertyValueSpecification","valueRequired":true,"valueName":"search_term_string"}}],"inLanguage":"de"},{"@type":"Organization","@id":"https:\/\/www.hoecker.eu\/blog\/#organization","name":"H\u00d6CKER Rechtsanw\u00e4lte PartGmbB","alternateName":"H\u00d6CKER","url":"https:\/\/www.hoecker.eu\/blog\/","logo":{"@type":"ImageObject","inLanguage":"de","@id":"https:\/\/www.hoecker.eu\/blog\/#\/schema\/logo\/image\/","url":"https:\/\/www.hoecker.eu\/blog\/wp-content\/uploads\/2025\/03\/Blog-Logo.webp","contentUrl":"https:\/\/www.hoecker.eu\/blog\/wp-content\/uploads\/2025\/03\/Blog-Logo.webp","width":500,"height":500,"caption":"H\u00d6CKER Rechtsanw\u00e4lte PartGmbB"},"image":{"@id":"https:\/\/www.hoecker.eu\/blog\/#\/schema\/logo\/image\/"},"sameAs":["https:\/\/www.facebook.com\/HoeckerRAe\/","https:\/\/x.com\/hoecker_rae","https:\/\/www.linkedin.com\/company\/hcker-rechtsanwlte\/","https:\/\/www.instagram.com\/hoecker_rae\/"],"email":"contact@hoecker.eu","telephone":"+ 49 (0)221-933 19-10","legalName":"H\u00d6CKER Rechtsanw\u00e4lte PartGmbB","numberOfEmployees":{"@type":"QuantitativeValue","minValue":"11","maxValue":"50"}},{"@type":"Person","@id":"https:\/\/www.hoecker.eu\/blog\/#\/schema\/person\/08f95581eed0534eccd0b2438f7a1cab","name":"Prof. Dr. Ralf H\u00f6cker","description":"Medienanwalt. Besch\u00fctzer vor mieser Presse","sameAs":["https:\/\/www.hoecker.eu\/wer\/prof-dr-ralf-hoecker","https:\/\/www.facebook.com\/ralf.hoecker","https:\/\/www.linkedin.com\/in\/prof-dr-ralf-hcker-ll-m-london-17987826\/","https:\/\/x.com\/Ralf_Hoecker"],"url":"https:\/\/www.hoecker.eu\/blog\/author\/hoecker_adm\/"}]}},"authors":[{"term_id":84,"user_id":1,"is_guest":0,"slug":"hoecker_adm","display_name":"Prof. Dr. Ralf H\u00f6cker","avatar_url":{"url":"https:\/\/www.hoecker.eu\/blog\/wp-content\/uploads\/2023\/12\/ProfDrRalfHoecker.jpg","url2x":"https:\/\/www.hoecker.eu\/blog\/wp-content\/uploads\/2023\/12\/ProfDrRalfHoecker.jpg"},"0":null,"1":"","2":"","3":"","4":"","5":"","6":"","7":"","8":"","9":"","10":"","11":""}],"_links":{"self":[{"href":"https:\/\/www.hoecker.eu\/blog\/wp-json\/wp\/v2\/posts\/8384","targetHints":{"allow":["GET"]}}],"collection":[{"href":"https:\/\/www.hoecker.eu\/blog\/wp-json\/wp\/v2\/posts"}],"about":[{"href":"https:\/\/www.hoecker.eu\/blog\/wp-json\/wp\/v2\/types\/post"}],"author":[{"embeddable":true,"href":"https:\/\/www.hoecker.eu\/blog\/wp-json\/wp\/v2\/users\/1"}],"replies":[{"embeddable":true,"href":"https:\/\/www.hoecker.eu\/blog\/wp-json\/wp\/v2\/comments?post=8384"}],"version-history":[{"count":1,"href":"https:\/\/www.hoecker.eu\/blog\/wp-json\/wp\/v2\/posts\/8384\/revisions"}],"predecessor-version":[{"id":9506,"href":"https:\/\/www.hoecker.eu\/blog\/wp-json\/wp\/v2\/posts\/8384\/revisions\/9506"}],"wp:attachment":[{"href":"https:\/\/www.hoecker.eu\/blog\/wp-json\/wp\/v2\/media?parent=8384"}],"wp:term":[{"taxonomy":"category","embeddable":true,"href":"https:\/\/www.hoecker.eu\/blog\/wp-json\/wp\/v2\/categories?post=8384"},{"taxonomy":"post_tag","embeddable":true,"href":"https:\/\/www.hoecker.eu\/blog\/wp-json\/wp\/v2\/tags?post=8384"},{"taxonomy":"hashtags","embeddable":true,"href":"https:\/\/www.hoecker.eu\/blog\/wp-json\/wp\/v2\/hashtags?post=8384"},{"taxonomy":"author","embeddable":true,"href":"https:\/\/www.hoecker.eu\/blog\/wp-json\/wp\/v2\/ppma_author?post=8384"}],"curies":[{"name":"wp","href":"https:\/\/api.w.org\/{rel}","templated":true}]}}