{"id":8383,"date":"2017-03-31T08:44:00","date_gmt":"2017-03-31T06:44:00","guid":{"rendered":"https:\/\/www.hoecker.eu\/blog\/elitepartner-marke-fuer-nichtig-erklaert\/"},"modified":"2025-02-17T14:57:04","modified_gmt":"2025-02-17T13:57:04","slug":"elitepartner-marke-fuer-nichtig-erklaert","status":"publish","type":"post","link":"https:\/\/www.hoecker.eu\/blog\/elitepartner-marke-fuer-nichtig-erklaert\/","title":{"rendered":"ElitePartner-Marke f\u00fcr nichtig erkl\u00e4rt."},"content":{"rendered":"<p \"=\"\">Das Europ\u00e4ische Markenamt (EUIPO) hat die EU-Marke (Nr. 5996351)<\/p>\n<p \"=\"\"><img decoding=\"async\" src=\"{asset:1020:url}\" style=\"width: 105px; height: 80px;\" height=\"80\" width=\"105\"><\/p>\n<p \"=\"\">der bekannten Online-Partnervermittlung ElitePartner f\u00fcr nichtig erkl\u00e4rt (Entscheidung v. 15.3.2017, n. rkr.). Das Markenamt gab damit einem L\u00f6schungsantrag statt, den H\u00d6CKER f\u00fcr eine Mandantin eingereicht hatte.<\/p>\n<p>Die PE Digital GmbH bietet unter \u201eElitepartner\u201c eine der f\u00fchrenden deutschen Online-Partnerschaftsvermittlungen an. Dieses Angebot richtet sich ausweislich der Bewerbung mit dem Slogan \u201eAkademiker &#038; Singles mit Niveau\u201c an Partnersuchende mit gehobenen Anspr\u00fcchen also an Personen, die gewisserma\u00dfen einen Partner aus dem Kreis der \u201eElite\u201c suchen.<\/p>\n<p>Genau dieser Umstand ist f\u00fcr die Markenl\u00f6schung mitentscheidend:<\/p>\n<p>Marken k\u00f6nnen dann gel\u00f6scht werden, wenn ihnen jegliche Unterscheidungskraft fehlt und sie damit nicht geeignet sind, die Dienstleistungen von anderen zu unterscheiden. Nicht unterscheidungskr\u00e4ftig sind Marken insbesondere dann, wenn sie die Dienstleistung beschreiben. Die ElitePartner-Marke war f\u00fcr verschiedene Dienstleistungen, wie z.B. Werbung, Gesch\u00e4ftsf\u00fchrung und Unternehmensverwaltung aber auch f\u00fcr Partnerschaftsvermittlungen eingetragen. Das Markenamt entschied, dass der Ausdruck \u201eElitePartner\u201c nur als verkaufsf\u00f6rdernde, lobende Aussage wahrgenommen werde, deren Funktion darin best\u00fcnde, die Dienstleistungen zu beschreiben. Daran k\u00f6nne auch das rote Rechteck nichts \u00e4ndern. Die Marke besitze daher keine origin\u00e4re Unterscheidungskraft. Zwar kann die erforderliche Unterscheidungskraft auch durch eine umfangreiche Benutzung erworben werden. ElitePartner hatte daher Nachweise f\u00fcr eine Benutzung in Deutschland vorgelegt. Dies reichte jedoch nicht aus, da die Marke in \u00d6sterreich, den Niederlanden, Luxemburg und Belgien ebenfalls nicht unterscheidungskr\u00e4ftig ist und es f\u00fcr diese L\u00e4nder keine ausreichenden Nachweise gab.<\/p>\n<p>Sollten auch die weiteren ElitePartner-Marken f\u00fcr nicht erkl\u00e4rt werden, k\u00f6nnten sich in zahlreichen L\u00e4ndern der EU andere Online-Partnervermittlungen ebenfalls \u201eElitePartner\u201c nennen, ohne dass dies gegen das Markenrecht versto\u00dfen w\u00fcrde.<\/p>\n","protected":false},"excerpt":{"rendered":"","protected":false},"author":1,"featured_media":0,"comment_status":"closed","ping_status":"closed","sticky":false,"template":"","format":"standard","meta":{"_has_post_settings":[],"footnotes":""},"categories":[15],"tags":[],"hashtags":[],"ppma_author":[84],"class_list":["post-8383","post","type-post","status-publish","format-standard","hentry","category-news","author-hoecker_adm"],"yoast_head":"<!-- This site is optimized with the Yoast SEO Premium plugin v25.9 (Yoast SEO v27.0) - https:\/\/yoast.com\/product\/yoast-seo-premium-wordpress\/ -->\n<title>ElitePartner-Marke f\u00fcr nichtig erkl\u00e4rt. - H\u00d6CKER - der Blog<\/title>\n<meta name=\"robots\" content=\"index, follow, max-snippet:-1, max-image-preview:large, max-video-preview:-1\" \/>\n<link rel=\"canonical\" href=\"https:\/\/www.hoecker.eu\/blog\/elitepartner-marke-fuer-nichtig-erklaert\/\" \/>\n<meta property=\"og:locale\" content=\"de_DE\" \/>\n<meta property=\"og:type\" content=\"article\" \/>\n<meta property=\"og:title\" content=\"ElitePartner-Marke f\u00fcr nichtig erkl\u00e4rt.\" \/>\n<meta property=\"og:url\" content=\"https:\/\/www.hoecker.eu\/blog\/elitepartner-marke-fuer-nichtig-erklaert\/\" \/>\n<meta property=\"og:site_name\" content=\"H\u00d6CKER - der Blog\" \/>\n<meta property=\"article:publisher\" content=\"https:\/\/www.facebook.com\/HoeckerRAe\/\" \/>\n<meta property=\"article:author\" content=\"https:\/\/www.facebook.com\/ralf.hoecker\" \/>\n<meta property=\"article:published_time\" content=\"2017-03-31T06:44:00+00:00\" \/>\n<meta property=\"article:modified_time\" content=\"2025-02-17T13:57:04+00:00\" \/>\n<meta name=\"author\" content=\"Prof. Dr. Ralf H\u00f6cker\" \/>\n<meta name=\"twitter:card\" content=\"summary_large_image\" \/>\n<meta name=\"twitter:creator\" content=\"@Ralf_Hoecker\" \/>\n<meta name=\"twitter:site\" content=\"@hoecker_rae\" \/>\n<meta name=\"twitter:label1\" content=\"Verfasst von\" \/>\n\t<meta name=\"twitter:data1\" content=\"Prof. Dr. Ralf H\u00f6cker\" \/>\n<script type=\"application\/ld+json\" class=\"yoast-schema-graph\">{\"@context\":\"https:\/\/schema.org\",\"@graph\":[{\"@type\":\"Article\",\"@id\":\"https:\/\/www.hoecker.eu\/blog\/elitepartner-marke-fuer-nichtig-erklaert\/#article\",\"isPartOf\":{\"@id\":\"https:\/\/www.hoecker.eu\/blog\/elitepartner-marke-fuer-nichtig-erklaert\/\"},\"author\":{\"name\":\"Prof. Dr. Ralf H\u00f6cker\",\"@id\":\"https:\/\/www.hoecker.eu\/blog\/#\/schema\/person\/08f95581eed0534eccd0b2438f7a1cab\"},\"headline\":\"ElitePartner-Marke f\u00fcr nichtig erkl\u00e4rt.\",\"datePublished\":\"2017-03-31T06:44:00+00:00\",\"dateModified\":\"2025-02-17T13:57:04+00:00\",\"mainEntityOfPage\":{\"@id\":\"https:\/\/www.hoecker.eu\/blog\/elitepartner-marke-fuer-nichtig-erklaert\/\"},\"wordCount\":6,\"publisher\":{\"@id\":\"https:\/\/www.hoecker.eu\/blog\/#organization\"},\"articleSection\":[\"News\"],\"inLanguage\":\"de\"},{\"@type\":\"WebPage\",\"@id\":\"https:\/\/www.hoecker.eu\/blog\/elitepartner-marke-fuer-nichtig-erklaert\/\",\"url\":\"https:\/\/www.hoecker.eu\/blog\/elitepartner-marke-fuer-nichtig-erklaert\/\",\"name\":\"ElitePartner-Marke f\u00fcr nichtig erkl\u00e4rt. - H\u00d6CKER - der Blog\",\"isPartOf\":{\"@id\":\"https:\/\/www.hoecker.eu\/blog\/#website\"},\"datePublished\":\"2017-03-31T06:44:00+00:00\",\"dateModified\":\"2025-02-17T13:57:04+00:00\",\"breadcrumb\":{\"@id\":\"https:\/\/www.hoecker.eu\/blog\/elitepartner-marke-fuer-nichtig-erklaert\/#breadcrumb\"},\"inLanguage\":\"de\",\"potentialAction\":[{\"@type\":\"ReadAction\",\"target\":[\"https:\/\/www.hoecker.eu\/blog\/elitepartner-marke-fuer-nichtig-erklaert\/\"]}]},{\"@type\":\"BreadcrumbList\",\"@id\":\"https:\/\/www.hoecker.eu\/blog\/elitepartner-marke-fuer-nichtig-erklaert\/#breadcrumb\",\"itemListElement\":[{\"@type\":\"ListItem\",\"position\":1,\"name\":\"Startseite\",\"item\":\"https:\/\/dev.hoecker.eu\/blog\/\"},{\"@type\":\"ListItem\",\"position\":2,\"name\":\"ElitePartner-Marke f\u00fcr nichtig erkl\u00e4rt.\"}]},{\"@type\":\"WebSite\",\"@id\":\"https:\/\/www.hoecker.eu\/blog\/#website\",\"url\":\"https:\/\/www.hoecker.eu\/blog\/\",\"name\":\"H\u00d6CKER - der Blog\",\"description\":\"Expertenblog f\u00fcr \u00c4u\u00dferungs-, Medien-, Marken-, Urheber- und Wettbewerbsrecht.\",\"publisher\":{\"@id\":\"https:\/\/www.hoecker.eu\/blog\/#organization\"},\"potentialAction\":[{\"@type\":\"SearchAction\",\"target\":{\"@type\":\"EntryPoint\",\"urlTemplate\":\"https:\/\/www.hoecker.eu\/blog\/?s={search_term_string}\"},\"query-input\":{\"@type\":\"PropertyValueSpecification\",\"valueRequired\":true,\"valueName\":\"search_term_string\"}}],\"inLanguage\":\"de\"},{\"@type\":\"Organization\",\"@id\":\"https:\/\/www.hoecker.eu\/blog\/#organization\",\"name\":\"H\u00d6CKER Rechtsanw\u00e4lte PartGmbB\",\"alternateName\":\"H\u00d6CKER\",\"url\":\"https:\/\/www.hoecker.eu\/blog\/\",\"logo\":{\"@type\":\"ImageObject\",\"inLanguage\":\"de\",\"@id\":\"https:\/\/www.hoecker.eu\/blog\/#\/schema\/logo\/image\/\",\"url\":\"https:\/\/www.hoecker.eu\/blog\/wp-content\/uploads\/2025\/03\/Blog-Logo.webp\",\"contentUrl\":\"https:\/\/www.hoecker.eu\/blog\/wp-content\/uploads\/2025\/03\/Blog-Logo.webp\",\"width\":500,\"height\":500,\"caption\":\"H\u00d6CKER Rechtsanw\u00e4lte PartGmbB\"},\"image\":{\"@id\":\"https:\/\/www.hoecker.eu\/blog\/#\/schema\/logo\/image\/\"},\"sameAs\":[\"https:\/\/www.facebook.com\/HoeckerRAe\/\",\"https:\/\/x.com\/hoecker_rae\",\"https:\/\/www.linkedin.com\/company\/hcker-rechtsanwlte\/\",\"https:\/\/www.instagram.com\/hoecker_rae\/\"],\"email\":\"contact@hoecker.eu\",\"telephone\":\"+ 49 (0)221-933 19-10\",\"legalName\":\"H\u00d6CKER Rechtsanw\u00e4lte PartGmbB\",\"numberOfEmployees\":{\"@type\":\"QuantitativeValue\",\"minValue\":\"11\",\"maxValue\":\"50\"}},{\"@type\":\"Person\",\"@id\":\"https:\/\/www.hoecker.eu\/blog\/#\/schema\/person\/08f95581eed0534eccd0b2438f7a1cab\",\"name\":\"Prof. Dr. Ralf H\u00f6cker\",\"description\":\"Medienanwalt. Besch\u00fctzer vor mieser Presse\",\"sameAs\":[\"https:\/\/www.hoecker.eu\/wer\/prof-dr-ralf-hoecker\",\"https:\/\/www.facebook.com\/ralf.hoecker\",\"https:\/\/www.linkedin.com\/in\/prof-dr-ralf-hcker-ll-m-london-17987826\/\",\"https:\/\/x.com\/Ralf_Hoecker\"],\"url\":\"https:\/\/www.hoecker.eu\/blog\/author\/hoecker_adm\/\"}]}<\/script>\n<!-- \/ Yoast SEO Premium plugin. -->","yoast_head_json":{"title":"ElitePartner-Marke f\u00fcr nichtig erkl\u00e4rt. - H\u00d6CKER - der Blog","robots":{"index":"index","follow":"follow","max-snippet":"max-snippet:-1","max-image-preview":"max-image-preview:large","max-video-preview":"max-video-preview:-1"},"canonical":"https:\/\/www.hoecker.eu\/blog\/elitepartner-marke-fuer-nichtig-erklaert\/","og_locale":"de_DE","og_type":"article","og_title":"ElitePartner-Marke f\u00fcr nichtig erkl\u00e4rt.","og_url":"https:\/\/www.hoecker.eu\/blog\/elitepartner-marke-fuer-nichtig-erklaert\/","og_site_name":"H\u00d6CKER - der Blog","article_publisher":"https:\/\/www.facebook.com\/HoeckerRAe\/","article_author":"https:\/\/www.facebook.com\/ralf.hoecker","article_published_time":"2017-03-31T06:44:00+00:00","article_modified_time":"2025-02-17T13:57:04+00:00","author":"Prof. Dr. Ralf H\u00f6cker","twitter_card":"summary_large_image","twitter_creator":"@Ralf_Hoecker","twitter_site":"@hoecker_rae","twitter_misc":{"Verfasst von":"Prof. Dr. Ralf H\u00f6cker"},"schema":{"@context":"https:\/\/schema.org","@graph":[{"@type":"Article","@id":"https:\/\/www.hoecker.eu\/blog\/elitepartner-marke-fuer-nichtig-erklaert\/#article","isPartOf":{"@id":"https:\/\/www.hoecker.eu\/blog\/elitepartner-marke-fuer-nichtig-erklaert\/"},"author":{"name":"Prof. Dr. Ralf H\u00f6cker","@id":"https:\/\/www.hoecker.eu\/blog\/#\/schema\/person\/08f95581eed0534eccd0b2438f7a1cab"},"headline":"ElitePartner-Marke f\u00fcr nichtig erkl\u00e4rt.","datePublished":"2017-03-31T06:44:00+00:00","dateModified":"2025-02-17T13:57:04+00:00","mainEntityOfPage":{"@id":"https:\/\/www.hoecker.eu\/blog\/elitepartner-marke-fuer-nichtig-erklaert\/"},"wordCount":6,"publisher":{"@id":"https:\/\/www.hoecker.eu\/blog\/#organization"},"articleSection":["News"],"inLanguage":"de"},{"@type":"WebPage","@id":"https:\/\/www.hoecker.eu\/blog\/elitepartner-marke-fuer-nichtig-erklaert\/","url":"https:\/\/www.hoecker.eu\/blog\/elitepartner-marke-fuer-nichtig-erklaert\/","name":"ElitePartner-Marke f\u00fcr nichtig erkl\u00e4rt. - H\u00d6CKER - der Blog","isPartOf":{"@id":"https:\/\/www.hoecker.eu\/blog\/#website"},"datePublished":"2017-03-31T06:44:00+00:00","dateModified":"2025-02-17T13:57:04+00:00","breadcrumb":{"@id":"https:\/\/www.hoecker.eu\/blog\/elitepartner-marke-fuer-nichtig-erklaert\/#breadcrumb"},"inLanguage":"de","potentialAction":[{"@type":"ReadAction","target":["https:\/\/www.hoecker.eu\/blog\/elitepartner-marke-fuer-nichtig-erklaert\/"]}]},{"@type":"BreadcrumbList","@id":"https:\/\/www.hoecker.eu\/blog\/elitepartner-marke-fuer-nichtig-erklaert\/#breadcrumb","itemListElement":[{"@type":"ListItem","position":1,"name":"Startseite","item":"https:\/\/dev.hoecker.eu\/blog\/"},{"@type":"ListItem","position":2,"name":"ElitePartner-Marke f\u00fcr nichtig erkl\u00e4rt."}]},{"@type":"WebSite","@id":"https:\/\/www.hoecker.eu\/blog\/#website","url":"https:\/\/www.hoecker.eu\/blog\/","name":"H\u00d6CKER - der Blog","description":"Expertenblog f\u00fcr \u00c4u\u00dferungs-, Medien-, Marken-, Urheber- und Wettbewerbsrecht.","publisher":{"@id":"https:\/\/www.hoecker.eu\/blog\/#organization"},"potentialAction":[{"@type":"SearchAction","target":{"@type":"EntryPoint","urlTemplate":"https:\/\/www.hoecker.eu\/blog\/?s={search_term_string}"},"query-input":{"@type":"PropertyValueSpecification","valueRequired":true,"valueName":"search_term_string"}}],"inLanguage":"de"},{"@type":"Organization","@id":"https:\/\/www.hoecker.eu\/blog\/#organization","name":"H\u00d6CKER Rechtsanw\u00e4lte PartGmbB","alternateName":"H\u00d6CKER","url":"https:\/\/www.hoecker.eu\/blog\/","logo":{"@type":"ImageObject","inLanguage":"de","@id":"https:\/\/www.hoecker.eu\/blog\/#\/schema\/logo\/image\/","url":"https:\/\/www.hoecker.eu\/blog\/wp-content\/uploads\/2025\/03\/Blog-Logo.webp","contentUrl":"https:\/\/www.hoecker.eu\/blog\/wp-content\/uploads\/2025\/03\/Blog-Logo.webp","width":500,"height":500,"caption":"H\u00d6CKER Rechtsanw\u00e4lte PartGmbB"},"image":{"@id":"https:\/\/www.hoecker.eu\/blog\/#\/schema\/logo\/image\/"},"sameAs":["https:\/\/www.facebook.com\/HoeckerRAe\/","https:\/\/x.com\/hoecker_rae","https:\/\/www.linkedin.com\/company\/hcker-rechtsanwlte\/","https:\/\/www.instagram.com\/hoecker_rae\/"],"email":"contact@hoecker.eu","telephone":"+ 49 (0)221-933 19-10","legalName":"H\u00d6CKER Rechtsanw\u00e4lte PartGmbB","numberOfEmployees":{"@type":"QuantitativeValue","minValue":"11","maxValue":"50"}},{"@type":"Person","@id":"https:\/\/www.hoecker.eu\/blog\/#\/schema\/person\/08f95581eed0534eccd0b2438f7a1cab","name":"Prof. Dr. Ralf H\u00f6cker","description":"Medienanwalt. Besch\u00fctzer vor mieser Presse","sameAs":["https:\/\/www.hoecker.eu\/wer\/prof-dr-ralf-hoecker","https:\/\/www.facebook.com\/ralf.hoecker","https:\/\/www.linkedin.com\/in\/prof-dr-ralf-hcker-ll-m-london-17987826\/","https:\/\/x.com\/Ralf_Hoecker"],"url":"https:\/\/www.hoecker.eu\/blog\/author\/hoecker_adm\/"}]}},"authors":[{"term_id":84,"user_id":1,"is_guest":0,"slug":"hoecker_adm","display_name":"Prof. Dr. Ralf H\u00f6cker","avatar_url":{"url":"https:\/\/www.hoecker.eu\/blog\/wp-content\/uploads\/2023\/12\/ProfDrRalfHoecker.jpg","url2x":"https:\/\/www.hoecker.eu\/blog\/wp-content\/uploads\/2023\/12\/ProfDrRalfHoecker.jpg"},"0":null,"1":"","2":"","3":"","4":"","5":"","6":"","7":"","8":"","9":"","10":"","11":""}],"_links":{"self":[{"href":"https:\/\/www.hoecker.eu\/blog\/wp-json\/wp\/v2\/posts\/8383","targetHints":{"allow":["GET"]}}],"collection":[{"href":"https:\/\/www.hoecker.eu\/blog\/wp-json\/wp\/v2\/posts"}],"about":[{"href":"https:\/\/www.hoecker.eu\/blog\/wp-json\/wp\/v2\/types\/post"}],"author":[{"embeddable":true,"href":"https:\/\/www.hoecker.eu\/blog\/wp-json\/wp\/v2\/users\/1"}],"replies":[{"embeddable":true,"href":"https:\/\/www.hoecker.eu\/blog\/wp-json\/wp\/v2\/comments?post=8383"}],"version-history":[{"count":1,"href":"https:\/\/www.hoecker.eu\/blog\/wp-json\/wp\/v2\/posts\/8383\/revisions"}],"predecessor-version":[{"id":9505,"href":"https:\/\/www.hoecker.eu\/blog\/wp-json\/wp\/v2\/posts\/8383\/revisions\/9505"}],"wp:attachment":[{"href":"https:\/\/www.hoecker.eu\/blog\/wp-json\/wp\/v2\/media?parent=8383"}],"wp:term":[{"taxonomy":"category","embeddable":true,"href":"https:\/\/www.hoecker.eu\/blog\/wp-json\/wp\/v2\/categories?post=8383"},{"taxonomy":"post_tag","embeddable":true,"href":"https:\/\/www.hoecker.eu\/blog\/wp-json\/wp\/v2\/tags?post=8383"},{"taxonomy":"hashtags","embeddable":true,"href":"https:\/\/www.hoecker.eu\/blog\/wp-json\/wp\/v2\/hashtags?post=8383"},{"taxonomy":"author","embeddable":true,"href":"https:\/\/www.hoecker.eu\/blog\/wp-json\/wp\/v2\/ppma_author?post=8383"}],"curies":[{"name":"wp","href":"https:\/\/api.w.org\/{rel}","templated":true}]}}