{"id":8380,"date":"2017-04-27T13:14:17","date_gmt":"2017-04-27T11:14:17","guid":{"rendered":"https:\/\/www.hoecker.eu\/blog\/die-petra-kelly-stiftung-und-der-feierwerk-e-v-muessen-die-falschbehauptung-widerrufen-ein-politiker-der-jungen-alternative-habe-gewaltsam-eine-kundgebung-gestoert\/"},"modified":"2025-02-17T14:57:02","modified_gmt":"2025-02-17T13:57:02","slug":"die-petra-kelly-stiftung-und-der-feierwerk-e-v-muessen-die-falschbehauptung-widerrufen-ein-politiker-der-jungen-alternative-habe-gewaltsam-eine-kundgebung-gestoert","status":"publish","type":"post","link":"https:\/\/www.hoecker.eu\/blog\/die-petra-kelly-stiftung-und-der-feierwerk-e-v-muessen-die-falschbehauptung-widerrufen-ein-politiker-der-jungen-alternative-habe-gewaltsam-eine-kundgebung-gestoert\/","title":{"rendered":"Die Petra Kelly-Stiftung und der Feierwerk e.V. m\u00fcssen die Falschbehauptung widerrufen, ein Politiker der Jungen Alternative habe gewaltsam eine Kundgebung gest\u00f6rt."},"content":{"rendered":"<p \"=\"\">Die Petra-Kelly-Stiftung hatte auf ihrer Webseite die Studie \u201eDie Alternative f\u00fcr Deutschland (AfD) in Bayern\u201c verbreitet. Daneben hatte der Feierwerk e.V. auf seiner Webseite eine Publikation mit dem Titel \u201eDie Junge Alternative und Campus Alternative in Bayern und M\u00fcnchen\u201c zum \u00f6ffentlichen Abruf vorgehalten. Beide Studien waren durch Herrn Dr. Robert Philippsberg erstellt worden, der Mitarbeiter der Fachinformationsstelle Rechtsextremismus in M\u00fcnchen ist.\n<\/p>\n<p \"=\"\">Philippsberg hatte in den Studien zu mehreren Mitgliedern der Jungen Alternative in Bayern<br \/>\n(Jugendorganisation der AfD) angebliche Belege f\u00fcr eine Vernetzung mit rechtsextremen Kr\u00e4ften recherchiert. Quelle waren dabei jedenfalls zum Teil offensichtlich anonym betriebene Antifa-Webseiten.Ohne diese unseri\u00f6sen Quellen zu verifizieren, verbreitete der Autor abtr\u00e4gliche Falschbehauptungen unter Namensnennung mehrerer jungen Politiker und gew\u00e4hrte diesen auch  vorher keine Gelegenheit zur Stellungnahme.\n<\/p>\n<p \"=\"\">Ein f\u00fchrendes Mitglied der Jungen Alternative hat sich erfolgreich gegen die Verbreitung<br \/>\nvon Falschbehauptungen in den vermeintlichen \u201eStudien\u201c zur Wehr gesetzt. Konkret ging es um die Behauptung, das Mitglied habe gemeinsam mit rechten Aktivisten gewaltsam eine Kundgebung gest\u00f6rt.Tats\u00e4chlich hatte der Politiker weder zusammen mit den rechten Aktivisten an der Kundgebung teilgenommen, noch hatte er diese (gewaltsam) gest\u00f6rt.\n<\/p>\n<p \"=\"\">Der Autor der beiden Studien Philippsberg hat eine strafbewehrte Unterlassungserkl\u00e4rung abgegeben. Auch die Petra-Kelly-Stiftung und der Feierwerk e.V. gaben eine strafbewehrte Unterlassungserkl\u00e4rung ab und ver\u00f6ffentlichten Widerrufe:\n<\/p>\n<p \"=\"\"><a href=\"https:\/\/www.petrakellystiftung.de\/nc\/programm\/veranstaltungsdetails\/article\/die-afd-in-bayern.html\">https:\/\/www.petrakellystiftung.de\/nc\/programm\/veranstaltungsdetails\/article\/die-afd-in-bayern.html<\/a>\n<\/p>\n<p \"=\"\"><a href=\"http:\/\/www.feierwerk.de\/einrichtungen-projekte\/089-gegen-rechts\/aktuelles\/d\/article\/widerruf-der-kurzanalyse-jaca\/\">http:\/\/www.feierwerk.de\/einrichtungen-projekte\/089-gegen-rechts\/aktuelles\/d\/article\/widerruf-der-kurzanalyse-jaca\/<\/a>\n<\/p>\n<p \"=\"\">Dr. Carsten Brennecke:\n<\/p>\n<p \"=\"\"><em>\u201eWer aus dritten &#8211; insbesondere &#8211; anonymen Quellen, wie Antifa-Seiten, abtr\u00e4gliche Tatsachenbehauptungen entnimmt und diese in einer \u201eStudie\u201c ungepr\u00fcft als Tatsachenbehauptungen weiterverbreitet, haftet f\u00fcr derartige Falschbehauptungen uneingeschr\u00e4nkt auf Unterlassung und Widerruf. Insbesondere von einem selbsternannten \u201eRechtsextremismus-Experten\u201c und studierten Politikwissenschaftler w\u00e4re zu erwarten gewesen, dass er den betroffenen Personen vor der Verbreitung der abtr\u00e4glichen Behauptungen zumindest die Gelegenheit zur Stellungnahme einr\u00e4umt. Da dies unterblieben ist, haftet Philippsberg auf Unterlassung und Kostenerstattung.&#8221;<\/em><\/p>\n","protected":false},"excerpt":{"rendered":"<p>Philippsberg hatte in den Studien zu mehreren Mitgliedern der Jungen Alternative in Bayern (Jugendorganisation der AfD) angebliche Belege f\u00fcr eine Vernetzung mit rechtsextremen Kr\u00e4ften recherchiert. Quelle waren dabei jedenfalls zum Teil offensichtlich anonym betriebene Antifa-Webseiten.Ohne diese unseri\u00f6sen Quellen zu verifizieren, verbreitete der Autor abtr\u00e4gliche Falschbehauptungen unter Namensnennung mehrerer jungen Politiker und gew\u00e4hrte diesen auch vorher [&hellip;]<\/p>\n","protected":false},"author":1,"featured_media":0,"comment_status":"closed","ping_status":"closed","sticky":false,"template":"","format":"standard","meta":{"_has_post_settings":[],"footnotes":""},"categories":[15],"tags":[],"hashtags":[],"ppma_author":[84],"class_list":["post-8380","post","type-post","status-publish","format-standard","hentry","category-news","author-hoecker_adm"],"yoast_head":"<!-- This site is optimized with the Yoast SEO Premium plugin v25.9 (Yoast SEO v27.0) - https:\/\/yoast.com\/product\/yoast-seo-premium-wordpress\/ -->\n<title>Die Petra Kelly-Stiftung und der Feierwerk e.V. m\u00fcssen die Falschbehauptung widerrufen, ein Politiker der Jungen Alternative habe gewaltsam eine Kundgebung gest\u00f6rt. - H\u00d6CKER - der Blog<\/title>\n<meta name=\"robots\" content=\"index, follow, max-snippet:-1, max-image-preview:large, max-video-preview:-1\" \/>\n<link rel=\"canonical\" href=\"https:\/\/www.hoecker.eu\/blog\/die-petra-kelly-stiftung-und-der-feierwerk-e-v-muessen-die-falschbehauptung-widerrufen-ein-politiker-der-jungen-alternative-habe-gewaltsam-eine-kundgebung-gestoert\/\" \/>\n<meta property=\"og:locale\" content=\"de_DE\" \/>\n<meta property=\"og:type\" content=\"article\" \/>\n<meta property=\"og:title\" content=\"Die Petra Kelly-Stiftung und der Feierwerk e.V. m\u00fcssen die Falschbehauptung widerrufen, ein Politiker der Jungen Alternative habe gewaltsam eine Kundgebung gest\u00f6rt.\" \/>\n<meta property=\"og:description\" content=\"Philippsberg hatte in den Studien zu mehreren Mitgliedern der Jungen Alternative in Bayern (Jugendorganisation der AfD) angebliche Belege f\u00fcr eine Vernetzung mit rechtsextremen Kr\u00e4ften recherchiert. Quelle waren dabei jedenfalls zum Teil offensichtlich anonym betriebene Antifa-Webseiten.Ohne diese unseri\u00f6sen Quellen zu verifizieren, verbreitete der Autor abtr\u00e4gliche Falschbehauptungen unter Namensnennung mehrerer jungen Politiker und gew\u00e4hrte diesen auch vorher [&hellip;]\" \/>\n<meta property=\"og:url\" content=\"https:\/\/www.hoecker.eu\/blog\/die-petra-kelly-stiftung-und-der-feierwerk-e-v-muessen-die-falschbehauptung-widerrufen-ein-politiker-der-jungen-alternative-habe-gewaltsam-eine-kundgebung-gestoert\/\" \/>\n<meta property=\"og:site_name\" content=\"H\u00d6CKER - der Blog\" \/>\n<meta property=\"article:publisher\" content=\"https:\/\/www.facebook.com\/HoeckerRAe\/\" \/>\n<meta property=\"article:author\" content=\"https:\/\/www.facebook.com\/ralf.hoecker\" \/>\n<meta property=\"article:published_time\" content=\"2017-04-27T11:14:17+00:00\" \/>\n<meta property=\"article:modified_time\" content=\"2025-02-17T13:57:02+00:00\" \/>\n<meta name=\"author\" content=\"Prof. Dr. Ralf H\u00f6cker\" \/>\n<meta name=\"twitter:card\" content=\"summary_large_image\" \/>\n<meta name=\"twitter:creator\" content=\"@Ralf_Hoecker\" \/>\n<meta name=\"twitter:site\" content=\"@hoecker_rae\" \/>\n<meta name=\"twitter:label1\" content=\"Verfasst von\" \/>\n\t<meta name=\"twitter:data1\" content=\"Prof. Dr. Ralf H\u00f6cker\" \/>\n\t<meta name=\"twitter:label2\" content=\"Gesch\u00e4tzte Lesezeit\" \/>\n\t<meta name=\"twitter:data2\" content=\"1\u00a0Minute\" \/>\n<script type=\"application\/ld+json\" class=\"yoast-schema-graph\">{\"@context\":\"https:\/\/schema.org\",\"@graph\":[{\"@type\":\"Article\",\"@id\":\"https:\/\/www.hoecker.eu\/blog\/die-petra-kelly-stiftung-und-der-feierwerk-e-v-muessen-die-falschbehauptung-widerrufen-ein-politiker-der-jungen-alternative-habe-gewaltsam-eine-kundgebung-gestoert\/#article\",\"isPartOf\":{\"@id\":\"https:\/\/www.hoecker.eu\/blog\/die-petra-kelly-stiftung-und-der-feierwerk-e-v-muessen-die-falschbehauptung-widerrufen-ein-politiker-der-jungen-alternative-habe-gewaltsam-eine-kundgebung-gestoert\/\"},\"author\":{\"name\":\"Prof. Dr. Ralf H\u00f6cker\",\"@id\":\"https:\/\/www.hoecker.eu\/blog\/#\/schema\/person\/08f95581eed0534eccd0b2438f7a1cab\"},\"headline\":\"Die Petra Kelly-Stiftung und der Feierwerk e.V. m\u00fcssen die Falschbehauptung widerrufen, ein Politiker der Jungen Alternative habe gewaltsam eine Kundgebung gest\u00f6rt.\",\"datePublished\":\"2017-04-27T11:14:17+00:00\",\"dateModified\":\"2025-02-17T13:57:02+00:00\",\"mainEntityOfPage\":{\"@id\":\"https:\/\/www.hoecker.eu\/blog\/die-petra-kelly-stiftung-und-der-feierwerk-e-v-muessen-die-falschbehauptung-widerrufen-ein-politiker-der-jungen-alternative-habe-gewaltsam-eine-kundgebung-gestoert\/\"},\"wordCount\":206,\"publisher\":{\"@id\":\"https:\/\/www.hoecker.eu\/blog\/#organization\"},\"articleSection\":[\"News\"],\"inLanguage\":\"de\"},{\"@type\":\"WebPage\",\"@id\":\"https:\/\/www.hoecker.eu\/blog\/die-petra-kelly-stiftung-und-der-feierwerk-e-v-muessen-die-falschbehauptung-widerrufen-ein-politiker-der-jungen-alternative-habe-gewaltsam-eine-kundgebung-gestoert\/\",\"url\":\"https:\/\/www.hoecker.eu\/blog\/die-petra-kelly-stiftung-und-der-feierwerk-e-v-muessen-die-falschbehauptung-widerrufen-ein-politiker-der-jungen-alternative-habe-gewaltsam-eine-kundgebung-gestoert\/\",\"name\":\"Die Petra Kelly-Stiftung und der Feierwerk e.V. m\u00fcssen die Falschbehauptung widerrufen, ein Politiker der Jungen Alternative habe gewaltsam eine Kundgebung gest\u00f6rt. - H\u00d6CKER - der Blog\",\"isPartOf\":{\"@id\":\"https:\/\/www.hoecker.eu\/blog\/#website\"},\"datePublished\":\"2017-04-27T11:14:17+00:00\",\"dateModified\":\"2025-02-17T13:57:02+00:00\",\"breadcrumb\":{\"@id\":\"https:\/\/www.hoecker.eu\/blog\/die-petra-kelly-stiftung-und-der-feierwerk-e-v-muessen-die-falschbehauptung-widerrufen-ein-politiker-der-jungen-alternative-habe-gewaltsam-eine-kundgebung-gestoert\/#breadcrumb\"},\"inLanguage\":\"de\",\"potentialAction\":[{\"@type\":\"ReadAction\",\"target\":[\"https:\/\/www.hoecker.eu\/blog\/die-petra-kelly-stiftung-und-der-feierwerk-e-v-muessen-die-falschbehauptung-widerrufen-ein-politiker-der-jungen-alternative-habe-gewaltsam-eine-kundgebung-gestoert\/\"]}]},{\"@type\":\"BreadcrumbList\",\"@id\":\"https:\/\/www.hoecker.eu\/blog\/die-petra-kelly-stiftung-und-der-feierwerk-e-v-muessen-die-falschbehauptung-widerrufen-ein-politiker-der-jungen-alternative-habe-gewaltsam-eine-kundgebung-gestoert\/#breadcrumb\",\"itemListElement\":[{\"@type\":\"ListItem\",\"position\":1,\"name\":\"Startseite\",\"item\":\"https:\/\/dev.hoecker.eu\/blog\/\"},{\"@type\":\"ListItem\",\"position\":2,\"name\":\"Die Petra Kelly-Stiftung und der Feierwerk e.V. m\u00fcssen die Falschbehauptung widerrufen, ein Politiker der Jungen Alternative habe gewaltsam eine Kundgebung gest\u00f6rt.\"}]},{\"@type\":\"WebSite\",\"@id\":\"https:\/\/www.hoecker.eu\/blog\/#website\",\"url\":\"https:\/\/www.hoecker.eu\/blog\/\",\"name\":\"H\u00d6CKER - der Blog\",\"description\":\"Expertenblog f\u00fcr \u00c4u\u00dferungs-, Medien-, Marken-, Urheber- und Wettbewerbsrecht.\",\"publisher\":{\"@id\":\"https:\/\/www.hoecker.eu\/blog\/#organization\"},\"potentialAction\":[{\"@type\":\"SearchAction\",\"target\":{\"@type\":\"EntryPoint\",\"urlTemplate\":\"https:\/\/www.hoecker.eu\/blog\/?s={search_term_string}\"},\"query-input\":{\"@type\":\"PropertyValueSpecification\",\"valueRequired\":true,\"valueName\":\"search_term_string\"}}],\"inLanguage\":\"de\"},{\"@type\":\"Organization\",\"@id\":\"https:\/\/www.hoecker.eu\/blog\/#organization\",\"name\":\"H\u00d6CKER Rechtsanw\u00e4lte PartGmbB\",\"alternateName\":\"H\u00d6CKER\",\"url\":\"https:\/\/www.hoecker.eu\/blog\/\",\"logo\":{\"@type\":\"ImageObject\",\"inLanguage\":\"de\",\"@id\":\"https:\/\/www.hoecker.eu\/blog\/#\/schema\/logo\/image\/\",\"url\":\"https:\/\/www.hoecker.eu\/blog\/wp-content\/uploads\/2025\/03\/Blog-Logo.webp\",\"contentUrl\":\"https:\/\/www.hoecker.eu\/blog\/wp-content\/uploads\/2025\/03\/Blog-Logo.webp\",\"width\":500,\"height\":500,\"caption\":\"H\u00d6CKER Rechtsanw\u00e4lte PartGmbB\"},\"image\":{\"@id\":\"https:\/\/www.hoecker.eu\/blog\/#\/schema\/logo\/image\/\"},\"sameAs\":[\"https:\/\/www.facebook.com\/HoeckerRAe\/\",\"https:\/\/x.com\/hoecker_rae\",\"https:\/\/www.linkedin.com\/company\/hcker-rechtsanwlte\/\",\"https:\/\/www.instagram.com\/hoecker_rae\/\"],\"email\":\"contact@hoecker.eu\",\"telephone\":\"+ 49 (0)221-933 19-10\",\"legalName\":\"H\u00d6CKER Rechtsanw\u00e4lte PartGmbB\",\"numberOfEmployees\":{\"@type\":\"QuantitativeValue\",\"minValue\":\"11\",\"maxValue\":\"50\"}},{\"@type\":\"Person\",\"@id\":\"https:\/\/www.hoecker.eu\/blog\/#\/schema\/person\/08f95581eed0534eccd0b2438f7a1cab\",\"name\":\"Prof. Dr. Ralf H\u00f6cker\",\"description\":\"Medienanwalt. Besch\u00fctzer vor mieser Presse\",\"sameAs\":[\"https:\/\/www.hoecker.eu\/wer\/prof-dr-ralf-hoecker\",\"https:\/\/www.facebook.com\/ralf.hoecker\",\"https:\/\/www.linkedin.com\/in\/prof-dr-ralf-hcker-ll-m-london-17987826\/\",\"https:\/\/x.com\/Ralf_Hoecker\"],\"url\":\"https:\/\/www.hoecker.eu\/blog\/author\/hoecker_adm\/\"}]}<\/script>\n<!-- \/ Yoast SEO Premium plugin. -->","yoast_head_json":{"title":"Die Petra Kelly-Stiftung und der Feierwerk e.V. m\u00fcssen die Falschbehauptung widerrufen, ein Politiker der Jungen Alternative habe gewaltsam eine Kundgebung gest\u00f6rt. - H\u00d6CKER - der Blog","robots":{"index":"index","follow":"follow","max-snippet":"max-snippet:-1","max-image-preview":"max-image-preview:large","max-video-preview":"max-video-preview:-1"},"canonical":"https:\/\/www.hoecker.eu\/blog\/die-petra-kelly-stiftung-und-der-feierwerk-e-v-muessen-die-falschbehauptung-widerrufen-ein-politiker-der-jungen-alternative-habe-gewaltsam-eine-kundgebung-gestoert\/","og_locale":"de_DE","og_type":"article","og_title":"Die Petra Kelly-Stiftung und der Feierwerk e.V. m\u00fcssen die Falschbehauptung widerrufen, ein Politiker der Jungen Alternative habe gewaltsam eine Kundgebung gest\u00f6rt.","og_description":"Philippsberg hatte in den Studien zu mehreren Mitgliedern der Jungen Alternative in Bayern (Jugendorganisation der AfD) angebliche Belege f\u00fcr eine Vernetzung mit rechtsextremen Kr\u00e4ften recherchiert. Quelle waren dabei jedenfalls zum Teil offensichtlich anonym betriebene Antifa-Webseiten.Ohne diese unseri\u00f6sen Quellen zu verifizieren, verbreitete der Autor abtr\u00e4gliche Falschbehauptungen unter Namensnennung mehrerer jungen Politiker und gew\u00e4hrte diesen auch vorher [&hellip;]","og_url":"https:\/\/www.hoecker.eu\/blog\/die-petra-kelly-stiftung-und-der-feierwerk-e-v-muessen-die-falschbehauptung-widerrufen-ein-politiker-der-jungen-alternative-habe-gewaltsam-eine-kundgebung-gestoert\/","og_site_name":"H\u00d6CKER - der Blog","article_publisher":"https:\/\/www.facebook.com\/HoeckerRAe\/","article_author":"https:\/\/www.facebook.com\/ralf.hoecker","article_published_time":"2017-04-27T11:14:17+00:00","article_modified_time":"2025-02-17T13:57:02+00:00","author":"Prof. Dr. Ralf H\u00f6cker","twitter_card":"summary_large_image","twitter_creator":"@Ralf_Hoecker","twitter_site":"@hoecker_rae","twitter_misc":{"Verfasst von":"Prof. Dr. Ralf H\u00f6cker","Gesch\u00e4tzte Lesezeit":"1\u00a0Minute"},"schema":{"@context":"https:\/\/schema.org","@graph":[{"@type":"Article","@id":"https:\/\/www.hoecker.eu\/blog\/die-petra-kelly-stiftung-und-der-feierwerk-e-v-muessen-die-falschbehauptung-widerrufen-ein-politiker-der-jungen-alternative-habe-gewaltsam-eine-kundgebung-gestoert\/#article","isPartOf":{"@id":"https:\/\/www.hoecker.eu\/blog\/die-petra-kelly-stiftung-und-der-feierwerk-e-v-muessen-die-falschbehauptung-widerrufen-ein-politiker-der-jungen-alternative-habe-gewaltsam-eine-kundgebung-gestoert\/"},"author":{"name":"Prof. Dr. Ralf H\u00f6cker","@id":"https:\/\/www.hoecker.eu\/blog\/#\/schema\/person\/08f95581eed0534eccd0b2438f7a1cab"},"headline":"Die Petra Kelly-Stiftung und der Feierwerk e.V. m\u00fcssen die Falschbehauptung widerrufen, ein Politiker der Jungen Alternative habe gewaltsam eine Kundgebung gest\u00f6rt.","datePublished":"2017-04-27T11:14:17+00:00","dateModified":"2025-02-17T13:57:02+00:00","mainEntityOfPage":{"@id":"https:\/\/www.hoecker.eu\/blog\/die-petra-kelly-stiftung-und-der-feierwerk-e-v-muessen-die-falschbehauptung-widerrufen-ein-politiker-der-jungen-alternative-habe-gewaltsam-eine-kundgebung-gestoert\/"},"wordCount":206,"publisher":{"@id":"https:\/\/www.hoecker.eu\/blog\/#organization"},"articleSection":["News"],"inLanguage":"de"},{"@type":"WebPage","@id":"https:\/\/www.hoecker.eu\/blog\/die-petra-kelly-stiftung-und-der-feierwerk-e-v-muessen-die-falschbehauptung-widerrufen-ein-politiker-der-jungen-alternative-habe-gewaltsam-eine-kundgebung-gestoert\/","url":"https:\/\/www.hoecker.eu\/blog\/die-petra-kelly-stiftung-und-der-feierwerk-e-v-muessen-die-falschbehauptung-widerrufen-ein-politiker-der-jungen-alternative-habe-gewaltsam-eine-kundgebung-gestoert\/","name":"Die Petra Kelly-Stiftung und der Feierwerk e.V. m\u00fcssen die Falschbehauptung widerrufen, ein Politiker der Jungen Alternative habe gewaltsam eine Kundgebung gest\u00f6rt. - H\u00d6CKER - der Blog","isPartOf":{"@id":"https:\/\/www.hoecker.eu\/blog\/#website"},"datePublished":"2017-04-27T11:14:17+00:00","dateModified":"2025-02-17T13:57:02+00:00","breadcrumb":{"@id":"https:\/\/www.hoecker.eu\/blog\/die-petra-kelly-stiftung-und-der-feierwerk-e-v-muessen-die-falschbehauptung-widerrufen-ein-politiker-der-jungen-alternative-habe-gewaltsam-eine-kundgebung-gestoert\/#breadcrumb"},"inLanguage":"de","potentialAction":[{"@type":"ReadAction","target":["https:\/\/www.hoecker.eu\/blog\/die-petra-kelly-stiftung-und-der-feierwerk-e-v-muessen-die-falschbehauptung-widerrufen-ein-politiker-der-jungen-alternative-habe-gewaltsam-eine-kundgebung-gestoert\/"]}]},{"@type":"BreadcrumbList","@id":"https:\/\/www.hoecker.eu\/blog\/die-petra-kelly-stiftung-und-der-feierwerk-e-v-muessen-die-falschbehauptung-widerrufen-ein-politiker-der-jungen-alternative-habe-gewaltsam-eine-kundgebung-gestoert\/#breadcrumb","itemListElement":[{"@type":"ListItem","position":1,"name":"Startseite","item":"https:\/\/dev.hoecker.eu\/blog\/"},{"@type":"ListItem","position":2,"name":"Die Petra Kelly-Stiftung und der Feierwerk e.V. m\u00fcssen die Falschbehauptung widerrufen, ein Politiker der Jungen Alternative habe gewaltsam eine Kundgebung gest\u00f6rt."}]},{"@type":"WebSite","@id":"https:\/\/www.hoecker.eu\/blog\/#website","url":"https:\/\/www.hoecker.eu\/blog\/","name":"H\u00d6CKER - der Blog","description":"Expertenblog f\u00fcr \u00c4u\u00dferungs-, Medien-, Marken-, Urheber- und Wettbewerbsrecht.","publisher":{"@id":"https:\/\/www.hoecker.eu\/blog\/#organization"},"potentialAction":[{"@type":"SearchAction","target":{"@type":"EntryPoint","urlTemplate":"https:\/\/www.hoecker.eu\/blog\/?s={search_term_string}"},"query-input":{"@type":"PropertyValueSpecification","valueRequired":true,"valueName":"search_term_string"}}],"inLanguage":"de"},{"@type":"Organization","@id":"https:\/\/www.hoecker.eu\/blog\/#organization","name":"H\u00d6CKER Rechtsanw\u00e4lte PartGmbB","alternateName":"H\u00d6CKER","url":"https:\/\/www.hoecker.eu\/blog\/","logo":{"@type":"ImageObject","inLanguage":"de","@id":"https:\/\/www.hoecker.eu\/blog\/#\/schema\/logo\/image\/","url":"https:\/\/www.hoecker.eu\/blog\/wp-content\/uploads\/2025\/03\/Blog-Logo.webp","contentUrl":"https:\/\/www.hoecker.eu\/blog\/wp-content\/uploads\/2025\/03\/Blog-Logo.webp","width":500,"height":500,"caption":"H\u00d6CKER Rechtsanw\u00e4lte PartGmbB"},"image":{"@id":"https:\/\/www.hoecker.eu\/blog\/#\/schema\/logo\/image\/"},"sameAs":["https:\/\/www.facebook.com\/HoeckerRAe\/","https:\/\/x.com\/hoecker_rae","https:\/\/www.linkedin.com\/company\/hcker-rechtsanwlte\/","https:\/\/www.instagram.com\/hoecker_rae\/"],"email":"contact@hoecker.eu","telephone":"+ 49 (0)221-933 19-10","legalName":"H\u00d6CKER Rechtsanw\u00e4lte PartGmbB","numberOfEmployees":{"@type":"QuantitativeValue","minValue":"11","maxValue":"50"}},{"@type":"Person","@id":"https:\/\/www.hoecker.eu\/blog\/#\/schema\/person\/08f95581eed0534eccd0b2438f7a1cab","name":"Prof. Dr. Ralf H\u00f6cker","description":"Medienanwalt. Besch\u00fctzer vor mieser Presse","sameAs":["https:\/\/www.hoecker.eu\/wer\/prof-dr-ralf-hoecker","https:\/\/www.facebook.com\/ralf.hoecker","https:\/\/www.linkedin.com\/in\/prof-dr-ralf-hcker-ll-m-london-17987826\/","https:\/\/x.com\/Ralf_Hoecker"],"url":"https:\/\/www.hoecker.eu\/blog\/author\/hoecker_adm\/"}]}},"authors":[{"term_id":84,"user_id":1,"is_guest":0,"slug":"hoecker_adm","display_name":"Prof. Dr. Ralf H\u00f6cker","avatar_url":{"url":"https:\/\/www.hoecker.eu\/blog\/wp-content\/uploads\/2023\/12\/ProfDrRalfHoecker.jpg","url2x":"https:\/\/www.hoecker.eu\/blog\/wp-content\/uploads\/2023\/12\/ProfDrRalfHoecker.jpg"},"0":null,"1":"","2":"","3":"","4":"","5":"","6":"","7":"","8":"","9":"","10":"","11":""}],"_links":{"self":[{"href":"https:\/\/www.hoecker.eu\/blog\/wp-json\/wp\/v2\/posts\/8380","targetHints":{"allow":["GET"]}}],"collection":[{"href":"https:\/\/www.hoecker.eu\/blog\/wp-json\/wp\/v2\/posts"}],"about":[{"href":"https:\/\/www.hoecker.eu\/blog\/wp-json\/wp\/v2\/types\/post"}],"author":[{"embeddable":true,"href":"https:\/\/www.hoecker.eu\/blog\/wp-json\/wp\/v2\/users\/1"}],"replies":[{"embeddable":true,"href":"https:\/\/www.hoecker.eu\/blog\/wp-json\/wp\/v2\/comments?post=8380"}],"version-history":[{"count":1,"href":"https:\/\/www.hoecker.eu\/blog\/wp-json\/wp\/v2\/posts\/8380\/revisions"}],"predecessor-version":[{"id":9502,"href":"https:\/\/www.hoecker.eu\/blog\/wp-json\/wp\/v2\/posts\/8380\/revisions\/9502"}],"wp:attachment":[{"href":"https:\/\/www.hoecker.eu\/blog\/wp-json\/wp\/v2\/media?parent=8380"}],"wp:term":[{"taxonomy":"category","embeddable":true,"href":"https:\/\/www.hoecker.eu\/blog\/wp-json\/wp\/v2\/categories?post=8380"},{"taxonomy":"post_tag","embeddable":true,"href":"https:\/\/www.hoecker.eu\/blog\/wp-json\/wp\/v2\/tags?post=8380"},{"taxonomy":"hashtags","embeddable":true,"href":"https:\/\/www.hoecker.eu\/blog\/wp-json\/wp\/v2\/hashtags?post=8380"},{"taxonomy":"author","embeddable":true,"href":"https:\/\/www.hoecker.eu\/blog\/wp-json\/wp\/v2\/ppma_author?post=8380"}],"curies":[{"name":"wp","href":"https:\/\/api.w.org\/{rel}","templated":true}]}}