{"id":8379,"date":"2017-05-08T12:40:00","date_gmt":"2017-05-08T10:40:00","guid":{"rendered":"https:\/\/www.hoecker.eu\/blog\/frau-dr-alice-weidel-muss-sich-beleidigung-als-nazi-schlampe-nicht-bieten-lassen-pressereferent-der-spd-segeberg-gibt-unterlassungserklaerung-ab\/"},"modified":"2025-02-17T14:57:01","modified_gmt":"2025-02-17T13:57:01","slug":"frau-dr-alice-weidel-muss-sich-beleidigung-als-nazi-schlampe-nicht-bieten-lassen-pressereferent-der-spd-segeberg-gibt-unterlassungserklaerung-ab","status":"publish","type":"post","link":"https:\/\/www.hoecker.eu\/blog\/frau-dr-alice-weidel-muss-sich-beleidigung-als-nazi-schlampe-nicht-bieten-lassen-pressereferent-der-spd-segeberg-gibt-unterlassungserklaerung-ab\/","title":{"rendered":"Frau Dr. Alice Weidel muss sich Beleidigung als \u201eNazi-Schlampe\u201c nicht bieten lassen \u2013 Pressereferent der SPD Segeberg gibt Unterlassungserkl\u00e4rung ab."},"content":{"rendered":"<p \"=\"\">Ein SPD-Mitglied, welches auf seiner Webseite als Pressereferent auftritt, hat Frau Dr. Alice Weidel auf der Kurznachrichtenplattform &#8220;Twitter&#8221; als \u201eNazi-Schlampe\u201c beleidigt. Kurz zuvor war Frau Dr. Weidel in der NDR-Sendung Extra 3 mit diesem Begriff bezeichnet worden. <\/p>\n<p \"=\"\">Frau Dr. Weidel hat durch H\u00d6CKER ihre Unterlassungs- und Beseitigungsanspr\u00fcche durchgesetzt. Der SPD-Pressereferent wurde erfolgreich auf Unterlassung in Anspruch genommen. Er hat eine Unterlassungserkl\u00e4rung abgegeben, mit der er sich verpflichtet hat, die \u00c4u\u00dferung nicht erneut zu verbreiten. Er hat die Beleidigungen auf Twitter gel\u00f6scht. <\/p>\n<p>    Dr. Carsten Brennecke:<\/p>\n<p \"=\"\"><i>\u201eWer meint, Frau Dr. Alice Weidel unter Berufung auf \u00e4hnliche \u00c4u\u00dferungen in der NDR-Sendung Extra 3 als \u201aNazi-Schlampe\u2018 betiteln zu k\u00f6nnen, der irrt sich: Es handelt sich um eine strafbare Beleidigung, die zudem zu zivilrechtlichen Unterlassungsanspr\u00fcchen f\u00fchrt. Eine solche Bezeichnung k\u00f6nnte \u2013 wenn \u00fcberhaupt \u2013 allenfalls in einem besonderen satirischen Kontext gerechtfertigt sein. Bei einer einfachen Beleidigung auf Twitter kommt eine solche Rechtfertigung nicht in Betracht.\u201c<\/i><\/p>\n","protected":false},"excerpt":{"rendered":"<p>Frau Dr. Weidel hat durch H\u00d6CKER ihre Unterlassungs- und Beseitigungsanspr\u00fcche durchgesetzt. Der SPD-Pressereferent wurde erfolgreich auf Unterlassung in Anspruch genommen. Er hat eine Unterlassungserkl\u00e4rung abgegeben, mit der er sich verpflichtet hat, die \u00c4u\u00dferung nicht erneut zu verbreiten. Er hat die Beleidigungen auf Twitter gel\u00f6scht. Dr. Carsten Brennecke:<\/p>\n","protected":false},"author":1,"featured_media":0,"comment_status":"closed","ping_status":"closed","sticky":false,"template":"","format":"standard","meta":{"_has_post_settings":[],"footnotes":""},"categories":[15],"tags":[],"hashtags":[],"ppma_author":[84],"class_list":["post-8379","post","type-post","status-publish","format-standard","hentry","category-news","author-hoecker_adm"],"yoast_head":"<!-- This site is optimized with the Yoast SEO Premium plugin v25.9 (Yoast SEO v27.0) - https:\/\/yoast.com\/product\/yoast-seo-premium-wordpress\/ -->\n<title>Frau Dr. Alice Weidel muss sich Beleidigung als \u201eNazi-Schlampe\u201c nicht bieten lassen \u2013 Pressereferent der SPD Segeberg gibt Unterlassungserkl\u00e4rung ab. - H\u00d6CKER - der Blog<\/title>\n<meta name=\"robots\" content=\"index, follow, max-snippet:-1, max-image-preview:large, max-video-preview:-1\" \/>\n<link rel=\"canonical\" href=\"https:\/\/www.hoecker.eu\/blog\/frau-dr-alice-weidel-muss-sich-beleidigung-als-nazi-schlampe-nicht-bieten-lassen-pressereferent-der-spd-segeberg-gibt-unterlassungserklaerung-ab\/\" \/>\n<meta property=\"og:locale\" content=\"de_DE\" \/>\n<meta property=\"og:type\" content=\"article\" \/>\n<meta property=\"og:title\" content=\"Frau Dr. Alice Weidel muss sich Beleidigung als \u201eNazi-Schlampe\u201c nicht bieten lassen \u2013 Pressereferent der SPD Segeberg gibt Unterlassungserkl\u00e4rung ab.\" \/>\n<meta property=\"og:description\" content=\"Frau Dr. Weidel hat durch H\u00d6CKER ihre Unterlassungs- und Beseitigungsanspr\u00fcche durchgesetzt. Der SPD-Pressereferent wurde erfolgreich auf Unterlassung in Anspruch genommen. Er hat eine Unterlassungserkl\u00e4rung abgegeben, mit der er sich verpflichtet hat, die \u00c4u\u00dferung nicht erneut zu verbreiten. Er hat die Beleidigungen auf Twitter gel\u00f6scht. Dr. Carsten Brennecke:\" \/>\n<meta property=\"og:url\" content=\"https:\/\/www.hoecker.eu\/blog\/frau-dr-alice-weidel-muss-sich-beleidigung-als-nazi-schlampe-nicht-bieten-lassen-pressereferent-der-spd-segeberg-gibt-unterlassungserklaerung-ab\/\" \/>\n<meta property=\"og:site_name\" content=\"H\u00d6CKER - der Blog\" \/>\n<meta property=\"article:publisher\" content=\"https:\/\/www.facebook.com\/HoeckerRAe\/\" \/>\n<meta property=\"article:author\" content=\"https:\/\/www.facebook.com\/ralf.hoecker\" \/>\n<meta property=\"article:published_time\" content=\"2017-05-08T10:40:00+00:00\" \/>\n<meta property=\"article:modified_time\" content=\"2025-02-17T13:57:01+00:00\" \/>\n<meta name=\"author\" content=\"Prof. Dr. Ralf H\u00f6cker\" \/>\n<meta name=\"twitter:card\" content=\"summary_large_image\" \/>\n<meta name=\"twitter:creator\" content=\"@Ralf_Hoecker\" \/>\n<meta name=\"twitter:site\" content=\"@hoecker_rae\" \/>\n<meta name=\"twitter:label1\" content=\"Verfasst von\" \/>\n\t<meta name=\"twitter:data1\" content=\"Prof. Dr. Ralf H\u00f6cker\" \/>\n<script type=\"application\/ld+json\" class=\"yoast-schema-graph\">{\"@context\":\"https:\/\/schema.org\",\"@graph\":[{\"@type\":\"Article\",\"@id\":\"https:\/\/www.hoecker.eu\/blog\/frau-dr-alice-weidel-muss-sich-beleidigung-als-nazi-schlampe-nicht-bieten-lassen-pressereferent-der-spd-segeberg-gibt-unterlassungserklaerung-ab\/#article\",\"isPartOf\":{\"@id\":\"https:\/\/www.hoecker.eu\/blog\/frau-dr-alice-weidel-muss-sich-beleidigung-als-nazi-schlampe-nicht-bieten-lassen-pressereferent-der-spd-segeberg-gibt-unterlassungserklaerung-ab\/\"},\"author\":{\"name\":\"Prof. Dr. Ralf H\u00f6cker\",\"@id\":\"https:\/\/www.hoecker.eu\/blog\/#\/schema\/person\/08f95581eed0534eccd0b2438f7a1cab\"},\"headline\":\"Frau Dr. Alice Weidel muss sich Beleidigung als \u201eNazi-Schlampe\u201c nicht bieten lassen \u2013 Pressereferent der SPD Segeberg gibt Unterlassungserkl\u00e4rung ab.\",\"datePublished\":\"2017-05-08T10:40:00+00:00\",\"dateModified\":\"2025-02-17T13:57:01+00:00\",\"mainEntityOfPage\":{\"@id\":\"https:\/\/www.hoecker.eu\/blog\/frau-dr-alice-weidel-muss-sich-beleidigung-als-nazi-schlampe-nicht-bieten-lassen-pressereferent-der-spd-segeberg-gibt-unterlassungserklaerung-ab\/\"},\"wordCount\":72,\"publisher\":{\"@id\":\"https:\/\/www.hoecker.eu\/blog\/#organization\"},\"articleSection\":[\"News\"],\"inLanguage\":\"de\"},{\"@type\":\"WebPage\",\"@id\":\"https:\/\/www.hoecker.eu\/blog\/frau-dr-alice-weidel-muss-sich-beleidigung-als-nazi-schlampe-nicht-bieten-lassen-pressereferent-der-spd-segeberg-gibt-unterlassungserklaerung-ab\/\",\"url\":\"https:\/\/www.hoecker.eu\/blog\/frau-dr-alice-weidel-muss-sich-beleidigung-als-nazi-schlampe-nicht-bieten-lassen-pressereferent-der-spd-segeberg-gibt-unterlassungserklaerung-ab\/\",\"name\":\"Frau Dr. Alice Weidel muss sich Beleidigung als \u201eNazi-Schlampe\u201c nicht bieten lassen \u2013 Pressereferent der SPD Segeberg gibt Unterlassungserkl\u00e4rung ab. - H\u00d6CKER - der Blog\",\"isPartOf\":{\"@id\":\"https:\/\/www.hoecker.eu\/blog\/#website\"},\"datePublished\":\"2017-05-08T10:40:00+00:00\",\"dateModified\":\"2025-02-17T13:57:01+00:00\",\"breadcrumb\":{\"@id\":\"https:\/\/www.hoecker.eu\/blog\/frau-dr-alice-weidel-muss-sich-beleidigung-als-nazi-schlampe-nicht-bieten-lassen-pressereferent-der-spd-segeberg-gibt-unterlassungserklaerung-ab\/#breadcrumb\"},\"inLanguage\":\"de\",\"potentialAction\":[{\"@type\":\"ReadAction\",\"target\":[\"https:\/\/www.hoecker.eu\/blog\/frau-dr-alice-weidel-muss-sich-beleidigung-als-nazi-schlampe-nicht-bieten-lassen-pressereferent-der-spd-segeberg-gibt-unterlassungserklaerung-ab\/\"]}]},{\"@type\":\"BreadcrumbList\",\"@id\":\"https:\/\/www.hoecker.eu\/blog\/frau-dr-alice-weidel-muss-sich-beleidigung-als-nazi-schlampe-nicht-bieten-lassen-pressereferent-der-spd-segeberg-gibt-unterlassungserklaerung-ab\/#breadcrumb\",\"itemListElement\":[{\"@type\":\"ListItem\",\"position\":1,\"name\":\"Startseite\",\"item\":\"https:\/\/dev.hoecker.eu\/blog\/\"},{\"@type\":\"ListItem\",\"position\":2,\"name\":\"Frau Dr. Alice Weidel muss sich Beleidigung als \u201eNazi-Schlampe\u201c nicht bieten lassen \u2013 Pressereferent der SPD Segeberg gibt Unterlassungserkl\u00e4rung ab.\"}]},{\"@type\":\"WebSite\",\"@id\":\"https:\/\/www.hoecker.eu\/blog\/#website\",\"url\":\"https:\/\/www.hoecker.eu\/blog\/\",\"name\":\"H\u00d6CKER - der Blog\",\"description\":\"Expertenblog f\u00fcr \u00c4u\u00dferungs-, Medien-, Marken-, Urheber- und Wettbewerbsrecht.\",\"publisher\":{\"@id\":\"https:\/\/www.hoecker.eu\/blog\/#organization\"},\"potentialAction\":[{\"@type\":\"SearchAction\",\"target\":{\"@type\":\"EntryPoint\",\"urlTemplate\":\"https:\/\/www.hoecker.eu\/blog\/?s={search_term_string}\"},\"query-input\":{\"@type\":\"PropertyValueSpecification\",\"valueRequired\":true,\"valueName\":\"search_term_string\"}}],\"inLanguage\":\"de\"},{\"@type\":\"Organization\",\"@id\":\"https:\/\/www.hoecker.eu\/blog\/#organization\",\"name\":\"H\u00d6CKER Rechtsanw\u00e4lte PartGmbB\",\"alternateName\":\"H\u00d6CKER\",\"url\":\"https:\/\/www.hoecker.eu\/blog\/\",\"logo\":{\"@type\":\"ImageObject\",\"inLanguage\":\"de\",\"@id\":\"https:\/\/www.hoecker.eu\/blog\/#\/schema\/logo\/image\/\",\"url\":\"https:\/\/www.hoecker.eu\/blog\/wp-content\/uploads\/2025\/03\/Blog-Logo.webp\",\"contentUrl\":\"https:\/\/www.hoecker.eu\/blog\/wp-content\/uploads\/2025\/03\/Blog-Logo.webp\",\"width\":500,\"height\":500,\"caption\":\"H\u00d6CKER Rechtsanw\u00e4lte PartGmbB\"},\"image\":{\"@id\":\"https:\/\/www.hoecker.eu\/blog\/#\/schema\/logo\/image\/\"},\"sameAs\":[\"https:\/\/www.facebook.com\/HoeckerRAe\/\",\"https:\/\/x.com\/hoecker_rae\",\"https:\/\/www.linkedin.com\/company\/hcker-rechtsanwlte\/\",\"https:\/\/www.instagram.com\/hoecker_rae\/\"],\"email\":\"contact@hoecker.eu\",\"telephone\":\"+ 49 (0)221-933 19-10\",\"legalName\":\"H\u00d6CKER Rechtsanw\u00e4lte PartGmbB\",\"numberOfEmployees\":{\"@type\":\"QuantitativeValue\",\"minValue\":\"11\",\"maxValue\":\"50\"}},{\"@type\":\"Person\",\"@id\":\"https:\/\/www.hoecker.eu\/blog\/#\/schema\/person\/08f95581eed0534eccd0b2438f7a1cab\",\"name\":\"Prof. Dr. Ralf H\u00f6cker\",\"description\":\"Medienanwalt. Besch\u00fctzer vor mieser Presse\",\"sameAs\":[\"https:\/\/www.hoecker.eu\/wer\/prof-dr-ralf-hoecker\",\"https:\/\/www.facebook.com\/ralf.hoecker\",\"https:\/\/www.linkedin.com\/in\/prof-dr-ralf-hcker-ll-m-london-17987826\/\",\"https:\/\/x.com\/Ralf_Hoecker\"],\"url\":\"https:\/\/www.hoecker.eu\/blog\/author\/hoecker_adm\/\"}]}<\/script>\n<!-- \/ Yoast SEO Premium plugin. -->","yoast_head_json":{"title":"Frau Dr. Alice Weidel muss sich Beleidigung als \u201eNazi-Schlampe\u201c nicht bieten lassen \u2013 Pressereferent der SPD Segeberg gibt Unterlassungserkl\u00e4rung ab. - H\u00d6CKER - der Blog","robots":{"index":"index","follow":"follow","max-snippet":"max-snippet:-1","max-image-preview":"max-image-preview:large","max-video-preview":"max-video-preview:-1"},"canonical":"https:\/\/www.hoecker.eu\/blog\/frau-dr-alice-weidel-muss-sich-beleidigung-als-nazi-schlampe-nicht-bieten-lassen-pressereferent-der-spd-segeberg-gibt-unterlassungserklaerung-ab\/","og_locale":"de_DE","og_type":"article","og_title":"Frau Dr. Alice Weidel muss sich Beleidigung als \u201eNazi-Schlampe\u201c nicht bieten lassen \u2013 Pressereferent der SPD Segeberg gibt Unterlassungserkl\u00e4rung ab.","og_description":"Frau Dr. Weidel hat durch H\u00d6CKER ihre Unterlassungs- und Beseitigungsanspr\u00fcche durchgesetzt. Der SPD-Pressereferent wurde erfolgreich auf Unterlassung in Anspruch genommen. Er hat eine Unterlassungserkl\u00e4rung abgegeben, mit der er sich verpflichtet hat, die \u00c4u\u00dferung nicht erneut zu verbreiten. Er hat die Beleidigungen auf Twitter gel\u00f6scht. Dr. Carsten Brennecke:","og_url":"https:\/\/www.hoecker.eu\/blog\/frau-dr-alice-weidel-muss-sich-beleidigung-als-nazi-schlampe-nicht-bieten-lassen-pressereferent-der-spd-segeberg-gibt-unterlassungserklaerung-ab\/","og_site_name":"H\u00d6CKER - der Blog","article_publisher":"https:\/\/www.facebook.com\/HoeckerRAe\/","article_author":"https:\/\/www.facebook.com\/ralf.hoecker","article_published_time":"2017-05-08T10:40:00+00:00","article_modified_time":"2025-02-17T13:57:01+00:00","author":"Prof. Dr. Ralf H\u00f6cker","twitter_card":"summary_large_image","twitter_creator":"@Ralf_Hoecker","twitter_site":"@hoecker_rae","twitter_misc":{"Verfasst von":"Prof. Dr. Ralf H\u00f6cker"},"schema":{"@context":"https:\/\/schema.org","@graph":[{"@type":"Article","@id":"https:\/\/www.hoecker.eu\/blog\/frau-dr-alice-weidel-muss-sich-beleidigung-als-nazi-schlampe-nicht-bieten-lassen-pressereferent-der-spd-segeberg-gibt-unterlassungserklaerung-ab\/#article","isPartOf":{"@id":"https:\/\/www.hoecker.eu\/blog\/frau-dr-alice-weidel-muss-sich-beleidigung-als-nazi-schlampe-nicht-bieten-lassen-pressereferent-der-spd-segeberg-gibt-unterlassungserklaerung-ab\/"},"author":{"name":"Prof. Dr. Ralf H\u00f6cker","@id":"https:\/\/www.hoecker.eu\/blog\/#\/schema\/person\/08f95581eed0534eccd0b2438f7a1cab"},"headline":"Frau Dr. Alice Weidel muss sich Beleidigung als \u201eNazi-Schlampe\u201c nicht bieten lassen \u2013 Pressereferent der SPD Segeberg gibt Unterlassungserkl\u00e4rung ab.","datePublished":"2017-05-08T10:40:00+00:00","dateModified":"2025-02-17T13:57:01+00:00","mainEntityOfPage":{"@id":"https:\/\/www.hoecker.eu\/blog\/frau-dr-alice-weidel-muss-sich-beleidigung-als-nazi-schlampe-nicht-bieten-lassen-pressereferent-der-spd-segeberg-gibt-unterlassungserklaerung-ab\/"},"wordCount":72,"publisher":{"@id":"https:\/\/www.hoecker.eu\/blog\/#organization"},"articleSection":["News"],"inLanguage":"de"},{"@type":"WebPage","@id":"https:\/\/www.hoecker.eu\/blog\/frau-dr-alice-weidel-muss-sich-beleidigung-als-nazi-schlampe-nicht-bieten-lassen-pressereferent-der-spd-segeberg-gibt-unterlassungserklaerung-ab\/","url":"https:\/\/www.hoecker.eu\/blog\/frau-dr-alice-weidel-muss-sich-beleidigung-als-nazi-schlampe-nicht-bieten-lassen-pressereferent-der-spd-segeberg-gibt-unterlassungserklaerung-ab\/","name":"Frau Dr. Alice Weidel muss sich Beleidigung als \u201eNazi-Schlampe\u201c nicht bieten lassen \u2013 Pressereferent der SPD Segeberg gibt Unterlassungserkl\u00e4rung ab. - H\u00d6CKER - der Blog","isPartOf":{"@id":"https:\/\/www.hoecker.eu\/blog\/#website"},"datePublished":"2017-05-08T10:40:00+00:00","dateModified":"2025-02-17T13:57:01+00:00","breadcrumb":{"@id":"https:\/\/www.hoecker.eu\/blog\/frau-dr-alice-weidel-muss-sich-beleidigung-als-nazi-schlampe-nicht-bieten-lassen-pressereferent-der-spd-segeberg-gibt-unterlassungserklaerung-ab\/#breadcrumb"},"inLanguage":"de","potentialAction":[{"@type":"ReadAction","target":["https:\/\/www.hoecker.eu\/blog\/frau-dr-alice-weidel-muss-sich-beleidigung-als-nazi-schlampe-nicht-bieten-lassen-pressereferent-der-spd-segeberg-gibt-unterlassungserklaerung-ab\/"]}]},{"@type":"BreadcrumbList","@id":"https:\/\/www.hoecker.eu\/blog\/frau-dr-alice-weidel-muss-sich-beleidigung-als-nazi-schlampe-nicht-bieten-lassen-pressereferent-der-spd-segeberg-gibt-unterlassungserklaerung-ab\/#breadcrumb","itemListElement":[{"@type":"ListItem","position":1,"name":"Startseite","item":"https:\/\/dev.hoecker.eu\/blog\/"},{"@type":"ListItem","position":2,"name":"Frau Dr. Alice Weidel muss sich Beleidigung als \u201eNazi-Schlampe\u201c nicht bieten lassen \u2013 Pressereferent der SPD Segeberg gibt Unterlassungserkl\u00e4rung ab."}]},{"@type":"WebSite","@id":"https:\/\/www.hoecker.eu\/blog\/#website","url":"https:\/\/www.hoecker.eu\/blog\/","name":"H\u00d6CKER - der Blog","description":"Expertenblog f\u00fcr \u00c4u\u00dferungs-, Medien-, Marken-, Urheber- und Wettbewerbsrecht.","publisher":{"@id":"https:\/\/www.hoecker.eu\/blog\/#organization"},"potentialAction":[{"@type":"SearchAction","target":{"@type":"EntryPoint","urlTemplate":"https:\/\/www.hoecker.eu\/blog\/?s={search_term_string}"},"query-input":{"@type":"PropertyValueSpecification","valueRequired":true,"valueName":"search_term_string"}}],"inLanguage":"de"},{"@type":"Organization","@id":"https:\/\/www.hoecker.eu\/blog\/#organization","name":"H\u00d6CKER Rechtsanw\u00e4lte PartGmbB","alternateName":"H\u00d6CKER","url":"https:\/\/www.hoecker.eu\/blog\/","logo":{"@type":"ImageObject","inLanguage":"de","@id":"https:\/\/www.hoecker.eu\/blog\/#\/schema\/logo\/image\/","url":"https:\/\/www.hoecker.eu\/blog\/wp-content\/uploads\/2025\/03\/Blog-Logo.webp","contentUrl":"https:\/\/www.hoecker.eu\/blog\/wp-content\/uploads\/2025\/03\/Blog-Logo.webp","width":500,"height":500,"caption":"H\u00d6CKER Rechtsanw\u00e4lte PartGmbB"},"image":{"@id":"https:\/\/www.hoecker.eu\/blog\/#\/schema\/logo\/image\/"},"sameAs":["https:\/\/www.facebook.com\/HoeckerRAe\/","https:\/\/x.com\/hoecker_rae","https:\/\/www.linkedin.com\/company\/hcker-rechtsanwlte\/","https:\/\/www.instagram.com\/hoecker_rae\/"],"email":"contact@hoecker.eu","telephone":"+ 49 (0)221-933 19-10","legalName":"H\u00d6CKER Rechtsanw\u00e4lte PartGmbB","numberOfEmployees":{"@type":"QuantitativeValue","minValue":"11","maxValue":"50"}},{"@type":"Person","@id":"https:\/\/www.hoecker.eu\/blog\/#\/schema\/person\/08f95581eed0534eccd0b2438f7a1cab","name":"Prof. Dr. Ralf H\u00f6cker","description":"Medienanwalt. Besch\u00fctzer vor mieser Presse","sameAs":["https:\/\/www.hoecker.eu\/wer\/prof-dr-ralf-hoecker","https:\/\/www.facebook.com\/ralf.hoecker","https:\/\/www.linkedin.com\/in\/prof-dr-ralf-hcker-ll-m-london-17987826\/","https:\/\/x.com\/Ralf_Hoecker"],"url":"https:\/\/www.hoecker.eu\/blog\/author\/hoecker_adm\/"}]}},"authors":[{"term_id":84,"user_id":1,"is_guest":0,"slug":"hoecker_adm","display_name":"Prof. Dr. Ralf H\u00f6cker","avatar_url":{"url":"https:\/\/www.hoecker.eu\/blog\/wp-content\/uploads\/2023\/12\/ProfDrRalfHoecker.jpg","url2x":"https:\/\/www.hoecker.eu\/blog\/wp-content\/uploads\/2023\/12\/ProfDrRalfHoecker.jpg"},"0":null,"1":"","2":"","3":"","4":"","5":"","6":"","7":"","8":"","9":"","10":"","11":""}],"_links":{"self":[{"href":"https:\/\/www.hoecker.eu\/blog\/wp-json\/wp\/v2\/posts\/8379","targetHints":{"allow":["GET"]}}],"collection":[{"href":"https:\/\/www.hoecker.eu\/blog\/wp-json\/wp\/v2\/posts"}],"about":[{"href":"https:\/\/www.hoecker.eu\/blog\/wp-json\/wp\/v2\/types\/post"}],"author":[{"embeddable":true,"href":"https:\/\/www.hoecker.eu\/blog\/wp-json\/wp\/v2\/users\/1"}],"replies":[{"embeddable":true,"href":"https:\/\/www.hoecker.eu\/blog\/wp-json\/wp\/v2\/comments?post=8379"}],"version-history":[{"count":1,"href":"https:\/\/www.hoecker.eu\/blog\/wp-json\/wp\/v2\/posts\/8379\/revisions"}],"predecessor-version":[{"id":9501,"href":"https:\/\/www.hoecker.eu\/blog\/wp-json\/wp\/v2\/posts\/8379\/revisions\/9501"}],"wp:attachment":[{"href":"https:\/\/www.hoecker.eu\/blog\/wp-json\/wp\/v2\/media?parent=8379"}],"wp:term":[{"taxonomy":"category","embeddable":true,"href":"https:\/\/www.hoecker.eu\/blog\/wp-json\/wp\/v2\/categories?post=8379"},{"taxonomy":"post_tag","embeddable":true,"href":"https:\/\/www.hoecker.eu\/blog\/wp-json\/wp\/v2\/tags?post=8379"},{"taxonomy":"hashtags","embeddable":true,"href":"https:\/\/www.hoecker.eu\/blog\/wp-json\/wp\/v2\/hashtags?post=8379"},{"taxonomy":"author","embeddable":true,"href":"https:\/\/www.hoecker.eu\/blog\/wp-json\/wp\/v2\/ppma_author?post=8379"}],"curies":[{"name":"wp","href":"https:\/\/api.w.org\/{rel}","templated":true}]}}