{"id":8378,"date":"2017-05-09T10:04:30","date_gmt":"2017-05-09T08:04:30","guid":{"rendered":"https:\/\/www.hoecker.eu\/blog\/unzulaessige-verdachtsberichterstattung-general-anzeiger-erkennt-einstweilige-verfuegung-als-endgueltige-regelung-an\/"},"modified":"2025-02-17T14:57:01","modified_gmt":"2025-02-17T13:57:01","slug":"unzulaessige-verdachtsberichterstattung-general-anzeiger-erkennt-einstweilige-verfuegung-als-endgueltige-regelung-an","status":"publish","type":"post","link":"https:\/\/www.hoecker.eu\/blog\/unzulaessige-verdachtsberichterstattung-general-anzeiger-erkennt-einstweilige-verfuegung-als-endgueltige-regelung-an\/","title":{"rendered":"Unzul\u00e4ssige Verdachtsberichterstattung: General-Anzeiger erkennt einstweilige Verf\u00fcgung als endg\u00fcltige Regelung an."},"content":{"rendered":"<p \"=\"\">Ein H\u00d6CKER-Mandant hatte eine einstweilige Verf\u00fcgung gegen den  General-Anzeiger erwirkt (Wir berichteten hier: <a href=\"{entry:1013:url}\">Verdachtsbericht nach pauschaler Anh\u00f6rung unzul\u00e4ssig. Bonner Unternehmer erwirkt einstweilige Verf\u00fcgung gegen General-Anzeiger.<\/a>). Der Mandant war vor einem Verdachtsbericht nicht ordnungsgem\u00e4\u00df zu den ihm vorgeworfenen angeblichen Straftaten angeh\u00f6rt worden.<\/p>\n<p \"=\"\">In der m\u00fcndlichen Verhandlung vor der 28. Zivilkammer des LG K\u00f6ln nahm der General-Anzeiger am 03.05.2017 nach richterlichem Hinweis und in Anwesenheit des verantwortlichen Redakteurs Andreas Baumann den Widerspruch gegen die Verf\u00fcgung zur\u00fcck. Das Gericht hatte zuvor unmissverst\u00e4ndlich zum Ausdruck gebracht, dass die Anh\u00f6rung nicht ausreichend war. Der Journalist sei verpflichtet gewesen, dem Betroffenen vor Ver\u00f6ffentlichung des Berichts die Gelegenheit zu geben, zu den Vorw\u00fcrfen Stellung nehmen und diese zu entkr\u00e4ften. Diese Gelegenheit hatte er dem Betroffenen verwehrt, weil die Presseanfrage die Strafbarkeitsvorw\u00fcrfe mit keinem Wort erw\u00e4hnt hatte. Nach Ansicht des Gerichts komme es auch nicht darauf an, was der Betroffene vermutlich geantwortet h\u00e4tte. Insbesondere ist es nicht seine Pflicht, zur Sachverhaltsaufkl\u00e4rung beizutragen. Im Verf\u00fcgungsantrag habe der H\u00d6CKER-Mandant klar dargelegt und glaubhaft gemacht, was er geantwortet h\u00e4tte, wenn er mit den Vorw\u00fcrfen konfrontiert worden w\u00e4re. Damit sei &#8211; so das LG K\u00f6ln &#8211; der Fall zu Ende.<\/p>\n<p \"=\"\">Die einstweilige Verf\u00fcgung ist nach Anerkennung durch den General-Anzeiger nun rechtskr\u00e4ftig. Das Verbot gilt damit endg\u00fcltig.<\/p>\n","protected":false},"excerpt":{"rendered":"<p>In der m\u00fcndlichen Verhandlung vor der 28. Zivilkammer des LG K\u00f6ln nahm der General-Anzeiger am 03.05.2017 nach richterlichem Hinweis und in Anwesenheit des verantwortlichen Redakteurs Andreas Baumann den Widerspruch gegen die Verf\u00fcgung zur\u00fcck. Das Gericht hatte zuvor unmissverst\u00e4ndlich zum Ausdruck gebracht, dass die Anh\u00f6rung nicht ausreichend war. Der Journalist sei verpflichtet gewesen, dem Betroffenen vor [&hellip;]<\/p>\n","protected":false},"author":1,"featured_media":0,"comment_status":"closed","ping_status":"closed","sticky":false,"template":"","format":"standard","meta":{"_has_post_settings":[],"footnotes":""},"categories":[15],"tags":[],"hashtags":[],"ppma_author":[84],"class_list":["post-8378","post","type-post","status-publish","format-standard","hentry","category-news","author-hoecker_adm"],"yoast_head":"<!-- This site is optimized with the Yoast SEO Premium plugin v25.9 (Yoast SEO v27.0) - https:\/\/yoast.com\/product\/yoast-seo-premium-wordpress\/ -->\n<title>Unzul\u00e4ssige Verdachtsberichterstattung: General-Anzeiger erkennt einstweilige Verf\u00fcgung als endg\u00fcltige Regelung an. - H\u00d6CKER - der Blog<\/title>\n<meta name=\"robots\" content=\"index, follow, max-snippet:-1, max-image-preview:large, max-video-preview:-1\" \/>\n<link rel=\"canonical\" href=\"https:\/\/www.hoecker.eu\/blog\/unzulaessige-verdachtsberichterstattung-general-anzeiger-erkennt-einstweilige-verfuegung-als-endgueltige-regelung-an\/\" \/>\n<meta property=\"og:locale\" content=\"de_DE\" \/>\n<meta property=\"og:type\" content=\"article\" \/>\n<meta property=\"og:title\" content=\"Unzul\u00e4ssige Verdachtsberichterstattung: General-Anzeiger erkennt einstweilige Verf\u00fcgung als endg\u00fcltige Regelung an.\" \/>\n<meta property=\"og:description\" content=\"In der m\u00fcndlichen Verhandlung vor der 28. Zivilkammer des LG K\u00f6ln nahm der General-Anzeiger am 03.05.2017 nach richterlichem Hinweis und in Anwesenheit des verantwortlichen Redakteurs Andreas Baumann den Widerspruch gegen die Verf\u00fcgung zur\u00fcck. Das Gericht hatte zuvor unmissverst\u00e4ndlich zum Ausdruck gebracht, dass die Anh\u00f6rung nicht ausreichend war. Der Journalist sei verpflichtet gewesen, dem Betroffenen vor [&hellip;]\" \/>\n<meta property=\"og:url\" content=\"https:\/\/www.hoecker.eu\/blog\/unzulaessige-verdachtsberichterstattung-general-anzeiger-erkennt-einstweilige-verfuegung-als-endgueltige-regelung-an\/\" \/>\n<meta property=\"og:site_name\" content=\"H\u00d6CKER - der Blog\" \/>\n<meta property=\"article:publisher\" content=\"https:\/\/www.facebook.com\/HoeckerRAe\/\" \/>\n<meta property=\"article:author\" content=\"https:\/\/www.facebook.com\/ralf.hoecker\" \/>\n<meta property=\"article:published_time\" content=\"2017-05-09T08:04:30+00:00\" \/>\n<meta property=\"article:modified_time\" content=\"2025-02-17T13:57:01+00:00\" \/>\n<meta name=\"author\" content=\"Prof. Dr. Ralf H\u00f6cker\" \/>\n<meta name=\"twitter:card\" content=\"summary_large_image\" \/>\n<meta name=\"twitter:creator\" content=\"@Ralf_Hoecker\" \/>\n<meta name=\"twitter:site\" content=\"@hoecker_rae\" \/>\n<meta name=\"twitter:label1\" content=\"Verfasst von\" \/>\n\t<meta name=\"twitter:data1\" content=\"Prof. Dr. Ralf H\u00f6cker\" \/>\n\t<meta name=\"twitter:label2\" content=\"Gesch\u00e4tzte Lesezeit\" \/>\n\t<meta name=\"twitter:data2\" content=\"1\u00a0Minute\" \/>\n<script type=\"application\/ld+json\" class=\"yoast-schema-graph\">{\"@context\":\"https:\/\/schema.org\",\"@graph\":[{\"@type\":\"Article\",\"@id\":\"https:\/\/www.hoecker.eu\/blog\/unzulaessige-verdachtsberichterstattung-general-anzeiger-erkennt-einstweilige-verfuegung-als-endgueltige-regelung-an\/#article\",\"isPartOf\":{\"@id\":\"https:\/\/www.hoecker.eu\/blog\/unzulaessige-verdachtsberichterstattung-general-anzeiger-erkennt-einstweilige-verfuegung-als-endgueltige-regelung-an\/\"},\"author\":{\"name\":\"Prof. Dr. Ralf H\u00f6cker\",\"@id\":\"https:\/\/www.hoecker.eu\/blog\/#\/schema\/person\/08f95581eed0534eccd0b2438f7a1cab\"},\"headline\":\"Unzul\u00e4ssige Verdachtsberichterstattung: General-Anzeiger erkennt einstweilige Verf\u00fcgung als endg\u00fcltige Regelung an.\",\"datePublished\":\"2017-05-09T08:04:30+00:00\",\"dateModified\":\"2025-02-17T13:57:01+00:00\",\"mainEntityOfPage\":{\"@id\":\"https:\/\/www.hoecker.eu\/blog\/unzulaessige-verdachtsberichterstattung-general-anzeiger-erkennt-einstweilige-verfuegung-als-endgueltige-regelung-an\/\"},\"wordCount\":177,\"publisher\":{\"@id\":\"https:\/\/www.hoecker.eu\/blog\/#organization\"},\"articleSection\":[\"News\"],\"inLanguage\":\"de\"},{\"@type\":\"WebPage\",\"@id\":\"https:\/\/www.hoecker.eu\/blog\/unzulaessige-verdachtsberichterstattung-general-anzeiger-erkennt-einstweilige-verfuegung-als-endgueltige-regelung-an\/\",\"url\":\"https:\/\/www.hoecker.eu\/blog\/unzulaessige-verdachtsberichterstattung-general-anzeiger-erkennt-einstweilige-verfuegung-als-endgueltige-regelung-an\/\",\"name\":\"Unzul\u00e4ssige Verdachtsberichterstattung: General-Anzeiger erkennt einstweilige Verf\u00fcgung als endg\u00fcltige Regelung an. - H\u00d6CKER - der Blog\",\"isPartOf\":{\"@id\":\"https:\/\/www.hoecker.eu\/blog\/#website\"},\"datePublished\":\"2017-05-09T08:04:30+00:00\",\"dateModified\":\"2025-02-17T13:57:01+00:00\",\"breadcrumb\":{\"@id\":\"https:\/\/www.hoecker.eu\/blog\/unzulaessige-verdachtsberichterstattung-general-anzeiger-erkennt-einstweilige-verfuegung-als-endgueltige-regelung-an\/#breadcrumb\"},\"inLanguage\":\"de\",\"potentialAction\":[{\"@type\":\"ReadAction\",\"target\":[\"https:\/\/www.hoecker.eu\/blog\/unzulaessige-verdachtsberichterstattung-general-anzeiger-erkennt-einstweilige-verfuegung-als-endgueltige-regelung-an\/\"]}]},{\"@type\":\"BreadcrumbList\",\"@id\":\"https:\/\/www.hoecker.eu\/blog\/unzulaessige-verdachtsberichterstattung-general-anzeiger-erkennt-einstweilige-verfuegung-als-endgueltige-regelung-an\/#breadcrumb\",\"itemListElement\":[{\"@type\":\"ListItem\",\"position\":1,\"name\":\"Startseite\",\"item\":\"https:\/\/dev.hoecker.eu\/blog\/\"},{\"@type\":\"ListItem\",\"position\":2,\"name\":\"Unzul\u00e4ssige Verdachtsberichterstattung: General-Anzeiger erkennt einstweilige Verf\u00fcgung als endg\u00fcltige Regelung an.\"}]},{\"@type\":\"WebSite\",\"@id\":\"https:\/\/www.hoecker.eu\/blog\/#website\",\"url\":\"https:\/\/www.hoecker.eu\/blog\/\",\"name\":\"H\u00d6CKER - der Blog\",\"description\":\"Expertenblog f\u00fcr \u00c4u\u00dferungs-, Medien-, Marken-, Urheber- und Wettbewerbsrecht.\",\"publisher\":{\"@id\":\"https:\/\/www.hoecker.eu\/blog\/#organization\"},\"potentialAction\":[{\"@type\":\"SearchAction\",\"target\":{\"@type\":\"EntryPoint\",\"urlTemplate\":\"https:\/\/www.hoecker.eu\/blog\/?s={search_term_string}\"},\"query-input\":{\"@type\":\"PropertyValueSpecification\",\"valueRequired\":true,\"valueName\":\"search_term_string\"}}],\"inLanguage\":\"de\"},{\"@type\":\"Organization\",\"@id\":\"https:\/\/www.hoecker.eu\/blog\/#organization\",\"name\":\"H\u00d6CKER Rechtsanw\u00e4lte PartGmbB\",\"alternateName\":\"H\u00d6CKER\",\"url\":\"https:\/\/www.hoecker.eu\/blog\/\",\"logo\":{\"@type\":\"ImageObject\",\"inLanguage\":\"de\",\"@id\":\"https:\/\/www.hoecker.eu\/blog\/#\/schema\/logo\/image\/\",\"url\":\"https:\/\/www.hoecker.eu\/blog\/wp-content\/uploads\/2025\/03\/Blog-Logo.webp\",\"contentUrl\":\"https:\/\/www.hoecker.eu\/blog\/wp-content\/uploads\/2025\/03\/Blog-Logo.webp\",\"width\":500,\"height\":500,\"caption\":\"H\u00d6CKER Rechtsanw\u00e4lte PartGmbB\"},\"image\":{\"@id\":\"https:\/\/www.hoecker.eu\/blog\/#\/schema\/logo\/image\/\"},\"sameAs\":[\"https:\/\/www.facebook.com\/HoeckerRAe\/\",\"https:\/\/x.com\/hoecker_rae\",\"https:\/\/www.linkedin.com\/company\/hcker-rechtsanwlte\/\",\"https:\/\/www.instagram.com\/hoecker_rae\/\"],\"email\":\"contact@hoecker.eu\",\"telephone\":\"+ 49 (0)221-933 19-10\",\"legalName\":\"H\u00d6CKER Rechtsanw\u00e4lte PartGmbB\",\"numberOfEmployees\":{\"@type\":\"QuantitativeValue\",\"minValue\":\"11\",\"maxValue\":\"50\"}},{\"@type\":\"Person\",\"@id\":\"https:\/\/www.hoecker.eu\/blog\/#\/schema\/person\/08f95581eed0534eccd0b2438f7a1cab\",\"name\":\"Prof. Dr. Ralf H\u00f6cker\",\"description\":\"Medienanwalt. Besch\u00fctzer vor mieser Presse\",\"sameAs\":[\"https:\/\/www.hoecker.eu\/wer\/prof-dr-ralf-hoecker\",\"https:\/\/www.facebook.com\/ralf.hoecker\",\"https:\/\/www.linkedin.com\/in\/prof-dr-ralf-hcker-ll-m-london-17987826\/\",\"https:\/\/x.com\/Ralf_Hoecker\"],\"url\":\"https:\/\/www.hoecker.eu\/blog\/author\/hoecker_adm\/\"}]}<\/script>\n<!-- \/ Yoast SEO Premium plugin. -->","yoast_head_json":{"title":"Unzul\u00e4ssige Verdachtsberichterstattung: General-Anzeiger erkennt einstweilige Verf\u00fcgung als endg\u00fcltige Regelung an. - H\u00d6CKER - der Blog","robots":{"index":"index","follow":"follow","max-snippet":"max-snippet:-1","max-image-preview":"max-image-preview:large","max-video-preview":"max-video-preview:-1"},"canonical":"https:\/\/www.hoecker.eu\/blog\/unzulaessige-verdachtsberichterstattung-general-anzeiger-erkennt-einstweilige-verfuegung-als-endgueltige-regelung-an\/","og_locale":"de_DE","og_type":"article","og_title":"Unzul\u00e4ssige Verdachtsberichterstattung: General-Anzeiger erkennt einstweilige Verf\u00fcgung als endg\u00fcltige Regelung an.","og_description":"In der m\u00fcndlichen Verhandlung vor der 28. Zivilkammer des LG K\u00f6ln nahm der General-Anzeiger am 03.05.2017 nach richterlichem Hinweis und in Anwesenheit des verantwortlichen Redakteurs Andreas Baumann den Widerspruch gegen die Verf\u00fcgung zur\u00fcck. Das Gericht hatte zuvor unmissverst\u00e4ndlich zum Ausdruck gebracht, dass die Anh\u00f6rung nicht ausreichend war. Der Journalist sei verpflichtet gewesen, dem Betroffenen vor [&hellip;]","og_url":"https:\/\/www.hoecker.eu\/blog\/unzulaessige-verdachtsberichterstattung-general-anzeiger-erkennt-einstweilige-verfuegung-als-endgueltige-regelung-an\/","og_site_name":"H\u00d6CKER - der Blog","article_publisher":"https:\/\/www.facebook.com\/HoeckerRAe\/","article_author":"https:\/\/www.facebook.com\/ralf.hoecker","article_published_time":"2017-05-09T08:04:30+00:00","article_modified_time":"2025-02-17T13:57:01+00:00","author":"Prof. Dr. Ralf H\u00f6cker","twitter_card":"summary_large_image","twitter_creator":"@Ralf_Hoecker","twitter_site":"@hoecker_rae","twitter_misc":{"Verfasst von":"Prof. Dr. Ralf H\u00f6cker","Gesch\u00e4tzte Lesezeit":"1\u00a0Minute"},"schema":{"@context":"https:\/\/schema.org","@graph":[{"@type":"Article","@id":"https:\/\/www.hoecker.eu\/blog\/unzulaessige-verdachtsberichterstattung-general-anzeiger-erkennt-einstweilige-verfuegung-als-endgueltige-regelung-an\/#article","isPartOf":{"@id":"https:\/\/www.hoecker.eu\/blog\/unzulaessige-verdachtsberichterstattung-general-anzeiger-erkennt-einstweilige-verfuegung-als-endgueltige-regelung-an\/"},"author":{"name":"Prof. Dr. Ralf H\u00f6cker","@id":"https:\/\/www.hoecker.eu\/blog\/#\/schema\/person\/08f95581eed0534eccd0b2438f7a1cab"},"headline":"Unzul\u00e4ssige Verdachtsberichterstattung: General-Anzeiger erkennt einstweilige Verf\u00fcgung als endg\u00fcltige Regelung an.","datePublished":"2017-05-09T08:04:30+00:00","dateModified":"2025-02-17T13:57:01+00:00","mainEntityOfPage":{"@id":"https:\/\/www.hoecker.eu\/blog\/unzulaessige-verdachtsberichterstattung-general-anzeiger-erkennt-einstweilige-verfuegung-als-endgueltige-regelung-an\/"},"wordCount":177,"publisher":{"@id":"https:\/\/www.hoecker.eu\/blog\/#organization"},"articleSection":["News"],"inLanguage":"de"},{"@type":"WebPage","@id":"https:\/\/www.hoecker.eu\/blog\/unzulaessige-verdachtsberichterstattung-general-anzeiger-erkennt-einstweilige-verfuegung-als-endgueltige-regelung-an\/","url":"https:\/\/www.hoecker.eu\/blog\/unzulaessige-verdachtsberichterstattung-general-anzeiger-erkennt-einstweilige-verfuegung-als-endgueltige-regelung-an\/","name":"Unzul\u00e4ssige Verdachtsberichterstattung: General-Anzeiger erkennt einstweilige Verf\u00fcgung als endg\u00fcltige Regelung an. - H\u00d6CKER - der Blog","isPartOf":{"@id":"https:\/\/www.hoecker.eu\/blog\/#website"},"datePublished":"2017-05-09T08:04:30+00:00","dateModified":"2025-02-17T13:57:01+00:00","breadcrumb":{"@id":"https:\/\/www.hoecker.eu\/blog\/unzulaessige-verdachtsberichterstattung-general-anzeiger-erkennt-einstweilige-verfuegung-als-endgueltige-regelung-an\/#breadcrumb"},"inLanguage":"de","potentialAction":[{"@type":"ReadAction","target":["https:\/\/www.hoecker.eu\/blog\/unzulaessige-verdachtsberichterstattung-general-anzeiger-erkennt-einstweilige-verfuegung-als-endgueltige-regelung-an\/"]}]},{"@type":"BreadcrumbList","@id":"https:\/\/www.hoecker.eu\/blog\/unzulaessige-verdachtsberichterstattung-general-anzeiger-erkennt-einstweilige-verfuegung-als-endgueltige-regelung-an\/#breadcrumb","itemListElement":[{"@type":"ListItem","position":1,"name":"Startseite","item":"https:\/\/dev.hoecker.eu\/blog\/"},{"@type":"ListItem","position":2,"name":"Unzul\u00e4ssige Verdachtsberichterstattung: General-Anzeiger erkennt einstweilige Verf\u00fcgung als endg\u00fcltige Regelung an."}]},{"@type":"WebSite","@id":"https:\/\/www.hoecker.eu\/blog\/#website","url":"https:\/\/www.hoecker.eu\/blog\/","name":"H\u00d6CKER - der Blog","description":"Expertenblog f\u00fcr \u00c4u\u00dferungs-, Medien-, Marken-, Urheber- und Wettbewerbsrecht.","publisher":{"@id":"https:\/\/www.hoecker.eu\/blog\/#organization"},"potentialAction":[{"@type":"SearchAction","target":{"@type":"EntryPoint","urlTemplate":"https:\/\/www.hoecker.eu\/blog\/?s={search_term_string}"},"query-input":{"@type":"PropertyValueSpecification","valueRequired":true,"valueName":"search_term_string"}}],"inLanguage":"de"},{"@type":"Organization","@id":"https:\/\/www.hoecker.eu\/blog\/#organization","name":"H\u00d6CKER Rechtsanw\u00e4lte PartGmbB","alternateName":"H\u00d6CKER","url":"https:\/\/www.hoecker.eu\/blog\/","logo":{"@type":"ImageObject","inLanguage":"de","@id":"https:\/\/www.hoecker.eu\/blog\/#\/schema\/logo\/image\/","url":"https:\/\/www.hoecker.eu\/blog\/wp-content\/uploads\/2025\/03\/Blog-Logo.webp","contentUrl":"https:\/\/www.hoecker.eu\/blog\/wp-content\/uploads\/2025\/03\/Blog-Logo.webp","width":500,"height":500,"caption":"H\u00d6CKER Rechtsanw\u00e4lte PartGmbB"},"image":{"@id":"https:\/\/www.hoecker.eu\/blog\/#\/schema\/logo\/image\/"},"sameAs":["https:\/\/www.facebook.com\/HoeckerRAe\/","https:\/\/x.com\/hoecker_rae","https:\/\/www.linkedin.com\/company\/hcker-rechtsanwlte\/","https:\/\/www.instagram.com\/hoecker_rae\/"],"email":"contact@hoecker.eu","telephone":"+ 49 (0)221-933 19-10","legalName":"H\u00d6CKER Rechtsanw\u00e4lte PartGmbB","numberOfEmployees":{"@type":"QuantitativeValue","minValue":"11","maxValue":"50"}},{"@type":"Person","@id":"https:\/\/www.hoecker.eu\/blog\/#\/schema\/person\/08f95581eed0534eccd0b2438f7a1cab","name":"Prof. Dr. Ralf H\u00f6cker","description":"Medienanwalt. Besch\u00fctzer vor mieser Presse","sameAs":["https:\/\/www.hoecker.eu\/wer\/prof-dr-ralf-hoecker","https:\/\/www.facebook.com\/ralf.hoecker","https:\/\/www.linkedin.com\/in\/prof-dr-ralf-hcker-ll-m-london-17987826\/","https:\/\/x.com\/Ralf_Hoecker"],"url":"https:\/\/www.hoecker.eu\/blog\/author\/hoecker_adm\/"}]}},"authors":[{"term_id":84,"user_id":1,"is_guest":0,"slug":"hoecker_adm","display_name":"Prof. Dr. Ralf H\u00f6cker","avatar_url":{"url":"https:\/\/www.hoecker.eu\/blog\/wp-content\/uploads\/2023\/12\/ProfDrRalfHoecker.jpg","url2x":"https:\/\/www.hoecker.eu\/blog\/wp-content\/uploads\/2023\/12\/ProfDrRalfHoecker.jpg"},"0":null,"1":"","2":"","3":"","4":"","5":"","6":"","7":"","8":"","9":"","10":"","11":""}],"_links":{"self":[{"href":"https:\/\/www.hoecker.eu\/blog\/wp-json\/wp\/v2\/posts\/8378","targetHints":{"allow":["GET"]}}],"collection":[{"href":"https:\/\/www.hoecker.eu\/blog\/wp-json\/wp\/v2\/posts"}],"about":[{"href":"https:\/\/www.hoecker.eu\/blog\/wp-json\/wp\/v2\/types\/post"}],"author":[{"embeddable":true,"href":"https:\/\/www.hoecker.eu\/blog\/wp-json\/wp\/v2\/users\/1"}],"replies":[{"embeddable":true,"href":"https:\/\/www.hoecker.eu\/blog\/wp-json\/wp\/v2\/comments?post=8378"}],"version-history":[{"count":1,"href":"https:\/\/www.hoecker.eu\/blog\/wp-json\/wp\/v2\/posts\/8378\/revisions"}],"predecessor-version":[{"id":9500,"href":"https:\/\/www.hoecker.eu\/blog\/wp-json\/wp\/v2\/posts\/8378\/revisions\/9500"}],"wp:attachment":[{"href":"https:\/\/www.hoecker.eu\/blog\/wp-json\/wp\/v2\/media?parent=8378"}],"wp:term":[{"taxonomy":"category","embeddable":true,"href":"https:\/\/www.hoecker.eu\/blog\/wp-json\/wp\/v2\/categories?post=8378"},{"taxonomy":"post_tag","embeddable":true,"href":"https:\/\/www.hoecker.eu\/blog\/wp-json\/wp\/v2\/tags?post=8378"},{"taxonomy":"hashtags","embeddable":true,"href":"https:\/\/www.hoecker.eu\/blog\/wp-json\/wp\/v2\/hashtags?post=8378"},{"taxonomy":"author","embeddable":true,"href":"https:\/\/www.hoecker.eu\/blog\/wp-json\/wp\/v2\/ppma_author?post=8378"}],"curies":[{"name":"wp","href":"https:\/\/api.w.org\/{rel}","templated":true}]}}