{"id":8377,"date":"2017-05-10T11:03:00","date_gmt":"2017-05-10T09:03:00","guid":{"rendered":"https:\/\/www.hoecker.eu\/blog\/stellungnahme-ignoriert-reisserischer-bericht-des-express-ueber-pruegelverdacht-im-koelner-privilege-club-verboten\/"},"modified":"2025-02-17T14:57:00","modified_gmt":"2025-02-17T13:57:00","slug":"stellungnahme-ignoriert-reisserischer-bericht-des-express-ueber-pruegelverdacht-im-koelner-privilege-club-verboten","status":"publish","type":"post","link":"https:\/\/www.hoecker.eu\/blog\/stellungnahme-ignoriert-reisserischer-bericht-des-express-ueber-pruegelverdacht-im-koelner-privilege-club-verboten\/","title":{"rendered":"Stellungnahme ignoriert \u2013 rei\u00dferischer Bericht des \u201eExpress\u201c \u00fcber Pr\u00fcgelverdacht im K\u00f6lner \u201ePrivilege\u201c-Club verboten"},"content":{"rendered":"<p \"=\"\">Der \u201eExpress\u201c hatte mehrfach \u00fcber den K\u00f6lner Club \u201ePrivilege\u201c berichtet und dabei den Vorwurf erhoben, ein Mitarbeiter habe G\u00e4ste verpr\u00fcgelt. Allerdings hatten die Redakteure des \u201eExpress\u201c in den Artikeln eine<br \/>\nStellungnahme des Club-Betreibers ignoriert, durch die der Vorwurf entkr\u00e4ftet werden konnte.<\/p>\n<p \"=\"\">Nachdem sich der &#8220;Express&#8221; geweigert hatte, eine Unterlassungserkl\u00e4rung abzugeben, leitete der Club-Betreiber gerichtliche Schritte ein. Das Landgericht K\u00f6ln hat die Berichterstattung nun per einstweiliger Verf\u00fcgung verboten (Beschl. v. 04.04.2017, Az: 28 O 105\/17, n.rkr.). <\/p>\n<p \"=\"\">Rechtsanwalt Dr. Julian Rodenbeck:<\/p>\n<p \"=\"\"><em>\u201eWenn Medien \u00fcber einen blo\u00dfen Verdacht berichten, muss der Betroffene Gelegenheit zur Stellungnahme erhalten. Geben die Medien keine Gelegenheit zu einer Stellungnahme oder ignorieren sie eine abgegebene Stellungnahme, so wird der gesamte Artikel schon allein aufgrund dieses Umstandes rechtswidrig.\u201c<\/em><\/p>\n","protected":false},"excerpt":{"rendered":"<p>Nachdem sich der &#8220;Express&#8221; geweigert hatte, eine Unterlassungserkl\u00e4rung abzugeben, leitete der Club-Betreiber gerichtliche Schritte ein. Das Landgericht K\u00f6ln hat die Berichterstattung nun per einstweiliger Verf\u00fcgung verboten (Beschl. v. 04.04.2017, Az: 28 O 105\/17, n.rkr.). \u201eWenn Medien \u00fcber einen blo\u00dfen Verdacht berichten, muss der Betroffene Gelegenheit zur Stellungnahme erhalten. Geben die Medien keine Gelegenheit zu einer [&hellip;]<\/p>\n","protected":false},"author":1,"featured_media":0,"comment_status":"closed","ping_status":"closed","sticky":false,"template":"","format":"standard","meta":{"_has_post_settings":[],"footnotes":""},"categories":[15],"tags":[],"hashtags":[],"ppma_author":[84],"class_list":["post-8377","post","type-post","status-publish","format-standard","hentry","category-news","author-hoecker_adm"],"yoast_head":"<!-- This site is optimized with the Yoast SEO Premium plugin v25.9 (Yoast SEO v27.0) - https:\/\/yoast.com\/product\/yoast-seo-premium-wordpress\/ -->\n<title>Stellungnahme ignoriert \u2013 rei\u00dferischer Bericht des \u201eExpress\u201c \u00fcber Pr\u00fcgelverdacht im K\u00f6lner \u201ePrivilege\u201c-Club verboten - H\u00d6CKER - der Blog<\/title>\n<meta name=\"robots\" content=\"index, follow, max-snippet:-1, max-image-preview:large, max-video-preview:-1\" \/>\n<link rel=\"canonical\" href=\"https:\/\/www.hoecker.eu\/blog\/stellungnahme-ignoriert-reisserischer-bericht-des-express-ueber-pruegelverdacht-im-koelner-privilege-club-verboten\/\" \/>\n<meta property=\"og:locale\" content=\"de_DE\" \/>\n<meta property=\"og:type\" content=\"article\" \/>\n<meta property=\"og:title\" content=\"Stellungnahme ignoriert \u2013 rei\u00dferischer Bericht des \u201eExpress\u201c \u00fcber Pr\u00fcgelverdacht im K\u00f6lner \u201ePrivilege\u201c-Club verboten\" \/>\n<meta property=\"og:description\" content=\"Nachdem sich der &#8220;Express&#8221; geweigert hatte, eine Unterlassungserkl\u00e4rung abzugeben, leitete der Club-Betreiber gerichtliche Schritte ein. Das Landgericht K\u00f6ln hat die Berichterstattung nun per einstweiliger Verf\u00fcgung verboten (Beschl. v. 04.04.2017, Az: 28 O 105\/17, n.rkr.). \u201eWenn Medien \u00fcber einen blo\u00dfen Verdacht berichten, muss der Betroffene Gelegenheit zur Stellungnahme erhalten. Geben die Medien keine Gelegenheit zu einer [&hellip;]\" \/>\n<meta property=\"og:url\" content=\"https:\/\/www.hoecker.eu\/blog\/stellungnahme-ignoriert-reisserischer-bericht-des-express-ueber-pruegelverdacht-im-koelner-privilege-club-verboten\/\" \/>\n<meta property=\"og:site_name\" content=\"H\u00d6CKER - der Blog\" \/>\n<meta property=\"article:publisher\" content=\"https:\/\/www.facebook.com\/HoeckerRAe\/\" \/>\n<meta property=\"article:author\" content=\"https:\/\/www.facebook.com\/ralf.hoecker\" \/>\n<meta property=\"article:published_time\" content=\"2017-05-10T09:03:00+00:00\" \/>\n<meta property=\"article:modified_time\" content=\"2025-02-17T13:57:00+00:00\" \/>\n<meta name=\"author\" content=\"Prof. Dr. Ralf H\u00f6cker\" \/>\n<meta name=\"twitter:card\" content=\"summary_large_image\" \/>\n<meta name=\"twitter:creator\" content=\"@Ralf_Hoecker\" \/>\n<meta name=\"twitter:site\" content=\"@hoecker_rae\" \/>\n<meta name=\"twitter:label1\" content=\"Verfasst von\" \/>\n\t<meta name=\"twitter:data1\" content=\"Prof. Dr. Ralf H\u00f6cker\" \/>\n<script type=\"application\/ld+json\" class=\"yoast-schema-graph\">{\"@context\":\"https:\/\/schema.org\",\"@graph\":[{\"@type\":\"Article\",\"@id\":\"https:\/\/www.hoecker.eu\/blog\/stellungnahme-ignoriert-reisserischer-bericht-des-express-ueber-pruegelverdacht-im-koelner-privilege-club-verboten\/#article\",\"isPartOf\":{\"@id\":\"https:\/\/www.hoecker.eu\/blog\/stellungnahme-ignoriert-reisserischer-bericht-des-express-ueber-pruegelverdacht-im-koelner-privilege-club-verboten\/\"},\"author\":{\"name\":\"Prof. Dr. Ralf H\u00f6cker\",\"@id\":\"https:\/\/www.hoecker.eu\/blog\/#\/schema\/person\/08f95581eed0534eccd0b2438f7a1cab\"},\"headline\":\"Stellungnahme ignoriert \u2013 rei\u00dferischer Bericht des \u201eExpress\u201c \u00fcber Pr\u00fcgelverdacht im K\u00f6lner \u201ePrivilege\u201c-Club verboten\",\"datePublished\":\"2017-05-10T09:03:00+00:00\",\"dateModified\":\"2025-02-17T13:57:00+00:00\",\"mainEntityOfPage\":{\"@id\":\"https:\/\/www.hoecker.eu\/blog\/stellungnahme-ignoriert-reisserischer-bericht-des-express-ueber-pruegelverdacht-im-koelner-privilege-club-verboten\/\"},\"wordCount\":91,\"publisher\":{\"@id\":\"https:\/\/www.hoecker.eu\/blog\/#organization\"},\"articleSection\":[\"News\"],\"inLanguage\":\"de\"},{\"@type\":\"WebPage\",\"@id\":\"https:\/\/www.hoecker.eu\/blog\/stellungnahme-ignoriert-reisserischer-bericht-des-express-ueber-pruegelverdacht-im-koelner-privilege-club-verboten\/\",\"url\":\"https:\/\/www.hoecker.eu\/blog\/stellungnahme-ignoriert-reisserischer-bericht-des-express-ueber-pruegelverdacht-im-koelner-privilege-club-verboten\/\",\"name\":\"Stellungnahme ignoriert \u2013 rei\u00dferischer Bericht des \u201eExpress\u201c \u00fcber Pr\u00fcgelverdacht im K\u00f6lner \u201ePrivilege\u201c-Club verboten - H\u00d6CKER - der Blog\",\"isPartOf\":{\"@id\":\"https:\/\/www.hoecker.eu\/blog\/#website\"},\"datePublished\":\"2017-05-10T09:03:00+00:00\",\"dateModified\":\"2025-02-17T13:57:00+00:00\",\"breadcrumb\":{\"@id\":\"https:\/\/www.hoecker.eu\/blog\/stellungnahme-ignoriert-reisserischer-bericht-des-express-ueber-pruegelverdacht-im-koelner-privilege-club-verboten\/#breadcrumb\"},\"inLanguage\":\"de\",\"potentialAction\":[{\"@type\":\"ReadAction\",\"target\":[\"https:\/\/www.hoecker.eu\/blog\/stellungnahme-ignoriert-reisserischer-bericht-des-express-ueber-pruegelverdacht-im-koelner-privilege-club-verboten\/\"]}]},{\"@type\":\"BreadcrumbList\",\"@id\":\"https:\/\/www.hoecker.eu\/blog\/stellungnahme-ignoriert-reisserischer-bericht-des-express-ueber-pruegelverdacht-im-koelner-privilege-club-verboten\/#breadcrumb\",\"itemListElement\":[{\"@type\":\"ListItem\",\"position\":1,\"name\":\"Startseite\",\"item\":\"https:\/\/dev.hoecker.eu\/blog\/\"},{\"@type\":\"ListItem\",\"position\":2,\"name\":\"Stellungnahme ignoriert \u2013 rei\u00dferischer Bericht des \u201eExpress\u201c \u00fcber Pr\u00fcgelverdacht im K\u00f6lner \u201ePrivilege\u201c-Club verboten\"}]},{\"@type\":\"WebSite\",\"@id\":\"https:\/\/www.hoecker.eu\/blog\/#website\",\"url\":\"https:\/\/www.hoecker.eu\/blog\/\",\"name\":\"H\u00d6CKER - der Blog\",\"description\":\"Expertenblog f\u00fcr \u00c4u\u00dferungs-, Medien-, Marken-, Urheber- und Wettbewerbsrecht.\",\"publisher\":{\"@id\":\"https:\/\/www.hoecker.eu\/blog\/#organization\"},\"potentialAction\":[{\"@type\":\"SearchAction\",\"target\":{\"@type\":\"EntryPoint\",\"urlTemplate\":\"https:\/\/www.hoecker.eu\/blog\/?s={search_term_string}\"},\"query-input\":{\"@type\":\"PropertyValueSpecification\",\"valueRequired\":true,\"valueName\":\"search_term_string\"}}],\"inLanguage\":\"de\"},{\"@type\":\"Organization\",\"@id\":\"https:\/\/www.hoecker.eu\/blog\/#organization\",\"name\":\"H\u00d6CKER Rechtsanw\u00e4lte PartGmbB\",\"alternateName\":\"H\u00d6CKER\",\"url\":\"https:\/\/www.hoecker.eu\/blog\/\",\"logo\":{\"@type\":\"ImageObject\",\"inLanguage\":\"de\",\"@id\":\"https:\/\/www.hoecker.eu\/blog\/#\/schema\/logo\/image\/\",\"url\":\"https:\/\/www.hoecker.eu\/blog\/wp-content\/uploads\/2025\/03\/Blog-Logo.webp\",\"contentUrl\":\"https:\/\/www.hoecker.eu\/blog\/wp-content\/uploads\/2025\/03\/Blog-Logo.webp\",\"width\":500,\"height\":500,\"caption\":\"H\u00d6CKER Rechtsanw\u00e4lte PartGmbB\"},\"image\":{\"@id\":\"https:\/\/www.hoecker.eu\/blog\/#\/schema\/logo\/image\/\"},\"sameAs\":[\"https:\/\/www.facebook.com\/HoeckerRAe\/\",\"https:\/\/x.com\/hoecker_rae\",\"https:\/\/www.linkedin.com\/company\/hcker-rechtsanwlte\/\",\"https:\/\/www.instagram.com\/hoecker_rae\/\"],\"email\":\"contact@hoecker.eu\",\"telephone\":\"+ 49 (0)221-933 19-10\",\"legalName\":\"H\u00d6CKER Rechtsanw\u00e4lte PartGmbB\",\"numberOfEmployees\":{\"@type\":\"QuantitativeValue\",\"minValue\":\"11\",\"maxValue\":\"50\"}},{\"@type\":\"Person\",\"@id\":\"https:\/\/www.hoecker.eu\/blog\/#\/schema\/person\/08f95581eed0534eccd0b2438f7a1cab\",\"name\":\"Prof. Dr. Ralf H\u00f6cker\",\"description\":\"Medienanwalt. Besch\u00fctzer vor mieser Presse\",\"sameAs\":[\"https:\/\/www.hoecker.eu\/wer\/prof-dr-ralf-hoecker\",\"https:\/\/www.facebook.com\/ralf.hoecker\",\"https:\/\/www.linkedin.com\/in\/prof-dr-ralf-hcker-ll-m-london-17987826\/\",\"https:\/\/x.com\/Ralf_Hoecker\"],\"url\":\"https:\/\/www.hoecker.eu\/blog\/author\/hoecker_adm\/\"}]}<\/script>\n<!-- \/ Yoast SEO Premium plugin. -->","yoast_head_json":{"title":"Stellungnahme ignoriert \u2013 rei\u00dferischer Bericht des \u201eExpress\u201c \u00fcber Pr\u00fcgelverdacht im K\u00f6lner \u201ePrivilege\u201c-Club verboten - H\u00d6CKER - der Blog","robots":{"index":"index","follow":"follow","max-snippet":"max-snippet:-1","max-image-preview":"max-image-preview:large","max-video-preview":"max-video-preview:-1"},"canonical":"https:\/\/www.hoecker.eu\/blog\/stellungnahme-ignoriert-reisserischer-bericht-des-express-ueber-pruegelverdacht-im-koelner-privilege-club-verboten\/","og_locale":"de_DE","og_type":"article","og_title":"Stellungnahme ignoriert \u2013 rei\u00dferischer Bericht des \u201eExpress\u201c \u00fcber Pr\u00fcgelverdacht im K\u00f6lner \u201ePrivilege\u201c-Club verboten","og_description":"Nachdem sich der &#8220;Express&#8221; geweigert hatte, eine Unterlassungserkl\u00e4rung abzugeben, leitete der Club-Betreiber gerichtliche Schritte ein. Das Landgericht K\u00f6ln hat die Berichterstattung nun per einstweiliger Verf\u00fcgung verboten (Beschl. v. 04.04.2017, Az: 28 O 105\/17, n.rkr.). \u201eWenn Medien \u00fcber einen blo\u00dfen Verdacht berichten, muss der Betroffene Gelegenheit zur Stellungnahme erhalten. Geben die Medien keine Gelegenheit zu einer [&hellip;]","og_url":"https:\/\/www.hoecker.eu\/blog\/stellungnahme-ignoriert-reisserischer-bericht-des-express-ueber-pruegelverdacht-im-koelner-privilege-club-verboten\/","og_site_name":"H\u00d6CKER - der Blog","article_publisher":"https:\/\/www.facebook.com\/HoeckerRAe\/","article_author":"https:\/\/www.facebook.com\/ralf.hoecker","article_published_time":"2017-05-10T09:03:00+00:00","article_modified_time":"2025-02-17T13:57:00+00:00","author":"Prof. Dr. Ralf H\u00f6cker","twitter_card":"summary_large_image","twitter_creator":"@Ralf_Hoecker","twitter_site":"@hoecker_rae","twitter_misc":{"Verfasst von":"Prof. Dr. Ralf H\u00f6cker"},"schema":{"@context":"https:\/\/schema.org","@graph":[{"@type":"Article","@id":"https:\/\/www.hoecker.eu\/blog\/stellungnahme-ignoriert-reisserischer-bericht-des-express-ueber-pruegelverdacht-im-koelner-privilege-club-verboten\/#article","isPartOf":{"@id":"https:\/\/www.hoecker.eu\/blog\/stellungnahme-ignoriert-reisserischer-bericht-des-express-ueber-pruegelverdacht-im-koelner-privilege-club-verboten\/"},"author":{"name":"Prof. Dr. Ralf H\u00f6cker","@id":"https:\/\/www.hoecker.eu\/blog\/#\/schema\/person\/08f95581eed0534eccd0b2438f7a1cab"},"headline":"Stellungnahme ignoriert \u2013 rei\u00dferischer Bericht des \u201eExpress\u201c \u00fcber Pr\u00fcgelverdacht im K\u00f6lner \u201ePrivilege\u201c-Club verboten","datePublished":"2017-05-10T09:03:00+00:00","dateModified":"2025-02-17T13:57:00+00:00","mainEntityOfPage":{"@id":"https:\/\/www.hoecker.eu\/blog\/stellungnahme-ignoriert-reisserischer-bericht-des-express-ueber-pruegelverdacht-im-koelner-privilege-club-verboten\/"},"wordCount":91,"publisher":{"@id":"https:\/\/www.hoecker.eu\/blog\/#organization"},"articleSection":["News"],"inLanguage":"de"},{"@type":"WebPage","@id":"https:\/\/www.hoecker.eu\/blog\/stellungnahme-ignoriert-reisserischer-bericht-des-express-ueber-pruegelverdacht-im-koelner-privilege-club-verboten\/","url":"https:\/\/www.hoecker.eu\/blog\/stellungnahme-ignoriert-reisserischer-bericht-des-express-ueber-pruegelverdacht-im-koelner-privilege-club-verboten\/","name":"Stellungnahme ignoriert \u2013 rei\u00dferischer Bericht des \u201eExpress\u201c \u00fcber Pr\u00fcgelverdacht im K\u00f6lner \u201ePrivilege\u201c-Club verboten - H\u00d6CKER - der Blog","isPartOf":{"@id":"https:\/\/www.hoecker.eu\/blog\/#website"},"datePublished":"2017-05-10T09:03:00+00:00","dateModified":"2025-02-17T13:57:00+00:00","breadcrumb":{"@id":"https:\/\/www.hoecker.eu\/blog\/stellungnahme-ignoriert-reisserischer-bericht-des-express-ueber-pruegelverdacht-im-koelner-privilege-club-verboten\/#breadcrumb"},"inLanguage":"de","potentialAction":[{"@type":"ReadAction","target":["https:\/\/www.hoecker.eu\/blog\/stellungnahme-ignoriert-reisserischer-bericht-des-express-ueber-pruegelverdacht-im-koelner-privilege-club-verboten\/"]}]},{"@type":"BreadcrumbList","@id":"https:\/\/www.hoecker.eu\/blog\/stellungnahme-ignoriert-reisserischer-bericht-des-express-ueber-pruegelverdacht-im-koelner-privilege-club-verboten\/#breadcrumb","itemListElement":[{"@type":"ListItem","position":1,"name":"Startseite","item":"https:\/\/dev.hoecker.eu\/blog\/"},{"@type":"ListItem","position":2,"name":"Stellungnahme ignoriert \u2013 rei\u00dferischer Bericht des \u201eExpress\u201c \u00fcber Pr\u00fcgelverdacht im K\u00f6lner \u201ePrivilege\u201c-Club verboten"}]},{"@type":"WebSite","@id":"https:\/\/www.hoecker.eu\/blog\/#website","url":"https:\/\/www.hoecker.eu\/blog\/","name":"H\u00d6CKER - der Blog","description":"Expertenblog f\u00fcr \u00c4u\u00dferungs-, Medien-, Marken-, Urheber- und Wettbewerbsrecht.","publisher":{"@id":"https:\/\/www.hoecker.eu\/blog\/#organization"},"potentialAction":[{"@type":"SearchAction","target":{"@type":"EntryPoint","urlTemplate":"https:\/\/www.hoecker.eu\/blog\/?s={search_term_string}"},"query-input":{"@type":"PropertyValueSpecification","valueRequired":true,"valueName":"search_term_string"}}],"inLanguage":"de"},{"@type":"Organization","@id":"https:\/\/www.hoecker.eu\/blog\/#organization","name":"H\u00d6CKER Rechtsanw\u00e4lte PartGmbB","alternateName":"H\u00d6CKER","url":"https:\/\/www.hoecker.eu\/blog\/","logo":{"@type":"ImageObject","inLanguage":"de","@id":"https:\/\/www.hoecker.eu\/blog\/#\/schema\/logo\/image\/","url":"https:\/\/www.hoecker.eu\/blog\/wp-content\/uploads\/2025\/03\/Blog-Logo.webp","contentUrl":"https:\/\/www.hoecker.eu\/blog\/wp-content\/uploads\/2025\/03\/Blog-Logo.webp","width":500,"height":500,"caption":"H\u00d6CKER Rechtsanw\u00e4lte PartGmbB"},"image":{"@id":"https:\/\/www.hoecker.eu\/blog\/#\/schema\/logo\/image\/"},"sameAs":["https:\/\/www.facebook.com\/HoeckerRAe\/","https:\/\/x.com\/hoecker_rae","https:\/\/www.linkedin.com\/company\/hcker-rechtsanwlte\/","https:\/\/www.instagram.com\/hoecker_rae\/"],"email":"contact@hoecker.eu","telephone":"+ 49 (0)221-933 19-10","legalName":"H\u00d6CKER Rechtsanw\u00e4lte PartGmbB","numberOfEmployees":{"@type":"QuantitativeValue","minValue":"11","maxValue":"50"}},{"@type":"Person","@id":"https:\/\/www.hoecker.eu\/blog\/#\/schema\/person\/08f95581eed0534eccd0b2438f7a1cab","name":"Prof. Dr. Ralf H\u00f6cker","description":"Medienanwalt. Besch\u00fctzer vor mieser Presse","sameAs":["https:\/\/www.hoecker.eu\/wer\/prof-dr-ralf-hoecker","https:\/\/www.facebook.com\/ralf.hoecker","https:\/\/www.linkedin.com\/in\/prof-dr-ralf-hcker-ll-m-london-17987826\/","https:\/\/x.com\/Ralf_Hoecker"],"url":"https:\/\/www.hoecker.eu\/blog\/author\/hoecker_adm\/"}]}},"authors":[{"term_id":84,"user_id":1,"is_guest":0,"slug":"hoecker_adm","display_name":"Prof. Dr. Ralf H\u00f6cker","avatar_url":{"url":"https:\/\/www.hoecker.eu\/blog\/wp-content\/uploads\/2023\/12\/ProfDrRalfHoecker.jpg","url2x":"https:\/\/www.hoecker.eu\/blog\/wp-content\/uploads\/2023\/12\/ProfDrRalfHoecker.jpg"},"0":null,"1":"","2":"","3":"","4":"","5":"","6":"","7":"","8":"","9":"","10":"","11":""}],"_links":{"self":[{"href":"https:\/\/www.hoecker.eu\/blog\/wp-json\/wp\/v2\/posts\/8377","targetHints":{"allow":["GET"]}}],"collection":[{"href":"https:\/\/www.hoecker.eu\/blog\/wp-json\/wp\/v2\/posts"}],"about":[{"href":"https:\/\/www.hoecker.eu\/blog\/wp-json\/wp\/v2\/types\/post"}],"author":[{"embeddable":true,"href":"https:\/\/www.hoecker.eu\/blog\/wp-json\/wp\/v2\/users\/1"}],"replies":[{"embeddable":true,"href":"https:\/\/www.hoecker.eu\/blog\/wp-json\/wp\/v2\/comments?post=8377"}],"version-history":[{"count":1,"href":"https:\/\/www.hoecker.eu\/blog\/wp-json\/wp\/v2\/posts\/8377\/revisions"}],"predecessor-version":[{"id":9499,"href":"https:\/\/www.hoecker.eu\/blog\/wp-json\/wp\/v2\/posts\/8377\/revisions\/9499"}],"wp:attachment":[{"href":"https:\/\/www.hoecker.eu\/blog\/wp-json\/wp\/v2\/media?parent=8377"}],"wp:term":[{"taxonomy":"category","embeddable":true,"href":"https:\/\/www.hoecker.eu\/blog\/wp-json\/wp\/v2\/categories?post=8377"},{"taxonomy":"post_tag","embeddable":true,"href":"https:\/\/www.hoecker.eu\/blog\/wp-json\/wp\/v2\/tags?post=8377"},{"taxonomy":"hashtags","embeddable":true,"href":"https:\/\/www.hoecker.eu\/blog\/wp-json\/wp\/v2\/hashtags?post=8377"},{"taxonomy":"author","embeddable":true,"href":"https:\/\/www.hoecker.eu\/blog\/wp-json\/wp\/v2\/ppma_author?post=8377"}],"curies":[{"name":"wp","href":"https:\/\/api.w.org\/{rel}","templated":true}]}}