{"id":8376,"date":"2017-05-11T14:02:39","date_gmt":"2017-05-11T12:02:39","guid":{"rendered":"https:\/\/www.hoecker.eu\/blog\/landgericht-duesseldorf-korrigiert-correctiv-bericht-ueber-intime-details-aus-dem-sexualleben-einer-politikerin-verboten\/"},"modified":"2025-02-17T14:56:59","modified_gmt":"2025-02-17T13:56:59","slug":"landgericht-duesseldorf-korrigiert-correctiv-bericht-ueber-intime-details-aus-dem-sexualleben-einer-politikerin-verboten","status":"publish","type":"post","link":"https:\/\/www.hoecker.eu\/blog\/landgericht-duesseldorf-korrigiert-correctiv-bericht-ueber-intime-details-aus-dem-sexualleben-einer-politikerin-verboten\/","title":{"rendered":"Landgericht D\u00fcsseldorf korrigiert CORRECTIV &#8211; Bericht \u00fcber intime Details aus dem Sexualleben einer Politikerin verboten."},"content":{"rendered":"<p \"=\"\">CORRECTIV r\u00fchmt sich in seiner Selbstdarstellung als \u201edas erste Recherchezentrum in Deutschland, das nicht gewinnorientiert ist.\u201c In der Selbstbeschreibung gibt CORRECTIV weiter an, dass es Kern des Journalismus sei, Missst\u00e4nde aufzudecken und deshalb zu Themen wie Korruption im Gesundheitswesen, Machtmissbrauch von Politikern und sozialer Ungleichheit recherchiert werde. F\u00fcr diese Arbeit wirbt CORRECTIV auf der eigenen Webseite um die finanzielle Unterst\u00fctzung von F\u00f6rderern.<\/p>\n<p \"=\"\">Dieses eigene Selbstverst\u00e4ndnis und den darin beschriebenen journalistischen Ethos halten CORRECTIV und deren Gesch\u00e4ftsf\u00fchrer David Schraven jedoch selbst nicht ein: Schraven ver\u00f6ffentlichte auf der Webseite correctiv.org einen Artikel, in dem unter Namensnennung und Bebilderung einer Politikerin intimste Details aus deren privaten Sexualleben preisgegeben wurden.<\/p>\n<p \"=\"\">Das Landgericht D\u00fcsseldorf hat diesen Bericht auf Antrag von H\u00d6CKER nun mit einstweiliger Verf\u00fcgung verboten (Beschl. v. 10.05.2017, Az: 12 O 95\/17, n.rkr.). Das Gericht folgte dabei der Argumentation von H\u00d6CKER, dass es auch bei Bewerbern um ein politisches Mandat kein \u00f6ffentliches Informationsinteresse an Details aus deren Sexualleben gibt. Denn diese Details sind von der absolut gesch\u00fctzten Intimsph\u00e4re erfasst. Hinzu kommt, dass die Informationen f\u00fcr eine objektive Bewertung eines Bewerbers schlichtweg unerheblich sind. F\u00fcr die Frage der \u201eTauglichkeit\u201c eines Bewerbers um ein politisches Mandat ist dessen Sexualorientierung und\/oder intime Details aus dessen Sexualleben ohne jeden Belang.<\/p>\n<p \"=\"\">Pikant an dem Fall ist, dass der Autor David Schraven die Politikerin vor der Berichterstattung um eine Stellungnahme gebeten hatte. H\u00d6CKER hatte David Schraven darauf im Namen der Politikerin ausdr\u00fccklich mitgeteilt, dass und aus welchem Grund <u>jede Berichterstattung \u00fcber diese intimen Details aus der Privatsph\u00e4re rechtswidrig ist<\/u> und forderte Herrn Schraven auf, von der Ver\u00f6ffentlichung dieser Details abzusehen. Gleichwohl entschied sich Herr Schraven daf\u00fcr, die Intimsph\u00e4re der Politikerin zu verletzen und ver\u00f6ffentlichte die Details.<\/p>\n<p \"=\"\">Nachdem der CORRECTIV-Bericht in verschiedenen Medien und zahlreichen Kommentaren auf der Webseite correctiv.org als offensichtlich rechtswidrig kritisiert worden war, versuchte Schraven anschlie\u00dfend die Berichterstattung damit zu rechtfertigen, dass die Politikerin durch die intimen sexuellen Details theoretisch erpressbar sei. Daher m\u00fcsse man die intimen Details der \u00d6ffentlichkeit zur Kenntnis bringen, um die Politikerin vor eine Erpressbarkeit zu sch\u00fctzen.<\/p>\n<p \"=\"\">Allerdings erteilte das Landgericht D\u00fcsseldorf auch dieser offensichtlich vorgeschobenen Argumentation eine Absage.<\/p>\n<p \"=\"\">Dr. Carsten Brennecke:<i><br \/><\/i><\/p>\n<p \"=\"\"><i>\u201eDetails zu legalen sexuellen Praktiken eines Politikers oder einer Politikerin geh\u00f6ren zu deren Intimsph\u00e4re. Dar\u00fcber darf in der \u00d6ffentlichkeit nicht berichtet werden. Dass CORRECTIV und insbesondere ihr Gesch\u00e4ftsf\u00fchrer und Autor David Schraven diese Details trotz vorheriger Sensibilisierung f\u00fcr die Rechte der betroffenen Politikerin dennoch ver\u00f6ffentlichten, ist mehr als bemerkenswert: So widerspricht dieser voyeuristisch gepr\u00e4gte Boulevard-Bericht ganz offensichtlich den eigenen Grunds\u00e4tzen und dem angeblichen Selbstverst\u00e4ndnis von CORRECTIV. Offensichtlich ging es hier nicht darum, Missst\u00e4nde aufzudecken, sondern mit einem voyeuristischen Bericht Leser zu gewinnen. Das ist BILD-Niveau.\u201c<\/i><\/p>\n","protected":false},"excerpt":{"rendered":"<p>Dieses eigene Selbstverst\u00e4ndnis und den darin beschriebenen journalistischen Ethos halten CORRECTIV und deren Gesch\u00e4ftsf\u00fchrer David Schraven jedoch selbst nicht ein: Schraven ver\u00f6ffentlichte auf der Webseite correctiv.org einen Artikel, in dem unter Namensnennung und Bebilderung einer Politikerin intimste Details aus deren privaten Sexualleben preisgegeben wurden. Pikant an dem Fall ist, dass der Autor David Schraven die [&hellip;]<\/p>\n","protected":false},"author":1,"featured_media":0,"comment_status":"closed","ping_status":"closed","sticky":false,"template":"","format":"standard","meta":{"_has_post_settings":[],"footnotes":""},"categories":[15],"tags":[],"hashtags":[],"ppma_author":[84],"class_list":["post-8376","post","type-post","status-publish","format-standard","hentry","category-news","author-hoecker_adm"],"yoast_head":"<!-- This site is optimized with the Yoast SEO Premium plugin v25.9 (Yoast SEO v27.0) - https:\/\/yoast.com\/product\/yoast-seo-premium-wordpress\/ -->\n<title>Landgericht D\u00fcsseldorf korrigiert CORRECTIV - Bericht \u00fcber intime Details aus dem Sexualleben einer Politikerin verboten. - H\u00d6CKER - der Blog<\/title>\n<meta name=\"robots\" content=\"index, follow, max-snippet:-1, max-image-preview:large, max-video-preview:-1\" \/>\n<link rel=\"canonical\" href=\"https:\/\/www.hoecker.eu\/blog\/landgericht-duesseldorf-korrigiert-correctiv-bericht-ueber-intime-details-aus-dem-sexualleben-einer-politikerin-verboten\/\" \/>\n<meta property=\"og:locale\" content=\"de_DE\" \/>\n<meta property=\"og:type\" content=\"article\" \/>\n<meta property=\"og:title\" content=\"Landgericht D\u00fcsseldorf korrigiert CORRECTIV - Bericht \u00fcber intime Details aus dem Sexualleben einer Politikerin verboten.\" \/>\n<meta property=\"og:description\" content=\"Dieses eigene Selbstverst\u00e4ndnis und den darin beschriebenen journalistischen Ethos halten CORRECTIV und deren Gesch\u00e4ftsf\u00fchrer David Schraven jedoch selbst nicht ein: Schraven ver\u00f6ffentlichte auf der Webseite correctiv.org einen Artikel, in dem unter Namensnennung und Bebilderung einer Politikerin intimste Details aus deren privaten Sexualleben preisgegeben wurden. Pikant an dem Fall ist, dass der Autor David Schraven die [&hellip;]\" \/>\n<meta property=\"og:url\" content=\"https:\/\/www.hoecker.eu\/blog\/landgericht-duesseldorf-korrigiert-correctiv-bericht-ueber-intime-details-aus-dem-sexualleben-einer-politikerin-verboten\/\" \/>\n<meta property=\"og:site_name\" content=\"H\u00d6CKER - der Blog\" \/>\n<meta property=\"article:publisher\" content=\"https:\/\/www.facebook.com\/HoeckerRAe\/\" \/>\n<meta property=\"article:author\" content=\"https:\/\/www.facebook.com\/ralf.hoecker\" \/>\n<meta property=\"article:published_time\" content=\"2017-05-11T12:02:39+00:00\" \/>\n<meta property=\"article:modified_time\" content=\"2025-02-17T13:56:59+00:00\" \/>\n<meta name=\"author\" content=\"Prof. Dr. Ralf H\u00f6cker\" \/>\n<meta name=\"twitter:card\" content=\"summary_large_image\" \/>\n<meta name=\"twitter:creator\" content=\"@Ralf_Hoecker\" \/>\n<meta name=\"twitter:site\" content=\"@hoecker_rae\" \/>\n<meta name=\"twitter:label1\" content=\"Verfasst von\" \/>\n\t<meta name=\"twitter:data1\" content=\"Prof. Dr. Ralf H\u00f6cker\" \/>\n\t<meta name=\"twitter:label2\" content=\"Gesch\u00e4tzte Lesezeit\" \/>\n\t<meta name=\"twitter:data2\" content=\"1\u00a0Minute\" \/>\n<script type=\"application\/ld+json\" class=\"yoast-schema-graph\">{\"@context\":\"https:\/\/schema.org\",\"@graph\":[{\"@type\":\"Article\",\"@id\":\"https:\/\/www.hoecker.eu\/blog\/landgericht-duesseldorf-korrigiert-correctiv-bericht-ueber-intime-details-aus-dem-sexualleben-einer-politikerin-verboten\/#article\",\"isPartOf\":{\"@id\":\"https:\/\/www.hoecker.eu\/blog\/landgericht-duesseldorf-korrigiert-correctiv-bericht-ueber-intime-details-aus-dem-sexualleben-einer-politikerin-verboten\/\"},\"author\":{\"name\":\"Prof. Dr. Ralf H\u00f6cker\",\"@id\":\"https:\/\/www.hoecker.eu\/blog\/#\/schema\/person\/08f95581eed0534eccd0b2438f7a1cab\"},\"headline\":\"Landgericht D\u00fcsseldorf korrigiert CORRECTIV &#8211; Bericht \u00fcber intime Details aus dem Sexualleben einer Politikerin verboten.\",\"datePublished\":\"2017-05-11T12:02:39+00:00\",\"dateModified\":\"2025-02-17T13:56:59+00:00\",\"mainEntityOfPage\":{\"@id\":\"https:\/\/www.hoecker.eu\/blog\/landgericht-duesseldorf-korrigiert-correctiv-bericht-ueber-intime-details-aus-dem-sexualleben-einer-politikerin-verboten\/\"},\"wordCount\":255,\"publisher\":{\"@id\":\"https:\/\/www.hoecker.eu\/blog\/#organization\"},\"articleSection\":[\"News\"],\"inLanguage\":\"de\"},{\"@type\":\"WebPage\",\"@id\":\"https:\/\/www.hoecker.eu\/blog\/landgericht-duesseldorf-korrigiert-correctiv-bericht-ueber-intime-details-aus-dem-sexualleben-einer-politikerin-verboten\/\",\"url\":\"https:\/\/www.hoecker.eu\/blog\/landgericht-duesseldorf-korrigiert-correctiv-bericht-ueber-intime-details-aus-dem-sexualleben-einer-politikerin-verboten\/\",\"name\":\"Landgericht D\u00fcsseldorf korrigiert CORRECTIV - Bericht \u00fcber intime Details aus dem Sexualleben einer Politikerin verboten. - H\u00d6CKER - der Blog\",\"isPartOf\":{\"@id\":\"https:\/\/www.hoecker.eu\/blog\/#website\"},\"datePublished\":\"2017-05-11T12:02:39+00:00\",\"dateModified\":\"2025-02-17T13:56:59+00:00\",\"breadcrumb\":{\"@id\":\"https:\/\/www.hoecker.eu\/blog\/landgericht-duesseldorf-korrigiert-correctiv-bericht-ueber-intime-details-aus-dem-sexualleben-einer-politikerin-verboten\/#breadcrumb\"},\"inLanguage\":\"de\",\"potentialAction\":[{\"@type\":\"ReadAction\",\"target\":[\"https:\/\/www.hoecker.eu\/blog\/landgericht-duesseldorf-korrigiert-correctiv-bericht-ueber-intime-details-aus-dem-sexualleben-einer-politikerin-verboten\/\"]}]},{\"@type\":\"BreadcrumbList\",\"@id\":\"https:\/\/www.hoecker.eu\/blog\/landgericht-duesseldorf-korrigiert-correctiv-bericht-ueber-intime-details-aus-dem-sexualleben-einer-politikerin-verboten\/#breadcrumb\",\"itemListElement\":[{\"@type\":\"ListItem\",\"position\":1,\"name\":\"Startseite\",\"item\":\"https:\/\/dev.hoecker.eu\/blog\/\"},{\"@type\":\"ListItem\",\"position\":2,\"name\":\"Landgericht D\u00fcsseldorf korrigiert CORRECTIV &#8211; Bericht \u00fcber intime Details aus dem Sexualleben einer Politikerin verboten.\"}]},{\"@type\":\"WebSite\",\"@id\":\"https:\/\/www.hoecker.eu\/blog\/#website\",\"url\":\"https:\/\/www.hoecker.eu\/blog\/\",\"name\":\"H\u00d6CKER - der Blog\",\"description\":\"Expertenblog f\u00fcr \u00c4u\u00dferungs-, Medien-, Marken-, Urheber- und Wettbewerbsrecht.\",\"publisher\":{\"@id\":\"https:\/\/www.hoecker.eu\/blog\/#organization\"},\"potentialAction\":[{\"@type\":\"SearchAction\",\"target\":{\"@type\":\"EntryPoint\",\"urlTemplate\":\"https:\/\/www.hoecker.eu\/blog\/?s={search_term_string}\"},\"query-input\":{\"@type\":\"PropertyValueSpecification\",\"valueRequired\":true,\"valueName\":\"search_term_string\"}}],\"inLanguage\":\"de\"},{\"@type\":\"Organization\",\"@id\":\"https:\/\/www.hoecker.eu\/blog\/#organization\",\"name\":\"H\u00d6CKER Rechtsanw\u00e4lte PartGmbB\",\"alternateName\":\"H\u00d6CKER\",\"url\":\"https:\/\/www.hoecker.eu\/blog\/\",\"logo\":{\"@type\":\"ImageObject\",\"inLanguage\":\"de\",\"@id\":\"https:\/\/www.hoecker.eu\/blog\/#\/schema\/logo\/image\/\",\"url\":\"https:\/\/www.hoecker.eu\/blog\/wp-content\/uploads\/2025\/03\/Blog-Logo.webp\",\"contentUrl\":\"https:\/\/www.hoecker.eu\/blog\/wp-content\/uploads\/2025\/03\/Blog-Logo.webp\",\"width\":500,\"height\":500,\"caption\":\"H\u00d6CKER Rechtsanw\u00e4lte PartGmbB\"},\"image\":{\"@id\":\"https:\/\/www.hoecker.eu\/blog\/#\/schema\/logo\/image\/\"},\"sameAs\":[\"https:\/\/www.facebook.com\/HoeckerRAe\/\",\"https:\/\/x.com\/hoecker_rae\",\"https:\/\/www.linkedin.com\/company\/hcker-rechtsanwlte\/\",\"https:\/\/www.instagram.com\/hoecker_rae\/\"],\"email\":\"contact@hoecker.eu\",\"telephone\":\"+ 49 (0)221-933 19-10\",\"legalName\":\"H\u00d6CKER Rechtsanw\u00e4lte PartGmbB\",\"numberOfEmployees\":{\"@type\":\"QuantitativeValue\",\"minValue\":\"11\",\"maxValue\":\"50\"}},{\"@type\":\"Person\",\"@id\":\"https:\/\/www.hoecker.eu\/blog\/#\/schema\/person\/08f95581eed0534eccd0b2438f7a1cab\",\"name\":\"Prof. Dr. Ralf H\u00f6cker\",\"description\":\"Medienanwalt. Besch\u00fctzer vor mieser Presse\",\"sameAs\":[\"https:\/\/www.hoecker.eu\/wer\/prof-dr-ralf-hoecker\",\"https:\/\/www.facebook.com\/ralf.hoecker\",\"https:\/\/www.linkedin.com\/in\/prof-dr-ralf-hcker-ll-m-london-17987826\/\",\"https:\/\/x.com\/Ralf_Hoecker\"],\"url\":\"https:\/\/www.hoecker.eu\/blog\/author\/hoecker_adm\/\"}]}<\/script>\n<!-- \/ Yoast SEO Premium plugin. -->","yoast_head_json":{"title":"Landgericht D\u00fcsseldorf korrigiert CORRECTIV - Bericht \u00fcber intime Details aus dem Sexualleben einer Politikerin verboten. - H\u00d6CKER - der Blog","robots":{"index":"index","follow":"follow","max-snippet":"max-snippet:-1","max-image-preview":"max-image-preview:large","max-video-preview":"max-video-preview:-1"},"canonical":"https:\/\/www.hoecker.eu\/blog\/landgericht-duesseldorf-korrigiert-correctiv-bericht-ueber-intime-details-aus-dem-sexualleben-einer-politikerin-verboten\/","og_locale":"de_DE","og_type":"article","og_title":"Landgericht D\u00fcsseldorf korrigiert CORRECTIV - Bericht \u00fcber intime Details aus dem Sexualleben einer Politikerin verboten.","og_description":"Dieses eigene Selbstverst\u00e4ndnis und den darin beschriebenen journalistischen Ethos halten CORRECTIV und deren Gesch\u00e4ftsf\u00fchrer David Schraven jedoch selbst nicht ein: Schraven ver\u00f6ffentlichte auf der Webseite correctiv.org einen Artikel, in dem unter Namensnennung und Bebilderung einer Politikerin intimste Details aus deren privaten Sexualleben preisgegeben wurden. Pikant an dem Fall ist, dass der Autor David Schraven die [&hellip;]","og_url":"https:\/\/www.hoecker.eu\/blog\/landgericht-duesseldorf-korrigiert-correctiv-bericht-ueber-intime-details-aus-dem-sexualleben-einer-politikerin-verboten\/","og_site_name":"H\u00d6CKER - der Blog","article_publisher":"https:\/\/www.facebook.com\/HoeckerRAe\/","article_author":"https:\/\/www.facebook.com\/ralf.hoecker","article_published_time":"2017-05-11T12:02:39+00:00","article_modified_time":"2025-02-17T13:56:59+00:00","author":"Prof. Dr. Ralf H\u00f6cker","twitter_card":"summary_large_image","twitter_creator":"@Ralf_Hoecker","twitter_site":"@hoecker_rae","twitter_misc":{"Verfasst von":"Prof. Dr. Ralf H\u00f6cker","Gesch\u00e4tzte Lesezeit":"1\u00a0Minute"},"schema":{"@context":"https:\/\/schema.org","@graph":[{"@type":"Article","@id":"https:\/\/www.hoecker.eu\/blog\/landgericht-duesseldorf-korrigiert-correctiv-bericht-ueber-intime-details-aus-dem-sexualleben-einer-politikerin-verboten\/#article","isPartOf":{"@id":"https:\/\/www.hoecker.eu\/blog\/landgericht-duesseldorf-korrigiert-correctiv-bericht-ueber-intime-details-aus-dem-sexualleben-einer-politikerin-verboten\/"},"author":{"name":"Prof. Dr. Ralf H\u00f6cker","@id":"https:\/\/www.hoecker.eu\/blog\/#\/schema\/person\/08f95581eed0534eccd0b2438f7a1cab"},"headline":"Landgericht D\u00fcsseldorf korrigiert CORRECTIV &#8211; Bericht \u00fcber intime Details aus dem Sexualleben einer Politikerin verboten.","datePublished":"2017-05-11T12:02:39+00:00","dateModified":"2025-02-17T13:56:59+00:00","mainEntityOfPage":{"@id":"https:\/\/www.hoecker.eu\/blog\/landgericht-duesseldorf-korrigiert-correctiv-bericht-ueber-intime-details-aus-dem-sexualleben-einer-politikerin-verboten\/"},"wordCount":255,"publisher":{"@id":"https:\/\/www.hoecker.eu\/blog\/#organization"},"articleSection":["News"],"inLanguage":"de"},{"@type":"WebPage","@id":"https:\/\/www.hoecker.eu\/blog\/landgericht-duesseldorf-korrigiert-correctiv-bericht-ueber-intime-details-aus-dem-sexualleben-einer-politikerin-verboten\/","url":"https:\/\/www.hoecker.eu\/blog\/landgericht-duesseldorf-korrigiert-correctiv-bericht-ueber-intime-details-aus-dem-sexualleben-einer-politikerin-verboten\/","name":"Landgericht D\u00fcsseldorf korrigiert CORRECTIV - Bericht \u00fcber intime Details aus dem Sexualleben einer Politikerin verboten. - H\u00d6CKER - der Blog","isPartOf":{"@id":"https:\/\/www.hoecker.eu\/blog\/#website"},"datePublished":"2017-05-11T12:02:39+00:00","dateModified":"2025-02-17T13:56:59+00:00","breadcrumb":{"@id":"https:\/\/www.hoecker.eu\/blog\/landgericht-duesseldorf-korrigiert-correctiv-bericht-ueber-intime-details-aus-dem-sexualleben-einer-politikerin-verboten\/#breadcrumb"},"inLanguage":"de","potentialAction":[{"@type":"ReadAction","target":["https:\/\/www.hoecker.eu\/blog\/landgericht-duesseldorf-korrigiert-correctiv-bericht-ueber-intime-details-aus-dem-sexualleben-einer-politikerin-verboten\/"]}]},{"@type":"BreadcrumbList","@id":"https:\/\/www.hoecker.eu\/blog\/landgericht-duesseldorf-korrigiert-correctiv-bericht-ueber-intime-details-aus-dem-sexualleben-einer-politikerin-verboten\/#breadcrumb","itemListElement":[{"@type":"ListItem","position":1,"name":"Startseite","item":"https:\/\/dev.hoecker.eu\/blog\/"},{"@type":"ListItem","position":2,"name":"Landgericht D\u00fcsseldorf korrigiert CORRECTIV &#8211; Bericht \u00fcber intime Details aus dem Sexualleben einer Politikerin verboten."}]},{"@type":"WebSite","@id":"https:\/\/www.hoecker.eu\/blog\/#website","url":"https:\/\/www.hoecker.eu\/blog\/","name":"H\u00d6CKER - der Blog","description":"Expertenblog f\u00fcr \u00c4u\u00dferungs-, Medien-, Marken-, Urheber- und Wettbewerbsrecht.","publisher":{"@id":"https:\/\/www.hoecker.eu\/blog\/#organization"},"potentialAction":[{"@type":"SearchAction","target":{"@type":"EntryPoint","urlTemplate":"https:\/\/www.hoecker.eu\/blog\/?s={search_term_string}"},"query-input":{"@type":"PropertyValueSpecification","valueRequired":true,"valueName":"search_term_string"}}],"inLanguage":"de"},{"@type":"Organization","@id":"https:\/\/www.hoecker.eu\/blog\/#organization","name":"H\u00d6CKER Rechtsanw\u00e4lte PartGmbB","alternateName":"H\u00d6CKER","url":"https:\/\/www.hoecker.eu\/blog\/","logo":{"@type":"ImageObject","inLanguage":"de","@id":"https:\/\/www.hoecker.eu\/blog\/#\/schema\/logo\/image\/","url":"https:\/\/www.hoecker.eu\/blog\/wp-content\/uploads\/2025\/03\/Blog-Logo.webp","contentUrl":"https:\/\/www.hoecker.eu\/blog\/wp-content\/uploads\/2025\/03\/Blog-Logo.webp","width":500,"height":500,"caption":"H\u00d6CKER Rechtsanw\u00e4lte PartGmbB"},"image":{"@id":"https:\/\/www.hoecker.eu\/blog\/#\/schema\/logo\/image\/"},"sameAs":["https:\/\/www.facebook.com\/HoeckerRAe\/","https:\/\/x.com\/hoecker_rae","https:\/\/www.linkedin.com\/company\/hcker-rechtsanwlte\/","https:\/\/www.instagram.com\/hoecker_rae\/"],"email":"contact@hoecker.eu","telephone":"+ 49 (0)221-933 19-10","legalName":"H\u00d6CKER Rechtsanw\u00e4lte PartGmbB","numberOfEmployees":{"@type":"QuantitativeValue","minValue":"11","maxValue":"50"}},{"@type":"Person","@id":"https:\/\/www.hoecker.eu\/blog\/#\/schema\/person\/08f95581eed0534eccd0b2438f7a1cab","name":"Prof. Dr. Ralf H\u00f6cker","description":"Medienanwalt. Besch\u00fctzer vor mieser Presse","sameAs":["https:\/\/www.hoecker.eu\/wer\/prof-dr-ralf-hoecker","https:\/\/www.facebook.com\/ralf.hoecker","https:\/\/www.linkedin.com\/in\/prof-dr-ralf-hcker-ll-m-london-17987826\/","https:\/\/x.com\/Ralf_Hoecker"],"url":"https:\/\/www.hoecker.eu\/blog\/author\/hoecker_adm\/"}]}},"authors":[{"term_id":84,"user_id":1,"is_guest":0,"slug":"hoecker_adm","display_name":"Prof. Dr. Ralf H\u00f6cker","avatar_url":{"url":"https:\/\/www.hoecker.eu\/blog\/wp-content\/uploads\/2023\/12\/ProfDrRalfHoecker.jpg","url2x":"https:\/\/www.hoecker.eu\/blog\/wp-content\/uploads\/2023\/12\/ProfDrRalfHoecker.jpg"},"0":null,"1":"","2":"","3":"","4":"","5":"","6":"","7":"","8":"","9":"","10":"","11":""}],"_links":{"self":[{"href":"https:\/\/www.hoecker.eu\/blog\/wp-json\/wp\/v2\/posts\/8376","targetHints":{"allow":["GET"]}}],"collection":[{"href":"https:\/\/www.hoecker.eu\/blog\/wp-json\/wp\/v2\/posts"}],"about":[{"href":"https:\/\/www.hoecker.eu\/blog\/wp-json\/wp\/v2\/types\/post"}],"author":[{"embeddable":true,"href":"https:\/\/www.hoecker.eu\/blog\/wp-json\/wp\/v2\/users\/1"}],"replies":[{"embeddable":true,"href":"https:\/\/www.hoecker.eu\/blog\/wp-json\/wp\/v2\/comments?post=8376"}],"version-history":[{"count":1,"href":"https:\/\/www.hoecker.eu\/blog\/wp-json\/wp\/v2\/posts\/8376\/revisions"}],"predecessor-version":[{"id":9498,"href":"https:\/\/www.hoecker.eu\/blog\/wp-json\/wp\/v2\/posts\/8376\/revisions\/9498"}],"wp:attachment":[{"href":"https:\/\/www.hoecker.eu\/blog\/wp-json\/wp\/v2\/media?parent=8376"}],"wp:term":[{"taxonomy":"category","embeddable":true,"href":"https:\/\/www.hoecker.eu\/blog\/wp-json\/wp\/v2\/categories?post=8376"},{"taxonomy":"post_tag","embeddable":true,"href":"https:\/\/www.hoecker.eu\/blog\/wp-json\/wp\/v2\/tags?post=8376"},{"taxonomy":"hashtags","embeddable":true,"href":"https:\/\/www.hoecker.eu\/blog\/wp-json\/wp\/v2\/hashtags?post=8376"},{"taxonomy":"author","embeddable":true,"href":"https:\/\/www.hoecker.eu\/blog\/wp-json\/wp\/v2\/ppma_author?post=8376"}],"curies":[{"name":"wp","href":"https:\/\/api.w.org\/{rel}","templated":true}]}}