{"id":8374,"date":"2017-05-31T18:42:00","date_gmt":"2017-05-31T16:42:00","guid":{"rendered":"https:\/\/www.hoecker.eu\/blog\/keine-schummelei-bei-meldeadresse-lg-duesseldorf-untersagt-bild-bericht-ueber-afd-politiker\/"},"modified":"2025-02-17T14:56:58","modified_gmt":"2025-02-17T13:56:58","slug":"keine-schummelei-bei-meldeadresse-lg-duesseldorf-untersagt-bild-bericht-ueber-afd-politiker","status":"publish","type":"post","link":"https:\/\/www.hoecker.eu\/blog\/keine-schummelei-bei-meldeadresse-lg-duesseldorf-untersagt-bild-bericht-ueber-afd-politiker\/","title":{"rendered":"Keine Schummelei bei Meldeadresse: LG D\u00fcsseldorf untersagt BILD-Bericht \u00fcber AfD-Politiker."},"content":{"rendered":"<p \"=\"\">Bild.de hatte berichtet, ein B\u00fcrger habe sich per E-Mail an einen Innenminister gewendet und den Vorwurf erhoben, ein AfD-Politiker habe eine falsche Meldeadresse angegeben. Angeblich befinde sich der Lebensmittelpunkt des AfD-Politikers nicht in dem Bundesland, in dem er zur Wahl angetreten sei. <\/p>\n<p \"=\"\">Bild.de hatte den AfD-Politiker vor der Ver\u00f6ffentlichung dieses Berichtes nicht angeh\u00f6rt  und ihm keine Gelegenheit zur Stellungnahme auf die Vorw\u00fcrfe gegeben. H\u00e4tte bild.de dies getan, so h\u00e4tte der AfD-Politiker mitgeteilt, dass er in den f\u00fcr die W\u00e4hlbarkeit ma\u00dfgeblichen 3 Monaten vor dem Wahltag seine Wohnung in dem betreffenden Bundesland hatte, \u00fcber keine andere Wohnung verf\u00fcgt und auch dort gemeldet ist. Diese entlastenden Informationen h\u00e4tte bild.de in den Bericht mitaufnehmen  m\u00fcssen. M\u00f6glicherweise ist die Anh\u00f6rung deshalb unterblieben, weil der Abdruck einer solchen Stellungnahme nat\u00fcrlich dazu gef\u00fchrt h\u00e4tte, dass aus Sicht des Lesers klar geworden w\u00e4re, dass der gegen\u00fcber dem AfD-Politiker erhobene Verdacht offensichtlich unbegr\u00fcndet ist.<\/p>\n<p \"=\"\">Das Landgericht D\u00fcsseldorf hat diesen Bericht nun mit einstweiliger Verf\u00fcgung verboten (Az. 12 O 103\/17, n.rkr.). Es best\u00e4tigt damit die Rechtsansicht von H\u00d6CKER, dass bild.de die journalistischen Sorgfaltspflichten verletzt hat. Der AfD-Politiker h\u00e4tte angeh\u00f6rt und dessen Stellungnahme abgedruckt werden m\u00fcssen.<strong><i><br \/><\/i><\/strong><\/p>\n<p \"=\"\"><i><strong><i>Dr. Carsten Brennecke:<\/i><\/strong><br \/><\/i><\/p>\n<p \"=\"\"><i>\u201eWenn die Presse \u00fcber Politiker einen Verdacht ver\u00f6ffentlichen m\u00f6chte, dann muss sie den Politiker vorher anh\u00f6ren und eine entlastende Stellungnahme im Bericht ver\u00f6ffentlichen. Offensichtlich f\u00fcrchtete man bei bild.de, dass die Geschichte nach einer Stellungnahme des Politikers \u201eplatzt&#8221;, weil bei Ver\u00f6ffentlichung einer entlastenden Stellungnahme deutlich geworden w\u00e4re, dass es tats\u00e4chlich kein zu beanstandendes Verhalten des AfD-Politikers gibt.\u201c<\/i><\/p>\n","protected":false},"excerpt":{"rendered":"<p>Bild.de hatte den AfD-Politiker vor der Ver\u00f6ffentlichung dieses Berichtes nicht angeh\u00f6rt und ihm keine Gelegenheit zur Stellungnahme auf die Vorw\u00fcrfe gegeben. H\u00e4tte bild.de dies getan, so h\u00e4tte der AfD-Politiker mitgeteilt, dass er in den f\u00fcr die W\u00e4hlbarkeit ma\u00dfgeblichen 3 Monaten vor dem Wahltag seine Wohnung in dem betreffenden Bundesland hatte, \u00fcber keine andere Wohnung verf\u00fcgt [&hellip;]<\/p>\n","protected":false},"author":1,"featured_media":0,"comment_status":"closed","ping_status":"closed","sticky":false,"template":"","format":"standard","meta":{"_has_post_settings":[],"footnotes":""},"categories":[15],"tags":[],"hashtags":[],"ppma_author":[84],"class_list":["post-8374","post","type-post","status-publish","format-standard","hentry","category-news","author-hoecker_adm"],"yoast_head":"<!-- This site is optimized with the Yoast SEO Premium plugin v25.9 (Yoast SEO v27.0) - https:\/\/yoast.com\/product\/yoast-seo-premium-wordpress\/ -->\n<title>Keine Schummelei bei Meldeadresse: LG D\u00fcsseldorf untersagt BILD-Bericht \u00fcber AfD-Politiker. - H\u00d6CKER - der Blog<\/title>\n<meta name=\"robots\" content=\"index, follow, max-snippet:-1, max-image-preview:large, max-video-preview:-1\" \/>\n<link rel=\"canonical\" href=\"https:\/\/www.hoecker.eu\/blog\/keine-schummelei-bei-meldeadresse-lg-duesseldorf-untersagt-bild-bericht-ueber-afd-politiker\/\" \/>\n<meta property=\"og:locale\" content=\"de_DE\" \/>\n<meta property=\"og:type\" content=\"article\" \/>\n<meta property=\"og:title\" content=\"Keine Schummelei bei Meldeadresse: LG D\u00fcsseldorf untersagt BILD-Bericht \u00fcber AfD-Politiker.\" \/>\n<meta property=\"og:description\" content=\"Bild.de hatte den AfD-Politiker vor der Ver\u00f6ffentlichung dieses Berichtes nicht angeh\u00f6rt und ihm keine Gelegenheit zur Stellungnahme auf die Vorw\u00fcrfe gegeben. H\u00e4tte bild.de dies getan, so h\u00e4tte der AfD-Politiker mitgeteilt, dass er in den f\u00fcr die W\u00e4hlbarkeit ma\u00dfgeblichen 3 Monaten vor dem Wahltag seine Wohnung in dem betreffenden Bundesland hatte, \u00fcber keine andere Wohnung verf\u00fcgt [&hellip;]\" \/>\n<meta property=\"og:url\" content=\"https:\/\/www.hoecker.eu\/blog\/keine-schummelei-bei-meldeadresse-lg-duesseldorf-untersagt-bild-bericht-ueber-afd-politiker\/\" \/>\n<meta property=\"og:site_name\" content=\"H\u00d6CKER - der Blog\" \/>\n<meta property=\"article:publisher\" content=\"https:\/\/www.facebook.com\/HoeckerRAe\/\" \/>\n<meta property=\"article:author\" content=\"https:\/\/www.facebook.com\/ralf.hoecker\" \/>\n<meta property=\"article:published_time\" content=\"2017-05-31T16:42:00+00:00\" \/>\n<meta property=\"article:modified_time\" content=\"2025-02-17T13:56:58+00:00\" \/>\n<meta name=\"author\" content=\"Prof. Dr. Ralf H\u00f6cker\" \/>\n<meta name=\"twitter:card\" content=\"summary_large_image\" \/>\n<meta name=\"twitter:creator\" content=\"@Ralf_Hoecker\" \/>\n<meta name=\"twitter:site\" content=\"@hoecker_rae\" \/>\n<meta name=\"twitter:label1\" content=\"Verfasst von\" \/>\n\t<meta name=\"twitter:data1\" content=\"Prof. Dr. Ralf H\u00f6cker\" \/>\n\t<meta name=\"twitter:label2\" content=\"Gesch\u00e4tzte Lesezeit\" \/>\n\t<meta name=\"twitter:data2\" content=\"1\u00a0Minute\" \/>\n<script type=\"application\/ld+json\" class=\"yoast-schema-graph\">{\"@context\":\"https:\/\/schema.org\",\"@graph\":[{\"@type\":\"Article\",\"@id\":\"https:\/\/www.hoecker.eu\/blog\/keine-schummelei-bei-meldeadresse-lg-duesseldorf-untersagt-bild-bericht-ueber-afd-politiker\/#article\",\"isPartOf\":{\"@id\":\"https:\/\/www.hoecker.eu\/blog\/keine-schummelei-bei-meldeadresse-lg-duesseldorf-untersagt-bild-bericht-ueber-afd-politiker\/\"},\"author\":{\"name\":\"Prof. Dr. Ralf H\u00f6cker\",\"@id\":\"https:\/\/www.hoecker.eu\/blog\/#\/schema\/person\/08f95581eed0534eccd0b2438f7a1cab\"},\"headline\":\"Keine Schummelei bei Meldeadresse: LG D\u00fcsseldorf untersagt BILD-Bericht \u00fcber AfD-Politiker.\",\"datePublished\":\"2017-05-31T16:42:00+00:00\",\"dateModified\":\"2025-02-17T13:56:58+00:00\",\"mainEntityOfPage\":{\"@id\":\"https:\/\/www.hoecker.eu\/blog\/keine-schummelei-bei-meldeadresse-lg-duesseldorf-untersagt-bild-bericht-ueber-afd-politiker\/\"},\"wordCount\":139,\"publisher\":{\"@id\":\"https:\/\/www.hoecker.eu\/blog\/#organization\"},\"articleSection\":[\"News\"],\"inLanguage\":\"de\"},{\"@type\":\"WebPage\",\"@id\":\"https:\/\/www.hoecker.eu\/blog\/keine-schummelei-bei-meldeadresse-lg-duesseldorf-untersagt-bild-bericht-ueber-afd-politiker\/\",\"url\":\"https:\/\/www.hoecker.eu\/blog\/keine-schummelei-bei-meldeadresse-lg-duesseldorf-untersagt-bild-bericht-ueber-afd-politiker\/\",\"name\":\"Keine Schummelei bei Meldeadresse: LG D\u00fcsseldorf untersagt BILD-Bericht \u00fcber AfD-Politiker. - H\u00d6CKER - der Blog\",\"isPartOf\":{\"@id\":\"https:\/\/www.hoecker.eu\/blog\/#website\"},\"datePublished\":\"2017-05-31T16:42:00+00:00\",\"dateModified\":\"2025-02-17T13:56:58+00:00\",\"breadcrumb\":{\"@id\":\"https:\/\/www.hoecker.eu\/blog\/keine-schummelei-bei-meldeadresse-lg-duesseldorf-untersagt-bild-bericht-ueber-afd-politiker\/#breadcrumb\"},\"inLanguage\":\"de\",\"potentialAction\":[{\"@type\":\"ReadAction\",\"target\":[\"https:\/\/www.hoecker.eu\/blog\/keine-schummelei-bei-meldeadresse-lg-duesseldorf-untersagt-bild-bericht-ueber-afd-politiker\/\"]}]},{\"@type\":\"BreadcrumbList\",\"@id\":\"https:\/\/www.hoecker.eu\/blog\/keine-schummelei-bei-meldeadresse-lg-duesseldorf-untersagt-bild-bericht-ueber-afd-politiker\/#breadcrumb\",\"itemListElement\":[{\"@type\":\"ListItem\",\"position\":1,\"name\":\"Startseite\",\"item\":\"https:\/\/dev.hoecker.eu\/blog\/\"},{\"@type\":\"ListItem\",\"position\":2,\"name\":\"Keine Schummelei bei Meldeadresse: LG D\u00fcsseldorf untersagt BILD-Bericht \u00fcber AfD-Politiker.\"}]},{\"@type\":\"WebSite\",\"@id\":\"https:\/\/www.hoecker.eu\/blog\/#website\",\"url\":\"https:\/\/www.hoecker.eu\/blog\/\",\"name\":\"H\u00d6CKER - der Blog\",\"description\":\"Expertenblog f\u00fcr \u00c4u\u00dferungs-, Medien-, Marken-, Urheber- und Wettbewerbsrecht.\",\"publisher\":{\"@id\":\"https:\/\/www.hoecker.eu\/blog\/#organization\"},\"potentialAction\":[{\"@type\":\"SearchAction\",\"target\":{\"@type\":\"EntryPoint\",\"urlTemplate\":\"https:\/\/www.hoecker.eu\/blog\/?s={search_term_string}\"},\"query-input\":{\"@type\":\"PropertyValueSpecification\",\"valueRequired\":true,\"valueName\":\"search_term_string\"}}],\"inLanguage\":\"de\"},{\"@type\":\"Organization\",\"@id\":\"https:\/\/www.hoecker.eu\/blog\/#organization\",\"name\":\"H\u00d6CKER Rechtsanw\u00e4lte PartGmbB\",\"alternateName\":\"H\u00d6CKER\",\"url\":\"https:\/\/www.hoecker.eu\/blog\/\",\"logo\":{\"@type\":\"ImageObject\",\"inLanguage\":\"de\",\"@id\":\"https:\/\/www.hoecker.eu\/blog\/#\/schema\/logo\/image\/\",\"url\":\"https:\/\/www.hoecker.eu\/blog\/wp-content\/uploads\/2025\/03\/Blog-Logo.webp\",\"contentUrl\":\"https:\/\/www.hoecker.eu\/blog\/wp-content\/uploads\/2025\/03\/Blog-Logo.webp\",\"width\":500,\"height\":500,\"caption\":\"H\u00d6CKER Rechtsanw\u00e4lte PartGmbB\"},\"image\":{\"@id\":\"https:\/\/www.hoecker.eu\/blog\/#\/schema\/logo\/image\/\"},\"sameAs\":[\"https:\/\/www.facebook.com\/HoeckerRAe\/\",\"https:\/\/x.com\/hoecker_rae\",\"https:\/\/www.linkedin.com\/company\/hcker-rechtsanwlte\/\",\"https:\/\/www.instagram.com\/hoecker_rae\/\"],\"email\":\"contact@hoecker.eu\",\"telephone\":\"+ 49 (0)221-933 19-10\",\"legalName\":\"H\u00d6CKER Rechtsanw\u00e4lte PartGmbB\",\"numberOfEmployees\":{\"@type\":\"QuantitativeValue\",\"minValue\":\"11\",\"maxValue\":\"50\"}},{\"@type\":\"Person\",\"@id\":\"https:\/\/www.hoecker.eu\/blog\/#\/schema\/person\/08f95581eed0534eccd0b2438f7a1cab\",\"name\":\"Prof. Dr. Ralf H\u00f6cker\",\"description\":\"Medienanwalt. Besch\u00fctzer vor mieser Presse\",\"sameAs\":[\"https:\/\/www.hoecker.eu\/wer\/prof-dr-ralf-hoecker\",\"https:\/\/www.facebook.com\/ralf.hoecker\",\"https:\/\/www.linkedin.com\/in\/prof-dr-ralf-hcker-ll-m-london-17987826\/\",\"https:\/\/x.com\/Ralf_Hoecker\"],\"url\":\"https:\/\/www.hoecker.eu\/blog\/author\/hoecker_adm\/\"}]}<\/script>\n<!-- \/ Yoast SEO Premium plugin. -->","yoast_head_json":{"title":"Keine Schummelei bei Meldeadresse: LG D\u00fcsseldorf untersagt BILD-Bericht \u00fcber AfD-Politiker. - H\u00d6CKER - der Blog","robots":{"index":"index","follow":"follow","max-snippet":"max-snippet:-1","max-image-preview":"max-image-preview:large","max-video-preview":"max-video-preview:-1"},"canonical":"https:\/\/www.hoecker.eu\/blog\/keine-schummelei-bei-meldeadresse-lg-duesseldorf-untersagt-bild-bericht-ueber-afd-politiker\/","og_locale":"de_DE","og_type":"article","og_title":"Keine Schummelei bei Meldeadresse: LG D\u00fcsseldorf untersagt BILD-Bericht \u00fcber AfD-Politiker.","og_description":"Bild.de hatte den AfD-Politiker vor der Ver\u00f6ffentlichung dieses Berichtes nicht angeh\u00f6rt und ihm keine Gelegenheit zur Stellungnahme auf die Vorw\u00fcrfe gegeben. H\u00e4tte bild.de dies getan, so h\u00e4tte der AfD-Politiker mitgeteilt, dass er in den f\u00fcr die W\u00e4hlbarkeit ma\u00dfgeblichen 3 Monaten vor dem Wahltag seine Wohnung in dem betreffenden Bundesland hatte, \u00fcber keine andere Wohnung verf\u00fcgt [&hellip;]","og_url":"https:\/\/www.hoecker.eu\/blog\/keine-schummelei-bei-meldeadresse-lg-duesseldorf-untersagt-bild-bericht-ueber-afd-politiker\/","og_site_name":"H\u00d6CKER - der Blog","article_publisher":"https:\/\/www.facebook.com\/HoeckerRAe\/","article_author":"https:\/\/www.facebook.com\/ralf.hoecker","article_published_time":"2017-05-31T16:42:00+00:00","article_modified_time":"2025-02-17T13:56:58+00:00","author":"Prof. Dr. Ralf H\u00f6cker","twitter_card":"summary_large_image","twitter_creator":"@Ralf_Hoecker","twitter_site":"@hoecker_rae","twitter_misc":{"Verfasst von":"Prof. Dr. Ralf H\u00f6cker","Gesch\u00e4tzte Lesezeit":"1\u00a0Minute"},"schema":{"@context":"https:\/\/schema.org","@graph":[{"@type":"Article","@id":"https:\/\/www.hoecker.eu\/blog\/keine-schummelei-bei-meldeadresse-lg-duesseldorf-untersagt-bild-bericht-ueber-afd-politiker\/#article","isPartOf":{"@id":"https:\/\/www.hoecker.eu\/blog\/keine-schummelei-bei-meldeadresse-lg-duesseldorf-untersagt-bild-bericht-ueber-afd-politiker\/"},"author":{"name":"Prof. Dr. Ralf H\u00f6cker","@id":"https:\/\/www.hoecker.eu\/blog\/#\/schema\/person\/08f95581eed0534eccd0b2438f7a1cab"},"headline":"Keine Schummelei bei Meldeadresse: LG D\u00fcsseldorf untersagt BILD-Bericht \u00fcber AfD-Politiker.","datePublished":"2017-05-31T16:42:00+00:00","dateModified":"2025-02-17T13:56:58+00:00","mainEntityOfPage":{"@id":"https:\/\/www.hoecker.eu\/blog\/keine-schummelei-bei-meldeadresse-lg-duesseldorf-untersagt-bild-bericht-ueber-afd-politiker\/"},"wordCount":139,"publisher":{"@id":"https:\/\/www.hoecker.eu\/blog\/#organization"},"articleSection":["News"],"inLanguage":"de"},{"@type":"WebPage","@id":"https:\/\/www.hoecker.eu\/blog\/keine-schummelei-bei-meldeadresse-lg-duesseldorf-untersagt-bild-bericht-ueber-afd-politiker\/","url":"https:\/\/www.hoecker.eu\/blog\/keine-schummelei-bei-meldeadresse-lg-duesseldorf-untersagt-bild-bericht-ueber-afd-politiker\/","name":"Keine Schummelei bei Meldeadresse: LG D\u00fcsseldorf untersagt BILD-Bericht \u00fcber AfD-Politiker. - H\u00d6CKER - der Blog","isPartOf":{"@id":"https:\/\/www.hoecker.eu\/blog\/#website"},"datePublished":"2017-05-31T16:42:00+00:00","dateModified":"2025-02-17T13:56:58+00:00","breadcrumb":{"@id":"https:\/\/www.hoecker.eu\/blog\/keine-schummelei-bei-meldeadresse-lg-duesseldorf-untersagt-bild-bericht-ueber-afd-politiker\/#breadcrumb"},"inLanguage":"de","potentialAction":[{"@type":"ReadAction","target":["https:\/\/www.hoecker.eu\/blog\/keine-schummelei-bei-meldeadresse-lg-duesseldorf-untersagt-bild-bericht-ueber-afd-politiker\/"]}]},{"@type":"BreadcrumbList","@id":"https:\/\/www.hoecker.eu\/blog\/keine-schummelei-bei-meldeadresse-lg-duesseldorf-untersagt-bild-bericht-ueber-afd-politiker\/#breadcrumb","itemListElement":[{"@type":"ListItem","position":1,"name":"Startseite","item":"https:\/\/dev.hoecker.eu\/blog\/"},{"@type":"ListItem","position":2,"name":"Keine Schummelei bei Meldeadresse: LG D\u00fcsseldorf untersagt BILD-Bericht \u00fcber AfD-Politiker."}]},{"@type":"WebSite","@id":"https:\/\/www.hoecker.eu\/blog\/#website","url":"https:\/\/www.hoecker.eu\/blog\/","name":"H\u00d6CKER - der Blog","description":"Expertenblog f\u00fcr \u00c4u\u00dferungs-, Medien-, Marken-, Urheber- und Wettbewerbsrecht.","publisher":{"@id":"https:\/\/www.hoecker.eu\/blog\/#organization"},"potentialAction":[{"@type":"SearchAction","target":{"@type":"EntryPoint","urlTemplate":"https:\/\/www.hoecker.eu\/blog\/?s={search_term_string}"},"query-input":{"@type":"PropertyValueSpecification","valueRequired":true,"valueName":"search_term_string"}}],"inLanguage":"de"},{"@type":"Organization","@id":"https:\/\/www.hoecker.eu\/blog\/#organization","name":"H\u00d6CKER Rechtsanw\u00e4lte PartGmbB","alternateName":"H\u00d6CKER","url":"https:\/\/www.hoecker.eu\/blog\/","logo":{"@type":"ImageObject","inLanguage":"de","@id":"https:\/\/www.hoecker.eu\/blog\/#\/schema\/logo\/image\/","url":"https:\/\/www.hoecker.eu\/blog\/wp-content\/uploads\/2025\/03\/Blog-Logo.webp","contentUrl":"https:\/\/www.hoecker.eu\/blog\/wp-content\/uploads\/2025\/03\/Blog-Logo.webp","width":500,"height":500,"caption":"H\u00d6CKER Rechtsanw\u00e4lte PartGmbB"},"image":{"@id":"https:\/\/www.hoecker.eu\/blog\/#\/schema\/logo\/image\/"},"sameAs":["https:\/\/www.facebook.com\/HoeckerRAe\/","https:\/\/x.com\/hoecker_rae","https:\/\/www.linkedin.com\/company\/hcker-rechtsanwlte\/","https:\/\/www.instagram.com\/hoecker_rae\/"],"email":"contact@hoecker.eu","telephone":"+ 49 (0)221-933 19-10","legalName":"H\u00d6CKER Rechtsanw\u00e4lte PartGmbB","numberOfEmployees":{"@type":"QuantitativeValue","minValue":"11","maxValue":"50"}},{"@type":"Person","@id":"https:\/\/www.hoecker.eu\/blog\/#\/schema\/person\/08f95581eed0534eccd0b2438f7a1cab","name":"Prof. Dr. Ralf H\u00f6cker","description":"Medienanwalt. Besch\u00fctzer vor mieser Presse","sameAs":["https:\/\/www.hoecker.eu\/wer\/prof-dr-ralf-hoecker","https:\/\/www.facebook.com\/ralf.hoecker","https:\/\/www.linkedin.com\/in\/prof-dr-ralf-hcker-ll-m-london-17987826\/","https:\/\/x.com\/Ralf_Hoecker"],"url":"https:\/\/www.hoecker.eu\/blog\/author\/hoecker_adm\/"}]}},"authors":[{"term_id":84,"user_id":1,"is_guest":0,"slug":"hoecker_adm","display_name":"Prof. Dr. Ralf H\u00f6cker","avatar_url":{"url":"https:\/\/www.hoecker.eu\/blog\/wp-content\/uploads\/2023\/12\/ProfDrRalfHoecker.jpg","url2x":"https:\/\/www.hoecker.eu\/blog\/wp-content\/uploads\/2023\/12\/ProfDrRalfHoecker.jpg"},"0":null,"1":"","2":"","3":"","4":"","5":"","6":"","7":"","8":"","9":"","10":"","11":""}],"_links":{"self":[{"href":"https:\/\/www.hoecker.eu\/blog\/wp-json\/wp\/v2\/posts\/8374","targetHints":{"allow":["GET"]}}],"collection":[{"href":"https:\/\/www.hoecker.eu\/blog\/wp-json\/wp\/v2\/posts"}],"about":[{"href":"https:\/\/www.hoecker.eu\/blog\/wp-json\/wp\/v2\/types\/post"}],"author":[{"embeddable":true,"href":"https:\/\/www.hoecker.eu\/blog\/wp-json\/wp\/v2\/users\/1"}],"replies":[{"embeddable":true,"href":"https:\/\/www.hoecker.eu\/blog\/wp-json\/wp\/v2\/comments?post=8374"}],"version-history":[{"count":1,"href":"https:\/\/www.hoecker.eu\/blog\/wp-json\/wp\/v2\/posts\/8374\/revisions"}],"predecessor-version":[{"id":9496,"href":"https:\/\/www.hoecker.eu\/blog\/wp-json\/wp\/v2\/posts\/8374\/revisions\/9496"}],"wp:attachment":[{"href":"https:\/\/www.hoecker.eu\/blog\/wp-json\/wp\/v2\/media?parent=8374"}],"wp:term":[{"taxonomy":"category","embeddable":true,"href":"https:\/\/www.hoecker.eu\/blog\/wp-json\/wp\/v2\/categories?post=8374"},{"taxonomy":"post_tag","embeddable":true,"href":"https:\/\/www.hoecker.eu\/blog\/wp-json\/wp\/v2\/tags?post=8374"},{"taxonomy":"hashtags","embeddable":true,"href":"https:\/\/www.hoecker.eu\/blog\/wp-json\/wp\/v2\/hashtags?post=8374"},{"taxonomy":"author","embeddable":true,"href":"https:\/\/www.hoecker.eu\/blog\/wp-json\/wp\/v2\/ppma_author?post=8374"}],"curies":[{"name":"wp","href":"https:\/\/api.w.org\/{rel}","templated":true}]}}