{"id":8373,"date":"2017-05-31T19:38:53","date_gmt":"2017-05-31T17:38:53","guid":{"rendered":"https:\/\/www.hoecker.eu\/blog\/lg-muenchen-i-beweislast-fuer-nachteilige-schilderungen-liegt-bei-jameda\/"},"modified":"2025-02-17T14:56:57","modified_gmt":"2025-02-17T13:56:57","slug":"lg-muenchen-i-beweislast-fuer-nachteilige-schilderungen-liegt-bei-jameda","status":"publish","type":"post","link":"https:\/\/www.hoecker.eu\/blog\/lg-muenchen-i-beweislast-fuer-nachteilige-schilderungen-liegt-bei-jameda\/","title":{"rendered":"LG M\u00fcnchen I: Beweislast f\u00fcr nachteilige Schilderungen liegt bei Jameda."},"content":{"rendered":"<p \"=\"\">Das Landgericht M\u00fcnchen I hat Jameda unter Androhung eines Ordnungsgeldes von bis zu 250.000,00 EUR dazu verurteilt, die Bewertung eines Zahnarztes hinsichtlich der \u00dcberschrift \u201eNicht zu empfehlen\u201c und den Noten 5 in den Kategorien \u201eBehandlung\u201c und \u201eVertrauensverh\u00e4ltnis\u201c nicht mehr zu ver\u00f6ffentlichen (LG M\u00fcnchen I, Urt. v. 03.03.2017, Az. 25 O 1870\/15, n.rkr.).<\/p>\n<p \"=\"\">Die Bewertung war zusammen mit einem Text ver\u00f6ffentlicht worden, in dem behauptet wurde, dass der Zahnarzt dem Bewertenden eine zu hohe und zu runde Krone angefertigt habe. Tats\u00e4chlich gab es in der Praxis des Kl\u00e4gers jedoch keinen Fall, bei dem eine Krone zu hoch oder zu rund angefertigt wurde oder sich auch nur jemand \u00fcber eine an\u00adgeblich zu hohe oder zu runde Krone beschwerte. Der Kl\u00e4ger geht deshalb davon aus, dass der Bewertende niemals bei ihm in Behandlung war, und forderte Jameda unter Hinweis hierauf zur L\u00f6schung der Bewertung auf. Jameda lehnte dies ab, weil der Bewertende seine Schilderungen auf Nachfrage best\u00e4tigt habe. Zum \u201eBeweis\u201c hierf\u00fcr wurde dem Kl\u00e4ger eine nahezu komplett geschw\u00e4rzte E-Mail vorgelegt. Eine konkretere Darlegungen lehnte Jameda ab und verwies auf den  Schutz des Bewertenden.<\/p>\n<p \"=\"\">Dieser Auffassung erteilte das Landgericht M\u00fcnchen I nun eine deutliche Absage. Danach reicht eine blo\u00dfe Best\u00e4tigung des Bewertenden nicht aus, um abtr\u00e4gliche Schilderungen als wahr zu unterstellen. Die Beweislast f\u00fcr solche Schilderungen liegt vielmehr bei Jameda und zwar dergestalt, dass im Falle des Nicht-Beweises nicht nur die Schilderungen selbst, sondern auch alle hiermit zusammenh\u00e4ngenden bewertenden Formulierungen und Noten nicht mehr ver\u00f6ffentlicht werden d\u00fcrfen.<\/p>\n<p \"=\"\">In letzterem Punkt geht das Urteil des Landgerichts M\u00fcnchen I damit deutlich weiter als etwa die ebenfalls von uns erwirkte Entscheidung des OLG M\u00fcnchen aus Oktober 2014, in der die Unzul\u00e4ssigkeit einer Benotung unter dem Aspekt des \u201eStehens und Fallens\u201c mit einer Falschbehauptung \u2013 soweit ersichtlich \u2013 erstmals angenommen wurde, wobei die Unrichtigkeit der damaligen Falschbehauptung vom damaligen Kl\u00e4ger anders als im vorliegenden Fall positiv hatte nachgewiesen werden k\u00f6nnen (OLG M\u00fcnchen, Beschl. v. 14.10.2014, Az. 18 W 1933\/14).<\/p>\n<p \"=\"\">Rechtsanw\u00e4ltin Dr. Anja Wilkat:<\/p>\n<p \"=\"\"><em>\u201eDas Landgericht M\u00fcnchen I geht zu Recht davon aus, dass strittige Schilderungen nicht einfach zugunsten von Jameda als wahr unterstellt werden d\u00fcrfen. Wer Negativbehauptungen \u00fcber andere ver\u00f6ffentlichen will, muss deren Richtigkeit beweisen k\u00f6nnen. Dass das Landgericht M\u00fcnchen I nun noch einen Schritt weiter geht und auch schlechte Noten f\u00fcr unzul\u00e4ssig h\u00e4lt, wenn Jameda deren tats\u00e4chliche Grundlage nicht beweisen kann, ist nur folgerichtig.\u201c<\/em><\/p>\n","protected":false},"excerpt":{"rendered":"<p>Die Bewertung war zusammen mit einem Text ver\u00f6ffentlicht worden, in dem behauptet wurde, dass der Zahnarzt dem Bewertenden eine zu hohe und zu runde Krone angefertigt habe. Tats\u00e4chlich gab es in der Praxis des Kl\u00e4gers jedoch keinen Fall, bei dem eine Krone zu hoch oder zu rund angefertigt wurde oder sich auch nur jemand \u00fcber [&hellip;]<\/p>\n","protected":false},"author":1,"featured_media":0,"comment_status":"closed","ping_status":"closed","sticky":false,"template":"","format":"standard","meta":{"_has_post_settings":[],"footnotes":""},"categories":[15],"tags":[],"hashtags":[],"ppma_author":[84],"class_list":["post-8373","post","type-post","status-publish","format-standard","hentry","category-news","author-hoecker_adm"],"yoast_head":"<!-- This site is optimized with the Yoast SEO Premium plugin v25.9 (Yoast SEO v27.0) - https:\/\/yoast.com\/product\/yoast-seo-premium-wordpress\/ -->\n<title>LG M\u00fcnchen I: Beweislast f\u00fcr nachteilige Schilderungen liegt bei Jameda. - H\u00d6CKER - der Blog<\/title>\n<meta name=\"robots\" content=\"index, follow, max-snippet:-1, max-image-preview:large, max-video-preview:-1\" \/>\n<link rel=\"canonical\" href=\"https:\/\/www.hoecker.eu\/blog\/lg-muenchen-i-beweislast-fuer-nachteilige-schilderungen-liegt-bei-jameda\/\" \/>\n<meta property=\"og:locale\" content=\"de_DE\" \/>\n<meta property=\"og:type\" content=\"article\" \/>\n<meta property=\"og:title\" content=\"LG M\u00fcnchen I: Beweislast f\u00fcr nachteilige Schilderungen liegt bei Jameda.\" \/>\n<meta property=\"og:description\" content=\"Die Bewertung war zusammen mit einem Text ver\u00f6ffentlicht worden, in dem behauptet wurde, dass der Zahnarzt dem Bewertenden eine zu hohe und zu runde Krone angefertigt habe. Tats\u00e4chlich gab es in der Praxis des Kl\u00e4gers jedoch keinen Fall, bei dem eine Krone zu hoch oder zu rund angefertigt wurde oder sich auch nur jemand \u00fcber [&hellip;]\" \/>\n<meta property=\"og:url\" content=\"https:\/\/www.hoecker.eu\/blog\/lg-muenchen-i-beweislast-fuer-nachteilige-schilderungen-liegt-bei-jameda\/\" \/>\n<meta property=\"og:site_name\" content=\"H\u00d6CKER - der Blog\" \/>\n<meta property=\"article:publisher\" content=\"https:\/\/www.facebook.com\/HoeckerRAe\/\" \/>\n<meta property=\"article:author\" content=\"https:\/\/www.facebook.com\/ralf.hoecker\" \/>\n<meta property=\"article:published_time\" content=\"2017-05-31T17:38:53+00:00\" \/>\n<meta property=\"article:modified_time\" content=\"2025-02-17T13:56:57+00:00\" \/>\n<meta name=\"author\" content=\"Prof. Dr. Ralf H\u00f6cker\" \/>\n<meta name=\"twitter:card\" content=\"summary_large_image\" \/>\n<meta name=\"twitter:creator\" content=\"@Ralf_Hoecker\" \/>\n<meta name=\"twitter:site\" content=\"@hoecker_rae\" \/>\n<meta name=\"twitter:label1\" content=\"Verfasst von\" \/>\n\t<meta name=\"twitter:data1\" content=\"Prof. Dr. Ralf H\u00f6cker\" \/>\n\t<meta name=\"twitter:label2\" content=\"Gesch\u00e4tzte Lesezeit\" \/>\n\t<meta name=\"twitter:data2\" content=\"1\u00a0Minute\" \/>\n<script type=\"application\/ld+json\" class=\"yoast-schema-graph\">{\"@context\":\"https:\/\/schema.org\",\"@graph\":[{\"@type\":\"Article\",\"@id\":\"https:\/\/www.hoecker.eu\/blog\/lg-muenchen-i-beweislast-fuer-nachteilige-schilderungen-liegt-bei-jameda\/#article\",\"isPartOf\":{\"@id\":\"https:\/\/www.hoecker.eu\/blog\/lg-muenchen-i-beweislast-fuer-nachteilige-schilderungen-liegt-bei-jameda\/\"},\"author\":{\"name\":\"Prof. Dr. Ralf H\u00f6cker\",\"@id\":\"https:\/\/www.hoecker.eu\/blog\/#\/schema\/person\/08f95581eed0534eccd0b2438f7a1cab\"},\"headline\":\"LG M\u00fcnchen I: Beweislast f\u00fcr nachteilige Schilderungen liegt bei Jameda.\",\"datePublished\":\"2017-05-31T17:38:53+00:00\",\"dateModified\":\"2025-02-17T13:56:57+00:00\",\"mainEntityOfPage\":{\"@id\":\"https:\/\/www.hoecker.eu\/blog\/lg-muenchen-i-beweislast-fuer-nachteilige-schilderungen-liegt-bei-jameda\/\"},\"wordCount\":299,\"publisher\":{\"@id\":\"https:\/\/www.hoecker.eu\/blog\/#organization\"},\"articleSection\":[\"News\"],\"inLanguage\":\"de\"},{\"@type\":\"WebPage\",\"@id\":\"https:\/\/www.hoecker.eu\/blog\/lg-muenchen-i-beweislast-fuer-nachteilige-schilderungen-liegt-bei-jameda\/\",\"url\":\"https:\/\/www.hoecker.eu\/blog\/lg-muenchen-i-beweislast-fuer-nachteilige-schilderungen-liegt-bei-jameda\/\",\"name\":\"LG M\u00fcnchen I: Beweislast f\u00fcr nachteilige Schilderungen liegt bei Jameda. - H\u00d6CKER - der Blog\",\"isPartOf\":{\"@id\":\"https:\/\/www.hoecker.eu\/blog\/#website\"},\"datePublished\":\"2017-05-31T17:38:53+00:00\",\"dateModified\":\"2025-02-17T13:56:57+00:00\",\"breadcrumb\":{\"@id\":\"https:\/\/www.hoecker.eu\/blog\/lg-muenchen-i-beweislast-fuer-nachteilige-schilderungen-liegt-bei-jameda\/#breadcrumb\"},\"inLanguage\":\"de\",\"potentialAction\":[{\"@type\":\"ReadAction\",\"target\":[\"https:\/\/www.hoecker.eu\/blog\/lg-muenchen-i-beweislast-fuer-nachteilige-schilderungen-liegt-bei-jameda\/\"]}]},{\"@type\":\"BreadcrumbList\",\"@id\":\"https:\/\/www.hoecker.eu\/blog\/lg-muenchen-i-beweislast-fuer-nachteilige-schilderungen-liegt-bei-jameda\/#breadcrumb\",\"itemListElement\":[{\"@type\":\"ListItem\",\"position\":1,\"name\":\"Startseite\",\"item\":\"https:\/\/dev.hoecker.eu\/blog\/\"},{\"@type\":\"ListItem\",\"position\":2,\"name\":\"LG M\u00fcnchen I: Beweislast f\u00fcr nachteilige Schilderungen liegt bei Jameda.\"}]},{\"@type\":\"WebSite\",\"@id\":\"https:\/\/www.hoecker.eu\/blog\/#website\",\"url\":\"https:\/\/www.hoecker.eu\/blog\/\",\"name\":\"H\u00d6CKER - der Blog\",\"description\":\"Expertenblog f\u00fcr \u00c4u\u00dferungs-, Medien-, Marken-, Urheber- und Wettbewerbsrecht.\",\"publisher\":{\"@id\":\"https:\/\/www.hoecker.eu\/blog\/#organization\"},\"potentialAction\":[{\"@type\":\"SearchAction\",\"target\":{\"@type\":\"EntryPoint\",\"urlTemplate\":\"https:\/\/www.hoecker.eu\/blog\/?s={search_term_string}\"},\"query-input\":{\"@type\":\"PropertyValueSpecification\",\"valueRequired\":true,\"valueName\":\"search_term_string\"}}],\"inLanguage\":\"de\"},{\"@type\":\"Organization\",\"@id\":\"https:\/\/www.hoecker.eu\/blog\/#organization\",\"name\":\"H\u00d6CKER Rechtsanw\u00e4lte PartGmbB\",\"alternateName\":\"H\u00d6CKER\",\"url\":\"https:\/\/www.hoecker.eu\/blog\/\",\"logo\":{\"@type\":\"ImageObject\",\"inLanguage\":\"de\",\"@id\":\"https:\/\/www.hoecker.eu\/blog\/#\/schema\/logo\/image\/\",\"url\":\"https:\/\/www.hoecker.eu\/blog\/wp-content\/uploads\/2025\/03\/Blog-Logo.webp\",\"contentUrl\":\"https:\/\/www.hoecker.eu\/blog\/wp-content\/uploads\/2025\/03\/Blog-Logo.webp\",\"width\":500,\"height\":500,\"caption\":\"H\u00d6CKER Rechtsanw\u00e4lte PartGmbB\"},\"image\":{\"@id\":\"https:\/\/www.hoecker.eu\/blog\/#\/schema\/logo\/image\/\"},\"sameAs\":[\"https:\/\/www.facebook.com\/HoeckerRAe\/\",\"https:\/\/x.com\/hoecker_rae\",\"https:\/\/www.linkedin.com\/company\/hcker-rechtsanwlte\/\",\"https:\/\/www.instagram.com\/hoecker_rae\/\"],\"email\":\"contact@hoecker.eu\",\"telephone\":\"+ 49 (0)221-933 19-10\",\"legalName\":\"H\u00d6CKER Rechtsanw\u00e4lte PartGmbB\",\"numberOfEmployees\":{\"@type\":\"QuantitativeValue\",\"minValue\":\"11\",\"maxValue\":\"50\"}},{\"@type\":\"Person\",\"@id\":\"https:\/\/www.hoecker.eu\/blog\/#\/schema\/person\/08f95581eed0534eccd0b2438f7a1cab\",\"name\":\"Prof. Dr. Ralf H\u00f6cker\",\"description\":\"Medienanwalt. Besch\u00fctzer vor mieser Presse\",\"sameAs\":[\"https:\/\/www.hoecker.eu\/wer\/prof-dr-ralf-hoecker\",\"https:\/\/www.facebook.com\/ralf.hoecker\",\"https:\/\/www.linkedin.com\/in\/prof-dr-ralf-hcker-ll-m-london-17987826\/\",\"https:\/\/x.com\/Ralf_Hoecker\"],\"url\":\"https:\/\/www.hoecker.eu\/blog\/author\/hoecker_adm\/\"}]}<\/script>\n<!-- \/ Yoast SEO Premium plugin. -->","yoast_head_json":{"title":"LG M\u00fcnchen I: Beweislast f\u00fcr nachteilige Schilderungen liegt bei Jameda. - H\u00d6CKER - der Blog","robots":{"index":"index","follow":"follow","max-snippet":"max-snippet:-1","max-image-preview":"max-image-preview:large","max-video-preview":"max-video-preview:-1"},"canonical":"https:\/\/www.hoecker.eu\/blog\/lg-muenchen-i-beweislast-fuer-nachteilige-schilderungen-liegt-bei-jameda\/","og_locale":"de_DE","og_type":"article","og_title":"LG M\u00fcnchen I: Beweislast f\u00fcr nachteilige Schilderungen liegt bei Jameda.","og_description":"Die Bewertung war zusammen mit einem Text ver\u00f6ffentlicht worden, in dem behauptet wurde, dass der Zahnarzt dem Bewertenden eine zu hohe und zu runde Krone angefertigt habe. Tats\u00e4chlich gab es in der Praxis des Kl\u00e4gers jedoch keinen Fall, bei dem eine Krone zu hoch oder zu rund angefertigt wurde oder sich auch nur jemand \u00fcber [&hellip;]","og_url":"https:\/\/www.hoecker.eu\/blog\/lg-muenchen-i-beweislast-fuer-nachteilige-schilderungen-liegt-bei-jameda\/","og_site_name":"H\u00d6CKER - der Blog","article_publisher":"https:\/\/www.facebook.com\/HoeckerRAe\/","article_author":"https:\/\/www.facebook.com\/ralf.hoecker","article_published_time":"2017-05-31T17:38:53+00:00","article_modified_time":"2025-02-17T13:56:57+00:00","author":"Prof. Dr. Ralf H\u00f6cker","twitter_card":"summary_large_image","twitter_creator":"@Ralf_Hoecker","twitter_site":"@hoecker_rae","twitter_misc":{"Verfasst von":"Prof. Dr. Ralf H\u00f6cker","Gesch\u00e4tzte Lesezeit":"1\u00a0Minute"},"schema":{"@context":"https:\/\/schema.org","@graph":[{"@type":"Article","@id":"https:\/\/www.hoecker.eu\/blog\/lg-muenchen-i-beweislast-fuer-nachteilige-schilderungen-liegt-bei-jameda\/#article","isPartOf":{"@id":"https:\/\/www.hoecker.eu\/blog\/lg-muenchen-i-beweislast-fuer-nachteilige-schilderungen-liegt-bei-jameda\/"},"author":{"name":"Prof. Dr. Ralf H\u00f6cker","@id":"https:\/\/www.hoecker.eu\/blog\/#\/schema\/person\/08f95581eed0534eccd0b2438f7a1cab"},"headline":"LG M\u00fcnchen I: Beweislast f\u00fcr nachteilige Schilderungen liegt bei Jameda.","datePublished":"2017-05-31T17:38:53+00:00","dateModified":"2025-02-17T13:56:57+00:00","mainEntityOfPage":{"@id":"https:\/\/www.hoecker.eu\/blog\/lg-muenchen-i-beweislast-fuer-nachteilige-schilderungen-liegt-bei-jameda\/"},"wordCount":299,"publisher":{"@id":"https:\/\/www.hoecker.eu\/blog\/#organization"},"articleSection":["News"],"inLanguage":"de"},{"@type":"WebPage","@id":"https:\/\/www.hoecker.eu\/blog\/lg-muenchen-i-beweislast-fuer-nachteilige-schilderungen-liegt-bei-jameda\/","url":"https:\/\/www.hoecker.eu\/blog\/lg-muenchen-i-beweislast-fuer-nachteilige-schilderungen-liegt-bei-jameda\/","name":"LG M\u00fcnchen I: Beweislast f\u00fcr nachteilige Schilderungen liegt bei Jameda. - H\u00d6CKER - der Blog","isPartOf":{"@id":"https:\/\/www.hoecker.eu\/blog\/#website"},"datePublished":"2017-05-31T17:38:53+00:00","dateModified":"2025-02-17T13:56:57+00:00","breadcrumb":{"@id":"https:\/\/www.hoecker.eu\/blog\/lg-muenchen-i-beweislast-fuer-nachteilige-schilderungen-liegt-bei-jameda\/#breadcrumb"},"inLanguage":"de","potentialAction":[{"@type":"ReadAction","target":["https:\/\/www.hoecker.eu\/blog\/lg-muenchen-i-beweislast-fuer-nachteilige-schilderungen-liegt-bei-jameda\/"]}]},{"@type":"BreadcrumbList","@id":"https:\/\/www.hoecker.eu\/blog\/lg-muenchen-i-beweislast-fuer-nachteilige-schilderungen-liegt-bei-jameda\/#breadcrumb","itemListElement":[{"@type":"ListItem","position":1,"name":"Startseite","item":"https:\/\/dev.hoecker.eu\/blog\/"},{"@type":"ListItem","position":2,"name":"LG M\u00fcnchen I: Beweislast f\u00fcr nachteilige Schilderungen liegt bei Jameda."}]},{"@type":"WebSite","@id":"https:\/\/www.hoecker.eu\/blog\/#website","url":"https:\/\/www.hoecker.eu\/blog\/","name":"H\u00d6CKER - der Blog","description":"Expertenblog f\u00fcr \u00c4u\u00dferungs-, Medien-, Marken-, Urheber- und Wettbewerbsrecht.","publisher":{"@id":"https:\/\/www.hoecker.eu\/blog\/#organization"},"potentialAction":[{"@type":"SearchAction","target":{"@type":"EntryPoint","urlTemplate":"https:\/\/www.hoecker.eu\/blog\/?s={search_term_string}"},"query-input":{"@type":"PropertyValueSpecification","valueRequired":true,"valueName":"search_term_string"}}],"inLanguage":"de"},{"@type":"Organization","@id":"https:\/\/www.hoecker.eu\/blog\/#organization","name":"H\u00d6CKER Rechtsanw\u00e4lte PartGmbB","alternateName":"H\u00d6CKER","url":"https:\/\/www.hoecker.eu\/blog\/","logo":{"@type":"ImageObject","inLanguage":"de","@id":"https:\/\/www.hoecker.eu\/blog\/#\/schema\/logo\/image\/","url":"https:\/\/www.hoecker.eu\/blog\/wp-content\/uploads\/2025\/03\/Blog-Logo.webp","contentUrl":"https:\/\/www.hoecker.eu\/blog\/wp-content\/uploads\/2025\/03\/Blog-Logo.webp","width":500,"height":500,"caption":"H\u00d6CKER Rechtsanw\u00e4lte PartGmbB"},"image":{"@id":"https:\/\/www.hoecker.eu\/blog\/#\/schema\/logo\/image\/"},"sameAs":["https:\/\/www.facebook.com\/HoeckerRAe\/","https:\/\/x.com\/hoecker_rae","https:\/\/www.linkedin.com\/company\/hcker-rechtsanwlte\/","https:\/\/www.instagram.com\/hoecker_rae\/"],"email":"contact@hoecker.eu","telephone":"+ 49 (0)221-933 19-10","legalName":"H\u00d6CKER Rechtsanw\u00e4lte PartGmbB","numberOfEmployees":{"@type":"QuantitativeValue","minValue":"11","maxValue":"50"}},{"@type":"Person","@id":"https:\/\/www.hoecker.eu\/blog\/#\/schema\/person\/08f95581eed0534eccd0b2438f7a1cab","name":"Prof. Dr. Ralf H\u00f6cker","description":"Medienanwalt. Besch\u00fctzer vor mieser Presse","sameAs":["https:\/\/www.hoecker.eu\/wer\/prof-dr-ralf-hoecker","https:\/\/www.facebook.com\/ralf.hoecker","https:\/\/www.linkedin.com\/in\/prof-dr-ralf-hcker-ll-m-london-17987826\/","https:\/\/x.com\/Ralf_Hoecker"],"url":"https:\/\/www.hoecker.eu\/blog\/author\/hoecker_adm\/"}]}},"authors":[{"term_id":84,"user_id":1,"is_guest":0,"slug":"hoecker_adm","display_name":"Prof. Dr. Ralf H\u00f6cker","avatar_url":{"url":"https:\/\/www.hoecker.eu\/blog\/wp-content\/uploads\/2023\/12\/ProfDrRalfHoecker.jpg","url2x":"https:\/\/www.hoecker.eu\/blog\/wp-content\/uploads\/2023\/12\/ProfDrRalfHoecker.jpg"},"0":null,"1":"","2":"","3":"","4":"","5":"","6":"","7":"","8":"","9":"","10":"","11":""}],"_links":{"self":[{"href":"https:\/\/www.hoecker.eu\/blog\/wp-json\/wp\/v2\/posts\/8373","targetHints":{"allow":["GET"]}}],"collection":[{"href":"https:\/\/www.hoecker.eu\/blog\/wp-json\/wp\/v2\/posts"}],"about":[{"href":"https:\/\/www.hoecker.eu\/blog\/wp-json\/wp\/v2\/types\/post"}],"author":[{"embeddable":true,"href":"https:\/\/www.hoecker.eu\/blog\/wp-json\/wp\/v2\/users\/1"}],"replies":[{"embeddable":true,"href":"https:\/\/www.hoecker.eu\/blog\/wp-json\/wp\/v2\/comments?post=8373"}],"version-history":[{"count":1,"href":"https:\/\/www.hoecker.eu\/blog\/wp-json\/wp\/v2\/posts\/8373\/revisions"}],"predecessor-version":[{"id":9495,"href":"https:\/\/www.hoecker.eu\/blog\/wp-json\/wp\/v2\/posts\/8373\/revisions\/9495"}],"wp:attachment":[{"href":"https:\/\/www.hoecker.eu\/blog\/wp-json\/wp\/v2\/media?parent=8373"}],"wp:term":[{"taxonomy":"category","embeddable":true,"href":"https:\/\/www.hoecker.eu\/blog\/wp-json\/wp\/v2\/categories?post=8373"},{"taxonomy":"post_tag","embeddable":true,"href":"https:\/\/www.hoecker.eu\/blog\/wp-json\/wp\/v2\/tags?post=8373"},{"taxonomy":"hashtags","embeddable":true,"href":"https:\/\/www.hoecker.eu\/blog\/wp-json\/wp\/v2\/hashtags?post=8373"},{"taxonomy":"author","embeddable":true,"href":"https:\/\/www.hoecker.eu\/blog\/wp-json\/wp\/v2\/ppma_author?post=8373"}],"curies":[{"name":"wp","href":"https:\/\/api.w.org\/{rel}","templated":true}]}}