{"id":8372,"date":"2017-07-06T11:51:00","date_gmt":"2017-07-06T09:51:00","guid":{"rendered":"https:\/\/www.hoecker.eu\/blog\/funke-gruppe-muss-eur-8-000-an-freie-journalistin-im-nebenberuf-nachzahlen\/"},"modified":"2025-02-17T14:56:57","modified_gmt":"2025-02-17T13:56:57","slug":"funke-gruppe-muss-eur-8-000-an-freie-journalistin-im-nebenberuf-nachzahlen","status":"publish","type":"post","link":"https:\/\/www.hoecker.eu\/blog\/funke-gruppe-muss-eur-8-000-an-freie-journalistin-im-nebenberuf-nachzahlen\/","title":{"rendered":"FUNKE-Gruppe muss EUR 8.000 an freie Journalistin im Nebenberuf nachzahlen."},"content":{"rendered":"<p>EUR 8.000,- muss die FUNKE-Gruppe an eine Journalistin zahlen, die nachtr\u00e4glich die Zahlung einer angemessenen Verg\u00fctung verlangt hatte.<\/p>\n<p>Dies ist das Ergebnis eines Vergleichs, nachdem H\u00d6CKER gegen\u00fcber dem Verlag die Anspr\u00fcche der Journalistin angemeldet hatte. Die Journalistin hatte nebenberuflich f\u00fcr eine Lokalredaktion viele Beitr\u00e4ge geschrieben und Fotos angefertigt. Die Bezahlung lag allerdings deutlich unterhalb der S\u00e4tze, die nach den Gemeinsamen Verg\u00fctungsregeln f\u00fcr freie Journalistinnen und Journalisten an Tageszeitungen (GVR) zu zahlen gewesen w\u00e4ren. Die Journalistin hatte in der Regel ein Zeilengeld von 20 Cent und f\u00fcr Fotos 7 bzw. 11 Euro erhalten. Nach den Gemeinsamen Verg\u00fctungsregeln h\u00e4tte sie f\u00fcr Texte jedoch 39 bzw. 59 Cent pro Zeile und f\u00fcr Fotos 27 bzw. 32 Euro erhalten m\u00fcssen. Die Gemeinsamen Verg\u00fctungsregeln gelten zwar unmittelbar nur f\u00fcr hauptberuflich t\u00e4tige Journalisten, k\u00f6nnen aber zumindest als Orientierungshilfe f\u00fcr die Berechnung des angemessenen Honorars im Sinne von \u00a7 32 UrhG herangezogen werden. Die Gemeinsamen Verg\u00fctungsregeln bilden die Vorstellungen der beteiligten Verb\u00e4nde \u00fcber die H\u00f6he der angemessenen Verg\u00fctung f\u00fcr freie Journalisten und Journalistinnen ab.<\/p>\n<p>Zur Vermeidung eines Gerichtsverfahrens hat sich der Verlag nun zur Zahlung von EUR 8.000,- verpflichtet. <\/p>\n<p>Derzeit sind mehrere betreute Verfahren mit Anspr\u00fcchen auf Nachzahlungen f\u00fcr Journalisten an den Oberlandesgerichten D\u00fcsseldorf und K\u00f6ln sowie an den Landgerichten Bochum und D\u00fcsseldorf anh\u00e4ngig. Der Kartellsenat des BGH hatte k\u00fcrzlich die Nichtzulassungsbeschwerde eines Verlages gegen eine Entscheidung des OLG Hamm zur\u00fcckgewiesen. Der Verlag hatte sich darauf berufen, dass die Gemeinsamen Verg\u00fctungsregeln gegen EU-Kartellrecht versto\u00dfen w\u00fcrden (BGH KZR 75\/15).<\/p>\n","protected":false},"excerpt":{"rendered":"<p>EUR 8.000,- muss die FUNKE-Gruppe an eine Journalistin zahlen, die nachtr\u00e4glich die Zahlung einer angemessenen Verg\u00fctung verlangt hatte. Dies ist das Ergebnis eines Vergleichs, nachdem H\u00d6CKER gegen\u00fcber dem Verlag die Anspr\u00fcche der Journalistin angemeldet hatte. Die Journalistin hatte nebenberuflich f\u00fcr eine Lokalredaktion viele Beitr\u00e4ge geschrieben und Fotos angefertigt. Die Bezahlung lag allerdings deutlich unterhalb der [&hellip;]<\/p>\n","protected":false},"author":1,"featured_media":0,"comment_status":"closed","ping_status":"closed","sticky":false,"template":"","format":"standard","meta":{"_has_post_settings":[],"footnotes":""},"categories":[15],"tags":[],"hashtags":[],"ppma_author":[84],"class_list":["post-8372","post","type-post","status-publish","format-standard","hentry","category-news","author-hoecker_adm"],"yoast_head":"<!-- This site is optimized with the Yoast SEO Premium plugin v25.9 (Yoast SEO v27.0) - https:\/\/yoast.com\/product\/yoast-seo-premium-wordpress\/ -->\n<title>FUNKE-Gruppe muss EUR 8.000 an freie Journalistin im Nebenberuf nachzahlen. - H\u00d6CKER - der Blog<\/title>\n<meta name=\"robots\" content=\"index, follow, max-snippet:-1, max-image-preview:large, max-video-preview:-1\" \/>\n<link rel=\"canonical\" href=\"https:\/\/www.hoecker.eu\/blog\/funke-gruppe-muss-eur-8-000-an-freie-journalistin-im-nebenberuf-nachzahlen\/\" \/>\n<meta property=\"og:locale\" content=\"de_DE\" \/>\n<meta property=\"og:type\" content=\"article\" \/>\n<meta property=\"og:title\" content=\"FUNKE-Gruppe muss EUR 8.000 an freie Journalistin im Nebenberuf nachzahlen.\" \/>\n<meta property=\"og:description\" content=\"EUR 8.000,- muss die FUNKE-Gruppe an eine Journalistin zahlen, die nachtr\u00e4glich die Zahlung einer angemessenen Verg\u00fctung verlangt hatte. Dies ist das Ergebnis eines Vergleichs, nachdem H\u00d6CKER gegen\u00fcber dem Verlag die Anspr\u00fcche der Journalistin angemeldet hatte. Die Journalistin hatte nebenberuflich f\u00fcr eine Lokalredaktion viele Beitr\u00e4ge geschrieben und Fotos angefertigt. Die Bezahlung lag allerdings deutlich unterhalb der [&hellip;]\" \/>\n<meta property=\"og:url\" content=\"https:\/\/www.hoecker.eu\/blog\/funke-gruppe-muss-eur-8-000-an-freie-journalistin-im-nebenberuf-nachzahlen\/\" \/>\n<meta property=\"og:site_name\" content=\"H\u00d6CKER - der Blog\" \/>\n<meta property=\"article:publisher\" content=\"https:\/\/www.facebook.com\/HoeckerRAe\/\" \/>\n<meta property=\"article:author\" content=\"https:\/\/www.facebook.com\/ralf.hoecker\" \/>\n<meta property=\"article:published_time\" content=\"2017-07-06T09:51:00+00:00\" \/>\n<meta property=\"article:modified_time\" content=\"2025-02-17T13:56:57+00:00\" \/>\n<meta name=\"author\" content=\"Prof. Dr. Ralf H\u00f6cker\" \/>\n<meta name=\"twitter:card\" content=\"summary_large_image\" \/>\n<meta name=\"twitter:creator\" content=\"@Ralf_Hoecker\" \/>\n<meta name=\"twitter:site\" content=\"@hoecker_rae\" \/>\n<meta name=\"twitter:label1\" content=\"Verfasst von\" \/>\n\t<meta name=\"twitter:data1\" content=\"Prof. Dr. Ralf H\u00f6cker\" \/>\n\t<meta name=\"twitter:label2\" content=\"Gesch\u00e4tzte Lesezeit\" \/>\n\t<meta name=\"twitter:data2\" content=\"1\u00a0Minute\" \/>\n<script type=\"application\/ld+json\" class=\"yoast-schema-graph\">{\"@context\":\"https:\/\/schema.org\",\"@graph\":[{\"@type\":\"Article\",\"@id\":\"https:\/\/www.hoecker.eu\/blog\/funke-gruppe-muss-eur-8-000-an-freie-journalistin-im-nebenberuf-nachzahlen\/#article\",\"isPartOf\":{\"@id\":\"https:\/\/www.hoecker.eu\/blog\/funke-gruppe-muss-eur-8-000-an-freie-journalistin-im-nebenberuf-nachzahlen\/\"},\"author\":{\"name\":\"Prof. Dr. Ralf H\u00f6cker\",\"@id\":\"https:\/\/www.hoecker.eu\/blog\/#\/schema\/person\/08f95581eed0534eccd0b2438f7a1cab\"},\"headline\":\"FUNKE-Gruppe muss EUR 8.000 an freie Journalistin im Nebenberuf nachzahlen.\",\"datePublished\":\"2017-07-06T09:51:00+00:00\",\"dateModified\":\"2025-02-17T13:56:57+00:00\",\"mainEntityOfPage\":{\"@id\":\"https:\/\/www.hoecker.eu\/blog\/funke-gruppe-muss-eur-8-000-an-freie-journalistin-im-nebenberuf-nachzahlen\/\"},\"wordCount\":278,\"publisher\":{\"@id\":\"https:\/\/www.hoecker.eu\/blog\/#organization\"},\"articleSection\":[\"News\"],\"inLanguage\":\"de\"},{\"@type\":\"WebPage\",\"@id\":\"https:\/\/www.hoecker.eu\/blog\/funke-gruppe-muss-eur-8-000-an-freie-journalistin-im-nebenberuf-nachzahlen\/\",\"url\":\"https:\/\/www.hoecker.eu\/blog\/funke-gruppe-muss-eur-8-000-an-freie-journalistin-im-nebenberuf-nachzahlen\/\",\"name\":\"FUNKE-Gruppe muss EUR 8.000 an freie Journalistin im Nebenberuf nachzahlen. - H\u00d6CKER - der Blog\",\"isPartOf\":{\"@id\":\"https:\/\/www.hoecker.eu\/blog\/#website\"},\"datePublished\":\"2017-07-06T09:51:00+00:00\",\"dateModified\":\"2025-02-17T13:56:57+00:00\",\"breadcrumb\":{\"@id\":\"https:\/\/www.hoecker.eu\/blog\/funke-gruppe-muss-eur-8-000-an-freie-journalistin-im-nebenberuf-nachzahlen\/#breadcrumb\"},\"inLanguage\":\"de\",\"potentialAction\":[{\"@type\":\"ReadAction\",\"target\":[\"https:\/\/www.hoecker.eu\/blog\/funke-gruppe-muss-eur-8-000-an-freie-journalistin-im-nebenberuf-nachzahlen\/\"]}]},{\"@type\":\"BreadcrumbList\",\"@id\":\"https:\/\/www.hoecker.eu\/blog\/funke-gruppe-muss-eur-8-000-an-freie-journalistin-im-nebenberuf-nachzahlen\/#breadcrumb\",\"itemListElement\":[{\"@type\":\"ListItem\",\"position\":1,\"name\":\"Startseite\",\"item\":\"https:\/\/dev.hoecker.eu\/blog\/\"},{\"@type\":\"ListItem\",\"position\":2,\"name\":\"FUNKE-Gruppe muss EUR 8.000 an freie Journalistin im Nebenberuf nachzahlen.\"}]},{\"@type\":\"WebSite\",\"@id\":\"https:\/\/www.hoecker.eu\/blog\/#website\",\"url\":\"https:\/\/www.hoecker.eu\/blog\/\",\"name\":\"H\u00d6CKER - der Blog\",\"description\":\"Expertenblog f\u00fcr \u00c4u\u00dferungs-, Medien-, Marken-, Urheber- und Wettbewerbsrecht.\",\"publisher\":{\"@id\":\"https:\/\/www.hoecker.eu\/blog\/#organization\"},\"potentialAction\":[{\"@type\":\"SearchAction\",\"target\":{\"@type\":\"EntryPoint\",\"urlTemplate\":\"https:\/\/www.hoecker.eu\/blog\/?s={search_term_string}\"},\"query-input\":{\"@type\":\"PropertyValueSpecification\",\"valueRequired\":true,\"valueName\":\"search_term_string\"}}],\"inLanguage\":\"de\"},{\"@type\":\"Organization\",\"@id\":\"https:\/\/www.hoecker.eu\/blog\/#organization\",\"name\":\"H\u00d6CKER Rechtsanw\u00e4lte PartGmbB\",\"alternateName\":\"H\u00d6CKER\",\"url\":\"https:\/\/www.hoecker.eu\/blog\/\",\"logo\":{\"@type\":\"ImageObject\",\"inLanguage\":\"de\",\"@id\":\"https:\/\/www.hoecker.eu\/blog\/#\/schema\/logo\/image\/\",\"url\":\"https:\/\/www.hoecker.eu\/blog\/wp-content\/uploads\/2025\/03\/Blog-Logo.webp\",\"contentUrl\":\"https:\/\/www.hoecker.eu\/blog\/wp-content\/uploads\/2025\/03\/Blog-Logo.webp\",\"width\":500,\"height\":500,\"caption\":\"H\u00d6CKER Rechtsanw\u00e4lte PartGmbB\"},\"image\":{\"@id\":\"https:\/\/www.hoecker.eu\/blog\/#\/schema\/logo\/image\/\"},\"sameAs\":[\"https:\/\/www.facebook.com\/HoeckerRAe\/\",\"https:\/\/x.com\/hoecker_rae\",\"https:\/\/www.linkedin.com\/company\/hcker-rechtsanwlte\/\",\"https:\/\/www.instagram.com\/hoecker_rae\/\"],\"email\":\"contact@hoecker.eu\",\"telephone\":\"+ 49 (0)221-933 19-10\",\"legalName\":\"H\u00d6CKER Rechtsanw\u00e4lte PartGmbB\",\"numberOfEmployees\":{\"@type\":\"QuantitativeValue\",\"minValue\":\"11\",\"maxValue\":\"50\"}},{\"@type\":\"Person\",\"@id\":\"https:\/\/www.hoecker.eu\/blog\/#\/schema\/person\/08f95581eed0534eccd0b2438f7a1cab\",\"name\":\"Prof. Dr. Ralf H\u00f6cker\",\"description\":\"Medienanwalt. Besch\u00fctzer vor mieser Presse\",\"sameAs\":[\"https:\/\/www.hoecker.eu\/wer\/prof-dr-ralf-hoecker\",\"https:\/\/www.facebook.com\/ralf.hoecker\",\"https:\/\/www.linkedin.com\/in\/prof-dr-ralf-hcker-ll-m-london-17987826\/\",\"https:\/\/x.com\/Ralf_Hoecker\"],\"url\":\"https:\/\/www.hoecker.eu\/blog\/author\/hoecker_adm\/\"}]}<\/script>\n<!-- \/ Yoast SEO Premium plugin. -->","yoast_head_json":{"title":"FUNKE-Gruppe muss EUR 8.000 an freie Journalistin im Nebenberuf nachzahlen. - H\u00d6CKER - der Blog","robots":{"index":"index","follow":"follow","max-snippet":"max-snippet:-1","max-image-preview":"max-image-preview:large","max-video-preview":"max-video-preview:-1"},"canonical":"https:\/\/www.hoecker.eu\/blog\/funke-gruppe-muss-eur-8-000-an-freie-journalistin-im-nebenberuf-nachzahlen\/","og_locale":"de_DE","og_type":"article","og_title":"FUNKE-Gruppe muss EUR 8.000 an freie Journalistin im Nebenberuf nachzahlen.","og_description":"EUR 8.000,- muss die FUNKE-Gruppe an eine Journalistin zahlen, die nachtr\u00e4glich die Zahlung einer angemessenen Verg\u00fctung verlangt hatte. Dies ist das Ergebnis eines Vergleichs, nachdem H\u00d6CKER gegen\u00fcber dem Verlag die Anspr\u00fcche der Journalistin angemeldet hatte. Die Journalistin hatte nebenberuflich f\u00fcr eine Lokalredaktion viele Beitr\u00e4ge geschrieben und Fotos angefertigt. Die Bezahlung lag allerdings deutlich unterhalb der [&hellip;]","og_url":"https:\/\/www.hoecker.eu\/blog\/funke-gruppe-muss-eur-8-000-an-freie-journalistin-im-nebenberuf-nachzahlen\/","og_site_name":"H\u00d6CKER - der Blog","article_publisher":"https:\/\/www.facebook.com\/HoeckerRAe\/","article_author":"https:\/\/www.facebook.com\/ralf.hoecker","article_published_time":"2017-07-06T09:51:00+00:00","article_modified_time":"2025-02-17T13:56:57+00:00","author":"Prof. Dr. Ralf H\u00f6cker","twitter_card":"summary_large_image","twitter_creator":"@Ralf_Hoecker","twitter_site":"@hoecker_rae","twitter_misc":{"Verfasst von":"Prof. Dr. Ralf H\u00f6cker","Gesch\u00e4tzte Lesezeit":"1\u00a0Minute"},"schema":{"@context":"https:\/\/schema.org","@graph":[{"@type":"Article","@id":"https:\/\/www.hoecker.eu\/blog\/funke-gruppe-muss-eur-8-000-an-freie-journalistin-im-nebenberuf-nachzahlen\/#article","isPartOf":{"@id":"https:\/\/www.hoecker.eu\/blog\/funke-gruppe-muss-eur-8-000-an-freie-journalistin-im-nebenberuf-nachzahlen\/"},"author":{"name":"Prof. Dr. Ralf H\u00f6cker","@id":"https:\/\/www.hoecker.eu\/blog\/#\/schema\/person\/08f95581eed0534eccd0b2438f7a1cab"},"headline":"FUNKE-Gruppe muss EUR 8.000 an freie Journalistin im Nebenberuf nachzahlen.","datePublished":"2017-07-06T09:51:00+00:00","dateModified":"2025-02-17T13:56:57+00:00","mainEntityOfPage":{"@id":"https:\/\/www.hoecker.eu\/blog\/funke-gruppe-muss-eur-8-000-an-freie-journalistin-im-nebenberuf-nachzahlen\/"},"wordCount":278,"publisher":{"@id":"https:\/\/www.hoecker.eu\/blog\/#organization"},"articleSection":["News"],"inLanguage":"de"},{"@type":"WebPage","@id":"https:\/\/www.hoecker.eu\/blog\/funke-gruppe-muss-eur-8-000-an-freie-journalistin-im-nebenberuf-nachzahlen\/","url":"https:\/\/www.hoecker.eu\/blog\/funke-gruppe-muss-eur-8-000-an-freie-journalistin-im-nebenberuf-nachzahlen\/","name":"FUNKE-Gruppe muss EUR 8.000 an freie Journalistin im Nebenberuf nachzahlen. - H\u00d6CKER - der Blog","isPartOf":{"@id":"https:\/\/www.hoecker.eu\/blog\/#website"},"datePublished":"2017-07-06T09:51:00+00:00","dateModified":"2025-02-17T13:56:57+00:00","breadcrumb":{"@id":"https:\/\/www.hoecker.eu\/blog\/funke-gruppe-muss-eur-8-000-an-freie-journalistin-im-nebenberuf-nachzahlen\/#breadcrumb"},"inLanguage":"de","potentialAction":[{"@type":"ReadAction","target":["https:\/\/www.hoecker.eu\/blog\/funke-gruppe-muss-eur-8-000-an-freie-journalistin-im-nebenberuf-nachzahlen\/"]}]},{"@type":"BreadcrumbList","@id":"https:\/\/www.hoecker.eu\/blog\/funke-gruppe-muss-eur-8-000-an-freie-journalistin-im-nebenberuf-nachzahlen\/#breadcrumb","itemListElement":[{"@type":"ListItem","position":1,"name":"Startseite","item":"https:\/\/dev.hoecker.eu\/blog\/"},{"@type":"ListItem","position":2,"name":"FUNKE-Gruppe muss EUR 8.000 an freie Journalistin im Nebenberuf nachzahlen."}]},{"@type":"WebSite","@id":"https:\/\/www.hoecker.eu\/blog\/#website","url":"https:\/\/www.hoecker.eu\/blog\/","name":"H\u00d6CKER - der Blog","description":"Expertenblog f\u00fcr \u00c4u\u00dferungs-, Medien-, Marken-, Urheber- und Wettbewerbsrecht.","publisher":{"@id":"https:\/\/www.hoecker.eu\/blog\/#organization"},"potentialAction":[{"@type":"SearchAction","target":{"@type":"EntryPoint","urlTemplate":"https:\/\/www.hoecker.eu\/blog\/?s={search_term_string}"},"query-input":{"@type":"PropertyValueSpecification","valueRequired":true,"valueName":"search_term_string"}}],"inLanguage":"de"},{"@type":"Organization","@id":"https:\/\/www.hoecker.eu\/blog\/#organization","name":"H\u00d6CKER Rechtsanw\u00e4lte PartGmbB","alternateName":"H\u00d6CKER","url":"https:\/\/www.hoecker.eu\/blog\/","logo":{"@type":"ImageObject","inLanguage":"de","@id":"https:\/\/www.hoecker.eu\/blog\/#\/schema\/logo\/image\/","url":"https:\/\/www.hoecker.eu\/blog\/wp-content\/uploads\/2025\/03\/Blog-Logo.webp","contentUrl":"https:\/\/www.hoecker.eu\/blog\/wp-content\/uploads\/2025\/03\/Blog-Logo.webp","width":500,"height":500,"caption":"H\u00d6CKER Rechtsanw\u00e4lte PartGmbB"},"image":{"@id":"https:\/\/www.hoecker.eu\/blog\/#\/schema\/logo\/image\/"},"sameAs":["https:\/\/www.facebook.com\/HoeckerRAe\/","https:\/\/x.com\/hoecker_rae","https:\/\/www.linkedin.com\/company\/hcker-rechtsanwlte\/","https:\/\/www.instagram.com\/hoecker_rae\/"],"email":"contact@hoecker.eu","telephone":"+ 49 (0)221-933 19-10","legalName":"H\u00d6CKER Rechtsanw\u00e4lte PartGmbB","numberOfEmployees":{"@type":"QuantitativeValue","minValue":"11","maxValue":"50"}},{"@type":"Person","@id":"https:\/\/www.hoecker.eu\/blog\/#\/schema\/person\/08f95581eed0534eccd0b2438f7a1cab","name":"Prof. Dr. Ralf H\u00f6cker","description":"Medienanwalt. Besch\u00fctzer vor mieser Presse","sameAs":["https:\/\/www.hoecker.eu\/wer\/prof-dr-ralf-hoecker","https:\/\/www.facebook.com\/ralf.hoecker","https:\/\/www.linkedin.com\/in\/prof-dr-ralf-hcker-ll-m-london-17987826\/","https:\/\/x.com\/Ralf_Hoecker"],"url":"https:\/\/www.hoecker.eu\/blog\/author\/hoecker_adm\/"}]}},"authors":[{"term_id":84,"user_id":1,"is_guest":0,"slug":"hoecker_adm","display_name":"Prof. Dr. Ralf H\u00f6cker","avatar_url":{"url":"https:\/\/www.hoecker.eu\/blog\/wp-content\/uploads\/2023\/12\/ProfDrRalfHoecker.jpg","url2x":"https:\/\/www.hoecker.eu\/blog\/wp-content\/uploads\/2023\/12\/ProfDrRalfHoecker.jpg"},"0":null,"1":"","2":"","3":"","4":"","5":"","6":"","7":"","8":"","9":"","10":"","11":""}],"_links":{"self":[{"href":"https:\/\/www.hoecker.eu\/blog\/wp-json\/wp\/v2\/posts\/8372","targetHints":{"allow":["GET"]}}],"collection":[{"href":"https:\/\/www.hoecker.eu\/blog\/wp-json\/wp\/v2\/posts"}],"about":[{"href":"https:\/\/www.hoecker.eu\/blog\/wp-json\/wp\/v2\/types\/post"}],"author":[{"embeddable":true,"href":"https:\/\/www.hoecker.eu\/blog\/wp-json\/wp\/v2\/users\/1"}],"replies":[{"embeddable":true,"href":"https:\/\/www.hoecker.eu\/blog\/wp-json\/wp\/v2\/comments?post=8372"}],"version-history":[{"count":1,"href":"https:\/\/www.hoecker.eu\/blog\/wp-json\/wp\/v2\/posts\/8372\/revisions"}],"predecessor-version":[{"id":9494,"href":"https:\/\/www.hoecker.eu\/blog\/wp-json\/wp\/v2\/posts\/8372\/revisions\/9494"}],"wp:attachment":[{"href":"https:\/\/www.hoecker.eu\/blog\/wp-json\/wp\/v2\/media?parent=8372"}],"wp:term":[{"taxonomy":"category","embeddable":true,"href":"https:\/\/www.hoecker.eu\/blog\/wp-json\/wp\/v2\/categories?post=8372"},{"taxonomy":"post_tag","embeddable":true,"href":"https:\/\/www.hoecker.eu\/blog\/wp-json\/wp\/v2\/tags?post=8372"},{"taxonomy":"hashtags","embeddable":true,"href":"https:\/\/www.hoecker.eu\/blog\/wp-json\/wp\/v2\/hashtags?post=8372"},{"taxonomy":"author","embeddable":true,"href":"https:\/\/www.hoecker.eu\/blog\/wp-json\/wp\/v2\/ppma_author?post=8372"}],"curies":[{"name":"wp","href":"https:\/\/api.w.org\/{rel}","templated":true}]}}