{"id":8370,"date":"2017-07-06T12:30:00","date_gmt":"2017-07-06T10:30:00","guid":{"rendered":"https:\/\/www.hoecker.eu\/blog\/olg-muenchen-rechtsmissbraeuchlich-handelt-wer-eine-abmahnungserwiderung-verschweigt\/"},"modified":"2025-02-17T14:56:56","modified_gmt":"2025-02-17T13:56:56","slug":"olg-muenchen-rechtsmissbraeuchlich-handelt-wer-eine-abmahnungserwiderung-verschweigt","status":"publish","type":"post","link":"https:\/\/www.hoecker.eu\/blog\/olg-muenchen-rechtsmissbraeuchlich-handelt-wer-eine-abmahnungserwiderung-verschweigt\/","title":{"rendered":"OLG M\u00fcnchen: Rechtsmissbr\u00e4uchlich handelt, wer eine Abmahnungserwiderung verschweigt."},"content":{"rendered":"<p \"=\"\">Das Oberlandesgericht M\u00fcnchen hat den Antrag auf Erlass einer einstweiligen Verf\u00fcgung zur\u00fcckgewiesen, da die Antragsteller im Antrag die Abmahnungserwiderung nicht vorgelegt hatten (Urt. v. 08.06.2017, Az.: 29 U 1210\/17). Der 29. Zivilsenat bewertete ein solches Vorgehen als rechtsmissbr\u00e4uchlich i.S.d. \u00a7 8 Abs. 4 UWG bzw. \u00a7 242 BGB. Damit best\u00e4tigte der Senat die erstinstanzliche Zur\u00fcckweisung (LG M\u00fcnchen I, Urt. v. 14.03.2017, Az. 33 O 2806\/17). Auch das Landgericht M\u00fcnchen I hatte ein rechtsmissbr\u00e4uchliches Verhalten der Antragsteller angenommen.<\/p>\n<p \"=\"\">Auf die Abmahnung wegen eines angeblich wettbewerbswidrigen Verhaltens hatte H\u00d6CKER im Namen der sp\u00e4teren  Antragsgegner geantwortet und sich umfangreich zur Sach- und Rechtslage ge\u00e4u\u00dfert. Am Schluss des Schreibens wurde darauf hingewiesen, dass diese Erwiderung einem etwaigen Antrag an das Gericht beizuf\u00fcgen sei. Das taten die Antragsteller jedoch nicht, sondern beantragten den Erlass einer einstweiligen Verf\u00fcgung \u201eohne m\u00fcndliche Verhandlung\u201c und f\u00fchrten in der Begr\u00fcndung aus, dass trotz Abmahnung keine Unterlassungserkl\u00e4rung abgegeben worden sei.<\/p>\n<p \"=\"\">Dieses Verhalten bewertet der Senat als rechtsmissbr\u00e4uchlich und erkannte in dem Verhalten der Antragsteller eine \u201egrobe Verletzung\u201c der \u201eprozessualen Wahrheitspflicht\u201c. Diese seien nach \u00a7 138 Abs. 1 ZPO verpflichtet gewesen, dem Gericht mitzuteilen, dass die Antragsgegner die Anspr\u00fcche vorprozessual zur\u00fcckgewiesen haben. Ferner h\u00e4tten sie die Abmahnungserwiderung vorlegen m\u00fcssen. Dabei wiege es besonders schwer, dass ein Antrag auf Erlass einer einstweiligen Verf\u00fcgung ohne m\u00fcndliche Verhandlung gestellt worden sei und dass die Antragsgegner die Antragsteller schon in der Erwiderung auf die prozessuale Wahrheitspflicht hingewiesen hatten. Unerheblich sei hier auch, dass die Antragsgegner zus\u00e4tzlich eine Schutzschrift (nebst Erwiderung) hinterlegt hatten, da die Antragsteller versucht h\u00e4tten, \u201esich unter planm\u00e4\u00dfig-gezielter Geh\u00f6rsvereitelung einen Titel zu erschleichen\u201c.<\/p>\n<p \"=\"\">Rechtsanwalt Dr. Christian Conrad:<\/p>\n<p \"=\"\">\u201e<em>Es ist absolut \u00fcblich, im einstweiligen Verf\u00fcgungsverfahren Entscheidungen ohne m\u00fcndliche Verhandlung zu beantragen. Leider ist es ebenso \u00fcblich, dass Antragsteller dem Gericht nur die halbe Wahrheit mitteilen, um schnell einen Titel erwirken zu k\u00f6nnen. Dem hat das Oberlandesgericht M\u00fcnchen nun mit deutlichen Worten einen Riegel vorgeschoben und st\u00e4rkt damit die prozessuale Wahrheitspflicht im einstweiligen Verf\u00fcgungsverfahren.<\/em>\u201c<\/p>\n","protected":false},"excerpt":{"rendered":"<p>Auf die Abmahnung wegen eines angeblich wettbewerbswidrigen Verhaltens hatte H\u00d6CKER im Namen der sp\u00e4teren Antragsgegner geantwortet und sich umfangreich zur Sach- und Rechtslage ge\u00e4u\u00dfert. Am Schluss des Schreibens wurde darauf hingewiesen, dass diese Erwiderung einem etwaigen Antrag an das Gericht beizuf\u00fcgen sei. Das taten die Antragsteller jedoch nicht, sondern beantragten den Erlass einer einstweiligen Verf\u00fcgung [&hellip;]<\/p>\n","protected":false},"author":1,"featured_media":0,"comment_status":"closed","ping_status":"closed","sticky":false,"template":"","format":"standard","meta":{"_has_post_settings":[],"footnotes":""},"categories":[15],"tags":[],"hashtags":[],"ppma_author":[84],"class_list":["post-8370","post","type-post","status-publish","format-standard","hentry","category-news","author-hoecker_adm"],"yoast_head":"<!-- This site is optimized with the Yoast SEO Premium plugin v25.9 (Yoast SEO v27.0) - https:\/\/yoast.com\/product\/yoast-seo-premium-wordpress\/ -->\n<title>OLG M\u00fcnchen: Rechtsmissbr\u00e4uchlich handelt, wer eine Abmahnungserwiderung verschweigt. - H\u00d6CKER - der Blog<\/title>\n<meta name=\"robots\" content=\"index, follow, max-snippet:-1, max-image-preview:large, max-video-preview:-1\" \/>\n<link rel=\"canonical\" href=\"https:\/\/www.hoecker.eu\/blog\/olg-muenchen-rechtsmissbraeuchlich-handelt-wer-eine-abmahnungserwiderung-verschweigt\/\" \/>\n<meta property=\"og:locale\" content=\"de_DE\" \/>\n<meta property=\"og:type\" content=\"article\" \/>\n<meta property=\"og:title\" content=\"OLG M\u00fcnchen: Rechtsmissbr\u00e4uchlich handelt, wer eine Abmahnungserwiderung verschweigt.\" \/>\n<meta property=\"og:description\" content=\"Auf die Abmahnung wegen eines angeblich wettbewerbswidrigen Verhaltens hatte H\u00d6CKER im Namen der sp\u00e4teren Antragsgegner geantwortet und sich umfangreich zur Sach- und Rechtslage ge\u00e4u\u00dfert. Am Schluss des Schreibens wurde darauf hingewiesen, dass diese Erwiderung einem etwaigen Antrag an das Gericht beizuf\u00fcgen sei. Das taten die Antragsteller jedoch nicht, sondern beantragten den Erlass einer einstweiligen Verf\u00fcgung [&hellip;]\" \/>\n<meta property=\"og:url\" content=\"https:\/\/www.hoecker.eu\/blog\/olg-muenchen-rechtsmissbraeuchlich-handelt-wer-eine-abmahnungserwiderung-verschweigt\/\" \/>\n<meta property=\"og:site_name\" content=\"H\u00d6CKER - der Blog\" \/>\n<meta property=\"article:publisher\" content=\"https:\/\/www.facebook.com\/HoeckerRAe\/\" \/>\n<meta property=\"article:author\" content=\"https:\/\/www.facebook.com\/ralf.hoecker\" \/>\n<meta property=\"article:published_time\" content=\"2017-07-06T10:30:00+00:00\" \/>\n<meta property=\"article:modified_time\" content=\"2025-02-17T13:56:56+00:00\" \/>\n<meta name=\"author\" content=\"Prof. Dr. Ralf H\u00f6cker\" \/>\n<meta name=\"twitter:card\" content=\"summary_large_image\" \/>\n<meta name=\"twitter:creator\" content=\"@Ralf_Hoecker\" \/>\n<meta name=\"twitter:site\" content=\"@hoecker_rae\" \/>\n<meta name=\"twitter:label1\" content=\"Verfasst von\" \/>\n\t<meta name=\"twitter:data1\" content=\"Prof. Dr. Ralf H\u00f6cker\" \/>\n<script type=\"application\/ld+json\" class=\"yoast-schema-graph\">{\"@context\":\"https:\/\/schema.org\",\"@graph\":[{\"@type\":\"Article\",\"@id\":\"https:\/\/www.hoecker.eu\/blog\/olg-muenchen-rechtsmissbraeuchlich-handelt-wer-eine-abmahnungserwiderung-verschweigt\/#article\",\"isPartOf\":{\"@id\":\"https:\/\/www.hoecker.eu\/blog\/olg-muenchen-rechtsmissbraeuchlich-handelt-wer-eine-abmahnungserwiderung-verschweigt\/\"},\"author\":{\"name\":\"Prof. Dr. Ralf H\u00f6cker\",\"@id\":\"https:\/\/www.hoecker.eu\/blog\/#\/schema\/person\/08f95581eed0534eccd0b2438f7a1cab\"},\"headline\":\"OLG M\u00fcnchen: Rechtsmissbr\u00e4uchlich handelt, wer eine Abmahnungserwiderung verschweigt.\",\"datePublished\":\"2017-07-06T10:30:00+00:00\",\"dateModified\":\"2025-02-17T13:56:56+00:00\",\"mainEntityOfPage\":{\"@id\":\"https:\/\/www.hoecker.eu\/blog\/olg-muenchen-rechtsmissbraeuchlich-handelt-wer-eine-abmahnungserwiderung-verschweigt\/\"},\"wordCount\":96,\"publisher\":{\"@id\":\"https:\/\/www.hoecker.eu\/blog\/#organization\"},\"articleSection\":[\"News\"],\"inLanguage\":\"de\"},{\"@type\":\"WebPage\",\"@id\":\"https:\/\/www.hoecker.eu\/blog\/olg-muenchen-rechtsmissbraeuchlich-handelt-wer-eine-abmahnungserwiderung-verschweigt\/\",\"url\":\"https:\/\/www.hoecker.eu\/blog\/olg-muenchen-rechtsmissbraeuchlich-handelt-wer-eine-abmahnungserwiderung-verschweigt\/\",\"name\":\"OLG M\u00fcnchen: Rechtsmissbr\u00e4uchlich handelt, wer eine Abmahnungserwiderung verschweigt. - H\u00d6CKER - der Blog\",\"isPartOf\":{\"@id\":\"https:\/\/www.hoecker.eu\/blog\/#website\"},\"datePublished\":\"2017-07-06T10:30:00+00:00\",\"dateModified\":\"2025-02-17T13:56:56+00:00\",\"breadcrumb\":{\"@id\":\"https:\/\/www.hoecker.eu\/blog\/olg-muenchen-rechtsmissbraeuchlich-handelt-wer-eine-abmahnungserwiderung-verschweigt\/#breadcrumb\"},\"inLanguage\":\"de\",\"potentialAction\":[{\"@type\":\"ReadAction\",\"target\":[\"https:\/\/www.hoecker.eu\/blog\/olg-muenchen-rechtsmissbraeuchlich-handelt-wer-eine-abmahnungserwiderung-verschweigt\/\"]}]},{\"@type\":\"BreadcrumbList\",\"@id\":\"https:\/\/www.hoecker.eu\/blog\/olg-muenchen-rechtsmissbraeuchlich-handelt-wer-eine-abmahnungserwiderung-verschweigt\/#breadcrumb\",\"itemListElement\":[{\"@type\":\"ListItem\",\"position\":1,\"name\":\"Startseite\",\"item\":\"https:\/\/dev.hoecker.eu\/blog\/\"},{\"@type\":\"ListItem\",\"position\":2,\"name\":\"OLG M\u00fcnchen: Rechtsmissbr\u00e4uchlich handelt, wer eine Abmahnungserwiderung verschweigt.\"}]},{\"@type\":\"WebSite\",\"@id\":\"https:\/\/www.hoecker.eu\/blog\/#website\",\"url\":\"https:\/\/www.hoecker.eu\/blog\/\",\"name\":\"H\u00d6CKER - der Blog\",\"description\":\"Expertenblog f\u00fcr \u00c4u\u00dferungs-, Medien-, Marken-, Urheber- und Wettbewerbsrecht.\",\"publisher\":{\"@id\":\"https:\/\/www.hoecker.eu\/blog\/#organization\"},\"potentialAction\":[{\"@type\":\"SearchAction\",\"target\":{\"@type\":\"EntryPoint\",\"urlTemplate\":\"https:\/\/www.hoecker.eu\/blog\/?s={search_term_string}\"},\"query-input\":{\"@type\":\"PropertyValueSpecification\",\"valueRequired\":true,\"valueName\":\"search_term_string\"}}],\"inLanguage\":\"de\"},{\"@type\":\"Organization\",\"@id\":\"https:\/\/www.hoecker.eu\/blog\/#organization\",\"name\":\"H\u00d6CKER Rechtsanw\u00e4lte PartGmbB\",\"alternateName\":\"H\u00d6CKER\",\"url\":\"https:\/\/www.hoecker.eu\/blog\/\",\"logo\":{\"@type\":\"ImageObject\",\"inLanguage\":\"de\",\"@id\":\"https:\/\/www.hoecker.eu\/blog\/#\/schema\/logo\/image\/\",\"url\":\"https:\/\/www.hoecker.eu\/blog\/wp-content\/uploads\/2025\/03\/Blog-Logo.webp\",\"contentUrl\":\"https:\/\/www.hoecker.eu\/blog\/wp-content\/uploads\/2025\/03\/Blog-Logo.webp\",\"width\":500,\"height\":500,\"caption\":\"H\u00d6CKER Rechtsanw\u00e4lte PartGmbB\"},\"image\":{\"@id\":\"https:\/\/www.hoecker.eu\/blog\/#\/schema\/logo\/image\/\"},\"sameAs\":[\"https:\/\/www.facebook.com\/HoeckerRAe\/\",\"https:\/\/x.com\/hoecker_rae\",\"https:\/\/www.linkedin.com\/company\/hcker-rechtsanwlte\/\",\"https:\/\/www.instagram.com\/hoecker_rae\/\"],\"email\":\"contact@hoecker.eu\",\"telephone\":\"+ 49 (0)221-933 19-10\",\"legalName\":\"H\u00d6CKER Rechtsanw\u00e4lte PartGmbB\",\"numberOfEmployees\":{\"@type\":\"QuantitativeValue\",\"minValue\":\"11\",\"maxValue\":\"50\"}},{\"@type\":\"Person\",\"@id\":\"https:\/\/www.hoecker.eu\/blog\/#\/schema\/person\/08f95581eed0534eccd0b2438f7a1cab\",\"name\":\"Prof. Dr. Ralf H\u00f6cker\",\"description\":\"Medienanwalt. Besch\u00fctzer vor mieser Presse\",\"sameAs\":[\"https:\/\/www.hoecker.eu\/wer\/prof-dr-ralf-hoecker\",\"https:\/\/www.facebook.com\/ralf.hoecker\",\"https:\/\/www.linkedin.com\/in\/prof-dr-ralf-hcker-ll-m-london-17987826\/\",\"https:\/\/x.com\/Ralf_Hoecker\"],\"url\":\"https:\/\/www.hoecker.eu\/blog\/author\/hoecker_adm\/\"}]}<\/script>\n<!-- \/ Yoast SEO Premium plugin. -->","yoast_head_json":{"title":"OLG M\u00fcnchen: Rechtsmissbr\u00e4uchlich handelt, wer eine Abmahnungserwiderung verschweigt. - H\u00d6CKER - der Blog","robots":{"index":"index","follow":"follow","max-snippet":"max-snippet:-1","max-image-preview":"max-image-preview:large","max-video-preview":"max-video-preview:-1"},"canonical":"https:\/\/www.hoecker.eu\/blog\/olg-muenchen-rechtsmissbraeuchlich-handelt-wer-eine-abmahnungserwiderung-verschweigt\/","og_locale":"de_DE","og_type":"article","og_title":"OLG M\u00fcnchen: Rechtsmissbr\u00e4uchlich handelt, wer eine Abmahnungserwiderung verschweigt.","og_description":"Auf die Abmahnung wegen eines angeblich wettbewerbswidrigen Verhaltens hatte H\u00d6CKER im Namen der sp\u00e4teren Antragsgegner geantwortet und sich umfangreich zur Sach- und Rechtslage ge\u00e4u\u00dfert. Am Schluss des Schreibens wurde darauf hingewiesen, dass diese Erwiderung einem etwaigen Antrag an das Gericht beizuf\u00fcgen sei. Das taten die Antragsteller jedoch nicht, sondern beantragten den Erlass einer einstweiligen Verf\u00fcgung [&hellip;]","og_url":"https:\/\/www.hoecker.eu\/blog\/olg-muenchen-rechtsmissbraeuchlich-handelt-wer-eine-abmahnungserwiderung-verschweigt\/","og_site_name":"H\u00d6CKER - der Blog","article_publisher":"https:\/\/www.facebook.com\/HoeckerRAe\/","article_author":"https:\/\/www.facebook.com\/ralf.hoecker","article_published_time":"2017-07-06T10:30:00+00:00","article_modified_time":"2025-02-17T13:56:56+00:00","author":"Prof. Dr. Ralf H\u00f6cker","twitter_card":"summary_large_image","twitter_creator":"@Ralf_Hoecker","twitter_site":"@hoecker_rae","twitter_misc":{"Verfasst von":"Prof. Dr. Ralf H\u00f6cker"},"schema":{"@context":"https:\/\/schema.org","@graph":[{"@type":"Article","@id":"https:\/\/www.hoecker.eu\/blog\/olg-muenchen-rechtsmissbraeuchlich-handelt-wer-eine-abmahnungserwiderung-verschweigt\/#article","isPartOf":{"@id":"https:\/\/www.hoecker.eu\/blog\/olg-muenchen-rechtsmissbraeuchlich-handelt-wer-eine-abmahnungserwiderung-verschweigt\/"},"author":{"name":"Prof. Dr. Ralf H\u00f6cker","@id":"https:\/\/www.hoecker.eu\/blog\/#\/schema\/person\/08f95581eed0534eccd0b2438f7a1cab"},"headline":"OLG M\u00fcnchen: Rechtsmissbr\u00e4uchlich handelt, wer eine Abmahnungserwiderung verschweigt.","datePublished":"2017-07-06T10:30:00+00:00","dateModified":"2025-02-17T13:56:56+00:00","mainEntityOfPage":{"@id":"https:\/\/www.hoecker.eu\/blog\/olg-muenchen-rechtsmissbraeuchlich-handelt-wer-eine-abmahnungserwiderung-verschweigt\/"},"wordCount":96,"publisher":{"@id":"https:\/\/www.hoecker.eu\/blog\/#organization"},"articleSection":["News"],"inLanguage":"de"},{"@type":"WebPage","@id":"https:\/\/www.hoecker.eu\/blog\/olg-muenchen-rechtsmissbraeuchlich-handelt-wer-eine-abmahnungserwiderung-verschweigt\/","url":"https:\/\/www.hoecker.eu\/blog\/olg-muenchen-rechtsmissbraeuchlich-handelt-wer-eine-abmahnungserwiderung-verschweigt\/","name":"OLG M\u00fcnchen: Rechtsmissbr\u00e4uchlich handelt, wer eine Abmahnungserwiderung verschweigt. - H\u00d6CKER - der Blog","isPartOf":{"@id":"https:\/\/www.hoecker.eu\/blog\/#website"},"datePublished":"2017-07-06T10:30:00+00:00","dateModified":"2025-02-17T13:56:56+00:00","breadcrumb":{"@id":"https:\/\/www.hoecker.eu\/blog\/olg-muenchen-rechtsmissbraeuchlich-handelt-wer-eine-abmahnungserwiderung-verschweigt\/#breadcrumb"},"inLanguage":"de","potentialAction":[{"@type":"ReadAction","target":["https:\/\/www.hoecker.eu\/blog\/olg-muenchen-rechtsmissbraeuchlich-handelt-wer-eine-abmahnungserwiderung-verschweigt\/"]}]},{"@type":"BreadcrumbList","@id":"https:\/\/www.hoecker.eu\/blog\/olg-muenchen-rechtsmissbraeuchlich-handelt-wer-eine-abmahnungserwiderung-verschweigt\/#breadcrumb","itemListElement":[{"@type":"ListItem","position":1,"name":"Startseite","item":"https:\/\/dev.hoecker.eu\/blog\/"},{"@type":"ListItem","position":2,"name":"OLG M\u00fcnchen: Rechtsmissbr\u00e4uchlich handelt, wer eine Abmahnungserwiderung verschweigt."}]},{"@type":"WebSite","@id":"https:\/\/www.hoecker.eu\/blog\/#website","url":"https:\/\/www.hoecker.eu\/blog\/","name":"H\u00d6CKER - der Blog","description":"Expertenblog f\u00fcr \u00c4u\u00dferungs-, Medien-, Marken-, Urheber- und Wettbewerbsrecht.","publisher":{"@id":"https:\/\/www.hoecker.eu\/blog\/#organization"},"potentialAction":[{"@type":"SearchAction","target":{"@type":"EntryPoint","urlTemplate":"https:\/\/www.hoecker.eu\/blog\/?s={search_term_string}"},"query-input":{"@type":"PropertyValueSpecification","valueRequired":true,"valueName":"search_term_string"}}],"inLanguage":"de"},{"@type":"Organization","@id":"https:\/\/www.hoecker.eu\/blog\/#organization","name":"H\u00d6CKER Rechtsanw\u00e4lte PartGmbB","alternateName":"H\u00d6CKER","url":"https:\/\/www.hoecker.eu\/blog\/","logo":{"@type":"ImageObject","inLanguage":"de","@id":"https:\/\/www.hoecker.eu\/blog\/#\/schema\/logo\/image\/","url":"https:\/\/www.hoecker.eu\/blog\/wp-content\/uploads\/2025\/03\/Blog-Logo.webp","contentUrl":"https:\/\/www.hoecker.eu\/blog\/wp-content\/uploads\/2025\/03\/Blog-Logo.webp","width":500,"height":500,"caption":"H\u00d6CKER Rechtsanw\u00e4lte PartGmbB"},"image":{"@id":"https:\/\/www.hoecker.eu\/blog\/#\/schema\/logo\/image\/"},"sameAs":["https:\/\/www.facebook.com\/HoeckerRAe\/","https:\/\/x.com\/hoecker_rae","https:\/\/www.linkedin.com\/company\/hcker-rechtsanwlte\/","https:\/\/www.instagram.com\/hoecker_rae\/"],"email":"contact@hoecker.eu","telephone":"+ 49 (0)221-933 19-10","legalName":"H\u00d6CKER Rechtsanw\u00e4lte PartGmbB","numberOfEmployees":{"@type":"QuantitativeValue","minValue":"11","maxValue":"50"}},{"@type":"Person","@id":"https:\/\/www.hoecker.eu\/blog\/#\/schema\/person\/08f95581eed0534eccd0b2438f7a1cab","name":"Prof. Dr. Ralf H\u00f6cker","description":"Medienanwalt. Besch\u00fctzer vor mieser Presse","sameAs":["https:\/\/www.hoecker.eu\/wer\/prof-dr-ralf-hoecker","https:\/\/www.facebook.com\/ralf.hoecker","https:\/\/www.linkedin.com\/in\/prof-dr-ralf-hcker-ll-m-london-17987826\/","https:\/\/x.com\/Ralf_Hoecker"],"url":"https:\/\/www.hoecker.eu\/blog\/author\/hoecker_adm\/"}]}},"authors":[{"term_id":84,"user_id":1,"is_guest":0,"slug":"hoecker_adm","display_name":"Prof. Dr. Ralf H\u00f6cker","avatar_url":{"url":"https:\/\/www.hoecker.eu\/blog\/wp-content\/uploads\/2023\/12\/ProfDrRalfHoecker.jpg","url2x":"https:\/\/www.hoecker.eu\/blog\/wp-content\/uploads\/2023\/12\/ProfDrRalfHoecker.jpg"},"0":null,"1":"","2":"","3":"","4":"","5":"","6":"","7":"","8":"","9":"","10":"","11":""}],"_links":{"self":[{"href":"https:\/\/www.hoecker.eu\/blog\/wp-json\/wp\/v2\/posts\/8370","targetHints":{"allow":["GET"]}}],"collection":[{"href":"https:\/\/www.hoecker.eu\/blog\/wp-json\/wp\/v2\/posts"}],"about":[{"href":"https:\/\/www.hoecker.eu\/blog\/wp-json\/wp\/v2\/types\/post"}],"author":[{"embeddable":true,"href":"https:\/\/www.hoecker.eu\/blog\/wp-json\/wp\/v2\/users\/1"}],"replies":[{"embeddable":true,"href":"https:\/\/www.hoecker.eu\/blog\/wp-json\/wp\/v2\/comments?post=8370"}],"version-history":[{"count":1,"href":"https:\/\/www.hoecker.eu\/blog\/wp-json\/wp\/v2\/posts\/8370\/revisions"}],"predecessor-version":[{"id":9492,"href":"https:\/\/www.hoecker.eu\/blog\/wp-json\/wp\/v2\/posts\/8370\/revisions\/9492"}],"wp:attachment":[{"href":"https:\/\/www.hoecker.eu\/blog\/wp-json\/wp\/v2\/media?parent=8370"}],"wp:term":[{"taxonomy":"category","embeddable":true,"href":"https:\/\/www.hoecker.eu\/blog\/wp-json\/wp\/v2\/categories?post=8370"},{"taxonomy":"post_tag","embeddable":true,"href":"https:\/\/www.hoecker.eu\/blog\/wp-json\/wp\/v2\/tags?post=8370"},{"taxonomy":"hashtags","embeddable":true,"href":"https:\/\/www.hoecker.eu\/blog\/wp-json\/wp\/v2\/hashtags?post=8370"},{"taxonomy":"author","embeddable":true,"href":"https:\/\/www.hoecker.eu\/blog\/wp-json\/wp\/v2\/ppma_author?post=8370"}],"curies":[{"name":"wp","href":"https:\/\/api.w.org\/{rel}","templated":true}]}}