{"id":8368,"date":"2017-07-13T12:27:00","date_gmt":"2017-07-13T10:27:00","guid":{"rendered":"https:\/\/www.hoecker.eu\/blog\/bundesrepublik-deutschland-darf-afd-nicht-mehr-als-rechtsextrem-bezeichnen-bundesrepublik-deutschland-unterwirft-sich-mit-strafbewehrter-unterlassungserklaerung\/"},"modified":"2025-02-17T14:56:54","modified_gmt":"2025-02-17T13:56:54","slug":"bundesrepublik-deutschland-darf-afd-nicht-mehr-als-rechtsextrem-bezeichnen-bundesrepublik-deutschland-unterwirft-sich-mit-strafbewehrter-unterlassungserklaerung","status":"publish","type":"post","link":"https:\/\/www.hoecker.eu\/blog\/bundesrepublik-deutschland-darf-afd-nicht-mehr-als-rechtsextrem-bezeichnen-bundesrepublik-deutschland-unterwirft-sich-mit-strafbewehrter-unterlassungserklaerung\/","title":{"rendered":"Bundesrepublik Deutschland darf AfD nicht mehr als rechtsextrem bezeichnen \u2013 Bundesrepublik Deutschland unterwirft sich mit strafbewehrter Unterlassungserkl\u00e4rung."},"content":{"rendered":"<p \"=\"\">Die Partei Alternative f\u00fcr Deutschland (Bundesverband) hat mit H\u00d6CKER erfolgreich Unterlassungsanspr\u00fcche gegen die Bundesrepublik Deutschland durchgesetzt. Das Bundeskriminalamt als Beh\u00f6rde der Bundesrepublik Deutschland hatte auf Twitter die nachstehende Stellenanzeige f\u00fcr einen Sachbearbeiter zur Internetauswertung im Bereich Rechtsextremismus ver\u00f6ffentlicht. Diese Stellenanzeige wurde mit dem Twitter-Account der Alternative f\u00fcr Deutschland bebildert:\n<\/p>\n<p \"=\"\"><img fetchpriority=\"high\" decoding=\"async\" src=\"{asset:1090:url}\" width=\"605\" height=\"484\" style=\"width: 605px; height: 484px; display: block; margin: auto;\" alt=\"\">\n<\/p>\n<p \"=\"\">Aus Sicht des Lesers wurde somit der Twitter-Account der AfD als Beispiel f\u00fcr Rechtsextremismus herangezogen.\n<\/p>\n<p \"=\"\">Obwohl die Stellenanzeige auf Twitter umgehend von diversen Nutzern als Versto\u00df gegen die Neutralit\u00e4tspflicht des Staates kritisiert wurde, nahm das BKA die Stellenanzeige nicht aus dem Netz.\n<\/p>\n<p \"=\"\">Die Alternative f\u00fcr Deutschland hat die Bundesrepublik Deutschland daraufhin mit H\u00d6CKER erfolgreich auf Unterlassung in Anspruch genommen.\n<\/p>\n<p \"=\"\">Das Bundeskriminalamt wurde mit einer Abmahnung darauf hingewiesen, dass die Bundesrepublik Deutschland und ihre Beh\u00f6rden gegen\u00fcber politischen Parteien zu einer strikten politischen Neutralit\u00e4t verpflichtet sind. Die Bebilderung einer Stellenanzeige im Bereich Rechtsextremismus mit einem Internetauftritt der AfD verst\u00f6\u00dft gegen die Verpflichtung zur politischen Neutralit\u00e4t.\n<\/p>\n<p \"=\"\">Das Bundeskriminalamt hat die beanstandete Stellenanzeige daraufhin bei Twitter gel\u00f6scht. Die Bundesrepublik Deutschland als verantwortlicher Rechtstr\u00e4ger des Bundeskriminalamts hat sich zudem gegen\u00fcber der Alternative f\u00fcr Deutschland bei Meidung einer f\u00fcr jeden Fall der Zuwiderhandlung an die Alternative f\u00fcr Deutschland zu zahlenden Vertragsstrafe verpflichtet, die beanstandete Ver\u00f6ffentlichung der Alternative f\u00fcr Deutschland als Beispiel f\u00fcr Rechtsextremismus k\u00fcnftig auch durch Dritte zu unterlassen:\n<\/p>\n<p><img decoding=\"async\" src=\"{asset:1085:url}\" width=\"619\" height=\"883\" alt=\"\" style=\"width: 619px; height: 883px; display: block; margin: auto;\">\n<\/p>\n<p><img decoding=\"async\" src=\"{asset:1088:url}\" width=\"619\" height=\"306\" alt=\"\" style=\"width: 619px; height: 306px; display: block; margin: auto;\">\n<\/p>\n<p>Dr. Carsten Brennecke:\n<\/p>\n<p \"=\"\">\u201e<i>Vertraglicher Unterlassungsschuldner ist die Bundesrepublik Deutschland. Weder die Kanzlerin, noch ihre Minister oder die Bundesbeh\u00f6rden d\u00fcrfen die AfD als rechtsextrem benennen, egal ob in Stellenanzeigen oder anderswo. Die Bundesrepublik muss sicherstellen, dass alle Bundesbeh\u00f6rden hier\u00fcber offiziell informiert werden, damit es zu keinen weiteren Rechtsverletzungen kommt. Anderenfalls wird eine Vertragsstrafe f\u00e4llig.\u201c<br \/><\/i><\/p>\n","protected":false},"excerpt":{"rendered":"<p>Obwohl die Stellenanzeige auf Twitter umgehend von diversen Nutzern als Versto\u00df gegen die Neutralit\u00e4tspflicht des Staates kritisiert wurde, nahm das BKA die Stellenanzeige nicht aus dem Netz. Das Bundeskriminalamt wurde mit einer Abmahnung darauf hingewiesen, dass die Bundesrepublik Deutschland und ihre Beh\u00f6rden gegen\u00fcber politischen Parteien zu einer strikten politischen Neutralit\u00e4t verpflichtet sind. Die Bebilderung einer [&hellip;]<\/p>\n","protected":false},"author":1,"featured_media":0,"comment_status":"closed","ping_status":"closed","sticky":false,"template":"","format":"standard","meta":{"_has_post_settings":[],"footnotes":""},"categories":[15],"tags":[],"hashtags":[],"ppma_author":[84],"class_list":["post-8368","post","type-post","status-publish","format-standard","hentry","category-news","author-hoecker_adm"],"yoast_head":"<!-- This site is optimized with the Yoast SEO Premium plugin v25.9 (Yoast SEO v27.0) - https:\/\/yoast.com\/product\/yoast-seo-premium-wordpress\/ -->\n<title>Bundesrepublik Deutschland darf AfD nicht mehr als rechtsextrem bezeichnen \u2013 Bundesrepublik Deutschland unterwirft sich mit strafbewehrter Unterlassungserkl\u00e4rung. - H\u00d6CKER - der Blog<\/title>\n<meta name=\"robots\" content=\"index, follow, max-snippet:-1, max-image-preview:large, max-video-preview:-1\" \/>\n<link rel=\"canonical\" href=\"https:\/\/www.hoecker.eu\/blog\/bundesrepublik-deutschland-darf-afd-nicht-mehr-als-rechtsextrem-bezeichnen-bundesrepublik-deutschland-unterwirft-sich-mit-strafbewehrter-unterlassungserklaerung\/\" \/>\n<meta property=\"og:locale\" content=\"de_DE\" \/>\n<meta property=\"og:type\" content=\"article\" \/>\n<meta property=\"og:title\" content=\"Bundesrepublik Deutschland darf AfD nicht mehr als rechtsextrem bezeichnen \u2013 Bundesrepublik Deutschland unterwirft sich mit strafbewehrter Unterlassungserkl\u00e4rung.\" \/>\n<meta property=\"og:description\" content=\"Obwohl die Stellenanzeige auf Twitter umgehend von diversen Nutzern als Versto\u00df gegen die Neutralit\u00e4tspflicht des Staates kritisiert wurde, nahm das BKA die Stellenanzeige nicht aus dem Netz. Das Bundeskriminalamt wurde mit einer Abmahnung darauf hingewiesen, dass die Bundesrepublik Deutschland und ihre Beh\u00f6rden gegen\u00fcber politischen Parteien zu einer strikten politischen Neutralit\u00e4t verpflichtet sind. Die Bebilderung einer [&hellip;]\" \/>\n<meta property=\"og:url\" content=\"https:\/\/www.hoecker.eu\/blog\/bundesrepublik-deutschland-darf-afd-nicht-mehr-als-rechtsextrem-bezeichnen-bundesrepublik-deutschland-unterwirft-sich-mit-strafbewehrter-unterlassungserklaerung\/\" \/>\n<meta property=\"og:site_name\" content=\"H\u00d6CKER - der Blog\" \/>\n<meta property=\"article:publisher\" content=\"https:\/\/www.facebook.com\/HoeckerRAe\/\" \/>\n<meta property=\"article:author\" content=\"https:\/\/www.facebook.com\/ralf.hoecker\" \/>\n<meta property=\"article:published_time\" content=\"2017-07-13T10:27:00+00:00\" \/>\n<meta property=\"article:modified_time\" content=\"2025-02-17T13:56:54+00:00\" \/>\n<meta name=\"author\" content=\"Prof. Dr. Ralf H\u00f6cker\" \/>\n<meta name=\"twitter:card\" content=\"summary_large_image\" \/>\n<meta name=\"twitter:creator\" content=\"@Ralf_Hoecker\" \/>\n<meta name=\"twitter:site\" content=\"@hoecker_rae\" \/>\n<meta name=\"twitter:label1\" content=\"Verfasst von\" \/>\n\t<meta name=\"twitter:data1\" content=\"Prof. Dr. Ralf H\u00f6cker\" \/>\n\t<meta name=\"twitter:label2\" content=\"Gesch\u00e4tzte Lesezeit\" \/>\n\t<meta name=\"twitter:data2\" content=\"1\u00a0Minute\" \/>\n<script type=\"application\/ld+json\" class=\"yoast-schema-graph\">{\"@context\":\"https:\/\/schema.org\",\"@graph\":[{\"@type\":\"Article\",\"@id\":\"https:\/\/www.hoecker.eu\/blog\/bundesrepublik-deutschland-darf-afd-nicht-mehr-als-rechtsextrem-bezeichnen-bundesrepublik-deutschland-unterwirft-sich-mit-strafbewehrter-unterlassungserklaerung\/#article\",\"isPartOf\":{\"@id\":\"https:\/\/www.hoecker.eu\/blog\/bundesrepublik-deutschland-darf-afd-nicht-mehr-als-rechtsextrem-bezeichnen-bundesrepublik-deutschland-unterwirft-sich-mit-strafbewehrter-unterlassungserklaerung\/\"},\"author\":{\"name\":\"Prof. Dr. Ralf H\u00f6cker\",\"@id\":\"https:\/\/www.hoecker.eu\/blog\/#\/schema\/person\/08f95581eed0534eccd0b2438f7a1cab\"},\"headline\":\"Bundesrepublik Deutschland darf AfD nicht mehr als rechtsextrem bezeichnen \u2013 Bundesrepublik Deutschland unterwirft sich mit strafbewehrter Unterlassungserkl\u00e4rung.\",\"datePublished\":\"2017-07-13T10:27:00+00:00\",\"dateModified\":\"2025-02-17T13:56:54+00:00\",\"mainEntityOfPage\":{\"@id\":\"https:\/\/www.hoecker.eu\/blog\/bundesrepublik-deutschland-darf-afd-nicht-mehr-als-rechtsextrem-bezeichnen-bundesrepublik-deutschland-unterwirft-sich-mit-strafbewehrter-unterlassungserklaerung\/\"},\"wordCount\":149,\"publisher\":{\"@id\":\"https:\/\/www.hoecker.eu\/blog\/#organization\"},\"articleSection\":[\"News\"],\"inLanguage\":\"de\"},{\"@type\":\"WebPage\",\"@id\":\"https:\/\/www.hoecker.eu\/blog\/bundesrepublik-deutschland-darf-afd-nicht-mehr-als-rechtsextrem-bezeichnen-bundesrepublik-deutschland-unterwirft-sich-mit-strafbewehrter-unterlassungserklaerung\/\",\"url\":\"https:\/\/www.hoecker.eu\/blog\/bundesrepublik-deutschland-darf-afd-nicht-mehr-als-rechtsextrem-bezeichnen-bundesrepublik-deutschland-unterwirft-sich-mit-strafbewehrter-unterlassungserklaerung\/\",\"name\":\"Bundesrepublik Deutschland darf AfD nicht mehr als rechtsextrem bezeichnen \u2013 Bundesrepublik Deutschland unterwirft sich mit strafbewehrter Unterlassungserkl\u00e4rung. - H\u00d6CKER - der Blog\",\"isPartOf\":{\"@id\":\"https:\/\/www.hoecker.eu\/blog\/#website\"},\"datePublished\":\"2017-07-13T10:27:00+00:00\",\"dateModified\":\"2025-02-17T13:56:54+00:00\",\"breadcrumb\":{\"@id\":\"https:\/\/www.hoecker.eu\/blog\/bundesrepublik-deutschland-darf-afd-nicht-mehr-als-rechtsextrem-bezeichnen-bundesrepublik-deutschland-unterwirft-sich-mit-strafbewehrter-unterlassungserklaerung\/#breadcrumb\"},\"inLanguage\":\"de\",\"potentialAction\":[{\"@type\":\"ReadAction\",\"target\":[\"https:\/\/www.hoecker.eu\/blog\/bundesrepublik-deutschland-darf-afd-nicht-mehr-als-rechtsextrem-bezeichnen-bundesrepublik-deutschland-unterwirft-sich-mit-strafbewehrter-unterlassungserklaerung\/\"]}]},{\"@type\":\"BreadcrumbList\",\"@id\":\"https:\/\/www.hoecker.eu\/blog\/bundesrepublik-deutschland-darf-afd-nicht-mehr-als-rechtsextrem-bezeichnen-bundesrepublik-deutschland-unterwirft-sich-mit-strafbewehrter-unterlassungserklaerung\/#breadcrumb\",\"itemListElement\":[{\"@type\":\"ListItem\",\"position\":1,\"name\":\"Startseite\",\"item\":\"https:\/\/dev.hoecker.eu\/blog\/\"},{\"@type\":\"ListItem\",\"position\":2,\"name\":\"Bundesrepublik Deutschland darf AfD nicht mehr als rechtsextrem bezeichnen \u2013 Bundesrepublik Deutschland unterwirft sich mit strafbewehrter Unterlassungserkl\u00e4rung.\"}]},{\"@type\":\"WebSite\",\"@id\":\"https:\/\/www.hoecker.eu\/blog\/#website\",\"url\":\"https:\/\/www.hoecker.eu\/blog\/\",\"name\":\"H\u00d6CKER - der Blog\",\"description\":\"Expertenblog f\u00fcr \u00c4u\u00dferungs-, Medien-, Marken-, Urheber- und Wettbewerbsrecht.\",\"publisher\":{\"@id\":\"https:\/\/www.hoecker.eu\/blog\/#organization\"},\"potentialAction\":[{\"@type\":\"SearchAction\",\"target\":{\"@type\":\"EntryPoint\",\"urlTemplate\":\"https:\/\/www.hoecker.eu\/blog\/?s={search_term_string}\"},\"query-input\":{\"@type\":\"PropertyValueSpecification\",\"valueRequired\":true,\"valueName\":\"search_term_string\"}}],\"inLanguage\":\"de\"},{\"@type\":\"Organization\",\"@id\":\"https:\/\/www.hoecker.eu\/blog\/#organization\",\"name\":\"H\u00d6CKER Rechtsanw\u00e4lte PartGmbB\",\"alternateName\":\"H\u00d6CKER\",\"url\":\"https:\/\/www.hoecker.eu\/blog\/\",\"logo\":{\"@type\":\"ImageObject\",\"inLanguage\":\"de\",\"@id\":\"https:\/\/www.hoecker.eu\/blog\/#\/schema\/logo\/image\/\",\"url\":\"https:\/\/www.hoecker.eu\/blog\/wp-content\/uploads\/2025\/03\/Blog-Logo.webp\",\"contentUrl\":\"https:\/\/www.hoecker.eu\/blog\/wp-content\/uploads\/2025\/03\/Blog-Logo.webp\",\"width\":500,\"height\":500,\"caption\":\"H\u00d6CKER Rechtsanw\u00e4lte PartGmbB\"},\"image\":{\"@id\":\"https:\/\/www.hoecker.eu\/blog\/#\/schema\/logo\/image\/\"},\"sameAs\":[\"https:\/\/www.facebook.com\/HoeckerRAe\/\",\"https:\/\/x.com\/hoecker_rae\",\"https:\/\/www.linkedin.com\/company\/hcker-rechtsanwlte\/\",\"https:\/\/www.instagram.com\/hoecker_rae\/\"],\"email\":\"contact@hoecker.eu\",\"telephone\":\"+ 49 (0)221-933 19-10\",\"legalName\":\"H\u00d6CKER Rechtsanw\u00e4lte PartGmbB\",\"numberOfEmployees\":{\"@type\":\"QuantitativeValue\",\"minValue\":\"11\",\"maxValue\":\"50\"}},{\"@type\":\"Person\",\"@id\":\"https:\/\/www.hoecker.eu\/blog\/#\/schema\/person\/08f95581eed0534eccd0b2438f7a1cab\",\"name\":\"Prof. Dr. Ralf H\u00f6cker\",\"description\":\"Medienanwalt. Besch\u00fctzer vor mieser Presse\",\"sameAs\":[\"https:\/\/www.hoecker.eu\/wer\/prof-dr-ralf-hoecker\",\"https:\/\/www.facebook.com\/ralf.hoecker\",\"https:\/\/www.linkedin.com\/in\/prof-dr-ralf-hcker-ll-m-london-17987826\/\",\"https:\/\/x.com\/Ralf_Hoecker\"],\"url\":\"https:\/\/www.hoecker.eu\/blog\/author\/hoecker_adm\/\"}]}<\/script>\n<!-- \/ Yoast SEO Premium plugin. -->","yoast_head_json":{"title":"Bundesrepublik Deutschland darf AfD nicht mehr als rechtsextrem bezeichnen \u2013 Bundesrepublik Deutschland unterwirft sich mit strafbewehrter Unterlassungserkl\u00e4rung. - H\u00d6CKER - der Blog","robots":{"index":"index","follow":"follow","max-snippet":"max-snippet:-1","max-image-preview":"max-image-preview:large","max-video-preview":"max-video-preview:-1"},"canonical":"https:\/\/www.hoecker.eu\/blog\/bundesrepublik-deutschland-darf-afd-nicht-mehr-als-rechtsextrem-bezeichnen-bundesrepublik-deutschland-unterwirft-sich-mit-strafbewehrter-unterlassungserklaerung\/","og_locale":"de_DE","og_type":"article","og_title":"Bundesrepublik Deutschland darf AfD nicht mehr als rechtsextrem bezeichnen \u2013 Bundesrepublik Deutschland unterwirft sich mit strafbewehrter Unterlassungserkl\u00e4rung.","og_description":"Obwohl die Stellenanzeige auf Twitter umgehend von diversen Nutzern als Versto\u00df gegen die Neutralit\u00e4tspflicht des Staates kritisiert wurde, nahm das BKA die Stellenanzeige nicht aus dem Netz. Das Bundeskriminalamt wurde mit einer Abmahnung darauf hingewiesen, dass die Bundesrepublik Deutschland und ihre Beh\u00f6rden gegen\u00fcber politischen Parteien zu einer strikten politischen Neutralit\u00e4t verpflichtet sind. Die Bebilderung einer [&hellip;]","og_url":"https:\/\/www.hoecker.eu\/blog\/bundesrepublik-deutschland-darf-afd-nicht-mehr-als-rechtsextrem-bezeichnen-bundesrepublik-deutschland-unterwirft-sich-mit-strafbewehrter-unterlassungserklaerung\/","og_site_name":"H\u00d6CKER - der Blog","article_publisher":"https:\/\/www.facebook.com\/HoeckerRAe\/","article_author":"https:\/\/www.facebook.com\/ralf.hoecker","article_published_time":"2017-07-13T10:27:00+00:00","article_modified_time":"2025-02-17T13:56:54+00:00","author":"Prof. Dr. Ralf H\u00f6cker","twitter_card":"summary_large_image","twitter_creator":"@Ralf_Hoecker","twitter_site":"@hoecker_rae","twitter_misc":{"Verfasst von":"Prof. Dr. Ralf H\u00f6cker","Gesch\u00e4tzte Lesezeit":"1\u00a0Minute"},"schema":{"@context":"https:\/\/schema.org","@graph":[{"@type":"Article","@id":"https:\/\/www.hoecker.eu\/blog\/bundesrepublik-deutschland-darf-afd-nicht-mehr-als-rechtsextrem-bezeichnen-bundesrepublik-deutschland-unterwirft-sich-mit-strafbewehrter-unterlassungserklaerung\/#article","isPartOf":{"@id":"https:\/\/www.hoecker.eu\/blog\/bundesrepublik-deutschland-darf-afd-nicht-mehr-als-rechtsextrem-bezeichnen-bundesrepublik-deutschland-unterwirft-sich-mit-strafbewehrter-unterlassungserklaerung\/"},"author":{"name":"Prof. Dr. Ralf H\u00f6cker","@id":"https:\/\/www.hoecker.eu\/blog\/#\/schema\/person\/08f95581eed0534eccd0b2438f7a1cab"},"headline":"Bundesrepublik Deutschland darf AfD nicht mehr als rechtsextrem bezeichnen \u2013 Bundesrepublik Deutschland unterwirft sich mit strafbewehrter Unterlassungserkl\u00e4rung.","datePublished":"2017-07-13T10:27:00+00:00","dateModified":"2025-02-17T13:56:54+00:00","mainEntityOfPage":{"@id":"https:\/\/www.hoecker.eu\/blog\/bundesrepublik-deutschland-darf-afd-nicht-mehr-als-rechtsextrem-bezeichnen-bundesrepublik-deutschland-unterwirft-sich-mit-strafbewehrter-unterlassungserklaerung\/"},"wordCount":149,"publisher":{"@id":"https:\/\/www.hoecker.eu\/blog\/#organization"},"articleSection":["News"],"inLanguage":"de"},{"@type":"WebPage","@id":"https:\/\/www.hoecker.eu\/blog\/bundesrepublik-deutschland-darf-afd-nicht-mehr-als-rechtsextrem-bezeichnen-bundesrepublik-deutschland-unterwirft-sich-mit-strafbewehrter-unterlassungserklaerung\/","url":"https:\/\/www.hoecker.eu\/blog\/bundesrepublik-deutschland-darf-afd-nicht-mehr-als-rechtsextrem-bezeichnen-bundesrepublik-deutschland-unterwirft-sich-mit-strafbewehrter-unterlassungserklaerung\/","name":"Bundesrepublik Deutschland darf AfD nicht mehr als rechtsextrem bezeichnen \u2013 Bundesrepublik Deutschland unterwirft sich mit strafbewehrter Unterlassungserkl\u00e4rung. - H\u00d6CKER - der Blog","isPartOf":{"@id":"https:\/\/www.hoecker.eu\/blog\/#website"},"datePublished":"2017-07-13T10:27:00+00:00","dateModified":"2025-02-17T13:56:54+00:00","breadcrumb":{"@id":"https:\/\/www.hoecker.eu\/blog\/bundesrepublik-deutschland-darf-afd-nicht-mehr-als-rechtsextrem-bezeichnen-bundesrepublik-deutschland-unterwirft-sich-mit-strafbewehrter-unterlassungserklaerung\/#breadcrumb"},"inLanguage":"de","potentialAction":[{"@type":"ReadAction","target":["https:\/\/www.hoecker.eu\/blog\/bundesrepublik-deutschland-darf-afd-nicht-mehr-als-rechtsextrem-bezeichnen-bundesrepublik-deutschland-unterwirft-sich-mit-strafbewehrter-unterlassungserklaerung\/"]}]},{"@type":"BreadcrumbList","@id":"https:\/\/www.hoecker.eu\/blog\/bundesrepublik-deutschland-darf-afd-nicht-mehr-als-rechtsextrem-bezeichnen-bundesrepublik-deutschland-unterwirft-sich-mit-strafbewehrter-unterlassungserklaerung\/#breadcrumb","itemListElement":[{"@type":"ListItem","position":1,"name":"Startseite","item":"https:\/\/dev.hoecker.eu\/blog\/"},{"@type":"ListItem","position":2,"name":"Bundesrepublik Deutschland darf AfD nicht mehr als rechtsextrem bezeichnen \u2013 Bundesrepublik Deutschland unterwirft sich mit strafbewehrter Unterlassungserkl\u00e4rung."}]},{"@type":"WebSite","@id":"https:\/\/www.hoecker.eu\/blog\/#website","url":"https:\/\/www.hoecker.eu\/blog\/","name":"H\u00d6CKER - der Blog","description":"Expertenblog f\u00fcr \u00c4u\u00dferungs-, Medien-, Marken-, Urheber- und Wettbewerbsrecht.","publisher":{"@id":"https:\/\/www.hoecker.eu\/blog\/#organization"},"potentialAction":[{"@type":"SearchAction","target":{"@type":"EntryPoint","urlTemplate":"https:\/\/www.hoecker.eu\/blog\/?s={search_term_string}"},"query-input":{"@type":"PropertyValueSpecification","valueRequired":true,"valueName":"search_term_string"}}],"inLanguage":"de"},{"@type":"Organization","@id":"https:\/\/www.hoecker.eu\/blog\/#organization","name":"H\u00d6CKER Rechtsanw\u00e4lte PartGmbB","alternateName":"H\u00d6CKER","url":"https:\/\/www.hoecker.eu\/blog\/","logo":{"@type":"ImageObject","inLanguage":"de","@id":"https:\/\/www.hoecker.eu\/blog\/#\/schema\/logo\/image\/","url":"https:\/\/www.hoecker.eu\/blog\/wp-content\/uploads\/2025\/03\/Blog-Logo.webp","contentUrl":"https:\/\/www.hoecker.eu\/blog\/wp-content\/uploads\/2025\/03\/Blog-Logo.webp","width":500,"height":500,"caption":"H\u00d6CKER Rechtsanw\u00e4lte PartGmbB"},"image":{"@id":"https:\/\/www.hoecker.eu\/blog\/#\/schema\/logo\/image\/"},"sameAs":["https:\/\/www.facebook.com\/HoeckerRAe\/","https:\/\/x.com\/hoecker_rae","https:\/\/www.linkedin.com\/company\/hcker-rechtsanwlte\/","https:\/\/www.instagram.com\/hoecker_rae\/"],"email":"contact@hoecker.eu","telephone":"+ 49 (0)221-933 19-10","legalName":"H\u00d6CKER Rechtsanw\u00e4lte PartGmbB","numberOfEmployees":{"@type":"QuantitativeValue","minValue":"11","maxValue":"50"}},{"@type":"Person","@id":"https:\/\/www.hoecker.eu\/blog\/#\/schema\/person\/08f95581eed0534eccd0b2438f7a1cab","name":"Prof. Dr. Ralf H\u00f6cker","description":"Medienanwalt. Besch\u00fctzer vor mieser Presse","sameAs":["https:\/\/www.hoecker.eu\/wer\/prof-dr-ralf-hoecker","https:\/\/www.facebook.com\/ralf.hoecker","https:\/\/www.linkedin.com\/in\/prof-dr-ralf-hcker-ll-m-london-17987826\/","https:\/\/x.com\/Ralf_Hoecker"],"url":"https:\/\/www.hoecker.eu\/blog\/author\/hoecker_adm\/"}]}},"authors":[{"term_id":84,"user_id":1,"is_guest":0,"slug":"hoecker_adm","display_name":"Prof. Dr. Ralf H\u00f6cker","avatar_url":{"url":"https:\/\/www.hoecker.eu\/blog\/wp-content\/uploads\/2023\/12\/ProfDrRalfHoecker.jpg","url2x":"https:\/\/www.hoecker.eu\/blog\/wp-content\/uploads\/2023\/12\/ProfDrRalfHoecker.jpg"},"0":null,"1":"","2":"","3":"","4":"","5":"","6":"","7":"","8":"","9":"","10":"","11":""}],"_links":{"self":[{"href":"https:\/\/www.hoecker.eu\/blog\/wp-json\/wp\/v2\/posts\/8368","targetHints":{"allow":["GET"]}}],"collection":[{"href":"https:\/\/www.hoecker.eu\/blog\/wp-json\/wp\/v2\/posts"}],"about":[{"href":"https:\/\/www.hoecker.eu\/blog\/wp-json\/wp\/v2\/types\/post"}],"author":[{"embeddable":true,"href":"https:\/\/www.hoecker.eu\/blog\/wp-json\/wp\/v2\/users\/1"}],"replies":[{"embeddable":true,"href":"https:\/\/www.hoecker.eu\/blog\/wp-json\/wp\/v2\/comments?post=8368"}],"version-history":[{"count":1,"href":"https:\/\/www.hoecker.eu\/blog\/wp-json\/wp\/v2\/posts\/8368\/revisions"}],"predecessor-version":[{"id":9490,"href":"https:\/\/www.hoecker.eu\/blog\/wp-json\/wp\/v2\/posts\/8368\/revisions\/9490"}],"wp:attachment":[{"href":"https:\/\/www.hoecker.eu\/blog\/wp-json\/wp\/v2\/media?parent=8368"}],"wp:term":[{"taxonomy":"category","embeddable":true,"href":"https:\/\/www.hoecker.eu\/blog\/wp-json\/wp\/v2\/categories?post=8368"},{"taxonomy":"post_tag","embeddable":true,"href":"https:\/\/www.hoecker.eu\/blog\/wp-json\/wp\/v2\/tags?post=8368"},{"taxonomy":"hashtags","embeddable":true,"href":"https:\/\/www.hoecker.eu\/blog\/wp-json\/wp\/v2\/hashtags?post=8368"},{"taxonomy":"author","embeddable":true,"href":"https:\/\/www.hoecker.eu\/blog\/wp-json\/wp\/v2\/ppma_author?post=8368"}],"curies":[{"name":"wp","href":"https:\/\/api.w.org\/{rel}","templated":true}]}}