{"id":8367,"date":"2017-07-13T12:35:00","date_gmt":"2017-07-13T10:35:00","guid":{"rendered":"https:\/\/www.hoecker.eu\/blog\/ob-feldmann-durfte-nicht-zum-ausladen-der-afd-aufrufen-hessischer-verwaltungsgerichtshof-verbietet-facebook-eintrag-als-unsachlichen-verstoss-gegen-das-neutralitaetsgebot\/"},"modified":"2025-02-17T14:56:54","modified_gmt":"2025-02-17T13:56:54","slug":"ob-feldmann-durfte-nicht-zum-ausladen-der-afd-aufrufen-hessischer-verwaltungsgerichtshof-verbietet-facebook-eintrag-als-unsachlichen-verstoss-gegen-das-neutralitaetsgebot","status":"publish","type":"post","link":"https:\/\/www.hoecker.eu\/blog\/ob-feldmann-durfte-nicht-zum-ausladen-der-afd-aufrufen-hessischer-verwaltungsgerichtshof-verbietet-facebook-eintrag-als-unsachlichen-verstoss-gegen-das-neutralitaetsgebot\/","title":{"rendered":"OB Feldmann durfte nicht zum Ausladen der AfD aufrufen. Hessischer Verwaltungsgerichtshof verbietet Facebook-Eintrag als unsachlichen Versto\u00df gegen das Neutralit\u00e4tsgebot."},"content":{"rendered":"<p>Der Hessische Verwaltungsgerichtshof hat die Stadt Frankfurt am Main zur L\u00f6schung eines Facebook-Eintrags ihres Oberb\u00fcrgermeisters Peter Feldmann verurteilt. Auch jede Wiederholung der \u00c4u\u00dferung wurde verboten. Bei einem Versto\u00df droht ein Ordnungsgeld von bis zu EUR 250.000,\u2013. Das Gericht hob damit eine Entscheidung des Verwaltungsgerichts Frankfurt aus April dieses Jahres auf. Die Kosten beider Verfahren muss die Stadt tragen (Beschl. v. 11.07.2017, Az.: 8 B 1144\/17). Der Beschluss ist unanfechtbar.<\/p>\n<p>Der Wirtschaftsclub Rhein-Main hatte Frau Dr. Petry zu einer privaten Veranstaltung eingeladen. Feldmann \u00e4u\u00dferte sich hierzu auf dem offiziellen Facebook-Account wie folgt:<i><br \/><\/i><\/p>\n<p><i>\u201eAfD? AUSLADEN! Der Pr\u00e4sident des Wirtschaftsclubs Rhein-Main l\u00e4dt eine AfD-Vorsitzende nach Frankfurt ein? Die Mitglieder sollten sich schleunigst \u00fcberlegen, wie sie damit umgehen. Die ganze Aktion gibt v\u00f6llig unn\u00f6tig den Rechtspopulisten eine Plattform und wirft einen Schatten auf die anst\u00e4ndigen Frankfurter Unternehmer und unsere liberale Stadt. Gott sei Dank gibt es bei uns auch gro\u00dfartige Initiativen, die f\u00fcr eine sachliche, demokratische Politik eintreten. Die konstruktiven Kr\u00e4fte im Wirtschaftsclub t\u00e4ten gut daran, jetzt ein klares Zeichen zu setzen!\u201c<\/i><\/p>\n<p>Die AfD, vertreten durch H\u00d6CKER, ging vor Gericht erfolgreich gegen die Stadt Frankfurt wegen dieser \u00c4u\u00dferung vor. Das Gericht bejahte sowohl einen Versto\u00df gegen das Neutralit\u00e4ts- als auch gegen das Sachlichkeitsgebot. Dabei betonte es, dass sich die Stadt nicht auf die Meinungs\u00e4u\u00dferungsfreiheit berufen k\u00f6nne.<\/p>\n<p>Das Gericht best\u00e4tigte, dass Feldmann die AfD \u201esowohl in ihrem Recht auf Chancengleichheit als auch in ihrem allgemeinen Pers\u00f6nlichkeitsrecht verletzt\u201c hat. Denn die \u00c4u\u00dferung nehme \u201ein der politischen Auseinandersetzung bewusst und gezielt Partei gegen die Antragstellerin und diskreditiere\u201c diese. Feldmann habe \u201emit seiner Erkl\u00e4rung jedenfalls parteiergreifend in den politischen Meinungskampf und \u2013wettbewerb im Allgemeinen eingegriffen und damit gegen das Neutralit\u00e4tsgebot versto\u00dfen\u201c. Er habe dazu aufgefordert, die \u201eAntragstellerin als Partei vom politischen Diskurs auszuschlie\u00dfen\u201c und damit \u201ezu Lasten der Antragstellerin in die politische Diskussion eingegriffen\u201c.<\/p>\n<p>Mit der Aufforderung \u201eAfD? AUSLADEN!\u201c habe Feldmann der AfD zudem \u201eeine gesellschaftliche Berechtigung auf Teilnahme an der Veranstaltung des Wirtschaftsclubs abgesprochen\u201c. Er habe die AfD diskreditiert und als undemokratisch hingestellt. Damit habe Feldmann \u201edie geistig-diskursive Auseinandersetzung mit der Antragstellerin verlassen und sich darauf beschr\u00e4nkt, gegen diese Stimmung zu machen und sie so in der Meinung der \u00d6ffentlichkeit herabzusetzen\u201c. Auch dieser Versto\u00df gegen das Sachlichkeitsgebot war rechtswidrig.<\/p>\n<p>Lediglich die beantragte Androhung von Ordnungshaft gegen Feldmann wies das Gericht zur\u00fcck, allerdings ohne negative Kostenfolge f\u00fcr die AfD. Zur Begr\u00fcndung f\u00fchrte das Gericht u.a. aus: Die \u201eAnordnung von Ordnungshaft gegen einen Tr\u00e4ger \u00f6ffentlicher Verwaltung, die an einem seiner Funktionstr\u00e4ger \u2013 hier dem Oberb\u00fcrgermeister \u2013 zu vollziehen w\u00e4re\u201c, d\u00fcrfte \u201eunter Umst\u00e4nden schwerwiegende Eingriffe in das organisatorische Gef\u00fcge und den Ablauf der Verwaltung zur Folge haben\u201c. Im Fall einer Zuwiderhandlung droht jedoch eine Ordnungsstrafe von bis zu EUR 250.000,\u2013.<\/p>\n<p>Dr. Christian Conrad:<em><br \/><\/em><\/p>\n<p><em>&#8220;Mit den Ressourcen eines Regierungsamtes politische Konkurrenten niederzumachen sollte diktatorischen Regimen vorbehalten bleiben. Deutschland ist nicht die T\u00fcrkei. In einer Demokratie haben gew\u00e4hlte Amtstr\u00e4ger strikte politische Neutralit\u00e4t zu wahren. Leider begreifen viele Politiker nicht, dass sie nach der Wahl in ein Amt nicht mehr nur Parteipolitiker sind, sondern die Vertreter aller B\u00fcrger.\u201c<\/em><\/p>\n","protected":false},"excerpt":{"rendered":"<p>Der Hessische Verwaltungsgerichtshof hat die Stadt Frankfurt am Main zur L\u00f6schung eines Facebook-Eintrags ihres Oberb\u00fcrgermeisters Peter Feldmann verurteilt. Auch jede Wiederholung der \u00c4u\u00dferung wurde verboten. Bei einem Versto\u00df droht ein Ordnungsgeld von bis zu EUR 250.000,\u2013. Das Gericht hob damit eine Entscheidung des Verwaltungsgerichts Frankfurt aus April dieses Jahres auf. Die Kosten beider Verfahren muss [&hellip;]<\/p>\n","protected":false},"author":1,"featured_media":0,"comment_status":"closed","ping_status":"closed","sticky":false,"template":"","format":"standard","meta":{"_has_post_settings":[],"footnotes":""},"categories":[15],"tags":[],"hashtags":[],"ppma_author":[84],"class_list":["post-8367","post","type-post","status-publish","format-standard","hentry","category-news","author-hoecker_adm"],"yoast_head":"<!-- This site is optimized with the Yoast SEO Premium plugin v25.9 (Yoast SEO v27.0) - https:\/\/yoast.com\/product\/yoast-seo-premium-wordpress\/ -->\n<title>OB Feldmann durfte nicht zum Ausladen der AfD aufrufen. Hessischer Verwaltungsgerichtshof verbietet Facebook-Eintrag als unsachlichen Versto\u00df gegen das Neutralit\u00e4tsgebot. - H\u00d6CKER - der Blog<\/title>\n<meta name=\"robots\" content=\"index, follow, max-snippet:-1, max-image-preview:large, max-video-preview:-1\" \/>\n<link rel=\"canonical\" href=\"https:\/\/www.hoecker.eu\/blog\/ob-feldmann-durfte-nicht-zum-ausladen-der-afd-aufrufen-hessischer-verwaltungsgerichtshof-verbietet-facebook-eintrag-als-unsachlichen-verstoss-gegen-das-neutralitaetsgebot\/\" \/>\n<meta property=\"og:locale\" content=\"de_DE\" \/>\n<meta property=\"og:type\" content=\"article\" \/>\n<meta property=\"og:title\" content=\"OB Feldmann durfte nicht zum Ausladen der AfD aufrufen. Hessischer Verwaltungsgerichtshof verbietet Facebook-Eintrag als unsachlichen Versto\u00df gegen das Neutralit\u00e4tsgebot.\" \/>\n<meta property=\"og:description\" content=\"Der Hessische Verwaltungsgerichtshof hat die Stadt Frankfurt am Main zur L\u00f6schung eines Facebook-Eintrags ihres Oberb\u00fcrgermeisters Peter Feldmann verurteilt. Auch jede Wiederholung der \u00c4u\u00dferung wurde verboten. Bei einem Versto\u00df droht ein Ordnungsgeld von bis zu EUR 250.000,\u2013. Das Gericht hob damit eine Entscheidung des Verwaltungsgerichts Frankfurt aus April dieses Jahres auf. Die Kosten beider Verfahren muss [&hellip;]\" \/>\n<meta property=\"og:url\" content=\"https:\/\/www.hoecker.eu\/blog\/ob-feldmann-durfte-nicht-zum-ausladen-der-afd-aufrufen-hessischer-verwaltungsgerichtshof-verbietet-facebook-eintrag-als-unsachlichen-verstoss-gegen-das-neutralitaetsgebot\/\" \/>\n<meta property=\"og:site_name\" content=\"H\u00d6CKER - der Blog\" \/>\n<meta property=\"article:publisher\" content=\"https:\/\/www.facebook.com\/HoeckerRAe\/\" \/>\n<meta property=\"article:author\" content=\"https:\/\/www.facebook.com\/ralf.hoecker\" \/>\n<meta property=\"article:published_time\" content=\"2017-07-13T10:35:00+00:00\" \/>\n<meta property=\"article:modified_time\" content=\"2025-02-17T13:56:54+00:00\" \/>\n<meta name=\"author\" content=\"Prof. Dr. Ralf H\u00f6cker\" \/>\n<meta name=\"twitter:card\" content=\"summary_large_image\" \/>\n<meta name=\"twitter:creator\" content=\"@Ralf_Hoecker\" \/>\n<meta name=\"twitter:site\" content=\"@hoecker_rae\" \/>\n<meta name=\"twitter:label1\" content=\"Verfasst von\" \/>\n\t<meta name=\"twitter:data1\" content=\"Prof. Dr. Ralf H\u00f6cker\" \/>\n\t<meta name=\"twitter:label2\" content=\"Gesch\u00e4tzte Lesezeit\" \/>\n\t<meta name=\"twitter:data2\" content=\"3\u00a0Minuten\" \/>\n<script type=\"application\/ld+json\" class=\"yoast-schema-graph\">{\"@context\":\"https:\/\/schema.org\",\"@graph\":[{\"@type\":\"Article\",\"@id\":\"https:\/\/www.hoecker.eu\/blog\/ob-feldmann-durfte-nicht-zum-ausladen-der-afd-aufrufen-hessischer-verwaltungsgerichtshof-verbietet-facebook-eintrag-als-unsachlichen-verstoss-gegen-das-neutralitaetsgebot\/#article\",\"isPartOf\":{\"@id\":\"https:\/\/www.hoecker.eu\/blog\/ob-feldmann-durfte-nicht-zum-ausladen-der-afd-aufrufen-hessischer-verwaltungsgerichtshof-verbietet-facebook-eintrag-als-unsachlichen-verstoss-gegen-das-neutralitaetsgebot\/\"},\"author\":{\"name\":\"Prof. Dr. Ralf H\u00f6cker\",\"@id\":\"https:\/\/www.hoecker.eu\/blog\/#\/schema\/person\/08f95581eed0534eccd0b2438f7a1cab\"},\"headline\":\"OB Feldmann durfte nicht zum Ausladen der AfD aufrufen. Hessischer Verwaltungsgerichtshof verbietet Facebook-Eintrag als unsachlichen Versto\u00df gegen das Neutralit\u00e4tsgebot.\",\"datePublished\":\"2017-07-13T10:35:00+00:00\",\"dateModified\":\"2025-02-17T13:56:54+00:00\",\"mainEntityOfPage\":{\"@id\":\"https:\/\/www.hoecker.eu\/blog\/ob-feldmann-durfte-nicht-zum-ausladen-der-afd-aufrufen-hessischer-verwaltungsgerichtshof-verbietet-facebook-eintrag-als-unsachlichen-verstoss-gegen-das-neutralitaetsgebot\/\"},\"wordCount\":552,\"publisher\":{\"@id\":\"https:\/\/www.hoecker.eu\/blog\/#organization\"},\"articleSection\":[\"News\"],\"inLanguage\":\"de\"},{\"@type\":\"WebPage\",\"@id\":\"https:\/\/www.hoecker.eu\/blog\/ob-feldmann-durfte-nicht-zum-ausladen-der-afd-aufrufen-hessischer-verwaltungsgerichtshof-verbietet-facebook-eintrag-als-unsachlichen-verstoss-gegen-das-neutralitaetsgebot\/\",\"url\":\"https:\/\/www.hoecker.eu\/blog\/ob-feldmann-durfte-nicht-zum-ausladen-der-afd-aufrufen-hessischer-verwaltungsgerichtshof-verbietet-facebook-eintrag-als-unsachlichen-verstoss-gegen-das-neutralitaetsgebot\/\",\"name\":\"OB Feldmann durfte nicht zum Ausladen der AfD aufrufen. Hessischer Verwaltungsgerichtshof verbietet Facebook-Eintrag als unsachlichen Versto\u00df gegen das Neutralit\u00e4tsgebot. - H\u00d6CKER - der Blog\",\"isPartOf\":{\"@id\":\"https:\/\/www.hoecker.eu\/blog\/#website\"},\"datePublished\":\"2017-07-13T10:35:00+00:00\",\"dateModified\":\"2025-02-17T13:56:54+00:00\",\"breadcrumb\":{\"@id\":\"https:\/\/www.hoecker.eu\/blog\/ob-feldmann-durfte-nicht-zum-ausladen-der-afd-aufrufen-hessischer-verwaltungsgerichtshof-verbietet-facebook-eintrag-als-unsachlichen-verstoss-gegen-das-neutralitaetsgebot\/#breadcrumb\"},\"inLanguage\":\"de\",\"potentialAction\":[{\"@type\":\"ReadAction\",\"target\":[\"https:\/\/www.hoecker.eu\/blog\/ob-feldmann-durfte-nicht-zum-ausladen-der-afd-aufrufen-hessischer-verwaltungsgerichtshof-verbietet-facebook-eintrag-als-unsachlichen-verstoss-gegen-das-neutralitaetsgebot\/\"]}]},{\"@type\":\"BreadcrumbList\",\"@id\":\"https:\/\/www.hoecker.eu\/blog\/ob-feldmann-durfte-nicht-zum-ausladen-der-afd-aufrufen-hessischer-verwaltungsgerichtshof-verbietet-facebook-eintrag-als-unsachlichen-verstoss-gegen-das-neutralitaetsgebot\/#breadcrumb\",\"itemListElement\":[{\"@type\":\"ListItem\",\"position\":1,\"name\":\"Startseite\",\"item\":\"https:\/\/dev.hoecker.eu\/blog\/\"},{\"@type\":\"ListItem\",\"position\":2,\"name\":\"OB Feldmann durfte nicht zum Ausladen der AfD aufrufen. Hessischer Verwaltungsgerichtshof verbietet Facebook-Eintrag als unsachlichen Versto\u00df gegen das Neutralit\u00e4tsgebot.\"}]},{\"@type\":\"WebSite\",\"@id\":\"https:\/\/www.hoecker.eu\/blog\/#website\",\"url\":\"https:\/\/www.hoecker.eu\/blog\/\",\"name\":\"H\u00d6CKER - der Blog\",\"description\":\"Expertenblog f\u00fcr \u00c4u\u00dferungs-, Medien-, Marken-, Urheber- und Wettbewerbsrecht.\",\"publisher\":{\"@id\":\"https:\/\/www.hoecker.eu\/blog\/#organization\"},\"potentialAction\":[{\"@type\":\"SearchAction\",\"target\":{\"@type\":\"EntryPoint\",\"urlTemplate\":\"https:\/\/www.hoecker.eu\/blog\/?s={search_term_string}\"},\"query-input\":{\"@type\":\"PropertyValueSpecification\",\"valueRequired\":true,\"valueName\":\"search_term_string\"}}],\"inLanguage\":\"de\"},{\"@type\":\"Organization\",\"@id\":\"https:\/\/www.hoecker.eu\/blog\/#organization\",\"name\":\"H\u00d6CKER Rechtsanw\u00e4lte PartGmbB\",\"alternateName\":\"H\u00d6CKER\",\"url\":\"https:\/\/www.hoecker.eu\/blog\/\",\"logo\":{\"@type\":\"ImageObject\",\"inLanguage\":\"de\",\"@id\":\"https:\/\/www.hoecker.eu\/blog\/#\/schema\/logo\/image\/\",\"url\":\"https:\/\/www.hoecker.eu\/blog\/wp-content\/uploads\/2025\/03\/Blog-Logo.webp\",\"contentUrl\":\"https:\/\/www.hoecker.eu\/blog\/wp-content\/uploads\/2025\/03\/Blog-Logo.webp\",\"width\":500,\"height\":500,\"caption\":\"H\u00d6CKER Rechtsanw\u00e4lte PartGmbB\"},\"image\":{\"@id\":\"https:\/\/www.hoecker.eu\/blog\/#\/schema\/logo\/image\/\"},\"sameAs\":[\"https:\/\/www.facebook.com\/HoeckerRAe\/\",\"https:\/\/x.com\/hoecker_rae\",\"https:\/\/www.linkedin.com\/company\/hcker-rechtsanwlte\/\",\"https:\/\/www.instagram.com\/hoecker_rae\/\"],\"email\":\"contact@hoecker.eu\",\"telephone\":\"+ 49 (0)221-933 19-10\",\"legalName\":\"H\u00d6CKER Rechtsanw\u00e4lte PartGmbB\",\"numberOfEmployees\":{\"@type\":\"QuantitativeValue\",\"minValue\":\"11\",\"maxValue\":\"50\"}},{\"@type\":\"Person\",\"@id\":\"https:\/\/www.hoecker.eu\/blog\/#\/schema\/person\/08f95581eed0534eccd0b2438f7a1cab\",\"name\":\"Prof. Dr. Ralf H\u00f6cker\",\"description\":\"Medienanwalt. Besch\u00fctzer vor mieser Presse\",\"sameAs\":[\"https:\/\/www.hoecker.eu\/wer\/prof-dr-ralf-hoecker\",\"https:\/\/www.facebook.com\/ralf.hoecker\",\"https:\/\/www.linkedin.com\/in\/prof-dr-ralf-hcker-ll-m-london-17987826\/\",\"https:\/\/x.com\/Ralf_Hoecker\"],\"url\":\"https:\/\/www.hoecker.eu\/blog\/author\/hoecker_adm\/\"}]}<\/script>\n<!-- \/ Yoast SEO Premium plugin. -->","yoast_head_json":{"title":"OB Feldmann durfte nicht zum Ausladen der AfD aufrufen. Hessischer Verwaltungsgerichtshof verbietet Facebook-Eintrag als unsachlichen Versto\u00df gegen das Neutralit\u00e4tsgebot. - H\u00d6CKER - der Blog","robots":{"index":"index","follow":"follow","max-snippet":"max-snippet:-1","max-image-preview":"max-image-preview:large","max-video-preview":"max-video-preview:-1"},"canonical":"https:\/\/www.hoecker.eu\/blog\/ob-feldmann-durfte-nicht-zum-ausladen-der-afd-aufrufen-hessischer-verwaltungsgerichtshof-verbietet-facebook-eintrag-als-unsachlichen-verstoss-gegen-das-neutralitaetsgebot\/","og_locale":"de_DE","og_type":"article","og_title":"OB Feldmann durfte nicht zum Ausladen der AfD aufrufen. Hessischer Verwaltungsgerichtshof verbietet Facebook-Eintrag als unsachlichen Versto\u00df gegen das Neutralit\u00e4tsgebot.","og_description":"Der Hessische Verwaltungsgerichtshof hat die Stadt Frankfurt am Main zur L\u00f6schung eines Facebook-Eintrags ihres Oberb\u00fcrgermeisters Peter Feldmann verurteilt. Auch jede Wiederholung der \u00c4u\u00dferung wurde verboten. Bei einem Versto\u00df droht ein Ordnungsgeld von bis zu EUR 250.000,\u2013. Das Gericht hob damit eine Entscheidung des Verwaltungsgerichts Frankfurt aus April dieses Jahres auf. Die Kosten beider Verfahren muss [&hellip;]","og_url":"https:\/\/www.hoecker.eu\/blog\/ob-feldmann-durfte-nicht-zum-ausladen-der-afd-aufrufen-hessischer-verwaltungsgerichtshof-verbietet-facebook-eintrag-als-unsachlichen-verstoss-gegen-das-neutralitaetsgebot\/","og_site_name":"H\u00d6CKER - der Blog","article_publisher":"https:\/\/www.facebook.com\/HoeckerRAe\/","article_author":"https:\/\/www.facebook.com\/ralf.hoecker","article_published_time":"2017-07-13T10:35:00+00:00","article_modified_time":"2025-02-17T13:56:54+00:00","author":"Prof. Dr. Ralf H\u00f6cker","twitter_card":"summary_large_image","twitter_creator":"@Ralf_Hoecker","twitter_site":"@hoecker_rae","twitter_misc":{"Verfasst von":"Prof. Dr. Ralf H\u00f6cker","Gesch\u00e4tzte Lesezeit":"3\u00a0Minuten"},"schema":{"@context":"https:\/\/schema.org","@graph":[{"@type":"Article","@id":"https:\/\/www.hoecker.eu\/blog\/ob-feldmann-durfte-nicht-zum-ausladen-der-afd-aufrufen-hessischer-verwaltungsgerichtshof-verbietet-facebook-eintrag-als-unsachlichen-verstoss-gegen-das-neutralitaetsgebot\/#article","isPartOf":{"@id":"https:\/\/www.hoecker.eu\/blog\/ob-feldmann-durfte-nicht-zum-ausladen-der-afd-aufrufen-hessischer-verwaltungsgerichtshof-verbietet-facebook-eintrag-als-unsachlichen-verstoss-gegen-das-neutralitaetsgebot\/"},"author":{"name":"Prof. Dr. Ralf H\u00f6cker","@id":"https:\/\/www.hoecker.eu\/blog\/#\/schema\/person\/08f95581eed0534eccd0b2438f7a1cab"},"headline":"OB Feldmann durfte nicht zum Ausladen der AfD aufrufen. Hessischer Verwaltungsgerichtshof verbietet Facebook-Eintrag als unsachlichen Versto\u00df gegen das Neutralit\u00e4tsgebot.","datePublished":"2017-07-13T10:35:00+00:00","dateModified":"2025-02-17T13:56:54+00:00","mainEntityOfPage":{"@id":"https:\/\/www.hoecker.eu\/blog\/ob-feldmann-durfte-nicht-zum-ausladen-der-afd-aufrufen-hessischer-verwaltungsgerichtshof-verbietet-facebook-eintrag-als-unsachlichen-verstoss-gegen-das-neutralitaetsgebot\/"},"wordCount":552,"publisher":{"@id":"https:\/\/www.hoecker.eu\/blog\/#organization"},"articleSection":["News"],"inLanguage":"de"},{"@type":"WebPage","@id":"https:\/\/www.hoecker.eu\/blog\/ob-feldmann-durfte-nicht-zum-ausladen-der-afd-aufrufen-hessischer-verwaltungsgerichtshof-verbietet-facebook-eintrag-als-unsachlichen-verstoss-gegen-das-neutralitaetsgebot\/","url":"https:\/\/www.hoecker.eu\/blog\/ob-feldmann-durfte-nicht-zum-ausladen-der-afd-aufrufen-hessischer-verwaltungsgerichtshof-verbietet-facebook-eintrag-als-unsachlichen-verstoss-gegen-das-neutralitaetsgebot\/","name":"OB Feldmann durfte nicht zum Ausladen der AfD aufrufen. Hessischer Verwaltungsgerichtshof verbietet Facebook-Eintrag als unsachlichen Versto\u00df gegen das Neutralit\u00e4tsgebot. - H\u00d6CKER - der Blog","isPartOf":{"@id":"https:\/\/www.hoecker.eu\/blog\/#website"},"datePublished":"2017-07-13T10:35:00+00:00","dateModified":"2025-02-17T13:56:54+00:00","breadcrumb":{"@id":"https:\/\/www.hoecker.eu\/blog\/ob-feldmann-durfte-nicht-zum-ausladen-der-afd-aufrufen-hessischer-verwaltungsgerichtshof-verbietet-facebook-eintrag-als-unsachlichen-verstoss-gegen-das-neutralitaetsgebot\/#breadcrumb"},"inLanguage":"de","potentialAction":[{"@type":"ReadAction","target":["https:\/\/www.hoecker.eu\/blog\/ob-feldmann-durfte-nicht-zum-ausladen-der-afd-aufrufen-hessischer-verwaltungsgerichtshof-verbietet-facebook-eintrag-als-unsachlichen-verstoss-gegen-das-neutralitaetsgebot\/"]}]},{"@type":"BreadcrumbList","@id":"https:\/\/www.hoecker.eu\/blog\/ob-feldmann-durfte-nicht-zum-ausladen-der-afd-aufrufen-hessischer-verwaltungsgerichtshof-verbietet-facebook-eintrag-als-unsachlichen-verstoss-gegen-das-neutralitaetsgebot\/#breadcrumb","itemListElement":[{"@type":"ListItem","position":1,"name":"Startseite","item":"https:\/\/dev.hoecker.eu\/blog\/"},{"@type":"ListItem","position":2,"name":"OB Feldmann durfte nicht zum Ausladen der AfD aufrufen. Hessischer Verwaltungsgerichtshof verbietet Facebook-Eintrag als unsachlichen Versto\u00df gegen das Neutralit\u00e4tsgebot."}]},{"@type":"WebSite","@id":"https:\/\/www.hoecker.eu\/blog\/#website","url":"https:\/\/www.hoecker.eu\/blog\/","name":"H\u00d6CKER - der Blog","description":"Expertenblog f\u00fcr \u00c4u\u00dferungs-, Medien-, Marken-, Urheber- und Wettbewerbsrecht.","publisher":{"@id":"https:\/\/www.hoecker.eu\/blog\/#organization"},"potentialAction":[{"@type":"SearchAction","target":{"@type":"EntryPoint","urlTemplate":"https:\/\/www.hoecker.eu\/blog\/?s={search_term_string}"},"query-input":{"@type":"PropertyValueSpecification","valueRequired":true,"valueName":"search_term_string"}}],"inLanguage":"de"},{"@type":"Organization","@id":"https:\/\/www.hoecker.eu\/blog\/#organization","name":"H\u00d6CKER Rechtsanw\u00e4lte PartGmbB","alternateName":"H\u00d6CKER","url":"https:\/\/www.hoecker.eu\/blog\/","logo":{"@type":"ImageObject","inLanguage":"de","@id":"https:\/\/www.hoecker.eu\/blog\/#\/schema\/logo\/image\/","url":"https:\/\/www.hoecker.eu\/blog\/wp-content\/uploads\/2025\/03\/Blog-Logo.webp","contentUrl":"https:\/\/www.hoecker.eu\/blog\/wp-content\/uploads\/2025\/03\/Blog-Logo.webp","width":500,"height":500,"caption":"H\u00d6CKER Rechtsanw\u00e4lte PartGmbB"},"image":{"@id":"https:\/\/www.hoecker.eu\/blog\/#\/schema\/logo\/image\/"},"sameAs":["https:\/\/www.facebook.com\/HoeckerRAe\/","https:\/\/x.com\/hoecker_rae","https:\/\/www.linkedin.com\/company\/hcker-rechtsanwlte\/","https:\/\/www.instagram.com\/hoecker_rae\/"],"email":"contact@hoecker.eu","telephone":"+ 49 (0)221-933 19-10","legalName":"H\u00d6CKER Rechtsanw\u00e4lte PartGmbB","numberOfEmployees":{"@type":"QuantitativeValue","minValue":"11","maxValue":"50"}},{"@type":"Person","@id":"https:\/\/www.hoecker.eu\/blog\/#\/schema\/person\/08f95581eed0534eccd0b2438f7a1cab","name":"Prof. Dr. Ralf H\u00f6cker","description":"Medienanwalt. Besch\u00fctzer vor mieser Presse","sameAs":["https:\/\/www.hoecker.eu\/wer\/prof-dr-ralf-hoecker","https:\/\/www.facebook.com\/ralf.hoecker","https:\/\/www.linkedin.com\/in\/prof-dr-ralf-hcker-ll-m-london-17987826\/","https:\/\/x.com\/Ralf_Hoecker"],"url":"https:\/\/www.hoecker.eu\/blog\/author\/hoecker_adm\/"}]}},"authors":[{"term_id":84,"user_id":1,"is_guest":0,"slug":"hoecker_adm","display_name":"Prof. Dr. Ralf H\u00f6cker","avatar_url":{"url":"https:\/\/www.hoecker.eu\/blog\/wp-content\/uploads\/2023\/12\/ProfDrRalfHoecker.jpg","url2x":"https:\/\/www.hoecker.eu\/blog\/wp-content\/uploads\/2023\/12\/ProfDrRalfHoecker.jpg"},"0":null,"1":"","2":"","3":"","4":"","5":"","6":"","7":"","8":"","9":"","10":"","11":""}],"_links":{"self":[{"href":"https:\/\/www.hoecker.eu\/blog\/wp-json\/wp\/v2\/posts\/8367","targetHints":{"allow":["GET"]}}],"collection":[{"href":"https:\/\/www.hoecker.eu\/blog\/wp-json\/wp\/v2\/posts"}],"about":[{"href":"https:\/\/www.hoecker.eu\/blog\/wp-json\/wp\/v2\/types\/post"}],"author":[{"embeddable":true,"href":"https:\/\/www.hoecker.eu\/blog\/wp-json\/wp\/v2\/users\/1"}],"replies":[{"embeddable":true,"href":"https:\/\/www.hoecker.eu\/blog\/wp-json\/wp\/v2\/comments?post=8367"}],"version-history":[{"count":1,"href":"https:\/\/www.hoecker.eu\/blog\/wp-json\/wp\/v2\/posts\/8367\/revisions"}],"predecessor-version":[{"id":9489,"href":"https:\/\/www.hoecker.eu\/blog\/wp-json\/wp\/v2\/posts\/8367\/revisions\/9489"}],"wp:attachment":[{"href":"https:\/\/www.hoecker.eu\/blog\/wp-json\/wp\/v2\/media?parent=8367"}],"wp:term":[{"taxonomy":"category","embeddable":true,"href":"https:\/\/www.hoecker.eu\/blog\/wp-json\/wp\/v2\/categories?post=8367"},{"taxonomy":"post_tag","embeddable":true,"href":"https:\/\/www.hoecker.eu\/blog\/wp-json\/wp\/v2\/tags?post=8367"},{"taxonomy":"hashtags","embeddable":true,"href":"https:\/\/www.hoecker.eu\/blog\/wp-json\/wp\/v2\/hashtags?post=8367"},{"taxonomy":"author","embeddable":true,"href":"https:\/\/www.hoecker.eu\/blog\/wp-json\/wp\/v2\/ppma_author?post=8367"}],"curies":[{"name":"wp","href":"https:\/\/api.w.org\/{rel}","templated":true}]}}