{"id":8362,"date":"2017-07-26T13:38:00","date_gmt":"2017-07-26T11:38:00","guid":{"rendered":"https:\/\/www.hoecker.eu\/blog\/olg-koeln-identifizierung-von-sedlmayr-moerder-ist-rechtswidrig\/"},"modified":"2025-02-17T14:56:51","modified_gmt":"2025-02-17T13:56:51","slug":"olg-koeln-identifizierung-von-sedlmayr-moerder-ist-rechtswidrig","status":"publish","type":"post","link":"https:\/\/www.hoecker.eu\/blog\/olg-koeln-identifizierung-von-sedlmayr-moerder-ist-rechtswidrig\/","title":{"rendered":"OLG K\u00f6ln: Identifizierung von Sedlmayr-M\u00f6rder ist rechtswidrig."},"content":{"rendered":"<p>Der Sedlmayr-Mord gilt als einer der spektakul\u00e4rsten Mordf\u00e4lle in der<br \/>\nbundesdeutschen Kriminalgeschichte. Zwei M\u00e4nner, die dem Opfer nahe<br \/>\nstanden, wurden in einem Indizienprozess wegen Mordes verurteilt. Sie bestreiten jedoch bis zum heutigen Tag eine Beteiligung.<\/p>\n<p>In einem zivilrechtlichen Verfahren machte einer der Verurteilten<br \/>\nSchadensersatzanspr\u00fcche im Zusammenhang mit dem damaligen Prozess<br \/>\ngeltend. Dies nahm die Bild-Zeitung zum Anlass, erneut grausame Details aus der<br \/>\nTatnacht von \u00fcber 20 Jahren zu schildern. Dazu ver\u00f6ffentlichte<br \/>\nsie ein Foto eines der sog. Sedlmayr-M\u00f6rder und nannte dessen vollen Namen. Nachdem bereits das Landgericht K\u00f6ln die Berichterstattung verboten hatte (Az: 28 O 120\/16), wies nun das OLG K\u00f6ln die von der Bild-Zeitung eingelegte Berufung zur\u00fcck und best\u00e4tigte damit das Verbot (Urt. v. 22.06.2017, Az: 15 U 171\/16, n.rkr.).<\/p>\n<p>Das OLG K\u00f6ln stellt in seinem Urteil klar, dass das F\u00fchren eines zivilrechtlichen Rechtsstreits keinen Freibrief f\u00fcr die Bild-Zeitung darstelle, den Betroffenen nochmals so konkret mit der Tat in Verbindung zu bringen. Im Urteil betonte es die besondere Bedeutung seines Rechts auf Resozialisierung:<em><br \/><\/em><\/p>\n<p><em>\u201eZugunsten des Kl\u00e4gers ist zun\u00e4chst der erhebliche Eingriff in sein Pers\u00f6nlichkeitsrecht sowie sein nach den konkreten Umst\u00e4nden hohes Resozialisierungsinteresse zu ber\u00fccksichtigen. Er hat seine Haftstrafe verb\u00fc\u00dft, wurde im Jahre 2008 auf Bew\u00e4hrung entlassen und hat seither s\u00e4mtliche Bew\u00e4hrungsauflagen erf\u00fcllt. Durch seine namentliche Nennung im streitgegenst\u00e4ndlichen Beitrag wird die Tat als solche und seine T\u00e4terschaft bei den Rezipienten wieder in Erinnerung gerufen. Weiter wird sie solchen Rezipienten unter Namensnennung neu vermittelt, die &#8211; aufgrund ihres Alters &#8211; die fr\u00fchere Prozessberichterstattung \u00fcber den Kl\u00e4ger noch nicht verfolgen konnten oder verfolgt haben. Schlie\u00dflich ergibt sich eine Vertiefung der Beeintr\u00e4chtigung des Kl\u00e4gers daraus, dass es die Berichterstattung nicht allein bei seiner Identifizierung bel\u00e4sst, sondern dar\u00fcber hinaus Einzelheiten der damaligen Tat wiedergibt (\u201eblut\u00fcberstr\u00f6mt, \u201emit Messerstichen und Hammerschl\u00e4gen zu Tode gequ\u00e4lt\u201c), die den Kl\u00e4ger in der \u00f6ffentlichen Wahrnehmung weiter stigmatisieren.\u201c<\/em><em><br \/><\/em><\/p>\n<p>Einem verurteilten Straft\u00e4ter d\u00fcrfe, so der Senat, nach Abb\u00fc\u00dfung seiner Strafe der Weg in ein geregeltes soziales Leben nicht versperrt werden. Daher stelle das F\u00fchren eines zivilrechtlichen Prozesses auch keine \u201eSelbst\u00f6ffnung\u201c gegen\u00fcber der \u00d6ffentlichkeit dar:<em><br \/><\/em><\/p>\n<p><em>\u201eW\u00fcrde allein das F\u00fchren eines Prozesses, der keinen hinreichend Bezug zur fr\u00fcheren Straftat des Betroffenen aufweist und die damit verbundene, m\u00f6glicherweise auch durch die Gerichte oder den Prozessbevollm\u00e4chtigten verursachte \u00f6ffentliche Aufmerksamkeit dazu f\u00fchren, dass weiterhin identifizierend \u00fcber die damalige Verurteilung berichtet werden darf, besteht die Gefahr, dass der Betroffene faktisch von der Geltendmachung solcher Rechtsbehelfe abgehalten wird, die letztlich auch seinem Resozialisierungsinteresse dienen k\u00f6nnen.\u201c<br \/><\/em><\/p>\n<p><em><br \/><\/em><\/p>\n","protected":false},"excerpt":{"rendered":"<p>Der Sedlmayr-Mord gilt als einer der spektakul\u00e4rsten Mordf\u00e4lle in der bundesdeutschen Kriminalgeschichte. Zwei M\u00e4nner, die dem Opfer nahe standen, wurden in einem Indizienprozess wegen Mordes verurteilt. Sie bestreiten jedoch bis zum heutigen Tag eine Beteiligung. In einem zivilrechtlichen Verfahren machte einer der Verurteilten Schadensersatzanspr\u00fcche im Zusammenhang mit dem damaligen Prozess geltend. Dies nahm die Bild-Zeitung [&hellip;]<\/p>\n","protected":false},"author":1,"featured_media":0,"comment_status":"closed","ping_status":"closed","sticky":false,"template":"","format":"standard","meta":{"_has_post_settings":[],"footnotes":""},"categories":[15],"tags":[],"hashtags":[],"ppma_author":[84],"class_list":["post-8362","post","type-post","status-publish","format-standard","hentry","category-news","author-hoecker_adm"],"yoast_head":"<!-- This site is optimized with the Yoast SEO Premium plugin v25.9 (Yoast SEO v27.0) - https:\/\/yoast.com\/product\/yoast-seo-premium-wordpress\/ -->\n<title>OLG K\u00f6ln: Identifizierung von Sedlmayr-M\u00f6rder ist rechtswidrig. - H\u00d6CKER - der Blog<\/title>\n<meta name=\"robots\" content=\"index, follow, max-snippet:-1, max-image-preview:large, max-video-preview:-1\" \/>\n<link rel=\"canonical\" href=\"https:\/\/www.hoecker.eu\/blog\/olg-koeln-identifizierung-von-sedlmayr-moerder-ist-rechtswidrig\/\" \/>\n<meta property=\"og:locale\" content=\"de_DE\" \/>\n<meta property=\"og:type\" content=\"article\" \/>\n<meta property=\"og:title\" content=\"OLG K\u00f6ln: Identifizierung von Sedlmayr-M\u00f6rder ist rechtswidrig.\" \/>\n<meta property=\"og:description\" content=\"Der Sedlmayr-Mord gilt als einer der spektakul\u00e4rsten Mordf\u00e4lle in der bundesdeutschen Kriminalgeschichte. Zwei M\u00e4nner, die dem Opfer nahe standen, wurden in einem Indizienprozess wegen Mordes verurteilt. Sie bestreiten jedoch bis zum heutigen Tag eine Beteiligung. In einem zivilrechtlichen Verfahren machte einer der Verurteilten Schadensersatzanspr\u00fcche im Zusammenhang mit dem damaligen Prozess geltend. Dies nahm die Bild-Zeitung [&hellip;]\" \/>\n<meta property=\"og:url\" content=\"https:\/\/www.hoecker.eu\/blog\/olg-koeln-identifizierung-von-sedlmayr-moerder-ist-rechtswidrig\/\" \/>\n<meta property=\"og:site_name\" content=\"H\u00d6CKER - der Blog\" \/>\n<meta property=\"article:publisher\" content=\"https:\/\/www.facebook.com\/HoeckerRAe\/\" \/>\n<meta property=\"article:author\" content=\"https:\/\/www.facebook.com\/ralf.hoecker\" \/>\n<meta property=\"article:published_time\" content=\"2017-07-26T11:38:00+00:00\" \/>\n<meta property=\"article:modified_time\" content=\"2025-02-17T13:56:51+00:00\" \/>\n<meta name=\"author\" content=\"Prof. Dr. Ralf H\u00f6cker\" \/>\n<meta name=\"twitter:card\" content=\"summary_large_image\" \/>\n<meta name=\"twitter:creator\" content=\"@Ralf_Hoecker\" \/>\n<meta name=\"twitter:site\" content=\"@hoecker_rae\" \/>\n<meta name=\"twitter:label1\" content=\"Verfasst von\" \/>\n\t<meta name=\"twitter:data1\" content=\"Prof. Dr. Ralf H\u00f6cker\" \/>\n\t<meta name=\"twitter:label2\" content=\"Gesch\u00e4tzte Lesezeit\" \/>\n\t<meta name=\"twitter:data2\" content=\"2\u00a0Minuten\" \/>\n<script type=\"application\/ld+json\" class=\"yoast-schema-graph\">{\"@context\":\"https:\/\/schema.org\",\"@graph\":[{\"@type\":\"Article\",\"@id\":\"https:\/\/www.hoecker.eu\/blog\/olg-koeln-identifizierung-von-sedlmayr-moerder-ist-rechtswidrig\/#article\",\"isPartOf\":{\"@id\":\"https:\/\/www.hoecker.eu\/blog\/olg-koeln-identifizierung-von-sedlmayr-moerder-ist-rechtswidrig\/\"},\"author\":{\"name\":\"Prof. Dr. Ralf H\u00f6cker\",\"@id\":\"https:\/\/www.hoecker.eu\/blog\/#\/schema\/person\/08f95581eed0534eccd0b2438f7a1cab\"},\"headline\":\"OLG K\u00f6ln: Identifizierung von Sedlmayr-M\u00f6rder ist rechtswidrig.\",\"datePublished\":\"2017-07-26T11:38:00+00:00\",\"dateModified\":\"2025-02-17T13:56:51+00:00\",\"mainEntityOfPage\":{\"@id\":\"https:\/\/www.hoecker.eu\/blog\/olg-koeln-identifizierung-von-sedlmayr-moerder-ist-rechtswidrig\/\"},\"wordCount\":450,\"publisher\":{\"@id\":\"https:\/\/www.hoecker.eu\/blog\/#organization\"},\"articleSection\":[\"News\"],\"inLanguage\":\"de\"},{\"@type\":\"WebPage\",\"@id\":\"https:\/\/www.hoecker.eu\/blog\/olg-koeln-identifizierung-von-sedlmayr-moerder-ist-rechtswidrig\/\",\"url\":\"https:\/\/www.hoecker.eu\/blog\/olg-koeln-identifizierung-von-sedlmayr-moerder-ist-rechtswidrig\/\",\"name\":\"OLG K\u00f6ln: Identifizierung von Sedlmayr-M\u00f6rder ist rechtswidrig. - H\u00d6CKER - der Blog\",\"isPartOf\":{\"@id\":\"https:\/\/www.hoecker.eu\/blog\/#website\"},\"datePublished\":\"2017-07-26T11:38:00+00:00\",\"dateModified\":\"2025-02-17T13:56:51+00:00\",\"breadcrumb\":{\"@id\":\"https:\/\/www.hoecker.eu\/blog\/olg-koeln-identifizierung-von-sedlmayr-moerder-ist-rechtswidrig\/#breadcrumb\"},\"inLanguage\":\"de\",\"potentialAction\":[{\"@type\":\"ReadAction\",\"target\":[\"https:\/\/www.hoecker.eu\/blog\/olg-koeln-identifizierung-von-sedlmayr-moerder-ist-rechtswidrig\/\"]}]},{\"@type\":\"BreadcrumbList\",\"@id\":\"https:\/\/www.hoecker.eu\/blog\/olg-koeln-identifizierung-von-sedlmayr-moerder-ist-rechtswidrig\/#breadcrumb\",\"itemListElement\":[{\"@type\":\"ListItem\",\"position\":1,\"name\":\"Startseite\",\"item\":\"https:\/\/dev.hoecker.eu\/blog\/\"},{\"@type\":\"ListItem\",\"position\":2,\"name\":\"OLG K\u00f6ln: Identifizierung von Sedlmayr-M\u00f6rder ist rechtswidrig.\"}]},{\"@type\":\"WebSite\",\"@id\":\"https:\/\/www.hoecker.eu\/blog\/#website\",\"url\":\"https:\/\/www.hoecker.eu\/blog\/\",\"name\":\"H\u00d6CKER - der Blog\",\"description\":\"Expertenblog f\u00fcr \u00c4u\u00dferungs-, Medien-, Marken-, Urheber- und Wettbewerbsrecht.\",\"publisher\":{\"@id\":\"https:\/\/www.hoecker.eu\/blog\/#organization\"},\"potentialAction\":[{\"@type\":\"SearchAction\",\"target\":{\"@type\":\"EntryPoint\",\"urlTemplate\":\"https:\/\/www.hoecker.eu\/blog\/?s={search_term_string}\"},\"query-input\":{\"@type\":\"PropertyValueSpecification\",\"valueRequired\":true,\"valueName\":\"search_term_string\"}}],\"inLanguage\":\"de\"},{\"@type\":\"Organization\",\"@id\":\"https:\/\/www.hoecker.eu\/blog\/#organization\",\"name\":\"H\u00d6CKER Rechtsanw\u00e4lte PartGmbB\",\"alternateName\":\"H\u00d6CKER\",\"url\":\"https:\/\/www.hoecker.eu\/blog\/\",\"logo\":{\"@type\":\"ImageObject\",\"inLanguage\":\"de\",\"@id\":\"https:\/\/www.hoecker.eu\/blog\/#\/schema\/logo\/image\/\",\"url\":\"https:\/\/www.hoecker.eu\/blog\/wp-content\/uploads\/2025\/03\/Blog-Logo.webp\",\"contentUrl\":\"https:\/\/www.hoecker.eu\/blog\/wp-content\/uploads\/2025\/03\/Blog-Logo.webp\",\"width\":500,\"height\":500,\"caption\":\"H\u00d6CKER Rechtsanw\u00e4lte PartGmbB\"},\"image\":{\"@id\":\"https:\/\/www.hoecker.eu\/blog\/#\/schema\/logo\/image\/\"},\"sameAs\":[\"https:\/\/www.facebook.com\/HoeckerRAe\/\",\"https:\/\/x.com\/hoecker_rae\",\"https:\/\/www.linkedin.com\/company\/hcker-rechtsanwlte\/\",\"https:\/\/www.instagram.com\/hoecker_rae\/\"],\"email\":\"contact@hoecker.eu\",\"telephone\":\"+ 49 (0)221-933 19-10\",\"legalName\":\"H\u00d6CKER Rechtsanw\u00e4lte PartGmbB\",\"numberOfEmployees\":{\"@type\":\"QuantitativeValue\",\"minValue\":\"11\",\"maxValue\":\"50\"}},{\"@type\":\"Person\",\"@id\":\"https:\/\/www.hoecker.eu\/blog\/#\/schema\/person\/08f95581eed0534eccd0b2438f7a1cab\",\"name\":\"Prof. Dr. Ralf H\u00f6cker\",\"description\":\"Medienanwalt. Besch\u00fctzer vor mieser Presse\",\"sameAs\":[\"https:\/\/www.hoecker.eu\/wer\/prof-dr-ralf-hoecker\",\"https:\/\/www.facebook.com\/ralf.hoecker\",\"https:\/\/www.linkedin.com\/in\/prof-dr-ralf-hcker-ll-m-london-17987826\/\",\"https:\/\/x.com\/Ralf_Hoecker\"],\"url\":\"https:\/\/www.hoecker.eu\/blog\/author\/hoecker_adm\/\"}]}<\/script>\n<!-- \/ Yoast SEO Premium plugin. -->","yoast_head_json":{"title":"OLG K\u00f6ln: Identifizierung von Sedlmayr-M\u00f6rder ist rechtswidrig. - H\u00d6CKER - der Blog","robots":{"index":"index","follow":"follow","max-snippet":"max-snippet:-1","max-image-preview":"max-image-preview:large","max-video-preview":"max-video-preview:-1"},"canonical":"https:\/\/www.hoecker.eu\/blog\/olg-koeln-identifizierung-von-sedlmayr-moerder-ist-rechtswidrig\/","og_locale":"de_DE","og_type":"article","og_title":"OLG K\u00f6ln: Identifizierung von Sedlmayr-M\u00f6rder ist rechtswidrig.","og_description":"Der Sedlmayr-Mord gilt als einer der spektakul\u00e4rsten Mordf\u00e4lle in der bundesdeutschen Kriminalgeschichte. Zwei M\u00e4nner, die dem Opfer nahe standen, wurden in einem Indizienprozess wegen Mordes verurteilt. Sie bestreiten jedoch bis zum heutigen Tag eine Beteiligung. In einem zivilrechtlichen Verfahren machte einer der Verurteilten Schadensersatzanspr\u00fcche im Zusammenhang mit dem damaligen Prozess geltend. Dies nahm die Bild-Zeitung [&hellip;]","og_url":"https:\/\/www.hoecker.eu\/blog\/olg-koeln-identifizierung-von-sedlmayr-moerder-ist-rechtswidrig\/","og_site_name":"H\u00d6CKER - der Blog","article_publisher":"https:\/\/www.facebook.com\/HoeckerRAe\/","article_author":"https:\/\/www.facebook.com\/ralf.hoecker","article_published_time":"2017-07-26T11:38:00+00:00","article_modified_time":"2025-02-17T13:56:51+00:00","author":"Prof. Dr. Ralf H\u00f6cker","twitter_card":"summary_large_image","twitter_creator":"@Ralf_Hoecker","twitter_site":"@hoecker_rae","twitter_misc":{"Verfasst von":"Prof. Dr. Ralf H\u00f6cker","Gesch\u00e4tzte Lesezeit":"2\u00a0Minuten"},"schema":{"@context":"https:\/\/schema.org","@graph":[{"@type":"Article","@id":"https:\/\/www.hoecker.eu\/blog\/olg-koeln-identifizierung-von-sedlmayr-moerder-ist-rechtswidrig\/#article","isPartOf":{"@id":"https:\/\/www.hoecker.eu\/blog\/olg-koeln-identifizierung-von-sedlmayr-moerder-ist-rechtswidrig\/"},"author":{"name":"Prof. Dr. Ralf H\u00f6cker","@id":"https:\/\/www.hoecker.eu\/blog\/#\/schema\/person\/08f95581eed0534eccd0b2438f7a1cab"},"headline":"OLG K\u00f6ln: Identifizierung von Sedlmayr-M\u00f6rder ist rechtswidrig.","datePublished":"2017-07-26T11:38:00+00:00","dateModified":"2025-02-17T13:56:51+00:00","mainEntityOfPage":{"@id":"https:\/\/www.hoecker.eu\/blog\/olg-koeln-identifizierung-von-sedlmayr-moerder-ist-rechtswidrig\/"},"wordCount":450,"publisher":{"@id":"https:\/\/www.hoecker.eu\/blog\/#organization"},"articleSection":["News"],"inLanguage":"de"},{"@type":"WebPage","@id":"https:\/\/www.hoecker.eu\/blog\/olg-koeln-identifizierung-von-sedlmayr-moerder-ist-rechtswidrig\/","url":"https:\/\/www.hoecker.eu\/blog\/olg-koeln-identifizierung-von-sedlmayr-moerder-ist-rechtswidrig\/","name":"OLG K\u00f6ln: Identifizierung von Sedlmayr-M\u00f6rder ist rechtswidrig. - H\u00d6CKER - der Blog","isPartOf":{"@id":"https:\/\/www.hoecker.eu\/blog\/#website"},"datePublished":"2017-07-26T11:38:00+00:00","dateModified":"2025-02-17T13:56:51+00:00","breadcrumb":{"@id":"https:\/\/www.hoecker.eu\/blog\/olg-koeln-identifizierung-von-sedlmayr-moerder-ist-rechtswidrig\/#breadcrumb"},"inLanguage":"de","potentialAction":[{"@type":"ReadAction","target":["https:\/\/www.hoecker.eu\/blog\/olg-koeln-identifizierung-von-sedlmayr-moerder-ist-rechtswidrig\/"]}]},{"@type":"BreadcrumbList","@id":"https:\/\/www.hoecker.eu\/blog\/olg-koeln-identifizierung-von-sedlmayr-moerder-ist-rechtswidrig\/#breadcrumb","itemListElement":[{"@type":"ListItem","position":1,"name":"Startseite","item":"https:\/\/dev.hoecker.eu\/blog\/"},{"@type":"ListItem","position":2,"name":"OLG K\u00f6ln: Identifizierung von Sedlmayr-M\u00f6rder ist rechtswidrig."}]},{"@type":"WebSite","@id":"https:\/\/www.hoecker.eu\/blog\/#website","url":"https:\/\/www.hoecker.eu\/blog\/","name":"H\u00d6CKER - der Blog","description":"Expertenblog f\u00fcr \u00c4u\u00dferungs-, Medien-, Marken-, Urheber- und Wettbewerbsrecht.","publisher":{"@id":"https:\/\/www.hoecker.eu\/blog\/#organization"},"potentialAction":[{"@type":"SearchAction","target":{"@type":"EntryPoint","urlTemplate":"https:\/\/www.hoecker.eu\/blog\/?s={search_term_string}"},"query-input":{"@type":"PropertyValueSpecification","valueRequired":true,"valueName":"search_term_string"}}],"inLanguage":"de"},{"@type":"Organization","@id":"https:\/\/www.hoecker.eu\/blog\/#organization","name":"H\u00d6CKER Rechtsanw\u00e4lte PartGmbB","alternateName":"H\u00d6CKER","url":"https:\/\/www.hoecker.eu\/blog\/","logo":{"@type":"ImageObject","inLanguage":"de","@id":"https:\/\/www.hoecker.eu\/blog\/#\/schema\/logo\/image\/","url":"https:\/\/www.hoecker.eu\/blog\/wp-content\/uploads\/2025\/03\/Blog-Logo.webp","contentUrl":"https:\/\/www.hoecker.eu\/blog\/wp-content\/uploads\/2025\/03\/Blog-Logo.webp","width":500,"height":500,"caption":"H\u00d6CKER Rechtsanw\u00e4lte PartGmbB"},"image":{"@id":"https:\/\/www.hoecker.eu\/blog\/#\/schema\/logo\/image\/"},"sameAs":["https:\/\/www.facebook.com\/HoeckerRAe\/","https:\/\/x.com\/hoecker_rae","https:\/\/www.linkedin.com\/company\/hcker-rechtsanwlte\/","https:\/\/www.instagram.com\/hoecker_rae\/"],"email":"contact@hoecker.eu","telephone":"+ 49 (0)221-933 19-10","legalName":"H\u00d6CKER Rechtsanw\u00e4lte PartGmbB","numberOfEmployees":{"@type":"QuantitativeValue","minValue":"11","maxValue":"50"}},{"@type":"Person","@id":"https:\/\/www.hoecker.eu\/blog\/#\/schema\/person\/08f95581eed0534eccd0b2438f7a1cab","name":"Prof. Dr. Ralf H\u00f6cker","description":"Medienanwalt. Besch\u00fctzer vor mieser Presse","sameAs":["https:\/\/www.hoecker.eu\/wer\/prof-dr-ralf-hoecker","https:\/\/www.facebook.com\/ralf.hoecker","https:\/\/www.linkedin.com\/in\/prof-dr-ralf-hcker-ll-m-london-17987826\/","https:\/\/x.com\/Ralf_Hoecker"],"url":"https:\/\/www.hoecker.eu\/blog\/author\/hoecker_adm\/"}]}},"authors":[{"term_id":84,"user_id":1,"is_guest":0,"slug":"hoecker_adm","display_name":"Prof. Dr. Ralf H\u00f6cker","avatar_url":{"url":"https:\/\/www.hoecker.eu\/blog\/wp-content\/uploads\/2023\/12\/ProfDrRalfHoecker.jpg","url2x":"https:\/\/www.hoecker.eu\/blog\/wp-content\/uploads\/2023\/12\/ProfDrRalfHoecker.jpg"},"0":null,"1":"","2":"","3":"","4":"","5":"","6":"","7":"","8":"","9":"","10":"","11":""}],"_links":{"self":[{"href":"https:\/\/www.hoecker.eu\/blog\/wp-json\/wp\/v2\/posts\/8362","targetHints":{"allow":["GET"]}}],"collection":[{"href":"https:\/\/www.hoecker.eu\/blog\/wp-json\/wp\/v2\/posts"}],"about":[{"href":"https:\/\/www.hoecker.eu\/blog\/wp-json\/wp\/v2\/types\/post"}],"author":[{"embeddable":true,"href":"https:\/\/www.hoecker.eu\/blog\/wp-json\/wp\/v2\/users\/1"}],"replies":[{"embeddable":true,"href":"https:\/\/www.hoecker.eu\/blog\/wp-json\/wp\/v2\/comments?post=8362"}],"version-history":[{"count":1,"href":"https:\/\/www.hoecker.eu\/blog\/wp-json\/wp\/v2\/posts\/8362\/revisions"}],"predecessor-version":[{"id":9485,"href":"https:\/\/www.hoecker.eu\/blog\/wp-json\/wp\/v2\/posts\/8362\/revisions\/9485"}],"wp:attachment":[{"href":"https:\/\/www.hoecker.eu\/blog\/wp-json\/wp\/v2\/media?parent=8362"}],"wp:term":[{"taxonomy":"category","embeddable":true,"href":"https:\/\/www.hoecker.eu\/blog\/wp-json\/wp\/v2\/categories?post=8362"},{"taxonomy":"post_tag","embeddable":true,"href":"https:\/\/www.hoecker.eu\/blog\/wp-json\/wp\/v2\/tags?post=8362"},{"taxonomy":"hashtags","embeddable":true,"href":"https:\/\/www.hoecker.eu\/blog\/wp-json\/wp\/v2\/hashtags?post=8362"},{"taxonomy":"author","embeddable":true,"href":"https:\/\/www.hoecker.eu\/blog\/wp-json\/wp\/v2\/ppma_author?post=8362"}],"curies":[{"name":"wp","href":"https:\/\/api.w.org\/{rel}","templated":true}]}}