{"id":8361,"date":"2017-07-26T13:39:23","date_gmt":"2017-07-26T11:39:23","guid":{"rendered":"https:\/\/www.hoecker.eu\/blog\/medien-haben-stellungnahmen-in-angemessenen-umfang-wiederzugeben-sueddeutsche-zeitung-erkennt-verbot-des-lg-koeln-an\/"},"modified":"2025-02-17T14:56:50","modified_gmt":"2025-02-17T13:56:50","slug":"medien-haben-stellungnahmen-in-angemessenen-umfang-wiederzugeben-sueddeutsche-zeitung-erkennt-verbot-des-lg-koeln-an","status":"publish","type":"post","link":"https:\/\/www.hoecker.eu\/blog\/medien-haben-stellungnahmen-in-angemessenen-umfang-wiederzugeben-sueddeutsche-zeitung-erkennt-verbot-des-lg-koeln-an\/","title":{"rendered":"Medien haben Stellungnahmen in angemessenen Umfang wiederzugeben. S\u00fcddeutsche Zeitung erkennt Verbot des LG K\u00f6ln an."},"content":{"rendered":"<p \"=\"\">Bei der Berichterstattung \u00fcber Vorw\u00fcrfe haben die Medien besondere Anforderungen einzuhalten: Die  Regeln \u00fcber eine sog. Verdachtsberichterstattung. Eine der zu beachtenden Voraussetzungen ist, dass  der Betroffene stets angeh\u00f6rt werden muss und dadurch die Gelegenheit zur Stellungnahme bekommt.<\/p>\n<p \"=\"\">Umstritten war bislang, in welchem Umfang die Journalisten dem Betroffenen den Sachverhalt mitteilen m\u00fcssen, auf den sie den Verdacht st\u00fctzen. Zudem war bislang nicht gekl\u00e4rt, wie eine f\u00fcr den Betroffenen abgegebene Stellungnahme im Artikel dargestellt werden muss.<\/p>\n<p \"=\"\">Das Landgericht K\u00f6ln hat diese Grundsatzfragen nun entschieden und ist dabei der Argumentation von H\u00d6CKER gefolgt. Das Gericht stellte fest, dass die S\u00fcddeutsche Zeitung die Anforderungen an eine ordnungsgem\u00e4\u00dfe Anfrage sowie an die Wiedergabe der abgegebenen Stellungnahme nicht erf\u00fcllt hatte, weil sie die Stellungnahme nur<br \/>\nverk\u00fcrzt und in Teilen sogar sinnentstellt wiedergegeben hatte. Dies f\u00fchrte dazu, dass der gesamte Artikel gerichtlich verboten wurde.<\/p>\n<p \"=\"\">In dem rechtskr\u00e4ftigen Urteil vom 21.06.2017 (Az: 28 O 357\/16) hat das Landgericht u.a. ausgef\u00fchrt:<\/p>\n<p style=\"margin-left: 20px;\"><em>\u201eHat der Betroffene &#8211; wie hier der Fall &#8211; eine substantiierte Stellungnahme zu den berichteten Vorw\u00fcrfen abgegeben, so muss diese zumindest in ihren wesentlichen Punkten in die Berichterstattung aufgenommen werden, da eine pauschale oder sinnentstellende zusammenfassende Wiedergabe die m\u00f6gliche \u00dcberzeugungskraft der Entgegnung entwerten k\u00f6nnte.&#8221;<\/em><\/p>\n<p><em>    <\/em><\/p>\n<p><em><\/em>Und weiter:<em><br \/><\/em><\/p>\n<p><em>    <\/em><\/p>\n<p style=\"margin-left: 20px;\"><em>&#8220;In Anbetracht der Tatsache, dass es Sinn und Zweck der M\u00f6glichkeit der Stellungnahme ist, den Standpunkt des Betroffenen zu den ihm gegen\u00fcber erhobenen Vorw\u00fcrfen in Erfahrung zu bringen, um dessen Position dem Rezipienten zu vermitteln, ist es zum einen erforderlich, dass dem Betroffenen substantiiert der Sachverhalt zur Stellungnahme vorgelegt wird, der den Verdacht begr\u00fcndet. Denn allein hierdurch wird der Betroffene in die Lage versetzt, im Einzelnen den vorgehaltenen Tatsachen und Argumenten zu entgegnen. Wenn er jedoch diese M\u00f6glichkeit nutzt und der Presse die seines Erachtens f\u00fcr ihn streitenden Argumente nennt, m\u00fcssen diese in einer dem Umfang des Artikels und der Bedeutung und Tragweite des Vorwurfs angemessenen Weise ber\u00fccksichtigt und zum Gegenstand der Berichterstattung gemacht werden (vgl. Hohmann, NJW 2009, 881 (882)). Denn Stellungnahmen oder Indizien, die von dem aufgestellten Verdacht entlasten, d\u00fcrfen nicht verschwiegen werden, sondern es ist ausgewogen sowohl \u00fcber die belastenden als auch \u00fcber die entlastenden Umst\u00e4nde zu berichten (vgl. Wagner in: M\u00fcnchener Kommentar zum BGB, \/.Auflage 2015, \u00a7 824 BGB, Rn. 53; Rinsche, AfP 2014, 1 (5)).\u201c<br \/><\/em><\/p>\n<p><em><\/em>Hieraus folgt:<\/p>\n<p style=\"margin-left: 20px;\">1. Vor der Ver\u00f6ffentlichung einer Berichterstattung muss dem      Betroffenen <strong><u>substantiiert<\/u><\/strong>      der Sachverhalt zur Stellungnahme vorgelegt werden.<\/p>\n<p style=\"margin-left: 20px;\">2. Hat      der Betroffene selbst oder durch seine (anwaltlichen) Vertreter eine      Stellungnahme abgegeben, muss diese zumindest in ihren wesentlichen      Punkten im Bericht wiedergegeben werden.<\/p>\n<p \"=\"\">Die S\u00fcddeutsche Zeitung hat dieses Verbot mittlerweile akzeptiert und gegen das Urteil keine Rechtsmittel eingelegt.<\/p>\n<p \"=\"\">Rechtsanwalt Dr. Julian Rodenbeck:<\/p>\n<p \"=\"\"><em>\u201eEinseitig dargestellte Vorw\u00fcrfe k\u00f6nnen gravierende Folgen f\u00fcr den Betroffenen haben. Die Entscheidung <em>sorgt f\u00fcr Klarheit zugunsten der Betroffenen<\/em>, da sie die  Medien verpflichtet, den Betroffenen substantiiert mit den Vorw\u00fcrfen zu konfrontieren und dessen Sichtweise angemessen zu ber\u00fccksichtigen.\u201c<\/em><\/p>\n","protected":false},"excerpt":{"rendered":"<p>Umstritten war bislang, in welchem Umfang die Journalisten dem Betroffenen den Sachverhalt mitteilen m\u00fcssen, auf den sie den Verdacht st\u00fctzen. Zudem war bislang nicht gekl\u00e4rt, wie eine f\u00fcr den Betroffenen abgegebene Stellungnahme im Artikel dargestellt werden muss. In dem rechtskr\u00e4ftigen Urteil vom 21.06.2017 (Az: 28 O 357\/16) hat das Landgericht u.a. ausgef\u00fchrt: \u201eHat der Betroffene [&hellip;]<\/p>\n","protected":false},"author":1,"featured_media":0,"comment_status":"closed","ping_status":"closed","sticky":false,"template":"","format":"standard","meta":{"_has_post_settings":[],"footnotes":""},"categories":[15],"tags":[],"hashtags":[],"ppma_author":[84],"class_list":["post-8361","post","type-post","status-publish","format-standard","hentry","category-news","author-hoecker_adm"],"yoast_head":"<!-- This site is optimized with the Yoast SEO Premium plugin v25.9 (Yoast SEO v27.0) - https:\/\/yoast.com\/product\/yoast-seo-premium-wordpress\/ -->\n<title>Medien haben Stellungnahmen in angemessenen Umfang wiederzugeben. S\u00fcddeutsche Zeitung erkennt Verbot des LG K\u00f6ln an. - H\u00d6CKER - der Blog<\/title>\n<meta name=\"robots\" content=\"index, follow, max-snippet:-1, max-image-preview:large, max-video-preview:-1\" \/>\n<link rel=\"canonical\" href=\"https:\/\/www.hoecker.eu\/blog\/medien-haben-stellungnahmen-in-angemessenen-umfang-wiederzugeben-sueddeutsche-zeitung-erkennt-verbot-des-lg-koeln-an\/\" \/>\n<meta property=\"og:locale\" content=\"de_DE\" \/>\n<meta property=\"og:type\" content=\"article\" \/>\n<meta property=\"og:title\" content=\"Medien haben Stellungnahmen in angemessenen Umfang wiederzugeben. S\u00fcddeutsche Zeitung erkennt Verbot des LG K\u00f6ln an.\" \/>\n<meta property=\"og:description\" content=\"Umstritten war bislang, in welchem Umfang die Journalisten dem Betroffenen den Sachverhalt mitteilen m\u00fcssen, auf den sie den Verdacht st\u00fctzen. Zudem war bislang nicht gekl\u00e4rt, wie eine f\u00fcr den Betroffenen abgegebene Stellungnahme im Artikel dargestellt werden muss. In dem rechtskr\u00e4ftigen Urteil vom 21.06.2017 (Az: 28 O 357\/16) hat das Landgericht u.a. ausgef\u00fchrt: \u201eHat der Betroffene [&hellip;]\" \/>\n<meta property=\"og:url\" content=\"https:\/\/www.hoecker.eu\/blog\/medien-haben-stellungnahmen-in-angemessenen-umfang-wiederzugeben-sueddeutsche-zeitung-erkennt-verbot-des-lg-koeln-an\/\" \/>\n<meta property=\"og:site_name\" content=\"H\u00d6CKER - der Blog\" \/>\n<meta property=\"article:publisher\" content=\"https:\/\/www.facebook.com\/HoeckerRAe\/\" \/>\n<meta property=\"article:author\" content=\"https:\/\/www.facebook.com\/ralf.hoecker\" \/>\n<meta property=\"article:published_time\" content=\"2017-07-26T11:39:23+00:00\" \/>\n<meta property=\"article:modified_time\" content=\"2025-02-17T13:56:50+00:00\" \/>\n<meta name=\"author\" content=\"Prof. Dr. Ralf H\u00f6cker\" \/>\n<meta name=\"twitter:card\" content=\"summary_large_image\" \/>\n<meta name=\"twitter:creator\" content=\"@Ralf_Hoecker\" \/>\n<meta name=\"twitter:site\" content=\"@hoecker_rae\" \/>\n<meta name=\"twitter:label1\" content=\"Verfasst von\" \/>\n\t<meta name=\"twitter:data1\" content=\"Prof. Dr. Ralf H\u00f6cker\" \/>\n\t<meta name=\"twitter:label2\" content=\"Gesch\u00e4tzte Lesezeit\" \/>\n\t<meta name=\"twitter:data2\" content=\"2\u00a0Minuten\" \/>\n<script type=\"application\/ld+json\" class=\"yoast-schema-graph\">{\"@context\":\"https:\/\/schema.org\",\"@graph\":[{\"@type\":\"Article\",\"@id\":\"https:\/\/www.hoecker.eu\/blog\/medien-haben-stellungnahmen-in-angemessenen-umfang-wiederzugeben-sueddeutsche-zeitung-erkennt-verbot-des-lg-koeln-an\/#article\",\"isPartOf\":{\"@id\":\"https:\/\/www.hoecker.eu\/blog\/medien-haben-stellungnahmen-in-angemessenen-umfang-wiederzugeben-sueddeutsche-zeitung-erkennt-verbot-des-lg-koeln-an\/\"},\"author\":{\"name\":\"Prof. Dr. Ralf H\u00f6cker\",\"@id\":\"https:\/\/www.hoecker.eu\/blog\/#\/schema\/person\/08f95581eed0534eccd0b2438f7a1cab\"},\"headline\":\"Medien haben Stellungnahmen in angemessenen Umfang wiederzugeben. S\u00fcddeutsche Zeitung erkennt Verbot des LG K\u00f6ln an.\",\"datePublished\":\"2017-07-26T11:39:23+00:00\",\"dateModified\":\"2025-02-17T13:56:50+00:00\",\"mainEntityOfPage\":{\"@id\":\"https:\/\/www.hoecker.eu\/blog\/medien-haben-stellungnahmen-in-angemessenen-umfang-wiederzugeben-sueddeutsche-zeitung-erkennt-verbot-des-lg-koeln-an\/\"},\"wordCount\":338,\"publisher\":{\"@id\":\"https:\/\/www.hoecker.eu\/blog\/#organization\"},\"articleSection\":[\"News\"],\"inLanguage\":\"de\"},{\"@type\":\"WebPage\",\"@id\":\"https:\/\/www.hoecker.eu\/blog\/medien-haben-stellungnahmen-in-angemessenen-umfang-wiederzugeben-sueddeutsche-zeitung-erkennt-verbot-des-lg-koeln-an\/\",\"url\":\"https:\/\/www.hoecker.eu\/blog\/medien-haben-stellungnahmen-in-angemessenen-umfang-wiederzugeben-sueddeutsche-zeitung-erkennt-verbot-des-lg-koeln-an\/\",\"name\":\"Medien haben Stellungnahmen in angemessenen Umfang wiederzugeben. S\u00fcddeutsche Zeitung erkennt Verbot des LG K\u00f6ln an. - H\u00d6CKER - der Blog\",\"isPartOf\":{\"@id\":\"https:\/\/www.hoecker.eu\/blog\/#website\"},\"datePublished\":\"2017-07-26T11:39:23+00:00\",\"dateModified\":\"2025-02-17T13:56:50+00:00\",\"breadcrumb\":{\"@id\":\"https:\/\/www.hoecker.eu\/blog\/medien-haben-stellungnahmen-in-angemessenen-umfang-wiederzugeben-sueddeutsche-zeitung-erkennt-verbot-des-lg-koeln-an\/#breadcrumb\"},\"inLanguage\":\"de\",\"potentialAction\":[{\"@type\":\"ReadAction\",\"target\":[\"https:\/\/www.hoecker.eu\/blog\/medien-haben-stellungnahmen-in-angemessenen-umfang-wiederzugeben-sueddeutsche-zeitung-erkennt-verbot-des-lg-koeln-an\/\"]}]},{\"@type\":\"BreadcrumbList\",\"@id\":\"https:\/\/www.hoecker.eu\/blog\/medien-haben-stellungnahmen-in-angemessenen-umfang-wiederzugeben-sueddeutsche-zeitung-erkennt-verbot-des-lg-koeln-an\/#breadcrumb\",\"itemListElement\":[{\"@type\":\"ListItem\",\"position\":1,\"name\":\"Startseite\",\"item\":\"https:\/\/dev.hoecker.eu\/blog\/\"},{\"@type\":\"ListItem\",\"position\":2,\"name\":\"Medien haben Stellungnahmen in angemessenen Umfang wiederzugeben. S\u00fcddeutsche Zeitung erkennt Verbot des LG K\u00f6ln an.\"}]},{\"@type\":\"WebSite\",\"@id\":\"https:\/\/www.hoecker.eu\/blog\/#website\",\"url\":\"https:\/\/www.hoecker.eu\/blog\/\",\"name\":\"H\u00d6CKER - der Blog\",\"description\":\"Expertenblog f\u00fcr \u00c4u\u00dferungs-, Medien-, Marken-, Urheber- und Wettbewerbsrecht.\",\"publisher\":{\"@id\":\"https:\/\/www.hoecker.eu\/blog\/#organization\"},\"potentialAction\":[{\"@type\":\"SearchAction\",\"target\":{\"@type\":\"EntryPoint\",\"urlTemplate\":\"https:\/\/www.hoecker.eu\/blog\/?s={search_term_string}\"},\"query-input\":{\"@type\":\"PropertyValueSpecification\",\"valueRequired\":true,\"valueName\":\"search_term_string\"}}],\"inLanguage\":\"de\"},{\"@type\":\"Organization\",\"@id\":\"https:\/\/www.hoecker.eu\/blog\/#organization\",\"name\":\"H\u00d6CKER Rechtsanw\u00e4lte PartGmbB\",\"alternateName\":\"H\u00d6CKER\",\"url\":\"https:\/\/www.hoecker.eu\/blog\/\",\"logo\":{\"@type\":\"ImageObject\",\"inLanguage\":\"de\",\"@id\":\"https:\/\/www.hoecker.eu\/blog\/#\/schema\/logo\/image\/\",\"url\":\"https:\/\/www.hoecker.eu\/blog\/wp-content\/uploads\/2025\/03\/Blog-Logo.webp\",\"contentUrl\":\"https:\/\/www.hoecker.eu\/blog\/wp-content\/uploads\/2025\/03\/Blog-Logo.webp\",\"width\":500,\"height\":500,\"caption\":\"H\u00d6CKER Rechtsanw\u00e4lte PartGmbB\"},\"image\":{\"@id\":\"https:\/\/www.hoecker.eu\/blog\/#\/schema\/logo\/image\/\"},\"sameAs\":[\"https:\/\/www.facebook.com\/HoeckerRAe\/\",\"https:\/\/x.com\/hoecker_rae\",\"https:\/\/www.linkedin.com\/company\/hcker-rechtsanwlte\/\",\"https:\/\/www.instagram.com\/hoecker_rae\/\"],\"email\":\"contact@hoecker.eu\",\"telephone\":\"+ 49 (0)221-933 19-10\",\"legalName\":\"H\u00d6CKER Rechtsanw\u00e4lte PartGmbB\",\"numberOfEmployees\":{\"@type\":\"QuantitativeValue\",\"minValue\":\"11\",\"maxValue\":\"50\"}},{\"@type\":\"Person\",\"@id\":\"https:\/\/www.hoecker.eu\/blog\/#\/schema\/person\/08f95581eed0534eccd0b2438f7a1cab\",\"name\":\"Prof. Dr. Ralf H\u00f6cker\",\"description\":\"Medienanwalt. Besch\u00fctzer vor mieser Presse\",\"sameAs\":[\"https:\/\/www.hoecker.eu\/wer\/prof-dr-ralf-hoecker\",\"https:\/\/www.facebook.com\/ralf.hoecker\",\"https:\/\/www.linkedin.com\/in\/prof-dr-ralf-hcker-ll-m-london-17987826\/\",\"https:\/\/x.com\/Ralf_Hoecker\"],\"url\":\"https:\/\/www.hoecker.eu\/blog\/author\/hoecker_adm\/\"}]}<\/script>\n<!-- \/ Yoast SEO Premium plugin. -->","yoast_head_json":{"title":"Medien haben Stellungnahmen in angemessenen Umfang wiederzugeben. S\u00fcddeutsche Zeitung erkennt Verbot des LG K\u00f6ln an. - H\u00d6CKER - der Blog","robots":{"index":"index","follow":"follow","max-snippet":"max-snippet:-1","max-image-preview":"max-image-preview:large","max-video-preview":"max-video-preview:-1"},"canonical":"https:\/\/www.hoecker.eu\/blog\/medien-haben-stellungnahmen-in-angemessenen-umfang-wiederzugeben-sueddeutsche-zeitung-erkennt-verbot-des-lg-koeln-an\/","og_locale":"de_DE","og_type":"article","og_title":"Medien haben Stellungnahmen in angemessenen Umfang wiederzugeben. S\u00fcddeutsche Zeitung erkennt Verbot des LG K\u00f6ln an.","og_description":"Umstritten war bislang, in welchem Umfang die Journalisten dem Betroffenen den Sachverhalt mitteilen m\u00fcssen, auf den sie den Verdacht st\u00fctzen. Zudem war bislang nicht gekl\u00e4rt, wie eine f\u00fcr den Betroffenen abgegebene Stellungnahme im Artikel dargestellt werden muss. In dem rechtskr\u00e4ftigen Urteil vom 21.06.2017 (Az: 28 O 357\/16) hat das Landgericht u.a. ausgef\u00fchrt: \u201eHat der Betroffene [&hellip;]","og_url":"https:\/\/www.hoecker.eu\/blog\/medien-haben-stellungnahmen-in-angemessenen-umfang-wiederzugeben-sueddeutsche-zeitung-erkennt-verbot-des-lg-koeln-an\/","og_site_name":"H\u00d6CKER - der Blog","article_publisher":"https:\/\/www.facebook.com\/HoeckerRAe\/","article_author":"https:\/\/www.facebook.com\/ralf.hoecker","article_published_time":"2017-07-26T11:39:23+00:00","article_modified_time":"2025-02-17T13:56:50+00:00","author":"Prof. Dr. Ralf H\u00f6cker","twitter_card":"summary_large_image","twitter_creator":"@Ralf_Hoecker","twitter_site":"@hoecker_rae","twitter_misc":{"Verfasst von":"Prof. Dr. Ralf H\u00f6cker","Gesch\u00e4tzte Lesezeit":"2\u00a0Minuten"},"schema":{"@context":"https:\/\/schema.org","@graph":[{"@type":"Article","@id":"https:\/\/www.hoecker.eu\/blog\/medien-haben-stellungnahmen-in-angemessenen-umfang-wiederzugeben-sueddeutsche-zeitung-erkennt-verbot-des-lg-koeln-an\/#article","isPartOf":{"@id":"https:\/\/www.hoecker.eu\/blog\/medien-haben-stellungnahmen-in-angemessenen-umfang-wiederzugeben-sueddeutsche-zeitung-erkennt-verbot-des-lg-koeln-an\/"},"author":{"name":"Prof. Dr. Ralf H\u00f6cker","@id":"https:\/\/www.hoecker.eu\/blog\/#\/schema\/person\/08f95581eed0534eccd0b2438f7a1cab"},"headline":"Medien haben Stellungnahmen in angemessenen Umfang wiederzugeben. S\u00fcddeutsche Zeitung erkennt Verbot des LG K\u00f6ln an.","datePublished":"2017-07-26T11:39:23+00:00","dateModified":"2025-02-17T13:56:50+00:00","mainEntityOfPage":{"@id":"https:\/\/www.hoecker.eu\/blog\/medien-haben-stellungnahmen-in-angemessenen-umfang-wiederzugeben-sueddeutsche-zeitung-erkennt-verbot-des-lg-koeln-an\/"},"wordCount":338,"publisher":{"@id":"https:\/\/www.hoecker.eu\/blog\/#organization"},"articleSection":["News"],"inLanguage":"de"},{"@type":"WebPage","@id":"https:\/\/www.hoecker.eu\/blog\/medien-haben-stellungnahmen-in-angemessenen-umfang-wiederzugeben-sueddeutsche-zeitung-erkennt-verbot-des-lg-koeln-an\/","url":"https:\/\/www.hoecker.eu\/blog\/medien-haben-stellungnahmen-in-angemessenen-umfang-wiederzugeben-sueddeutsche-zeitung-erkennt-verbot-des-lg-koeln-an\/","name":"Medien haben Stellungnahmen in angemessenen Umfang wiederzugeben. S\u00fcddeutsche Zeitung erkennt Verbot des LG K\u00f6ln an. - H\u00d6CKER - der Blog","isPartOf":{"@id":"https:\/\/www.hoecker.eu\/blog\/#website"},"datePublished":"2017-07-26T11:39:23+00:00","dateModified":"2025-02-17T13:56:50+00:00","breadcrumb":{"@id":"https:\/\/www.hoecker.eu\/blog\/medien-haben-stellungnahmen-in-angemessenen-umfang-wiederzugeben-sueddeutsche-zeitung-erkennt-verbot-des-lg-koeln-an\/#breadcrumb"},"inLanguage":"de","potentialAction":[{"@type":"ReadAction","target":["https:\/\/www.hoecker.eu\/blog\/medien-haben-stellungnahmen-in-angemessenen-umfang-wiederzugeben-sueddeutsche-zeitung-erkennt-verbot-des-lg-koeln-an\/"]}]},{"@type":"BreadcrumbList","@id":"https:\/\/www.hoecker.eu\/blog\/medien-haben-stellungnahmen-in-angemessenen-umfang-wiederzugeben-sueddeutsche-zeitung-erkennt-verbot-des-lg-koeln-an\/#breadcrumb","itemListElement":[{"@type":"ListItem","position":1,"name":"Startseite","item":"https:\/\/dev.hoecker.eu\/blog\/"},{"@type":"ListItem","position":2,"name":"Medien haben Stellungnahmen in angemessenen Umfang wiederzugeben. S\u00fcddeutsche Zeitung erkennt Verbot des LG K\u00f6ln an."}]},{"@type":"WebSite","@id":"https:\/\/www.hoecker.eu\/blog\/#website","url":"https:\/\/www.hoecker.eu\/blog\/","name":"H\u00d6CKER - der Blog","description":"Expertenblog f\u00fcr \u00c4u\u00dferungs-, Medien-, Marken-, Urheber- und Wettbewerbsrecht.","publisher":{"@id":"https:\/\/www.hoecker.eu\/blog\/#organization"},"potentialAction":[{"@type":"SearchAction","target":{"@type":"EntryPoint","urlTemplate":"https:\/\/www.hoecker.eu\/blog\/?s={search_term_string}"},"query-input":{"@type":"PropertyValueSpecification","valueRequired":true,"valueName":"search_term_string"}}],"inLanguage":"de"},{"@type":"Organization","@id":"https:\/\/www.hoecker.eu\/blog\/#organization","name":"H\u00d6CKER Rechtsanw\u00e4lte PartGmbB","alternateName":"H\u00d6CKER","url":"https:\/\/www.hoecker.eu\/blog\/","logo":{"@type":"ImageObject","inLanguage":"de","@id":"https:\/\/www.hoecker.eu\/blog\/#\/schema\/logo\/image\/","url":"https:\/\/www.hoecker.eu\/blog\/wp-content\/uploads\/2025\/03\/Blog-Logo.webp","contentUrl":"https:\/\/www.hoecker.eu\/blog\/wp-content\/uploads\/2025\/03\/Blog-Logo.webp","width":500,"height":500,"caption":"H\u00d6CKER Rechtsanw\u00e4lte PartGmbB"},"image":{"@id":"https:\/\/www.hoecker.eu\/blog\/#\/schema\/logo\/image\/"},"sameAs":["https:\/\/www.facebook.com\/HoeckerRAe\/","https:\/\/x.com\/hoecker_rae","https:\/\/www.linkedin.com\/company\/hcker-rechtsanwlte\/","https:\/\/www.instagram.com\/hoecker_rae\/"],"email":"contact@hoecker.eu","telephone":"+ 49 (0)221-933 19-10","legalName":"H\u00d6CKER Rechtsanw\u00e4lte PartGmbB","numberOfEmployees":{"@type":"QuantitativeValue","minValue":"11","maxValue":"50"}},{"@type":"Person","@id":"https:\/\/www.hoecker.eu\/blog\/#\/schema\/person\/08f95581eed0534eccd0b2438f7a1cab","name":"Prof. Dr. Ralf H\u00f6cker","description":"Medienanwalt. Besch\u00fctzer vor mieser Presse","sameAs":["https:\/\/www.hoecker.eu\/wer\/prof-dr-ralf-hoecker","https:\/\/www.facebook.com\/ralf.hoecker","https:\/\/www.linkedin.com\/in\/prof-dr-ralf-hcker-ll-m-london-17987826\/","https:\/\/x.com\/Ralf_Hoecker"],"url":"https:\/\/www.hoecker.eu\/blog\/author\/hoecker_adm\/"}]}},"authors":[{"term_id":84,"user_id":1,"is_guest":0,"slug":"hoecker_adm","display_name":"Prof. Dr. Ralf H\u00f6cker","avatar_url":{"url":"https:\/\/www.hoecker.eu\/blog\/wp-content\/uploads\/2023\/12\/ProfDrRalfHoecker.jpg","url2x":"https:\/\/www.hoecker.eu\/blog\/wp-content\/uploads\/2023\/12\/ProfDrRalfHoecker.jpg"},"0":null,"1":"","2":"","3":"","4":"","5":"","6":"","7":"","8":"","9":"","10":"","11":""}],"_links":{"self":[{"href":"https:\/\/www.hoecker.eu\/blog\/wp-json\/wp\/v2\/posts\/8361","targetHints":{"allow":["GET"]}}],"collection":[{"href":"https:\/\/www.hoecker.eu\/blog\/wp-json\/wp\/v2\/posts"}],"about":[{"href":"https:\/\/www.hoecker.eu\/blog\/wp-json\/wp\/v2\/types\/post"}],"author":[{"embeddable":true,"href":"https:\/\/www.hoecker.eu\/blog\/wp-json\/wp\/v2\/users\/1"}],"replies":[{"embeddable":true,"href":"https:\/\/www.hoecker.eu\/blog\/wp-json\/wp\/v2\/comments?post=8361"}],"version-history":[{"count":1,"href":"https:\/\/www.hoecker.eu\/blog\/wp-json\/wp\/v2\/posts\/8361\/revisions"}],"predecessor-version":[{"id":9483,"href":"https:\/\/www.hoecker.eu\/blog\/wp-json\/wp\/v2\/posts\/8361\/revisions\/9483"}],"wp:attachment":[{"href":"https:\/\/www.hoecker.eu\/blog\/wp-json\/wp\/v2\/media?parent=8361"}],"wp:term":[{"taxonomy":"category","embeddable":true,"href":"https:\/\/www.hoecker.eu\/blog\/wp-json\/wp\/v2\/categories?post=8361"},{"taxonomy":"post_tag","embeddable":true,"href":"https:\/\/www.hoecker.eu\/blog\/wp-json\/wp\/v2\/tags?post=8361"},{"taxonomy":"hashtags","embeddable":true,"href":"https:\/\/www.hoecker.eu\/blog\/wp-json\/wp\/v2\/hashtags?post=8361"},{"taxonomy":"author","embeddable":true,"href":"https:\/\/www.hoecker.eu\/blog\/wp-json\/wp\/v2\/ppma_author?post=8361"}],"curies":[{"name":"wp","href":"https:\/\/api.w.org\/{rel}","templated":true}]}}