{"id":8360,"date":"2017-07-26T13:39:48","date_gmt":"2017-07-26T11:39:48","guid":{"rendered":"https:\/\/www.hoecker.eu\/blog\/lg-duesseldorf-westdeutsche-zeitung-wz-muss-fotojournalisten-mehr-als-50-000-euro-nachzahlen\/"},"modified":"2025-02-17T14:56:49","modified_gmt":"2025-02-17T13:56:49","slug":"lg-duesseldorf-westdeutsche-zeitung-wz-muss-fotojournalisten-mehr-als-50-000-euro-nachzahlen","status":"publish","type":"post","link":"https:\/\/www.hoecker.eu\/blog\/lg-duesseldorf-westdeutsche-zeitung-wz-muss-fotojournalisten-mehr-als-50-000-euro-nachzahlen\/","title":{"rendered":"LG D\u00fcsseldorf: Westdeutsche Zeitung (WZ) muss Fotojournalisten mehr als 50.000 Euro nachzahlen"},"content":{"rendered":"<p \"=\"\">F\u00fcr die Ver\u00f6ffentlichung von Fotos in einer Lokalausgabe der Westdeutschen Zeitung (Auflage: ca. 44.000) hatte ein Bildjournalist jeweils 20 Euro erhalten. Dieser Betrag war jedoch unangemessen niedrig. Vielmehr h\u00e4tte  das Honorar anhand der  S\u00e4tze der Gemeinsamen Verg\u00fctungsregeln f\u00fcr freie hauptberufliche Journalistinnen und Journalisten an Tageszeitungen (GVR Tageszeitungen) berechnet werden m\u00fcssen. Abh\u00e4ngig von der Abdruckgr\u00f6\u00dfe des jeweiligen Bildes bedeutet dies einen  Betrag zwischen 28-40 Euro.<\/p>\n<p \"=\"\">Nachdem die Zeitung den Nachforderungsanspruch abgelehnt hatte, klagte der Journalist. Das Landgericht D\u00fcsseldorf hat daraufhin entschieden (Urt. v. 26.07.2017, Az: 12 O<br \/>\n258\/16, n.rkr.), dass der Fotograf in den<br \/>\nJahren 2013 und 2014 nicht angemessen verg\u00fctet worden war und verurteilte die Westdeutsche Zeitung zu einer Nachzahlung von insgesamt mehr als 50.000 Euro.<\/p>\n<p \"=\"\">Darin enthalten ist auch die Verg\u00fctung f\u00fcr den Abdruck von Archivbildern. Zwar war die Mehrfachnutzung von Bildern vertraglich vereinbart, wurde aber von dem Verlag nicht gesondert verg\u00fctet. Nach Ansicht des Gerichts steht dem Fotografen f\u00fcr die Verwendung von Archivbildern eine Verg\u00fctung in H\u00f6he von 50% der angemessenen Erstver\u00f6ffentlichungsverg\u00fctung zu. Au\u00dferdem sprach das Gericht dem Kl\u00e4ger einen Schadensersatzanspruch in H\u00f6he eines Aufschlages von 100% zu, da sein Name beim Abdruck von Archivbildern nicht genannt worden war.<\/p>\n<p \"=\"\">S\u00e4mtliche Einw\u00e4nde der Gegenseite wies das Gericht zur\u00fcck. Weder habe die Beklagte die Hauptberuflichkeit des Kl\u00e4gers widerlegen k\u00f6nnen, noch k\u00f6nne sie einwenden, dass eine von ihr selbst verwendete vertragliche Klausel, die den Umfang der Nutzungsrechte betraf, unwirksam sei. Auch den erhobenen Kartellrechtseinwand lie\u00df das Gericht nicht gelten. Ausdr\u00fccklich hei\u00dft es in der Entscheidung, dass die Frage, ob die GVR Tageszeitungen gegen europ\u00e4isches Kartellrecht verstie\u00dfen, keiner Entscheidung bed\u00fcrfe, da die GVR jedenfalls als Orientierungshilfe f\u00fcr die Sch\u00e4tzung des Gerichts herangezogen werden k\u00f6nnten. Dar\u00fcber hinaus sah die Kammer aber auch keine EU-Kartellrechtswidrigkeit, da ein rein innerstaatlicher Sachverhalt vorliege und der Verlag nicht zu der Voraussetzung einer sp\u00fcrbaren Handelsbeeintr\u00e4chtigung vorgetragen habe. Gegen die Entscheidung kann noch Berufung eingelegt werden.<\/p>\n<p \"=\"\">Rechtsanw\u00e4ltin Dr. Frauke Schmid-Petersen:<\/p>\n<p \"=\"\">\u201e<i>Unser Mandant erh\u00e4lt die von ihm geforderte Nachverg\u00fctung zurecht in voller H\u00f6he. Das hat das Gericht mit erfreulicher Deutlichkeit festgestellt. Au\u00dferdem verfestigt sich mit dem Urteil die Rechtsprechung zur Frage der Vereinbarkeit der Gemeinsamen Verg\u00fctungsregeln mit dem EU-Kartellrecht. Dass die Verlage die von ihnen selbst verhandelten Verg\u00fctungsregeln mit diesem Argument nicht kippen k\u00f6nnen, ist ein gutes Signal auch f\u00fcr weitere anh\u00e4ngige Verfahren.\u201c<\/i><\/p>\n<p \"=\"\">Weitere Verfahren mit Anspr\u00fcchen auf Nachzahlungen f\u00fcr Journalisten sind derzeit an den Oberlandesgerichten D\u00fcsseldorf und K\u00f6ln sowie am Landgericht Bochum anh\u00e4ngig.<\/p>\n","protected":false},"excerpt":{"rendered":"<p>Nachdem die Zeitung den Nachforderungsanspruch abgelehnt hatte, klagte der Journalist. Das Landgericht D\u00fcsseldorf hat daraufhin entschieden (Urt. v. 26.07.2017, Az: 12 O 258\/16, n.rkr.), dass der Fotograf in den Jahren 2013 und 2014 nicht angemessen verg\u00fctet worden war und verurteilte die Westdeutsche Zeitung zu einer Nachzahlung von insgesamt mehr als 50.000 Euro. S\u00e4mtliche Einw\u00e4nde der [&hellip;]<\/p>\n","protected":false},"author":1,"featured_media":0,"comment_status":"closed","ping_status":"closed","sticky":false,"template":"","format":"standard","meta":{"_has_post_settings":[],"footnotes":""},"categories":[15],"tags":[],"hashtags":[],"ppma_author":[84],"class_list":["post-8360","post","type-post","status-publish","format-standard","hentry","category-news","author-hoecker_adm"],"yoast_head":"<!-- This site is optimized with the Yoast SEO Premium plugin v25.9 (Yoast SEO v27.0) - https:\/\/yoast.com\/product\/yoast-seo-premium-wordpress\/ -->\n<title>LG D\u00fcsseldorf: Westdeutsche Zeitung (WZ) muss Fotojournalisten mehr als 50.000 Euro nachzahlen - H\u00d6CKER - der Blog<\/title>\n<meta name=\"robots\" content=\"index, follow, max-snippet:-1, max-image-preview:large, max-video-preview:-1\" \/>\n<link rel=\"canonical\" href=\"https:\/\/www.hoecker.eu\/blog\/lg-duesseldorf-westdeutsche-zeitung-wz-muss-fotojournalisten-mehr-als-50-000-euro-nachzahlen\/\" \/>\n<meta property=\"og:locale\" content=\"de_DE\" \/>\n<meta property=\"og:type\" content=\"article\" \/>\n<meta property=\"og:title\" content=\"LG D\u00fcsseldorf: Westdeutsche Zeitung (WZ) muss Fotojournalisten mehr als 50.000 Euro nachzahlen\" \/>\n<meta property=\"og:description\" content=\"Nachdem die Zeitung den Nachforderungsanspruch abgelehnt hatte, klagte der Journalist. Das Landgericht D\u00fcsseldorf hat daraufhin entschieden (Urt. v. 26.07.2017, Az: 12 O 258\/16, n.rkr.), dass der Fotograf in den Jahren 2013 und 2014 nicht angemessen verg\u00fctet worden war und verurteilte die Westdeutsche Zeitung zu einer Nachzahlung von insgesamt mehr als 50.000 Euro. S\u00e4mtliche Einw\u00e4nde der [&hellip;]\" \/>\n<meta property=\"og:url\" content=\"https:\/\/www.hoecker.eu\/blog\/lg-duesseldorf-westdeutsche-zeitung-wz-muss-fotojournalisten-mehr-als-50-000-euro-nachzahlen\/\" \/>\n<meta property=\"og:site_name\" content=\"H\u00d6CKER - der Blog\" \/>\n<meta property=\"article:publisher\" content=\"https:\/\/www.facebook.com\/HoeckerRAe\/\" \/>\n<meta property=\"article:author\" content=\"https:\/\/www.facebook.com\/ralf.hoecker\" \/>\n<meta property=\"article:published_time\" content=\"2017-07-26T11:39:48+00:00\" \/>\n<meta property=\"article:modified_time\" content=\"2025-02-17T13:56:49+00:00\" \/>\n<meta name=\"author\" content=\"Prof. Dr. Ralf H\u00f6cker\" \/>\n<meta name=\"twitter:card\" content=\"summary_large_image\" \/>\n<meta name=\"twitter:creator\" content=\"@Ralf_Hoecker\" \/>\n<meta name=\"twitter:site\" content=\"@hoecker_rae\" \/>\n<meta name=\"twitter:label1\" content=\"Verfasst von\" \/>\n\t<meta name=\"twitter:data1\" content=\"Prof. Dr. Ralf H\u00f6cker\" \/>\n\t<meta name=\"twitter:label2\" content=\"Gesch\u00e4tzte Lesezeit\" \/>\n\t<meta name=\"twitter:data2\" content=\"1\u00a0Minute\" \/>\n<script type=\"application\/ld+json\" class=\"yoast-schema-graph\">{\"@context\":\"https:\/\/schema.org\",\"@graph\":[{\"@type\":\"Article\",\"@id\":\"https:\/\/www.hoecker.eu\/blog\/lg-duesseldorf-westdeutsche-zeitung-wz-muss-fotojournalisten-mehr-als-50-000-euro-nachzahlen\/#article\",\"isPartOf\":{\"@id\":\"https:\/\/www.hoecker.eu\/blog\/lg-duesseldorf-westdeutsche-zeitung-wz-muss-fotojournalisten-mehr-als-50-000-euro-nachzahlen\/\"},\"author\":{\"name\":\"Prof. Dr. Ralf H\u00f6cker\",\"@id\":\"https:\/\/www.hoecker.eu\/blog\/#\/schema\/person\/08f95581eed0534eccd0b2438f7a1cab\"},\"headline\":\"LG D\u00fcsseldorf: Westdeutsche Zeitung (WZ) muss Fotojournalisten mehr als 50.000 Euro nachzahlen\",\"datePublished\":\"2017-07-26T11:39:48+00:00\",\"dateModified\":\"2025-02-17T13:56:49+00:00\",\"mainEntityOfPage\":{\"@id\":\"https:\/\/www.hoecker.eu\/blog\/lg-duesseldorf-westdeutsche-zeitung-wz-muss-fotojournalisten-mehr-als-50-000-euro-nachzahlen\/\"},\"wordCount\":265,\"publisher\":{\"@id\":\"https:\/\/www.hoecker.eu\/blog\/#organization\"},\"articleSection\":[\"News\"],\"inLanguage\":\"de\"},{\"@type\":\"WebPage\",\"@id\":\"https:\/\/www.hoecker.eu\/blog\/lg-duesseldorf-westdeutsche-zeitung-wz-muss-fotojournalisten-mehr-als-50-000-euro-nachzahlen\/\",\"url\":\"https:\/\/www.hoecker.eu\/blog\/lg-duesseldorf-westdeutsche-zeitung-wz-muss-fotojournalisten-mehr-als-50-000-euro-nachzahlen\/\",\"name\":\"LG D\u00fcsseldorf: Westdeutsche Zeitung (WZ) muss Fotojournalisten mehr als 50.000 Euro nachzahlen - H\u00d6CKER - der Blog\",\"isPartOf\":{\"@id\":\"https:\/\/www.hoecker.eu\/blog\/#website\"},\"datePublished\":\"2017-07-26T11:39:48+00:00\",\"dateModified\":\"2025-02-17T13:56:49+00:00\",\"breadcrumb\":{\"@id\":\"https:\/\/www.hoecker.eu\/blog\/lg-duesseldorf-westdeutsche-zeitung-wz-muss-fotojournalisten-mehr-als-50-000-euro-nachzahlen\/#breadcrumb\"},\"inLanguage\":\"de\",\"potentialAction\":[{\"@type\":\"ReadAction\",\"target\":[\"https:\/\/www.hoecker.eu\/blog\/lg-duesseldorf-westdeutsche-zeitung-wz-muss-fotojournalisten-mehr-als-50-000-euro-nachzahlen\/\"]}]},{\"@type\":\"BreadcrumbList\",\"@id\":\"https:\/\/www.hoecker.eu\/blog\/lg-duesseldorf-westdeutsche-zeitung-wz-muss-fotojournalisten-mehr-als-50-000-euro-nachzahlen\/#breadcrumb\",\"itemListElement\":[{\"@type\":\"ListItem\",\"position\":1,\"name\":\"Startseite\",\"item\":\"https:\/\/dev.hoecker.eu\/blog\/\"},{\"@type\":\"ListItem\",\"position\":2,\"name\":\"LG D\u00fcsseldorf: Westdeutsche Zeitung (WZ) muss Fotojournalisten mehr als 50.000 Euro nachzahlen\"}]},{\"@type\":\"WebSite\",\"@id\":\"https:\/\/www.hoecker.eu\/blog\/#website\",\"url\":\"https:\/\/www.hoecker.eu\/blog\/\",\"name\":\"H\u00d6CKER - der Blog\",\"description\":\"Expertenblog f\u00fcr \u00c4u\u00dferungs-, Medien-, Marken-, Urheber- und Wettbewerbsrecht.\",\"publisher\":{\"@id\":\"https:\/\/www.hoecker.eu\/blog\/#organization\"},\"potentialAction\":[{\"@type\":\"SearchAction\",\"target\":{\"@type\":\"EntryPoint\",\"urlTemplate\":\"https:\/\/www.hoecker.eu\/blog\/?s={search_term_string}\"},\"query-input\":{\"@type\":\"PropertyValueSpecification\",\"valueRequired\":true,\"valueName\":\"search_term_string\"}}],\"inLanguage\":\"de\"},{\"@type\":\"Organization\",\"@id\":\"https:\/\/www.hoecker.eu\/blog\/#organization\",\"name\":\"H\u00d6CKER Rechtsanw\u00e4lte PartGmbB\",\"alternateName\":\"H\u00d6CKER\",\"url\":\"https:\/\/www.hoecker.eu\/blog\/\",\"logo\":{\"@type\":\"ImageObject\",\"inLanguage\":\"de\",\"@id\":\"https:\/\/www.hoecker.eu\/blog\/#\/schema\/logo\/image\/\",\"url\":\"https:\/\/www.hoecker.eu\/blog\/wp-content\/uploads\/2025\/03\/Blog-Logo.webp\",\"contentUrl\":\"https:\/\/www.hoecker.eu\/blog\/wp-content\/uploads\/2025\/03\/Blog-Logo.webp\",\"width\":500,\"height\":500,\"caption\":\"H\u00d6CKER Rechtsanw\u00e4lte PartGmbB\"},\"image\":{\"@id\":\"https:\/\/www.hoecker.eu\/blog\/#\/schema\/logo\/image\/\"},\"sameAs\":[\"https:\/\/www.facebook.com\/HoeckerRAe\/\",\"https:\/\/x.com\/hoecker_rae\",\"https:\/\/www.linkedin.com\/company\/hcker-rechtsanwlte\/\",\"https:\/\/www.instagram.com\/hoecker_rae\/\"],\"email\":\"contact@hoecker.eu\",\"telephone\":\"+ 49 (0)221-933 19-10\",\"legalName\":\"H\u00d6CKER Rechtsanw\u00e4lte PartGmbB\",\"numberOfEmployees\":{\"@type\":\"QuantitativeValue\",\"minValue\":\"11\",\"maxValue\":\"50\"}},{\"@type\":\"Person\",\"@id\":\"https:\/\/www.hoecker.eu\/blog\/#\/schema\/person\/08f95581eed0534eccd0b2438f7a1cab\",\"name\":\"Prof. Dr. Ralf H\u00f6cker\",\"description\":\"Medienanwalt. Besch\u00fctzer vor mieser Presse\",\"sameAs\":[\"https:\/\/www.hoecker.eu\/wer\/prof-dr-ralf-hoecker\",\"https:\/\/www.facebook.com\/ralf.hoecker\",\"https:\/\/www.linkedin.com\/in\/prof-dr-ralf-hcker-ll-m-london-17987826\/\",\"https:\/\/x.com\/Ralf_Hoecker\"],\"url\":\"https:\/\/www.hoecker.eu\/blog\/author\/hoecker_adm\/\"}]}<\/script>\n<!-- \/ Yoast SEO Premium plugin. -->","yoast_head_json":{"title":"LG D\u00fcsseldorf: Westdeutsche Zeitung (WZ) muss Fotojournalisten mehr als 50.000 Euro nachzahlen - H\u00d6CKER - der Blog","robots":{"index":"index","follow":"follow","max-snippet":"max-snippet:-1","max-image-preview":"max-image-preview:large","max-video-preview":"max-video-preview:-1"},"canonical":"https:\/\/www.hoecker.eu\/blog\/lg-duesseldorf-westdeutsche-zeitung-wz-muss-fotojournalisten-mehr-als-50-000-euro-nachzahlen\/","og_locale":"de_DE","og_type":"article","og_title":"LG D\u00fcsseldorf: Westdeutsche Zeitung (WZ) muss Fotojournalisten mehr als 50.000 Euro nachzahlen","og_description":"Nachdem die Zeitung den Nachforderungsanspruch abgelehnt hatte, klagte der Journalist. Das Landgericht D\u00fcsseldorf hat daraufhin entschieden (Urt. v. 26.07.2017, Az: 12 O 258\/16, n.rkr.), dass der Fotograf in den Jahren 2013 und 2014 nicht angemessen verg\u00fctet worden war und verurteilte die Westdeutsche Zeitung zu einer Nachzahlung von insgesamt mehr als 50.000 Euro. S\u00e4mtliche Einw\u00e4nde der [&hellip;]","og_url":"https:\/\/www.hoecker.eu\/blog\/lg-duesseldorf-westdeutsche-zeitung-wz-muss-fotojournalisten-mehr-als-50-000-euro-nachzahlen\/","og_site_name":"H\u00d6CKER - der Blog","article_publisher":"https:\/\/www.facebook.com\/HoeckerRAe\/","article_author":"https:\/\/www.facebook.com\/ralf.hoecker","article_published_time":"2017-07-26T11:39:48+00:00","article_modified_time":"2025-02-17T13:56:49+00:00","author":"Prof. Dr. Ralf H\u00f6cker","twitter_card":"summary_large_image","twitter_creator":"@Ralf_Hoecker","twitter_site":"@hoecker_rae","twitter_misc":{"Verfasst von":"Prof. Dr. Ralf H\u00f6cker","Gesch\u00e4tzte Lesezeit":"1\u00a0Minute"},"schema":{"@context":"https:\/\/schema.org","@graph":[{"@type":"Article","@id":"https:\/\/www.hoecker.eu\/blog\/lg-duesseldorf-westdeutsche-zeitung-wz-muss-fotojournalisten-mehr-als-50-000-euro-nachzahlen\/#article","isPartOf":{"@id":"https:\/\/www.hoecker.eu\/blog\/lg-duesseldorf-westdeutsche-zeitung-wz-muss-fotojournalisten-mehr-als-50-000-euro-nachzahlen\/"},"author":{"name":"Prof. Dr. Ralf H\u00f6cker","@id":"https:\/\/www.hoecker.eu\/blog\/#\/schema\/person\/08f95581eed0534eccd0b2438f7a1cab"},"headline":"LG D\u00fcsseldorf: Westdeutsche Zeitung (WZ) muss Fotojournalisten mehr als 50.000 Euro nachzahlen","datePublished":"2017-07-26T11:39:48+00:00","dateModified":"2025-02-17T13:56:49+00:00","mainEntityOfPage":{"@id":"https:\/\/www.hoecker.eu\/blog\/lg-duesseldorf-westdeutsche-zeitung-wz-muss-fotojournalisten-mehr-als-50-000-euro-nachzahlen\/"},"wordCount":265,"publisher":{"@id":"https:\/\/www.hoecker.eu\/blog\/#organization"},"articleSection":["News"],"inLanguage":"de"},{"@type":"WebPage","@id":"https:\/\/www.hoecker.eu\/blog\/lg-duesseldorf-westdeutsche-zeitung-wz-muss-fotojournalisten-mehr-als-50-000-euro-nachzahlen\/","url":"https:\/\/www.hoecker.eu\/blog\/lg-duesseldorf-westdeutsche-zeitung-wz-muss-fotojournalisten-mehr-als-50-000-euro-nachzahlen\/","name":"LG D\u00fcsseldorf: Westdeutsche Zeitung (WZ) muss Fotojournalisten mehr als 50.000 Euro nachzahlen - H\u00d6CKER - der Blog","isPartOf":{"@id":"https:\/\/www.hoecker.eu\/blog\/#website"},"datePublished":"2017-07-26T11:39:48+00:00","dateModified":"2025-02-17T13:56:49+00:00","breadcrumb":{"@id":"https:\/\/www.hoecker.eu\/blog\/lg-duesseldorf-westdeutsche-zeitung-wz-muss-fotojournalisten-mehr-als-50-000-euro-nachzahlen\/#breadcrumb"},"inLanguage":"de","potentialAction":[{"@type":"ReadAction","target":["https:\/\/www.hoecker.eu\/blog\/lg-duesseldorf-westdeutsche-zeitung-wz-muss-fotojournalisten-mehr-als-50-000-euro-nachzahlen\/"]}]},{"@type":"BreadcrumbList","@id":"https:\/\/www.hoecker.eu\/blog\/lg-duesseldorf-westdeutsche-zeitung-wz-muss-fotojournalisten-mehr-als-50-000-euro-nachzahlen\/#breadcrumb","itemListElement":[{"@type":"ListItem","position":1,"name":"Startseite","item":"https:\/\/dev.hoecker.eu\/blog\/"},{"@type":"ListItem","position":2,"name":"LG D\u00fcsseldorf: Westdeutsche Zeitung (WZ) muss Fotojournalisten mehr als 50.000 Euro nachzahlen"}]},{"@type":"WebSite","@id":"https:\/\/www.hoecker.eu\/blog\/#website","url":"https:\/\/www.hoecker.eu\/blog\/","name":"H\u00d6CKER - der Blog","description":"Expertenblog f\u00fcr \u00c4u\u00dferungs-, Medien-, Marken-, Urheber- und Wettbewerbsrecht.","publisher":{"@id":"https:\/\/www.hoecker.eu\/blog\/#organization"},"potentialAction":[{"@type":"SearchAction","target":{"@type":"EntryPoint","urlTemplate":"https:\/\/www.hoecker.eu\/blog\/?s={search_term_string}"},"query-input":{"@type":"PropertyValueSpecification","valueRequired":true,"valueName":"search_term_string"}}],"inLanguage":"de"},{"@type":"Organization","@id":"https:\/\/www.hoecker.eu\/blog\/#organization","name":"H\u00d6CKER Rechtsanw\u00e4lte PartGmbB","alternateName":"H\u00d6CKER","url":"https:\/\/www.hoecker.eu\/blog\/","logo":{"@type":"ImageObject","inLanguage":"de","@id":"https:\/\/www.hoecker.eu\/blog\/#\/schema\/logo\/image\/","url":"https:\/\/www.hoecker.eu\/blog\/wp-content\/uploads\/2025\/03\/Blog-Logo.webp","contentUrl":"https:\/\/www.hoecker.eu\/blog\/wp-content\/uploads\/2025\/03\/Blog-Logo.webp","width":500,"height":500,"caption":"H\u00d6CKER Rechtsanw\u00e4lte PartGmbB"},"image":{"@id":"https:\/\/www.hoecker.eu\/blog\/#\/schema\/logo\/image\/"},"sameAs":["https:\/\/www.facebook.com\/HoeckerRAe\/","https:\/\/x.com\/hoecker_rae","https:\/\/www.linkedin.com\/company\/hcker-rechtsanwlte\/","https:\/\/www.instagram.com\/hoecker_rae\/"],"email":"contact@hoecker.eu","telephone":"+ 49 (0)221-933 19-10","legalName":"H\u00d6CKER Rechtsanw\u00e4lte PartGmbB","numberOfEmployees":{"@type":"QuantitativeValue","minValue":"11","maxValue":"50"}},{"@type":"Person","@id":"https:\/\/www.hoecker.eu\/blog\/#\/schema\/person\/08f95581eed0534eccd0b2438f7a1cab","name":"Prof. Dr. Ralf H\u00f6cker","description":"Medienanwalt. Besch\u00fctzer vor mieser Presse","sameAs":["https:\/\/www.hoecker.eu\/wer\/prof-dr-ralf-hoecker","https:\/\/www.facebook.com\/ralf.hoecker","https:\/\/www.linkedin.com\/in\/prof-dr-ralf-hcker-ll-m-london-17987826\/","https:\/\/x.com\/Ralf_Hoecker"],"url":"https:\/\/www.hoecker.eu\/blog\/author\/hoecker_adm\/"}]}},"authors":[{"term_id":84,"user_id":1,"is_guest":0,"slug":"hoecker_adm","display_name":"Prof. Dr. Ralf H\u00f6cker","avatar_url":{"url":"https:\/\/www.hoecker.eu\/blog\/wp-content\/uploads\/2023\/12\/ProfDrRalfHoecker.jpg","url2x":"https:\/\/www.hoecker.eu\/blog\/wp-content\/uploads\/2023\/12\/ProfDrRalfHoecker.jpg"},"0":null,"1":"","2":"","3":"","4":"","5":"","6":"","7":"","8":"","9":"","10":"","11":""}],"_links":{"self":[{"href":"https:\/\/www.hoecker.eu\/blog\/wp-json\/wp\/v2\/posts\/8360","targetHints":{"allow":["GET"]}}],"collection":[{"href":"https:\/\/www.hoecker.eu\/blog\/wp-json\/wp\/v2\/posts"}],"about":[{"href":"https:\/\/www.hoecker.eu\/blog\/wp-json\/wp\/v2\/types\/post"}],"author":[{"embeddable":true,"href":"https:\/\/www.hoecker.eu\/blog\/wp-json\/wp\/v2\/users\/1"}],"replies":[{"embeddable":true,"href":"https:\/\/www.hoecker.eu\/blog\/wp-json\/wp\/v2\/comments?post=8360"}],"version-history":[{"count":1,"href":"https:\/\/www.hoecker.eu\/blog\/wp-json\/wp\/v2\/posts\/8360\/revisions"}],"predecessor-version":[{"id":9482,"href":"https:\/\/www.hoecker.eu\/blog\/wp-json\/wp\/v2\/posts\/8360\/revisions\/9482"}],"wp:attachment":[{"href":"https:\/\/www.hoecker.eu\/blog\/wp-json\/wp\/v2\/media?parent=8360"}],"wp:term":[{"taxonomy":"category","embeddable":true,"href":"https:\/\/www.hoecker.eu\/blog\/wp-json\/wp\/v2\/categories?post=8360"},{"taxonomy":"post_tag","embeddable":true,"href":"https:\/\/www.hoecker.eu\/blog\/wp-json\/wp\/v2\/tags?post=8360"},{"taxonomy":"hashtags","embeddable":true,"href":"https:\/\/www.hoecker.eu\/blog\/wp-json\/wp\/v2\/hashtags?post=8360"},{"taxonomy":"author","embeddable":true,"href":"https:\/\/www.hoecker.eu\/blog\/wp-json\/wp\/v2\/ppma_author?post=8360"}],"curies":[{"name":"wp","href":"https:\/\/api.w.org\/{rel}","templated":true}]}}