{"id":8359,"date":"2017-09-13T08:34:00","date_gmt":"2017-09-13T06:34:00","guid":{"rendered":"https:\/\/www.hoecker.eu\/blog\/amadeu-antonio-stiftung-darf-als-stiftung-der-schande-bezeichnet-werden-landgericht-berlin-lehnt-verbotsantrag-der-stiftung-gegen-dr-alice-weidel-afd-ab\/"},"modified":"2025-02-17T14:56:49","modified_gmt":"2025-02-17T13:56:49","slug":"amadeu-antonio-stiftung-darf-als-stiftung-der-schande-bezeichnet-werden-landgericht-berlin-lehnt-verbotsantrag-der-stiftung-gegen-dr-alice-weidel-afd-ab","status":"publish","type":"post","link":"https:\/\/www.hoecker.eu\/blog\/amadeu-antonio-stiftung-darf-als-stiftung-der-schande-bezeichnet-werden-landgericht-berlin-lehnt-verbotsantrag-der-stiftung-gegen-dr-alice-weidel-afd-ab\/","title":{"rendered":"Amadeu Antonio Stiftung darf als \u201eStiftung der Schande\u201c bezeichnet werden. Landgericht Berlin lehnt Verbotsantrag der Stiftung gegen Dr. Alice Weidel (AfD) ab."},"content":{"rendered":"<p \"=\"\">Die Amadeu Antonio Stiftung ist vor dem Landgericht Berlin mit dem Versuch gescheitert, Dr. Alice Weidel (Spitzenkandidatin der Alternative f\u00fcr Deutschland) die Meinungs\u00e4u\u00dferung zu verbieten, die Stiftung sei eine \u201eStiftung der Schande\u201c.<\/p>\n<p \"=\"\">Frau Dr. Weidel hatte kritisiert, dass die Amadeu Antonio Stiftung das Aktionsnetzwerk Jena unterst\u00fctze, welches u.a. linksextremistische Tendenzen f\u00f6rdere. So biete das Aktionsnetzwerk Jena beispielsweise Kurse dazu an, wie man Demonstrationen mittels Blockaden verhindere.<em><\/em> Im Zusammenhang mit der Kritik an der F\u00f6rderung einzelner Projekte des Aktionsnetzwerks Jena durch die Amadeo Antonio Stiftung bezeichnete Frau Dr. Weidel die Stiftung als \u201eStiftung der Schande\u201c.<\/p>\n<p \"=\"\">Die Amadeu Antonio Stiftung hatte Frau Dr. Weidel daraufhin abgemahnt und aufgefordert, die Stiftung nicht mehr als Stiftung der Schande zu bezeichnen. Nachdem Frau Dr. Weidel eine Unterlassungserkl\u00e4rung verweigert hatte, versuchte die Stiftung, diese Meinungs\u00e4u\u00dferung durch das Landgericht Berlin (Az. 27 O 426\/17) verbieten zu lassen.<\/p>\n<p \"=\"\">Im Rahmen des Verf\u00fcgungsantrags best\u00e4tigte der Gesch\u00e4ftsf\u00fchrer der Amadeu Antonio Stiftung per eidesstattlicher Versicherung, dass die Stiftung in der Tat Projekte des Aktionsnetzwerks Jena finanziell unterst\u00fctzt habe, auch wenn es sich dabei nur um eine Unterst\u00fctzung aus Spenden\/Zuwendungen privater Dritter gehandelt habe und nicht konkret die von Frau Dr. Weidel als linksextremistisch kritisierten Projekte selbst gef\u00f6rdert wurden.<\/p>\n<p \"=\"\">Das Landgericht Berlin stellte angesichts dieses Kontextes der \u00c4u\u00dferung fest, dass es sich bei der Bezeichnung der Stiftung als \u201eStiftung der Schande\u201c um eine zul\u00e4ssige Meinungs\u00e4u\u00dferung handelt und lehnte den Erlass des beantragten Verbots ab. Der entsprechende Aktenvermerk des LG Berlin lautet dazu wie folgt:<i><br \/><\/i><\/p>\n<p style=\"margin-left: 20px;\"><i>\u201eIn der Sache Amadeu Antonio Stiftung .\/. Dr. Weidel hat die unterzeichnende Richterin den Verfahrensbevollm\u00e4chtigten der Antragsgegnerin am 20.07.2017 telefonisch darauf hingewiesen, dass es sich bei der Bezeichnung \u201eStiftung der Schande\u201c um eine zul\u00e4ssige Meinungs\u00e4u\u00dferung handeln d\u00fcrfte, weswegen der Antragstellerin anheimgestellt wurde, ihren Antrag auf Erlass einer einstweiligen Verf\u00fcgung insoweit zur\u00fcckzunehmen.\u201c<\/i><\/p>\n<p \"=\"\">Die Amadeu Antonio Stiftung hat den Verbotsantrag auf diesen richterlichen Hinweis zur Vermeidung einer insoweit negativen Gerichtsentscheidung zur\u00fcckgenommen.<\/p>\n<p \"=\"\">Dr. Carsten Brennecke:<\/p>\n<p \"=\"\"><i>&#8220;Im Zusammenhang mit einer sachlichen Kritik sind<br \/>\n auch \u00fcberspitzende Formulierungen und Meinungs\u00e4u\u00dferungen von der<br \/>\nMeinungsfreiheit gedeckt. Wer sich wie die Amadeu Antonio Stiftung stets<br \/>\n mit eigenen harschen Meinungs\u00e4u\u00dferungen zu Wort meldet, sollte dies<br \/>\nauch Kritikern zugestehen.<\/i>&#8220;<\/p>\n","protected":false},"excerpt":{"rendered":"<p>Frau Dr. Weidel hatte kritisiert, dass die Amadeu Antonio Stiftung das Aktionsnetzwerk Jena unterst\u00fctze, welches u.a. linksextremistische Tendenzen f\u00f6rdere. So biete das Aktionsnetzwerk Jena beispielsweise Kurse dazu an, wie man Demonstrationen mittels Blockaden verhindere. Im Zusammenhang mit der Kritik an der F\u00f6rderung einzelner Projekte des Aktionsnetzwerks Jena durch die Amadeo Antonio Stiftung bezeichnete Frau Dr. [&hellip;]<\/p>\n","protected":false},"author":1,"featured_media":0,"comment_status":"closed","ping_status":"closed","sticky":false,"template":"","format":"standard","meta":{"_has_post_settings":[],"footnotes":""},"categories":[15],"tags":[],"hashtags":[],"ppma_author":[84],"class_list":["post-8359","post","type-post","status-publish","format-standard","hentry","category-news","author-hoecker_adm"],"yoast_head":"<!-- This site is optimized with the Yoast SEO Premium plugin v25.9 (Yoast SEO v27.0) - https:\/\/yoast.com\/product\/yoast-seo-premium-wordpress\/ -->\n<title>Amadeu Antonio Stiftung darf als \u201eStiftung der Schande\u201c bezeichnet werden. Landgericht Berlin lehnt Verbotsantrag der Stiftung gegen Dr. Alice Weidel (AfD) ab. - H\u00d6CKER - der Blog<\/title>\n<meta name=\"robots\" content=\"index, follow, max-snippet:-1, max-image-preview:large, max-video-preview:-1\" \/>\n<link rel=\"canonical\" href=\"https:\/\/www.hoecker.eu\/blog\/amadeu-antonio-stiftung-darf-als-stiftung-der-schande-bezeichnet-werden-landgericht-berlin-lehnt-verbotsantrag-der-stiftung-gegen-dr-alice-weidel-afd-ab\/\" \/>\n<meta property=\"og:locale\" content=\"de_DE\" \/>\n<meta property=\"og:type\" content=\"article\" \/>\n<meta property=\"og:title\" content=\"Amadeu Antonio Stiftung darf als \u201eStiftung der Schande\u201c bezeichnet werden. Landgericht Berlin lehnt Verbotsantrag der Stiftung gegen Dr. Alice Weidel (AfD) ab.\" \/>\n<meta property=\"og:description\" content=\"Frau Dr. Weidel hatte kritisiert, dass die Amadeu Antonio Stiftung das Aktionsnetzwerk Jena unterst\u00fctze, welches u.a. linksextremistische Tendenzen f\u00f6rdere. So biete das Aktionsnetzwerk Jena beispielsweise Kurse dazu an, wie man Demonstrationen mittels Blockaden verhindere. Im Zusammenhang mit der Kritik an der F\u00f6rderung einzelner Projekte des Aktionsnetzwerks Jena durch die Amadeo Antonio Stiftung bezeichnete Frau Dr. [&hellip;]\" \/>\n<meta property=\"og:url\" content=\"https:\/\/www.hoecker.eu\/blog\/amadeu-antonio-stiftung-darf-als-stiftung-der-schande-bezeichnet-werden-landgericht-berlin-lehnt-verbotsantrag-der-stiftung-gegen-dr-alice-weidel-afd-ab\/\" \/>\n<meta property=\"og:site_name\" content=\"H\u00d6CKER - der Blog\" \/>\n<meta property=\"article:publisher\" content=\"https:\/\/www.facebook.com\/HoeckerRAe\/\" \/>\n<meta property=\"article:author\" content=\"https:\/\/www.facebook.com\/ralf.hoecker\" \/>\n<meta property=\"article:published_time\" content=\"2017-09-13T06:34:00+00:00\" \/>\n<meta property=\"article:modified_time\" content=\"2025-02-17T13:56:49+00:00\" \/>\n<meta name=\"author\" content=\"Prof. Dr. Ralf H\u00f6cker\" \/>\n<meta name=\"twitter:card\" content=\"summary_large_image\" \/>\n<meta name=\"twitter:creator\" content=\"@Ralf_Hoecker\" \/>\n<meta name=\"twitter:site\" content=\"@hoecker_rae\" \/>\n<meta name=\"twitter:label1\" content=\"Verfasst von\" \/>\n\t<meta name=\"twitter:data1\" content=\"Prof. Dr. Ralf H\u00f6cker\" \/>\n\t<meta name=\"twitter:label2\" content=\"Gesch\u00e4tzte Lesezeit\" \/>\n\t<meta name=\"twitter:data2\" content=\"1\u00a0Minute\" \/>\n<script type=\"application\/ld+json\" class=\"yoast-schema-graph\">{\"@context\":\"https:\/\/schema.org\",\"@graph\":[{\"@type\":\"Article\",\"@id\":\"https:\/\/www.hoecker.eu\/blog\/amadeu-antonio-stiftung-darf-als-stiftung-der-schande-bezeichnet-werden-landgericht-berlin-lehnt-verbotsantrag-der-stiftung-gegen-dr-alice-weidel-afd-ab\/#article\",\"isPartOf\":{\"@id\":\"https:\/\/www.hoecker.eu\/blog\/amadeu-antonio-stiftung-darf-als-stiftung-der-schande-bezeichnet-werden-landgericht-berlin-lehnt-verbotsantrag-der-stiftung-gegen-dr-alice-weidel-afd-ab\/\"},\"author\":{\"name\":\"Prof. Dr. Ralf H\u00f6cker\",\"@id\":\"https:\/\/www.hoecker.eu\/blog\/#\/schema\/person\/08f95581eed0534eccd0b2438f7a1cab\"},\"headline\":\"Amadeu Antonio Stiftung darf als \u201eStiftung der Schande\u201c bezeichnet werden. Landgericht Berlin lehnt Verbotsantrag der Stiftung gegen Dr. Alice Weidel (AfD) ab.\",\"datePublished\":\"2017-09-13T06:34:00+00:00\",\"dateModified\":\"2025-02-17T13:56:49+00:00\",\"mainEntityOfPage\":{\"@id\":\"https:\/\/www.hoecker.eu\/blog\/amadeu-antonio-stiftung-darf-als-stiftung-der-schande-bezeichnet-werden-landgericht-berlin-lehnt-verbotsantrag-der-stiftung-gegen-dr-alice-weidel-afd-ab\/\"},\"wordCount\":212,\"publisher\":{\"@id\":\"https:\/\/www.hoecker.eu\/blog\/#organization\"},\"articleSection\":[\"News\"],\"inLanguage\":\"de\"},{\"@type\":\"WebPage\",\"@id\":\"https:\/\/www.hoecker.eu\/blog\/amadeu-antonio-stiftung-darf-als-stiftung-der-schande-bezeichnet-werden-landgericht-berlin-lehnt-verbotsantrag-der-stiftung-gegen-dr-alice-weidel-afd-ab\/\",\"url\":\"https:\/\/www.hoecker.eu\/blog\/amadeu-antonio-stiftung-darf-als-stiftung-der-schande-bezeichnet-werden-landgericht-berlin-lehnt-verbotsantrag-der-stiftung-gegen-dr-alice-weidel-afd-ab\/\",\"name\":\"Amadeu Antonio Stiftung darf als \u201eStiftung der Schande\u201c bezeichnet werden. Landgericht Berlin lehnt Verbotsantrag der Stiftung gegen Dr. Alice Weidel (AfD) ab. - H\u00d6CKER - der Blog\",\"isPartOf\":{\"@id\":\"https:\/\/www.hoecker.eu\/blog\/#website\"},\"datePublished\":\"2017-09-13T06:34:00+00:00\",\"dateModified\":\"2025-02-17T13:56:49+00:00\",\"breadcrumb\":{\"@id\":\"https:\/\/www.hoecker.eu\/blog\/amadeu-antonio-stiftung-darf-als-stiftung-der-schande-bezeichnet-werden-landgericht-berlin-lehnt-verbotsantrag-der-stiftung-gegen-dr-alice-weidel-afd-ab\/#breadcrumb\"},\"inLanguage\":\"de\",\"potentialAction\":[{\"@type\":\"ReadAction\",\"target\":[\"https:\/\/www.hoecker.eu\/blog\/amadeu-antonio-stiftung-darf-als-stiftung-der-schande-bezeichnet-werden-landgericht-berlin-lehnt-verbotsantrag-der-stiftung-gegen-dr-alice-weidel-afd-ab\/\"]}]},{\"@type\":\"BreadcrumbList\",\"@id\":\"https:\/\/www.hoecker.eu\/blog\/amadeu-antonio-stiftung-darf-als-stiftung-der-schande-bezeichnet-werden-landgericht-berlin-lehnt-verbotsantrag-der-stiftung-gegen-dr-alice-weidel-afd-ab\/#breadcrumb\",\"itemListElement\":[{\"@type\":\"ListItem\",\"position\":1,\"name\":\"Startseite\",\"item\":\"https:\/\/dev.hoecker.eu\/blog\/\"},{\"@type\":\"ListItem\",\"position\":2,\"name\":\"Amadeu Antonio Stiftung darf als \u201eStiftung der Schande\u201c bezeichnet werden. Landgericht Berlin lehnt Verbotsantrag der Stiftung gegen Dr. Alice Weidel (AfD) ab.\"}]},{\"@type\":\"WebSite\",\"@id\":\"https:\/\/www.hoecker.eu\/blog\/#website\",\"url\":\"https:\/\/www.hoecker.eu\/blog\/\",\"name\":\"H\u00d6CKER - der Blog\",\"description\":\"Expertenblog f\u00fcr \u00c4u\u00dferungs-, Medien-, Marken-, Urheber- und Wettbewerbsrecht.\",\"publisher\":{\"@id\":\"https:\/\/www.hoecker.eu\/blog\/#organization\"},\"potentialAction\":[{\"@type\":\"SearchAction\",\"target\":{\"@type\":\"EntryPoint\",\"urlTemplate\":\"https:\/\/www.hoecker.eu\/blog\/?s={search_term_string}\"},\"query-input\":{\"@type\":\"PropertyValueSpecification\",\"valueRequired\":true,\"valueName\":\"search_term_string\"}}],\"inLanguage\":\"de\"},{\"@type\":\"Organization\",\"@id\":\"https:\/\/www.hoecker.eu\/blog\/#organization\",\"name\":\"H\u00d6CKER Rechtsanw\u00e4lte PartGmbB\",\"alternateName\":\"H\u00d6CKER\",\"url\":\"https:\/\/www.hoecker.eu\/blog\/\",\"logo\":{\"@type\":\"ImageObject\",\"inLanguage\":\"de\",\"@id\":\"https:\/\/www.hoecker.eu\/blog\/#\/schema\/logo\/image\/\",\"url\":\"https:\/\/www.hoecker.eu\/blog\/wp-content\/uploads\/2025\/03\/Blog-Logo.webp\",\"contentUrl\":\"https:\/\/www.hoecker.eu\/blog\/wp-content\/uploads\/2025\/03\/Blog-Logo.webp\",\"width\":500,\"height\":500,\"caption\":\"H\u00d6CKER Rechtsanw\u00e4lte PartGmbB\"},\"image\":{\"@id\":\"https:\/\/www.hoecker.eu\/blog\/#\/schema\/logo\/image\/\"},\"sameAs\":[\"https:\/\/www.facebook.com\/HoeckerRAe\/\",\"https:\/\/x.com\/hoecker_rae\",\"https:\/\/www.linkedin.com\/company\/hcker-rechtsanwlte\/\",\"https:\/\/www.instagram.com\/hoecker_rae\/\"],\"email\":\"contact@hoecker.eu\",\"telephone\":\"+ 49 (0)221-933 19-10\",\"legalName\":\"H\u00d6CKER Rechtsanw\u00e4lte PartGmbB\",\"numberOfEmployees\":{\"@type\":\"QuantitativeValue\",\"minValue\":\"11\",\"maxValue\":\"50\"}},{\"@type\":\"Person\",\"@id\":\"https:\/\/www.hoecker.eu\/blog\/#\/schema\/person\/08f95581eed0534eccd0b2438f7a1cab\",\"name\":\"Prof. Dr. Ralf H\u00f6cker\",\"description\":\"Medienanwalt. Besch\u00fctzer vor mieser Presse\",\"sameAs\":[\"https:\/\/www.hoecker.eu\/wer\/prof-dr-ralf-hoecker\",\"https:\/\/www.facebook.com\/ralf.hoecker\",\"https:\/\/www.linkedin.com\/in\/prof-dr-ralf-hcker-ll-m-london-17987826\/\",\"https:\/\/x.com\/Ralf_Hoecker\"],\"url\":\"https:\/\/www.hoecker.eu\/blog\/author\/hoecker_adm\/\"}]}<\/script>\n<!-- \/ Yoast SEO Premium plugin. -->","yoast_head_json":{"title":"Amadeu Antonio Stiftung darf als \u201eStiftung der Schande\u201c bezeichnet werden. Landgericht Berlin lehnt Verbotsantrag der Stiftung gegen Dr. Alice Weidel (AfD) ab. - H\u00d6CKER - der Blog","robots":{"index":"index","follow":"follow","max-snippet":"max-snippet:-1","max-image-preview":"max-image-preview:large","max-video-preview":"max-video-preview:-1"},"canonical":"https:\/\/www.hoecker.eu\/blog\/amadeu-antonio-stiftung-darf-als-stiftung-der-schande-bezeichnet-werden-landgericht-berlin-lehnt-verbotsantrag-der-stiftung-gegen-dr-alice-weidel-afd-ab\/","og_locale":"de_DE","og_type":"article","og_title":"Amadeu Antonio Stiftung darf als \u201eStiftung der Schande\u201c bezeichnet werden. Landgericht Berlin lehnt Verbotsantrag der Stiftung gegen Dr. Alice Weidel (AfD) ab.","og_description":"Frau Dr. Weidel hatte kritisiert, dass die Amadeu Antonio Stiftung das Aktionsnetzwerk Jena unterst\u00fctze, welches u.a. linksextremistische Tendenzen f\u00f6rdere. So biete das Aktionsnetzwerk Jena beispielsweise Kurse dazu an, wie man Demonstrationen mittels Blockaden verhindere. Im Zusammenhang mit der Kritik an der F\u00f6rderung einzelner Projekte des Aktionsnetzwerks Jena durch die Amadeo Antonio Stiftung bezeichnete Frau Dr. [&hellip;]","og_url":"https:\/\/www.hoecker.eu\/blog\/amadeu-antonio-stiftung-darf-als-stiftung-der-schande-bezeichnet-werden-landgericht-berlin-lehnt-verbotsantrag-der-stiftung-gegen-dr-alice-weidel-afd-ab\/","og_site_name":"H\u00d6CKER - der Blog","article_publisher":"https:\/\/www.facebook.com\/HoeckerRAe\/","article_author":"https:\/\/www.facebook.com\/ralf.hoecker","article_published_time":"2017-09-13T06:34:00+00:00","article_modified_time":"2025-02-17T13:56:49+00:00","author":"Prof. Dr. Ralf H\u00f6cker","twitter_card":"summary_large_image","twitter_creator":"@Ralf_Hoecker","twitter_site":"@hoecker_rae","twitter_misc":{"Verfasst von":"Prof. Dr. Ralf H\u00f6cker","Gesch\u00e4tzte Lesezeit":"1\u00a0Minute"},"schema":{"@context":"https:\/\/schema.org","@graph":[{"@type":"Article","@id":"https:\/\/www.hoecker.eu\/blog\/amadeu-antonio-stiftung-darf-als-stiftung-der-schande-bezeichnet-werden-landgericht-berlin-lehnt-verbotsantrag-der-stiftung-gegen-dr-alice-weidel-afd-ab\/#article","isPartOf":{"@id":"https:\/\/www.hoecker.eu\/blog\/amadeu-antonio-stiftung-darf-als-stiftung-der-schande-bezeichnet-werden-landgericht-berlin-lehnt-verbotsantrag-der-stiftung-gegen-dr-alice-weidel-afd-ab\/"},"author":{"name":"Prof. Dr. Ralf H\u00f6cker","@id":"https:\/\/www.hoecker.eu\/blog\/#\/schema\/person\/08f95581eed0534eccd0b2438f7a1cab"},"headline":"Amadeu Antonio Stiftung darf als \u201eStiftung der Schande\u201c bezeichnet werden. Landgericht Berlin lehnt Verbotsantrag der Stiftung gegen Dr. Alice Weidel (AfD) ab.","datePublished":"2017-09-13T06:34:00+00:00","dateModified":"2025-02-17T13:56:49+00:00","mainEntityOfPage":{"@id":"https:\/\/www.hoecker.eu\/blog\/amadeu-antonio-stiftung-darf-als-stiftung-der-schande-bezeichnet-werden-landgericht-berlin-lehnt-verbotsantrag-der-stiftung-gegen-dr-alice-weidel-afd-ab\/"},"wordCount":212,"publisher":{"@id":"https:\/\/www.hoecker.eu\/blog\/#organization"},"articleSection":["News"],"inLanguage":"de"},{"@type":"WebPage","@id":"https:\/\/www.hoecker.eu\/blog\/amadeu-antonio-stiftung-darf-als-stiftung-der-schande-bezeichnet-werden-landgericht-berlin-lehnt-verbotsantrag-der-stiftung-gegen-dr-alice-weidel-afd-ab\/","url":"https:\/\/www.hoecker.eu\/blog\/amadeu-antonio-stiftung-darf-als-stiftung-der-schande-bezeichnet-werden-landgericht-berlin-lehnt-verbotsantrag-der-stiftung-gegen-dr-alice-weidel-afd-ab\/","name":"Amadeu Antonio Stiftung darf als \u201eStiftung der Schande\u201c bezeichnet werden. Landgericht Berlin lehnt Verbotsantrag der Stiftung gegen Dr. Alice Weidel (AfD) ab. - H\u00d6CKER - der Blog","isPartOf":{"@id":"https:\/\/www.hoecker.eu\/blog\/#website"},"datePublished":"2017-09-13T06:34:00+00:00","dateModified":"2025-02-17T13:56:49+00:00","breadcrumb":{"@id":"https:\/\/www.hoecker.eu\/blog\/amadeu-antonio-stiftung-darf-als-stiftung-der-schande-bezeichnet-werden-landgericht-berlin-lehnt-verbotsantrag-der-stiftung-gegen-dr-alice-weidel-afd-ab\/#breadcrumb"},"inLanguage":"de","potentialAction":[{"@type":"ReadAction","target":["https:\/\/www.hoecker.eu\/blog\/amadeu-antonio-stiftung-darf-als-stiftung-der-schande-bezeichnet-werden-landgericht-berlin-lehnt-verbotsantrag-der-stiftung-gegen-dr-alice-weidel-afd-ab\/"]}]},{"@type":"BreadcrumbList","@id":"https:\/\/www.hoecker.eu\/blog\/amadeu-antonio-stiftung-darf-als-stiftung-der-schande-bezeichnet-werden-landgericht-berlin-lehnt-verbotsantrag-der-stiftung-gegen-dr-alice-weidel-afd-ab\/#breadcrumb","itemListElement":[{"@type":"ListItem","position":1,"name":"Startseite","item":"https:\/\/dev.hoecker.eu\/blog\/"},{"@type":"ListItem","position":2,"name":"Amadeu Antonio Stiftung darf als \u201eStiftung der Schande\u201c bezeichnet werden. Landgericht Berlin lehnt Verbotsantrag der Stiftung gegen Dr. Alice Weidel (AfD) ab."}]},{"@type":"WebSite","@id":"https:\/\/www.hoecker.eu\/blog\/#website","url":"https:\/\/www.hoecker.eu\/blog\/","name":"H\u00d6CKER - der Blog","description":"Expertenblog f\u00fcr \u00c4u\u00dferungs-, Medien-, Marken-, Urheber- und Wettbewerbsrecht.","publisher":{"@id":"https:\/\/www.hoecker.eu\/blog\/#organization"},"potentialAction":[{"@type":"SearchAction","target":{"@type":"EntryPoint","urlTemplate":"https:\/\/www.hoecker.eu\/blog\/?s={search_term_string}"},"query-input":{"@type":"PropertyValueSpecification","valueRequired":true,"valueName":"search_term_string"}}],"inLanguage":"de"},{"@type":"Organization","@id":"https:\/\/www.hoecker.eu\/blog\/#organization","name":"H\u00d6CKER Rechtsanw\u00e4lte PartGmbB","alternateName":"H\u00d6CKER","url":"https:\/\/www.hoecker.eu\/blog\/","logo":{"@type":"ImageObject","inLanguage":"de","@id":"https:\/\/www.hoecker.eu\/blog\/#\/schema\/logo\/image\/","url":"https:\/\/www.hoecker.eu\/blog\/wp-content\/uploads\/2025\/03\/Blog-Logo.webp","contentUrl":"https:\/\/www.hoecker.eu\/blog\/wp-content\/uploads\/2025\/03\/Blog-Logo.webp","width":500,"height":500,"caption":"H\u00d6CKER Rechtsanw\u00e4lte PartGmbB"},"image":{"@id":"https:\/\/www.hoecker.eu\/blog\/#\/schema\/logo\/image\/"},"sameAs":["https:\/\/www.facebook.com\/HoeckerRAe\/","https:\/\/x.com\/hoecker_rae","https:\/\/www.linkedin.com\/company\/hcker-rechtsanwlte\/","https:\/\/www.instagram.com\/hoecker_rae\/"],"email":"contact@hoecker.eu","telephone":"+ 49 (0)221-933 19-10","legalName":"H\u00d6CKER Rechtsanw\u00e4lte PartGmbB","numberOfEmployees":{"@type":"QuantitativeValue","minValue":"11","maxValue":"50"}},{"@type":"Person","@id":"https:\/\/www.hoecker.eu\/blog\/#\/schema\/person\/08f95581eed0534eccd0b2438f7a1cab","name":"Prof. Dr. Ralf H\u00f6cker","description":"Medienanwalt. Besch\u00fctzer vor mieser Presse","sameAs":["https:\/\/www.hoecker.eu\/wer\/prof-dr-ralf-hoecker","https:\/\/www.facebook.com\/ralf.hoecker","https:\/\/www.linkedin.com\/in\/prof-dr-ralf-hcker-ll-m-london-17987826\/","https:\/\/x.com\/Ralf_Hoecker"],"url":"https:\/\/www.hoecker.eu\/blog\/author\/hoecker_adm\/"}]}},"authors":[{"term_id":84,"user_id":1,"is_guest":0,"slug":"hoecker_adm","display_name":"Prof. Dr. Ralf H\u00f6cker","avatar_url":{"url":"https:\/\/www.hoecker.eu\/blog\/wp-content\/uploads\/2023\/12\/ProfDrRalfHoecker.jpg","url2x":"https:\/\/www.hoecker.eu\/blog\/wp-content\/uploads\/2023\/12\/ProfDrRalfHoecker.jpg"},"0":null,"1":"","2":"","3":"","4":"","5":"","6":"","7":"","8":"","9":"","10":"","11":""}],"_links":{"self":[{"href":"https:\/\/www.hoecker.eu\/blog\/wp-json\/wp\/v2\/posts\/8359","targetHints":{"allow":["GET"]}}],"collection":[{"href":"https:\/\/www.hoecker.eu\/blog\/wp-json\/wp\/v2\/posts"}],"about":[{"href":"https:\/\/www.hoecker.eu\/blog\/wp-json\/wp\/v2\/types\/post"}],"author":[{"embeddable":true,"href":"https:\/\/www.hoecker.eu\/blog\/wp-json\/wp\/v2\/users\/1"}],"replies":[{"embeddable":true,"href":"https:\/\/www.hoecker.eu\/blog\/wp-json\/wp\/v2\/comments?post=8359"}],"version-history":[{"count":1,"href":"https:\/\/www.hoecker.eu\/blog\/wp-json\/wp\/v2\/posts\/8359\/revisions"}],"predecessor-version":[{"id":9481,"href":"https:\/\/www.hoecker.eu\/blog\/wp-json\/wp\/v2\/posts\/8359\/revisions\/9481"}],"wp:attachment":[{"href":"https:\/\/www.hoecker.eu\/blog\/wp-json\/wp\/v2\/media?parent=8359"}],"wp:term":[{"taxonomy":"category","embeddable":true,"href":"https:\/\/www.hoecker.eu\/blog\/wp-json\/wp\/v2\/categories?post=8359"},{"taxonomy":"post_tag","embeddable":true,"href":"https:\/\/www.hoecker.eu\/blog\/wp-json\/wp\/v2\/tags?post=8359"},{"taxonomy":"hashtags","embeddable":true,"href":"https:\/\/www.hoecker.eu\/blog\/wp-json\/wp\/v2\/hashtags?post=8359"},{"taxonomy":"author","embeddable":true,"href":"https:\/\/www.hoecker.eu\/blog\/wp-json\/wp\/v2\/ppma_author?post=8359"}],"curies":[{"name":"wp","href":"https:\/\/api.w.org\/{rel}","templated":true}]}}