{"id":8358,"date":"2017-09-13T08:37:32","date_gmt":"2017-09-13T06:37:32","guid":{"rendered":"https:\/\/www.hoecker.eu\/blog\/profil-zu-unrecht-gesperrt-bundestagskandidat-geht-mit-hoecker-erfolgreich-gegen-facebook-vor\/"},"modified":"2025-02-17T14:56:48","modified_gmt":"2025-02-17T13:56:48","slug":"profil-zu-unrecht-gesperrt-bundestagskandidat-geht-mit-hoecker-erfolgreich-gegen-facebook-vor","status":"publish","type":"post","link":"https:\/\/www.hoecker.eu\/blog\/profil-zu-unrecht-gesperrt-bundestagskandidat-geht-mit-hoecker-erfolgreich-gegen-facebook-vor\/","title":{"rendered":"Profil zu Unrecht gesperrt &#8211; Bundestagskandidat geht mit H\u00d6CKER erfolgreich gegen Facebook vor."},"content":{"rendered":"<p \"=\"\">Ein Politiker, der momentan f\u00fcr den Bundestag kandidiert, hat sich mit H\u00d6CKER erfolgreich gegen die Sperrung seines Facebook-Profils zur Wehr gesetzt. Facebook hatte den Zugang zu dem Profil ohne weitere Begr\u00fcndung gesperrt. Mutma\u00dflicher Hintergrund war eine politische Meinungs\u00e4u\u00dferung des Politikers, die jedoch in keiner Weise rechtswidrig war.<\/p>\n<p \"=\"\">H\u00d6CKER hat Facebook aufgefordert, die Sperrung des Profils unverz\u00fcglich aufzuheben. Dieser Aufforderung ist Facebook nachgekommen.<\/p>\n<p \"=\"\">Dr. Carsten Brennecke:<\/p>\n<p \"=\"\">\u201e<i>Auch wenn Facebook dem Nutzer das Profil kostenlos zur Verf\u00fcgung stellt, darf ein Nutzerprofil nicht willk\u00fcrlich, d.h. ohne sachlichen Grund gesperrt werden. Denn zwischen dem Facebook-Nutzer und Facebook (Facebook Ireland Limited) besteht ein Nutzungsvertrag, der dem Nutzer einen Anspruch auf Bereitstellung seines Profils gibt. Profilsperrungen oder Profill\u00f6schungen w\u00e4ren auch bei einem kostenlosen Profil nur dann zul\u00e4ssig, wenn es sachliche Gr\u00fcnde daf\u00fcr gibt, insbesondere in Form von rechtswidrigen Inhalten auf der Seite. Facebook-Nutzer, deren Nutzerprofil ohne sachlichen Grund gesperrt werden, k\u00f6nnen daher <i>\u2013<\/i> notfalls auch gerichtlich \u2013 die Freischaltung ihres Facebook-Profils durchsetzen.\u201c<\/i><\/p>\n","protected":false},"excerpt":{"rendered":"<p>H\u00d6CKER hat Facebook aufgefordert, die Sperrung des Profils unverz\u00fcglich aufzuheben. Dieser Aufforderung ist Facebook nachgekommen. \u201eAuch wenn Facebook dem Nutzer das Profil kostenlos zur Verf\u00fcgung stellt, darf ein Nutzerprofil nicht willk\u00fcrlich, d.h. ohne sachlichen Grund gesperrt werden. Denn zwischen dem Facebook-Nutzer und Facebook (Facebook Ireland Limited) besteht ein Nutzungsvertrag, der dem Nutzer einen Anspruch auf [&hellip;]<\/p>\n","protected":false},"author":1,"featured_media":0,"comment_status":"closed","ping_status":"closed","sticky":false,"template":"","format":"standard","meta":{"_has_post_settings":[],"footnotes":""},"categories":[15],"tags":[],"hashtags":[],"ppma_author":[84],"class_list":["post-8358","post","type-post","status-publish","format-standard","hentry","category-news","author-hoecker_adm"],"yoast_head":"<!-- This site is optimized with the Yoast SEO Premium plugin v25.9 (Yoast SEO v27.0) - https:\/\/yoast.com\/product\/yoast-seo-premium-wordpress\/ -->\n<title>Profil zu Unrecht gesperrt - Bundestagskandidat geht mit H\u00d6CKER erfolgreich gegen Facebook vor. - H\u00d6CKER - der Blog<\/title>\n<meta name=\"robots\" content=\"index, follow, max-snippet:-1, max-image-preview:large, max-video-preview:-1\" \/>\n<link rel=\"canonical\" href=\"https:\/\/www.hoecker.eu\/blog\/profil-zu-unrecht-gesperrt-bundestagskandidat-geht-mit-hoecker-erfolgreich-gegen-facebook-vor\/\" \/>\n<meta property=\"og:locale\" content=\"de_DE\" \/>\n<meta property=\"og:type\" content=\"article\" \/>\n<meta property=\"og:title\" content=\"Profil zu Unrecht gesperrt - Bundestagskandidat geht mit H\u00d6CKER erfolgreich gegen Facebook vor.\" \/>\n<meta property=\"og:description\" content=\"H\u00d6CKER hat Facebook aufgefordert, die Sperrung des Profils unverz\u00fcglich aufzuheben. Dieser Aufforderung ist Facebook nachgekommen. \u201eAuch wenn Facebook dem Nutzer das Profil kostenlos zur Verf\u00fcgung stellt, darf ein Nutzerprofil nicht willk\u00fcrlich, d.h. ohne sachlichen Grund gesperrt werden. Denn zwischen dem Facebook-Nutzer und Facebook (Facebook Ireland Limited) besteht ein Nutzungsvertrag, der dem Nutzer einen Anspruch auf [&hellip;]\" \/>\n<meta property=\"og:url\" content=\"https:\/\/www.hoecker.eu\/blog\/profil-zu-unrecht-gesperrt-bundestagskandidat-geht-mit-hoecker-erfolgreich-gegen-facebook-vor\/\" \/>\n<meta property=\"og:site_name\" content=\"H\u00d6CKER - der Blog\" \/>\n<meta property=\"article:publisher\" content=\"https:\/\/www.facebook.com\/HoeckerRAe\/\" \/>\n<meta property=\"article:author\" content=\"https:\/\/www.facebook.com\/ralf.hoecker\" \/>\n<meta property=\"article:published_time\" content=\"2017-09-13T06:37:32+00:00\" \/>\n<meta property=\"article:modified_time\" content=\"2025-02-17T13:56:48+00:00\" \/>\n<meta name=\"author\" content=\"Prof. Dr. Ralf H\u00f6cker\" \/>\n<meta name=\"twitter:card\" content=\"summary_large_image\" \/>\n<meta name=\"twitter:creator\" content=\"@Ralf_Hoecker\" \/>\n<meta name=\"twitter:site\" content=\"@hoecker_rae\" \/>\n<meta name=\"twitter:label1\" content=\"Verfasst von\" \/>\n\t<meta name=\"twitter:data1\" content=\"Prof. Dr. Ralf H\u00f6cker\" \/>\n\t<meta name=\"twitter:label2\" content=\"Gesch\u00e4tzte Lesezeit\" \/>\n\t<meta name=\"twitter:data2\" content=\"1\u00a0Minute\" \/>\n<script type=\"application\/ld+json\" class=\"yoast-schema-graph\">{\"@context\":\"https:\/\/schema.org\",\"@graph\":[{\"@type\":\"Article\",\"@id\":\"https:\/\/www.hoecker.eu\/blog\/profil-zu-unrecht-gesperrt-bundestagskandidat-geht-mit-hoecker-erfolgreich-gegen-facebook-vor\/#article\",\"isPartOf\":{\"@id\":\"https:\/\/www.hoecker.eu\/blog\/profil-zu-unrecht-gesperrt-bundestagskandidat-geht-mit-hoecker-erfolgreich-gegen-facebook-vor\/\"},\"author\":{\"name\":\"Prof. Dr. Ralf H\u00f6cker\",\"@id\":\"https:\/\/www.hoecker.eu\/blog\/#\/schema\/person\/08f95581eed0534eccd0b2438f7a1cab\"},\"headline\":\"Profil zu Unrecht gesperrt &#8211; Bundestagskandidat geht mit H\u00d6CKER erfolgreich gegen Facebook vor.\",\"datePublished\":\"2017-09-13T06:37:32+00:00\",\"dateModified\":\"2025-02-17T13:56:48+00:00\",\"mainEntityOfPage\":{\"@id\":\"https:\/\/www.hoecker.eu\/blog\/profil-zu-unrecht-gesperrt-bundestagskandidat-geht-mit-hoecker-erfolgreich-gegen-facebook-vor\/\"},\"wordCount\":129,\"publisher\":{\"@id\":\"https:\/\/www.hoecker.eu\/blog\/#organization\"},\"articleSection\":[\"News\"],\"inLanguage\":\"de\"},{\"@type\":\"WebPage\",\"@id\":\"https:\/\/www.hoecker.eu\/blog\/profil-zu-unrecht-gesperrt-bundestagskandidat-geht-mit-hoecker-erfolgreich-gegen-facebook-vor\/\",\"url\":\"https:\/\/www.hoecker.eu\/blog\/profil-zu-unrecht-gesperrt-bundestagskandidat-geht-mit-hoecker-erfolgreich-gegen-facebook-vor\/\",\"name\":\"Profil zu Unrecht gesperrt - Bundestagskandidat geht mit H\u00d6CKER erfolgreich gegen Facebook vor. - H\u00d6CKER - der Blog\",\"isPartOf\":{\"@id\":\"https:\/\/www.hoecker.eu\/blog\/#website\"},\"datePublished\":\"2017-09-13T06:37:32+00:00\",\"dateModified\":\"2025-02-17T13:56:48+00:00\",\"breadcrumb\":{\"@id\":\"https:\/\/www.hoecker.eu\/blog\/profil-zu-unrecht-gesperrt-bundestagskandidat-geht-mit-hoecker-erfolgreich-gegen-facebook-vor\/#breadcrumb\"},\"inLanguage\":\"de\",\"potentialAction\":[{\"@type\":\"ReadAction\",\"target\":[\"https:\/\/www.hoecker.eu\/blog\/profil-zu-unrecht-gesperrt-bundestagskandidat-geht-mit-hoecker-erfolgreich-gegen-facebook-vor\/\"]}]},{\"@type\":\"BreadcrumbList\",\"@id\":\"https:\/\/www.hoecker.eu\/blog\/profil-zu-unrecht-gesperrt-bundestagskandidat-geht-mit-hoecker-erfolgreich-gegen-facebook-vor\/#breadcrumb\",\"itemListElement\":[{\"@type\":\"ListItem\",\"position\":1,\"name\":\"Startseite\",\"item\":\"https:\/\/dev.hoecker.eu\/blog\/\"},{\"@type\":\"ListItem\",\"position\":2,\"name\":\"Profil zu Unrecht gesperrt &#8211; Bundestagskandidat geht mit H\u00d6CKER erfolgreich gegen Facebook vor.\"}]},{\"@type\":\"WebSite\",\"@id\":\"https:\/\/www.hoecker.eu\/blog\/#website\",\"url\":\"https:\/\/www.hoecker.eu\/blog\/\",\"name\":\"H\u00d6CKER - der Blog\",\"description\":\"Expertenblog f\u00fcr \u00c4u\u00dferungs-, Medien-, Marken-, Urheber- und Wettbewerbsrecht.\",\"publisher\":{\"@id\":\"https:\/\/www.hoecker.eu\/blog\/#organization\"},\"potentialAction\":[{\"@type\":\"SearchAction\",\"target\":{\"@type\":\"EntryPoint\",\"urlTemplate\":\"https:\/\/www.hoecker.eu\/blog\/?s={search_term_string}\"},\"query-input\":{\"@type\":\"PropertyValueSpecification\",\"valueRequired\":true,\"valueName\":\"search_term_string\"}}],\"inLanguage\":\"de\"},{\"@type\":\"Organization\",\"@id\":\"https:\/\/www.hoecker.eu\/blog\/#organization\",\"name\":\"H\u00d6CKER Rechtsanw\u00e4lte PartGmbB\",\"alternateName\":\"H\u00d6CKER\",\"url\":\"https:\/\/www.hoecker.eu\/blog\/\",\"logo\":{\"@type\":\"ImageObject\",\"inLanguage\":\"de\",\"@id\":\"https:\/\/www.hoecker.eu\/blog\/#\/schema\/logo\/image\/\",\"url\":\"https:\/\/www.hoecker.eu\/blog\/wp-content\/uploads\/2025\/03\/Blog-Logo.webp\",\"contentUrl\":\"https:\/\/www.hoecker.eu\/blog\/wp-content\/uploads\/2025\/03\/Blog-Logo.webp\",\"width\":500,\"height\":500,\"caption\":\"H\u00d6CKER Rechtsanw\u00e4lte PartGmbB\"},\"image\":{\"@id\":\"https:\/\/www.hoecker.eu\/blog\/#\/schema\/logo\/image\/\"},\"sameAs\":[\"https:\/\/www.facebook.com\/HoeckerRAe\/\",\"https:\/\/x.com\/hoecker_rae\",\"https:\/\/www.linkedin.com\/company\/hcker-rechtsanwlte\/\",\"https:\/\/www.instagram.com\/hoecker_rae\/\"],\"email\":\"contact@hoecker.eu\",\"telephone\":\"+ 49 (0)221-933 19-10\",\"legalName\":\"H\u00d6CKER Rechtsanw\u00e4lte PartGmbB\",\"numberOfEmployees\":{\"@type\":\"QuantitativeValue\",\"minValue\":\"11\",\"maxValue\":\"50\"}},{\"@type\":\"Person\",\"@id\":\"https:\/\/www.hoecker.eu\/blog\/#\/schema\/person\/08f95581eed0534eccd0b2438f7a1cab\",\"name\":\"Prof. Dr. Ralf H\u00f6cker\",\"description\":\"Medienanwalt. Besch\u00fctzer vor mieser Presse\",\"sameAs\":[\"https:\/\/www.hoecker.eu\/wer\/prof-dr-ralf-hoecker\",\"https:\/\/www.facebook.com\/ralf.hoecker\",\"https:\/\/www.linkedin.com\/in\/prof-dr-ralf-hcker-ll-m-london-17987826\/\",\"https:\/\/x.com\/Ralf_Hoecker\"],\"url\":\"https:\/\/www.hoecker.eu\/blog\/author\/hoecker_adm\/\"}]}<\/script>\n<!-- \/ Yoast SEO Premium plugin. -->","yoast_head_json":{"title":"Profil zu Unrecht gesperrt - Bundestagskandidat geht mit H\u00d6CKER erfolgreich gegen Facebook vor. - H\u00d6CKER - der Blog","robots":{"index":"index","follow":"follow","max-snippet":"max-snippet:-1","max-image-preview":"max-image-preview:large","max-video-preview":"max-video-preview:-1"},"canonical":"https:\/\/www.hoecker.eu\/blog\/profil-zu-unrecht-gesperrt-bundestagskandidat-geht-mit-hoecker-erfolgreich-gegen-facebook-vor\/","og_locale":"de_DE","og_type":"article","og_title":"Profil zu Unrecht gesperrt - Bundestagskandidat geht mit H\u00d6CKER erfolgreich gegen Facebook vor.","og_description":"H\u00d6CKER hat Facebook aufgefordert, die Sperrung des Profils unverz\u00fcglich aufzuheben. Dieser Aufforderung ist Facebook nachgekommen. \u201eAuch wenn Facebook dem Nutzer das Profil kostenlos zur Verf\u00fcgung stellt, darf ein Nutzerprofil nicht willk\u00fcrlich, d.h. ohne sachlichen Grund gesperrt werden. Denn zwischen dem Facebook-Nutzer und Facebook (Facebook Ireland Limited) besteht ein Nutzungsvertrag, der dem Nutzer einen Anspruch auf [&hellip;]","og_url":"https:\/\/www.hoecker.eu\/blog\/profil-zu-unrecht-gesperrt-bundestagskandidat-geht-mit-hoecker-erfolgreich-gegen-facebook-vor\/","og_site_name":"H\u00d6CKER - der Blog","article_publisher":"https:\/\/www.facebook.com\/HoeckerRAe\/","article_author":"https:\/\/www.facebook.com\/ralf.hoecker","article_published_time":"2017-09-13T06:37:32+00:00","article_modified_time":"2025-02-17T13:56:48+00:00","author":"Prof. Dr. Ralf H\u00f6cker","twitter_card":"summary_large_image","twitter_creator":"@Ralf_Hoecker","twitter_site":"@hoecker_rae","twitter_misc":{"Verfasst von":"Prof. Dr. Ralf H\u00f6cker","Gesch\u00e4tzte Lesezeit":"1\u00a0Minute"},"schema":{"@context":"https:\/\/schema.org","@graph":[{"@type":"Article","@id":"https:\/\/www.hoecker.eu\/blog\/profil-zu-unrecht-gesperrt-bundestagskandidat-geht-mit-hoecker-erfolgreich-gegen-facebook-vor\/#article","isPartOf":{"@id":"https:\/\/www.hoecker.eu\/blog\/profil-zu-unrecht-gesperrt-bundestagskandidat-geht-mit-hoecker-erfolgreich-gegen-facebook-vor\/"},"author":{"name":"Prof. Dr. Ralf H\u00f6cker","@id":"https:\/\/www.hoecker.eu\/blog\/#\/schema\/person\/08f95581eed0534eccd0b2438f7a1cab"},"headline":"Profil zu Unrecht gesperrt &#8211; Bundestagskandidat geht mit H\u00d6CKER erfolgreich gegen Facebook vor.","datePublished":"2017-09-13T06:37:32+00:00","dateModified":"2025-02-17T13:56:48+00:00","mainEntityOfPage":{"@id":"https:\/\/www.hoecker.eu\/blog\/profil-zu-unrecht-gesperrt-bundestagskandidat-geht-mit-hoecker-erfolgreich-gegen-facebook-vor\/"},"wordCount":129,"publisher":{"@id":"https:\/\/www.hoecker.eu\/blog\/#organization"},"articleSection":["News"],"inLanguage":"de"},{"@type":"WebPage","@id":"https:\/\/www.hoecker.eu\/blog\/profil-zu-unrecht-gesperrt-bundestagskandidat-geht-mit-hoecker-erfolgreich-gegen-facebook-vor\/","url":"https:\/\/www.hoecker.eu\/blog\/profil-zu-unrecht-gesperrt-bundestagskandidat-geht-mit-hoecker-erfolgreich-gegen-facebook-vor\/","name":"Profil zu Unrecht gesperrt - Bundestagskandidat geht mit H\u00d6CKER erfolgreich gegen Facebook vor. - H\u00d6CKER - der Blog","isPartOf":{"@id":"https:\/\/www.hoecker.eu\/blog\/#website"},"datePublished":"2017-09-13T06:37:32+00:00","dateModified":"2025-02-17T13:56:48+00:00","breadcrumb":{"@id":"https:\/\/www.hoecker.eu\/blog\/profil-zu-unrecht-gesperrt-bundestagskandidat-geht-mit-hoecker-erfolgreich-gegen-facebook-vor\/#breadcrumb"},"inLanguage":"de","potentialAction":[{"@type":"ReadAction","target":["https:\/\/www.hoecker.eu\/blog\/profil-zu-unrecht-gesperrt-bundestagskandidat-geht-mit-hoecker-erfolgreich-gegen-facebook-vor\/"]}]},{"@type":"BreadcrumbList","@id":"https:\/\/www.hoecker.eu\/blog\/profil-zu-unrecht-gesperrt-bundestagskandidat-geht-mit-hoecker-erfolgreich-gegen-facebook-vor\/#breadcrumb","itemListElement":[{"@type":"ListItem","position":1,"name":"Startseite","item":"https:\/\/dev.hoecker.eu\/blog\/"},{"@type":"ListItem","position":2,"name":"Profil zu Unrecht gesperrt &#8211; Bundestagskandidat geht mit H\u00d6CKER erfolgreich gegen Facebook vor."}]},{"@type":"WebSite","@id":"https:\/\/www.hoecker.eu\/blog\/#website","url":"https:\/\/www.hoecker.eu\/blog\/","name":"H\u00d6CKER - der Blog","description":"Expertenblog f\u00fcr \u00c4u\u00dferungs-, Medien-, Marken-, Urheber- und Wettbewerbsrecht.","publisher":{"@id":"https:\/\/www.hoecker.eu\/blog\/#organization"},"potentialAction":[{"@type":"SearchAction","target":{"@type":"EntryPoint","urlTemplate":"https:\/\/www.hoecker.eu\/blog\/?s={search_term_string}"},"query-input":{"@type":"PropertyValueSpecification","valueRequired":true,"valueName":"search_term_string"}}],"inLanguage":"de"},{"@type":"Organization","@id":"https:\/\/www.hoecker.eu\/blog\/#organization","name":"H\u00d6CKER Rechtsanw\u00e4lte PartGmbB","alternateName":"H\u00d6CKER","url":"https:\/\/www.hoecker.eu\/blog\/","logo":{"@type":"ImageObject","inLanguage":"de","@id":"https:\/\/www.hoecker.eu\/blog\/#\/schema\/logo\/image\/","url":"https:\/\/www.hoecker.eu\/blog\/wp-content\/uploads\/2025\/03\/Blog-Logo.webp","contentUrl":"https:\/\/www.hoecker.eu\/blog\/wp-content\/uploads\/2025\/03\/Blog-Logo.webp","width":500,"height":500,"caption":"H\u00d6CKER Rechtsanw\u00e4lte PartGmbB"},"image":{"@id":"https:\/\/www.hoecker.eu\/blog\/#\/schema\/logo\/image\/"},"sameAs":["https:\/\/www.facebook.com\/HoeckerRAe\/","https:\/\/x.com\/hoecker_rae","https:\/\/www.linkedin.com\/company\/hcker-rechtsanwlte\/","https:\/\/www.instagram.com\/hoecker_rae\/"],"email":"contact@hoecker.eu","telephone":"+ 49 (0)221-933 19-10","legalName":"H\u00d6CKER Rechtsanw\u00e4lte PartGmbB","numberOfEmployees":{"@type":"QuantitativeValue","minValue":"11","maxValue":"50"}},{"@type":"Person","@id":"https:\/\/www.hoecker.eu\/blog\/#\/schema\/person\/08f95581eed0534eccd0b2438f7a1cab","name":"Prof. Dr. Ralf H\u00f6cker","description":"Medienanwalt. Besch\u00fctzer vor mieser Presse","sameAs":["https:\/\/www.hoecker.eu\/wer\/prof-dr-ralf-hoecker","https:\/\/www.facebook.com\/ralf.hoecker","https:\/\/www.linkedin.com\/in\/prof-dr-ralf-hcker-ll-m-london-17987826\/","https:\/\/x.com\/Ralf_Hoecker"],"url":"https:\/\/www.hoecker.eu\/blog\/author\/hoecker_adm\/"}]}},"authors":[{"term_id":84,"user_id":1,"is_guest":0,"slug":"hoecker_adm","display_name":"Prof. Dr. Ralf H\u00f6cker","avatar_url":{"url":"https:\/\/www.hoecker.eu\/blog\/wp-content\/uploads\/2023\/12\/ProfDrRalfHoecker.jpg","url2x":"https:\/\/www.hoecker.eu\/blog\/wp-content\/uploads\/2023\/12\/ProfDrRalfHoecker.jpg"},"0":null,"1":"","2":"","3":"","4":"","5":"","6":"","7":"","8":"","9":"","10":"","11":""}],"_links":{"self":[{"href":"https:\/\/www.hoecker.eu\/blog\/wp-json\/wp\/v2\/posts\/8358","targetHints":{"allow":["GET"]}}],"collection":[{"href":"https:\/\/www.hoecker.eu\/blog\/wp-json\/wp\/v2\/posts"}],"about":[{"href":"https:\/\/www.hoecker.eu\/blog\/wp-json\/wp\/v2\/types\/post"}],"author":[{"embeddable":true,"href":"https:\/\/www.hoecker.eu\/blog\/wp-json\/wp\/v2\/users\/1"}],"replies":[{"embeddable":true,"href":"https:\/\/www.hoecker.eu\/blog\/wp-json\/wp\/v2\/comments?post=8358"}],"version-history":[{"count":1,"href":"https:\/\/www.hoecker.eu\/blog\/wp-json\/wp\/v2\/posts\/8358\/revisions"}],"predecessor-version":[{"id":9480,"href":"https:\/\/www.hoecker.eu\/blog\/wp-json\/wp\/v2\/posts\/8358\/revisions\/9480"}],"wp:attachment":[{"href":"https:\/\/www.hoecker.eu\/blog\/wp-json\/wp\/v2\/media?parent=8358"}],"wp:term":[{"taxonomy":"category","embeddable":true,"href":"https:\/\/www.hoecker.eu\/blog\/wp-json\/wp\/v2\/categories?post=8358"},{"taxonomy":"post_tag","embeddable":true,"href":"https:\/\/www.hoecker.eu\/blog\/wp-json\/wp\/v2\/tags?post=8358"},{"taxonomy":"hashtags","embeddable":true,"href":"https:\/\/www.hoecker.eu\/blog\/wp-json\/wp\/v2\/hashtags?post=8358"},{"taxonomy":"author","embeddable":true,"href":"https:\/\/www.hoecker.eu\/blog\/wp-json\/wp\/v2\/ppma_author?post=8358"}],"curies":[{"name":"wp","href":"https:\/\/api.w.org\/{rel}","templated":true}]}}