{"id":8354,"date":"2017-11-15T13:57:38","date_gmt":"2017-11-15T12:57:38","guid":{"rendered":"https:\/\/www.hoecker.eu\/blog\/koelner-tageszeitungsverlag-muss-e-10-00000-an-freien-mitarbeiter-nachzahlen\/"},"modified":"2025-02-17T14:56:46","modified_gmt":"2025-02-17T13:56:46","slug":"koelner-tageszeitungsverlag-muss-e-10-00000-an-freien-mitarbeiter-nachzahlen","status":"publish","type":"post","link":"https:\/\/www.hoecker.eu\/blog\/koelner-tageszeitungsverlag-muss-e-10-00000-an-freien-mitarbeiter-nachzahlen\/","title":{"rendered":"K\u00f6lner Tageszeitungsverlag muss \u20ac 10.000,00 an freien Mitarbeiter nachzahlen."},"content":{"rendered":"<p \"=\"\">Das OLG K\u00f6ln hat in zweiter Instanz den Anspruch eines freien Journalisten auf Zahlung einer angemessenen Verg\u00fctung best\u00e4tigt und den Verlag zu Zahlung von gut \u20ac 10.000,00 nebst Mehrwertsteuer und Zinsen verurteilt (Urt. v. 22.09.2017 \u2013 Az. 6 U 23\/17). Der Journalist hatte f\u00fcr seine im Zeitraum 2012 und 2013 f\u00fcr den Verlag erstellten Beitr\u00e4ge ein Honorar erhalten, das deutlich unterhalb den S\u00e4tze der Gemeinsamen Verg\u00fctungsregeln f\u00fcr hauptberufliche Journalistinnen und Journalisten an Tageszeitungen (GVR) lag. In den GVR haben sich Verleger- und Journalistenverb\u00e4nde auf angemessene Honorare f\u00fcr Bilder und Texte geeinigt. Die H\u00f6he der angemessenen Verg\u00fctung ist abh\u00e4ngig von der Auflage der Zeitung, bei Texten zudem von der Art des Beitrages und bei Bildern von der Abdruckgr\u00f6\u00dfe. Liegen die tats\u00e4chlich gezahlten Honorare \u2013 wie hier \u2013 unter den darin festgesetzten S\u00e4tzen, k\u00f6nnen freie Journalisten die Differenz zu dem angemessenen Honorar einklagen.<\/p>\n<p \"=\"\">Der Verlag hatte 18 bzw. 20 Cent pro Zeile und 10,23 Euro pro Bild gezahlt. Nach dem Urteil des OLG stehen dem Kl\u00e4ger aber f\u00fcr Bilder jeweils 32 Euro und f\u00fcr Texte 34 Cent pro Zeile zu.<\/p>\n<p \"=\"\">In der Berufung war neben Detailfragen zur H\u00f6he der Auflage und zur durchschnittlichen Zeilenl\u00e4nge vor allem die Frage zu kl\u00e4ren, ob die Berechnung des angemessenen Honorars auf der Grundlage von der Verg\u00fctung f\u00fcr Erst- oder Zweitdruckrechte zu erfolgen hatte. Erstdruckrechte werden nach den GVR rund 25% h\u00f6her verg\u00fctet als Zweitdruckrechte. Das Landgericht war der Auffassung, dass aufgrund der Zweifelsregelung des \u00a7 38 Abs. 3 S. 1 UrhG, die speziell f\u00fcr Zeitungsartikel gilt, von den schlechter dotierten Zweitdruckrechten auszugehen sei. Dagegen richtete sich der Kl\u00e4ger mit der Begr\u00fcndung, dass sein Vertrag eine \u201eKonkurrenzschutzklausel\u201c enthalten hatte, wonach er vertraglich daran gehindert gewesen sei, seine Beitr\u00e4ge im Verbreitungsgebiet auch anderen Wettbewerbern anzubieten.<\/p>\n<p \"=\"\">Das OLG schloss sich der Auffassung des Kl\u00e4gers an, dass sich daraus eine Rechteeinr\u00e4umung im Sinne eines Erstdruckrechtes ergebe, da es f\u00fcr lokale Zeitungsbeitr\u00e4ge keine anderen Abnehmer als Wettbewerber gebe. Insofern sei der Kl\u00e4ger an einer gleichzeitigen Zweitverwertung seiner Beitr\u00e4ge gehindert gewesen, so dass eine h\u00f6here Verg\u00fctung angemessen sei.<\/p>\n<p \"=\"\">Rechtsanw\u00e4ltin Dr. Frauke Schmid-Petersen:<\/p>\n<p \"=\"\">\u201e<i>Das OLG K\u00f6ln hat mit dieser Entscheidung einen weiteren Meilenstein f\u00fcr freie Journalisten gesetzt. Die Berechnung der angemessenen Verg\u00fctung auf der Grundlage des Erstdruckrechts war hier angezeigt, da der Verlag sich mit seiner Wettbewerbsklausel mehr als ein Zweitdruckrecht hat einr\u00e4umen lassen. Das hat das OLG nun erfreulicherweise anerkannt, was die dem Kl\u00e4ger zustehende Verg\u00fctung deutlich erh\u00f6ht.\u201c<\/i><\/p>\n<p \"=\"\">In weiteren von Dr. Schmid-Petersen betreuten Verfahren mit Anspr\u00fcchen auf Nachzahlungen sind j\u00fcngst Entscheidungen des Oberlandesgerichts D\u00fcsseldorf ergangen, wonach freien Journalisten ebenfalls erhebliche Nachzahlungen zustehen. Im vergangenen Jahr hatte der Kartellsenat des BGH die Nichtzulassungsbeschwerde eines Verlages gegen eine Entscheidung des OLG Hamm zur\u00fcckgewiesen. Der Verlag hatte sich darauf berufen, dass die Gemeinsamen Verg\u00fctungsregeln gegen EU-Kartellrecht versto\u00dfen w\u00fcrden (BGH KZR 75\/15).<\/p>\n","protected":false},"excerpt":{"rendered":"<p>Der Verlag hatte 18 bzw. 20 Cent pro Zeile und 10,23 Euro pro Bild gezahlt. Nach dem Urteil des OLG stehen dem Kl\u00e4ger aber f\u00fcr Bilder jeweils 32 Euro und f\u00fcr Texte 34 Cent pro Zeile zu. Das OLG schloss sich der Auffassung des Kl\u00e4gers an, dass sich daraus eine Rechteeinr\u00e4umung im Sinne eines Erstdruckrechtes [&hellip;]<\/p>\n","protected":false},"author":1,"featured_media":0,"comment_status":"closed","ping_status":"closed","sticky":false,"template":"","format":"standard","meta":{"_has_post_settings":[],"footnotes":""},"categories":[15],"tags":[],"hashtags":[],"ppma_author":[84],"class_list":["post-8354","post","type-post","status-publish","format-standard","hentry","category-news","author-hoecker_adm"],"yoast_head":"<!-- This site is optimized with the Yoast SEO Premium plugin v25.9 (Yoast SEO v27.0) - https:\/\/yoast.com\/product\/yoast-seo-premium-wordpress\/ -->\n<title>K\u00f6lner Tageszeitungsverlag muss \u20ac 10.000,00 an freien Mitarbeiter nachzahlen. - H\u00d6CKER - der Blog<\/title>\n<meta name=\"robots\" content=\"index, follow, max-snippet:-1, max-image-preview:large, max-video-preview:-1\" \/>\n<link rel=\"canonical\" href=\"https:\/\/www.hoecker.eu\/blog\/koelner-tageszeitungsverlag-muss-e-10-00000-an-freien-mitarbeiter-nachzahlen\/\" \/>\n<meta property=\"og:locale\" content=\"de_DE\" \/>\n<meta property=\"og:type\" content=\"article\" \/>\n<meta property=\"og:title\" content=\"K\u00f6lner Tageszeitungsverlag muss \u20ac 10.000,00 an freien Mitarbeiter nachzahlen.\" \/>\n<meta property=\"og:description\" content=\"Der Verlag hatte 18 bzw. 20 Cent pro Zeile und 10,23 Euro pro Bild gezahlt. Nach dem Urteil des OLG stehen dem Kl\u00e4ger aber f\u00fcr Bilder jeweils 32 Euro und f\u00fcr Texte 34 Cent pro Zeile zu. Das OLG schloss sich der Auffassung des Kl\u00e4gers an, dass sich daraus eine Rechteeinr\u00e4umung im Sinne eines Erstdruckrechtes [&hellip;]\" \/>\n<meta property=\"og:url\" content=\"https:\/\/www.hoecker.eu\/blog\/koelner-tageszeitungsverlag-muss-e-10-00000-an-freien-mitarbeiter-nachzahlen\/\" \/>\n<meta property=\"og:site_name\" content=\"H\u00d6CKER - der Blog\" \/>\n<meta property=\"article:publisher\" content=\"https:\/\/www.facebook.com\/HoeckerRAe\/\" \/>\n<meta property=\"article:author\" content=\"https:\/\/www.facebook.com\/ralf.hoecker\" \/>\n<meta property=\"article:published_time\" content=\"2017-11-15T12:57:38+00:00\" \/>\n<meta property=\"article:modified_time\" content=\"2025-02-17T13:56:46+00:00\" \/>\n<meta name=\"author\" content=\"Prof. Dr. Ralf H\u00f6cker\" \/>\n<meta name=\"twitter:card\" content=\"summary_large_image\" \/>\n<meta name=\"twitter:creator\" content=\"@Ralf_Hoecker\" \/>\n<meta name=\"twitter:site\" content=\"@hoecker_rae\" \/>\n<meta name=\"twitter:label1\" content=\"Verfasst von\" \/>\n\t<meta name=\"twitter:data1\" content=\"Prof. Dr. Ralf H\u00f6cker\" \/>\n\t<meta name=\"twitter:label2\" content=\"Gesch\u00e4tzte Lesezeit\" \/>\n\t<meta name=\"twitter:data2\" content=\"1\u00a0Minute\" \/>\n<script type=\"application\/ld+json\" class=\"yoast-schema-graph\">{\"@context\":\"https:\/\/schema.org\",\"@graph\":[{\"@type\":\"Article\",\"@id\":\"https:\/\/www.hoecker.eu\/blog\/koelner-tageszeitungsverlag-muss-e-10-00000-an-freien-mitarbeiter-nachzahlen\/#article\",\"isPartOf\":{\"@id\":\"https:\/\/www.hoecker.eu\/blog\/koelner-tageszeitungsverlag-muss-e-10-00000-an-freien-mitarbeiter-nachzahlen\/\"},\"author\":{\"name\":\"Prof. Dr. Ralf H\u00f6cker\",\"@id\":\"https:\/\/www.hoecker.eu\/blog\/#\/schema\/person\/08f95581eed0534eccd0b2438f7a1cab\"},\"headline\":\"K\u00f6lner Tageszeitungsverlag muss \u20ac 10.000,00 an freien Mitarbeiter nachzahlen.\",\"datePublished\":\"2017-11-15T12:57:38+00:00\",\"dateModified\":\"2025-02-17T13:56:46+00:00\",\"mainEntityOfPage\":{\"@id\":\"https:\/\/www.hoecker.eu\/blog\/koelner-tageszeitungsverlag-muss-e-10-00000-an-freien-mitarbeiter-nachzahlen\/\"},\"wordCount\":163,\"publisher\":{\"@id\":\"https:\/\/www.hoecker.eu\/blog\/#organization\"},\"articleSection\":[\"News\"],\"inLanguage\":\"de\"},{\"@type\":\"WebPage\",\"@id\":\"https:\/\/www.hoecker.eu\/blog\/koelner-tageszeitungsverlag-muss-e-10-00000-an-freien-mitarbeiter-nachzahlen\/\",\"url\":\"https:\/\/www.hoecker.eu\/blog\/koelner-tageszeitungsverlag-muss-e-10-00000-an-freien-mitarbeiter-nachzahlen\/\",\"name\":\"K\u00f6lner Tageszeitungsverlag muss \u20ac 10.000,00 an freien Mitarbeiter nachzahlen. - H\u00d6CKER - der Blog\",\"isPartOf\":{\"@id\":\"https:\/\/www.hoecker.eu\/blog\/#website\"},\"datePublished\":\"2017-11-15T12:57:38+00:00\",\"dateModified\":\"2025-02-17T13:56:46+00:00\",\"breadcrumb\":{\"@id\":\"https:\/\/www.hoecker.eu\/blog\/koelner-tageszeitungsverlag-muss-e-10-00000-an-freien-mitarbeiter-nachzahlen\/#breadcrumb\"},\"inLanguage\":\"de\",\"potentialAction\":[{\"@type\":\"ReadAction\",\"target\":[\"https:\/\/www.hoecker.eu\/blog\/koelner-tageszeitungsverlag-muss-e-10-00000-an-freien-mitarbeiter-nachzahlen\/\"]}]},{\"@type\":\"BreadcrumbList\",\"@id\":\"https:\/\/www.hoecker.eu\/blog\/koelner-tageszeitungsverlag-muss-e-10-00000-an-freien-mitarbeiter-nachzahlen\/#breadcrumb\",\"itemListElement\":[{\"@type\":\"ListItem\",\"position\":1,\"name\":\"Startseite\",\"item\":\"https:\/\/dev.hoecker.eu\/blog\/\"},{\"@type\":\"ListItem\",\"position\":2,\"name\":\"K\u00f6lner Tageszeitungsverlag muss \u20ac 10.000,00 an freien Mitarbeiter nachzahlen.\"}]},{\"@type\":\"WebSite\",\"@id\":\"https:\/\/www.hoecker.eu\/blog\/#website\",\"url\":\"https:\/\/www.hoecker.eu\/blog\/\",\"name\":\"H\u00d6CKER - der Blog\",\"description\":\"Expertenblog f\u00fcr \u00c4u\u00dferungs-, Medien-, Marken-, Urheber- und Wettbewerbsrecht.\",\"publisher\":{\"@id\":\"https:\/\/www.hoecker.eu\/blog\/#organization\"},\"potentialAction\":[{\"@type\":\"SearchAction\",\"target\":{\"@type\":\"EntryPoint\",\"urlTemplate\":\"https:\/\/www.hoecker.eu\/blog\/?s={search_term_string}\"},\"query-input\":{\"@type\":\"PropertyValueSpecification\",\"valueRequired\":true,\"valueName\":\"search_term_string\"}}],\"inLanguage\":\"de\"},{\"@type\":\"Organization\",\"@id\":\"https:\/\/www.hoecker.eu\/blog\/#organization\",\"name\":\"H\u00d6CKER Rechtsanw\u00e4lte PartGmbB\",\"alternateName\":\"H\u00d6CKER\",\"url\":\"https:\/\/www.hoecker.eu\/blog\/\",\"logo\":{\"@type\":\"ImageObject\",\"inLanguage\":\"de\",\"@id\":\"https:\/\/www.hoecker.eu\/blog\/#\/schema\/logo\/image\/\",\"url\":\"https:\/\/www.hoecker.eu\/blog\/wp-content\/uploads\/2025\/03\/Blog-Logo.webp\",\"contentUrl\":\"https:\/\/www.hoecker.eu\/blog\/wp-content\/uploads\/2025\/03\/Blog-Logo.webp\",\"width\":500,\"height\":500,\"caption\":\"H\u00d6CKER Rechtsanw\u00e4lte PartGmbB\"},\"image\":{\"@id\":\"https:\/\/www.hoecker.eu\/blog\/#\/schema\/logo\/image\/\"},\"sameAs\":[\"https:\/\/www.facebook.com\/HoeckerRAe\/\",\"https:\/\/x.com\/hoecker_rae\",\"https:\/\/www.linkedin.com\/company\/hcker-rechtsanwlte\/\",\"https:\/\/www.instagram.com\/hoecker_rae\/\"],\"email\":\"contact@hoecker.eu\",\"telephone\":\"+ 49 (0)221-933 19-10\",\"legalName\":\"H\u00d6CKER Rechtsanw\u00e4lte PartGmbB\",\"numberOfEmployees\":{\"@type\":\"QuantitativeValue\",\"minValue\":\"11\",\"maxValue\":\"50\"}},{\"@type\":\"Person\",\"@id\":\"https:\/\/www.hoecker.eu\/blog\/#\/schema\/person\/08f95581eed0534eccd0b2438f7a1cab\",\"name\":\"Prof. Dr. Ralf H\u00f6cker\",\"description\":\"Medienanwalt. Besch\u00fctzer vor mieser Presse\",\"sameAs\":[\"https:\/\/www.hoecker.eu\/wer\/prof-dr-ralf-hoecker\",\"https:\/\/www.facebook.com\/ralf.hoecker\",\"https:\/\/www.linkedin.com\/in\/prof-dr-ralf-hcker-ll-m-london-17987826\/\",\"https:\/\/x.com\/Ralf_Hoecker\"],\"url\":\"https:\/\/www.hoecker.eu\/blog\/author\/hoecker_adm\/\"}]}<\/script>\n<!-- \/ Yoast SEO Premium plugin. -->","yoast_head_json":{"title":"K\u00f6lner Tageszeitungsverlag muss \u20ac 10.000,00 an freien Mitarbeiter nachzahlen. - H\u00d6CKER - der Blog","robots":{"index":"index","follow":"follow","max-snippet":"max-snippet:-1","max-image-preview":"max-image-preview:large","max-video-preview":"max-video-preview:-1"},"canonical":"https:\/\/www.hoecker.eu\/blog\/koelner-tageszeitungsverlag-muss-e-10-00000-an-freien-mitarbeiter-nachzahlen\/","og_locale":"de_DE","og_type":"article","og_title":"K\u00f6lner Tageszeitungsverlag muss \u20ac 10.000,00 an freien Mitarbeiter nachzahlen.","og_description":"Der Verlag hatte 18 bzw. 20 Cent pro Zeile und 10,23 Euro pro Bild gezahlt. Nach dem Urteil des OLG stehen dem Kl\u00e4ger aber f\u00fcr Bilder jeweils 32 Euro und f\u00fcr Texte 34 Cent pro Zeile zu. Das OLG schloss sich der Auffassung des Kl\u00e4gers an, dass sich daraus eine Rechteeinr\u00e4umung im Sinne eines Erstdruckrechtes [&hellip;]","og_url":"https:\/\/www.hoecker.eu\/blog\/koelner-tageszeitungsverlag-muss-e-10-00000-an-freien-mitarbeiter-nachzahlen\/","og_site_name":"H\u00d6CKER - der Blog","article_publisher":"https:\/\/www.facebook.com\/HoeckerRAe\/","article_author":"https:\/\/www.facebook.com\/ralf.hoecker","article_published_time":"2017-11-15T12:57:38+00:00","article_modified_time":"2025-02-17T13:56:46+00:00","author":"Prof. Dr. Ralf H\u00f6cker","twitter_card":"summary_large_image","twitter_creator":"@Ralf_Hoecker","twitter_site":"@hoecker_rae","twitter_misc":{"Verfasst von":"Prof. Dr. Ralf H\u00f6cker","Gesch\u00e4tzte Lesezeit":"1\u00a0Minute"},"schema":{"@context":"https:\/\/schema.org","@graph":[{"@type":"Article","@id":"https:\/\/www.hoecker.eu\/blog\/koelner-tageszeitungsverlag-muss-e-10-00000-an-freien-mitarbeiter-nachzahlen\/#article","isPartOf":{"@id":"https:\/\/www.hoecker.eu\/blog\/koelner-tageszeitungsverlag-muss-e-10-00000-an-freien-mitarbeiter-nachzahlen\/"},"author":{"name":"Prof. Dr. Ralf H\u00f6cker","@id":"https:\/\/www.hoecker.eu\/blog\/#\/schema\/person\/08f95581eed0534eccd0b2438f7a1cab"},"headline":"K\u00f6lner Tageszeitungsverlag muss \u20ac 10.000,00 an freien Mitarbeiter nachzahlen.","datePublished":"2017-11-15T12:57:38+00:00","dateModified":"2025-02-17T13:56:46+00:00","mainEntityOfPage":{"@id":"https:\/\/www.hoecker.eu\/blog\/koelner-tageszeitungsverlag-muss-e-10-00000-an-freien-mitarbeiter-nachzahlen\/"},"wordCount":163,"publisher":{"@id":"https:\/\/www.hoecker.eu\/blog\/#organization"},"articleSection":["News"],"inLanguage":"de"},{"@type":"WebPage","@id":"https:\/\/www.hoecker.eu\/blog\/koelner-tageszeitungsverlag-muss-e-10-00000-an-freien-mitarbeiter-nachzahlen\/","url":"https:\/\/www.hoecker.eu\/blog\/koelner-tageszeitungsverlag-muss-e-10-00000-an-freien-mitarbeiter-nachzahlen\/","name":"K\u00f6lner Tageszeitungsverlag muss \u20ac 10.000,00 an freien Mitarbeiter nachzahlen. - H\u00d6CKER - der Blog","isPartOf":{"@id":"https:\/\/www.hoecker.eu\/blog\/#website"},"datePublished":"2017-11-15T12:57:38+00:00","dateModified":"2025-02-17T13:56:46+00:00","breadcrumb":{"@id":"https:\/\/www.hoecker.eu\/blog\/koelner-tageszeitungsverlag-muss-e-10-00000-an-freien-mitarbeiter-nachzahlen\/#breadcrumb"},"inLanguage":"de","potentialAction":[{"@type":"ReadAction","target":["https:\/\/www.hoecker.eu\/blog\/koelner-tageszeitungsverlag-muss-e-10-00000-an-freien-mitarbeiter-nachzahlen\/"]}]},{"@type":"BreadcrumbList","@id":"https:\/\/www.hoecker.eu\/blog\/koelner-tageszeitungsverlag-muss-e-10-00000-an-freien-mitarbeiter-nachzahlen\/#breadcrumb","itemListElement":[{"@type":"ListItem","position":1,"name":"Startseite","item":"https:\/\/dev.hoecker.eu\/blog\/"},{"@type":"ListItem","position":2,"name":"K\u00f6lner Tageszeitungsverlag muss \u20ac 10.000,00 an freien Mitarbeiter nachzahlen."}]},{"@type":"WebSite","@id":"https:\/\/www.hoecker.eu\/blog\/#website","url":"https:\/\/www.hoecker.eu\/blog\/","name":"H\u00d6CKER - der Blog","description":"Expertenblog f\u00fcr \u00c4u\u00dferungs-, Medien-, Marken-, Urheber- und Wettbewerbsrecht.","publisher":{"@id":"https:\/\/www.hoecker.eu\/blog\/#organization"},"potentialAction":[{"@type":"SearchAction","target":{"@type":"EntryPoint","urlTemplate":"https:\/\/www.hoecker.eu\/blog\/?s={search_term_string}"},"query-input":{"@type":"PropertyValueSpecification","valueRequired":true,"valueName":"search_term_string"}}],"inLanguage":"de"},{"@type":"Organization","@id":"https:\/\/www.hoecker.eu\/blog\/#organization","name":"H\u00d6CKER Rechtsanw\u00e4lte PartGmbB","alternateName":"H\u00d6CKER","url":"https:\/\/www.hoecker.eu\/blog\/","logo":{"@type":"ImageObject","inLanguage":"de","@id":"https:\/\/www.hoecker.eu\/blog\/#\/schema\/logo\/image\/","url":"https:\/\/www.hoecker.eu\/blog\/wp-content\/uploads\/2025\/03\/Blog-Logo.webp","contentUrl":"https:\/\/www.hoecker.eu\/blog\/wp-content\/uploads\/2025\/03\/Blog-Logo.webp","width":500,"height":500,"caption":"H\u00d6CKER Rechtsanw\u00e4lte PartGmbB"},"image":{"@id":"https:\/\/www.hoecker.eu\/blog\/#\/schema\/logo\/image\/"},"sameAs":["https:\/\/www.facebook.com\/HoeckerRAe\/","https:\/\/x.com\/hoecker_rae","https:\/\/www.linkedin.com\/company\/hcker-rechtsanwlte\/","https:\/\/www.instagram.com\/hoecker_rae\/"],"email":"contact@hoecker.eu","telephone":"+ 49 (0)221-933 19-10","legalName":"H\u00d6CKER Rechtsanw\u00e4lte PartGmbB","numberOfEmployees":{"@type":"QuantitativeValue","minValue":"11","maxValue":"50"}},{"@type":"Person","@id":"https:\/\/www.hoecker.eu\/blog\/#\/schema\/person\/08f95581eed0534eccd0b2438f7a1cab","name":"Prof. Dr. Ralf H\u00f6cker","description":"Medienanwalt. Besch\u00fctzer vor mieser Presse","sameAs":["https:\/\/www.hoecker.eu\/wer\/prof-dr-ralf-hoecker","https:\/\/www.facebook.com\/ralf.hoecker","https:\/\/www.linkedin.com\/in\/prof-dr-ralf-hcker-ll-m-london-17987826\/","https:\/\/x.com\/Ralf_Hoecker"],"url":"https:\/\/www.hoecker.eu\/blog\/author\/hoecker_adm\/"}]}},"authors":[{"term_id":84,"user_id":1,"is_guest":0,"slug":"hoecker_adm","display_name":"Prof. Dr. Ralf H\u00f6cker","avatar_url":{"url":"https:\/\/www.hoecker.eu\/blog\/wp-content\/uploads\/2023\/12\/ProfDrRalfHoecker.jpg","url2x":"https:\/\/www.hoecker.eu\/blog\/wp-content\/uploads\/2023\/12\/ProfDrRalfHoecker.jpg"},"0":null,"1":"","2":"","3":"","4":"","5":"","6":"","7":"","8":"","9":"","10":"","11":""}],"_links":{"self":[{"href":"https:\/\/www.hoecker.eu\/blog\/wp-json\/wp\/v2\/posts\/8354","targetHints":{"allow":["GET"]}}],"collection":[{"href":"https:\/\/www.hoecker.eu\/blog\/wp-json\/wp\/v2\/posts"}],"about":[{"href":"https:\/\/www.hoecker.eu\/blog\/wp-json\/wp\/v2\/types\/post"}],"author":[{"embeddable":true,"href":"https:\/\/www.hoecker.eu\/blog\/wp-json\/wp\/v2\/users\/1"}],"replies":[{"embeddable":true,"href":"https:\/\/www.hoecker.eu\/blog\/wp-json\/wp\/v2\/comments?post=8354"}],"version-history":[{"count":1,"href":"https:\/\/www.hoecker.eu\/blog\/wp-json\/wp\/v2\/posts\/8354\/revisions"}],"predecessor-version":[{"id":9476,"href":"https:\/\/www.hoecker.eu\/blog\/wp-json\/wp\/v2\/posts\/8354\/revisions\/9476"}],"wp:attachment":[{"href":"https:\/\/www.hoecker.eu\/blog\/wp-json\/wp\/v2\/media?parent=8354"}],"wp:term":[{"taxonomy":"category","embeddable":true,"href":"https:\/\/www.hoecker.eu\/blog\/wp-json\/wp\/v2\/categories?post=8354"},{"taxonomy":"post_tag","embeddable":true,"href":"https:\/\/www.hoecker.eu\/blog\/wp-json\/wp\/v2\/tags?post=8354"},{"taxonomy":"hashtags","embeddable":true,"href":"https:\/\/www.hoecker.eu\/blog\/wp-json\/wp\/v2\/hashtags?post=8354"},{"taxonomy":"author","embeddable":true,"href":"https:\/\/www.hoecker.eu\/blog\/wp-json\/wp\/v2\/ppma_author?post=8354"}],"curies":[{"name":"wp","href":"https:\/\/api.w.org\/{rel}","templated":true}]}}