{"id":8353,"date":"2017-11-15T13:59:00","date_gmt":"2017-11-15T12:59:00","guid":{"rendered":"https:\/\/www.hoecker.eu\/blog\/pressefotograf-erhaelt-e-12-00000-nachverguetung-und-zusaetzlich-e-8-00000-schadensersatz-fuer-die-verwendung-von-archivfotos\/"},"modified":"2025-02-17T14:56:45","modified_gmt":"2025-02-17T13:56:45","slug":"pressefotograf-erhaelt-e-12-00000-nachverguetung-und-zusaetzlich-e-8-00000-schadensersatz-fuer-die-verwendung-von-archivfotos","status":"publish","type":"post","link":"https:\/\/www.hoecker.eu\/blog\/pressefotograf-erhaelt-e-12-00000-nachverguetung-und-zusaetzlich-e-8-00000-schadensersatz-fuer-die-verwendung-von-archivfotos\/","title":{"rendered":"Pressefotograf erh\u00e4lt \u20ac 12.000,00 Nachverg\u00fctung und zus\u00e4tzlich \u20ac 8.000,00 Schadensersatz f\u00fcr die Verwendung von Archivfotos."},"content":{"rendered":"<p>Das OLG D\u00fcsseldorf hat einem Pressefotografen Schadensersatzanspr\u00fcche in H\u00f6he von rund \u20ac 8.000,00 f\u00fcr die mehrfache Verwendung seiner Bilder zugesprochen (Urt. v. 19.09.2017 \u2013 Az. I-20 U 141\/26). Der Fotograf hatte bereits erstinstanzlich erfolgreich auf Zahlung einer Nachverg\u00fctung f\u00fcr die Erstverwertung seiner Bilder nach \u00a7 32 UrhG geklagt (LG D\u00fcsseldorf, Urt. v. 12.10.2016 \u2013 Az. 12 O 523\/13). Das Landgericht hatte ihm Nachzahlungsanspr\u00fcche von rund \u20ac 12.000,00 (brutto) zugesprochen, da die Verg\u00fctung, die der gro\u00dfe nordrhein-westf\u00e4lische Zeitungsverlag gezahlt hatte, unterhalb der S\u00e4tze der Gemeinsamen Verg\u00fctungsregeln f\u00fcr hauptberufliche Journalistinnen und Journalisten an Tageszeitungen (GVR) gelegen hatte.<\/p>\n<p>Die GVR stellen den zwischen den Verleger- und Journalistenverb\u00e4nden im Wege eines Schiedsverfahrens erreichten Konsens \u00fcber die H\u00f6he der angemessenen Verg\u00fctung im Sinne von \u00a7 36 UrhG dar. Liegen die tats\u00e4chlich gezahlten Honorare unter den darin festgesetzten S\u00e4tzen, k\u00f6nnen freie Journalisten die Differenz zu dem angemessenen Honorar einklagen.<\/p>\n<p>Der Fotograf hatte f\u00fcr die Printverwertung \u20ac 16 pro Bild und f\u00fcr die Onlineverwertung einen Zuschlag von \u20ac 3 erhalten. In der Berufung war nur noch \u00fcber den gleichzeitig geltend gemachten Schadensersatzanspruch zu entscheiden, nachdem der Verlag der Verpflichtung zur Auskunft \u00fcber den Umfang der Zweitverwertung von Bildern des Kl\u00e4gers nachgekommen war. Das OLG best\u00e4tigte nun die Ansicht des Kl\u00e4gers, dass es an einer entsprechenden Einr\u00e4umung von Nutzungsrechten f\u00fcr die Zweitverwertung gefehlt habe. Dass der Kl\u00e4ger in Kenntnis der Zweitverwertung weiter Bilder angeboten habe, lasse nicht auf eine konkludente Rechteeinr\u00e4umung schlie\u00dfen. Vielmehr h\u00e4tte der Verlag sich dieser Rechte versichern m\u00fcssen. Da es dazu nicht gekommen sei, liege eine fahrl\u00e4ssige Urheberrechtsverletzung vor, die den Anspruch auf Schadensersatz begr\u00fcnde. Die Berechnung des Schadensersatzes nahm das Gericht im Wege einer Sch\u00e4tzung auf der Grundlage der MFM-Bedingungen vor, wonach f\u00fcr die wiederholte Nutzung von Bildern ein Zuschlag von 50% auf die Printverg\u00fctung zu zahlen sei.<\/p>\n<p>In weiteren betreuten Verfahren mit Anspr\u00fcchen auf Nachzahlungen sind j\u00fcngst Entscheidungen der Oberlandesgerichte D\u00fcsseldorf und K\u00f6ln ergangen, wonach freien Journalisten ebenfalls erhebliche Nachzahlungen zustehen. Im vergangenen Jahr hatte der Kartellsenat des BGH die Nichtzulassungsbeschwerde eines Verlages gegen eine Entscheidung des OLG Hamm zur\u00fcckgewiesen. Der Verlag hatte sich darauf berufen, dass die Gemeinsamen Verg\u00fctungsregeln gegen EU-Kartellrecht versto\u00dfen w\u00fcrden (BGH KZR 75\/15).<\/p>\n","protected":false},"excerpt":{"rendered":"<p>Das OLG D\u00fcsseldorf hat einem Pressefotografen Schadensersatzanspr\u00fcche in H\u00f6he von rund \u20ac 8.000,00 f\u00fcr die mehrfache Verwendung seiner Bilder zugesprochen (Urt. v. 19.09.2017 \u2013 Az. I-20 U 141\/26). Der Fotograf hatte bereits erstinstanzlich erfolgreich auf Zahlung einer Nachverg\u00fctung f\u00fcr die Erstverwertung seiner Bilder nach \u00a7 32 UrhG geklagt (LG D\u00fcsseldorf, Urt. v. 12.10.2016 \u2013 Az. [&hellip;]<\/p>\n","protected":false},"author":1,"featured_media":0,"comment_status":"closed","ping_status":"closed","sticky":false,"template":"","format":"standard","meta":{"_has_post_settings":[],"footnotes":""},"categories":[15],"tags":[],"hashtags":[],"ppma_author":[84],"class_list":["post-8353","post","type-post","status-publish","format-standard","hentry","category-news","author-hoecker_adm"],"yoast_head":"<!-- This site is optimized with the Yoast SEO Premium plugin v25.9 (Yoast SEO v27.0) - https:\/\/yoast.com\/product\/yoast-seo-premium-wordpress\/ -->\n<title>Pressefotograf erh\u00e4lt \u20ac 12.000,00 Nachverg\u00fctung und zus\u00e4tzlich \u20ac 8.000,00 Schadensersatz f\u00fcr die Verwendung von Archivfotos. - H\u00d6CKER - der Blog<\/title>\n<meta name=\"robots\" content=\"index, follow, max-snippet:-1, max-image-preview:large, max-video-preview:-1\" \/>\n<link rel=\"canonical\" href=\"https:\/\/www.hoecker.eu\/blog\/pressefotograf-erhaelt-e-12-00000-nachverguetung-und-zusaetzlich-e-8-00000-schadensersatz-fuer-die-verwendung-von-archivfotos\/\" \/>\n<meta property=\"og:locale\" content=\"de_DE\" \/>\n<meta property=\"og:type\" content=\"article\" \/>\n<meta property=\"og:title\" content=\"Pressefotograf erh\u00e4lt \u20ac 12.000,00 Nachverg\u00fctung und zus\u00e4tzlich \u20ac 8.000,00 Schadensersatz f\u00fcr die Verwendung von Archivfotos.\" \/>\n<meta property=\"og:description\" content=\"Das OLG D\u00fcsseldorf hat einem Pressefotografen Schadensersatzanspr\u00fcche in H\u00f6he von rund \u20ac 8.000,00 f\u00fcr die mehrfache Verwendung seiner Bilder zugesprochen (Urt. v. 19.09.2017 \u2013 Az. I-20 U 141\/26). Der Fotograf hatte bereits erstinstanzlich erfolgreich auf Zahlung einer Nachverg\u00fctung f\u00fcr die Erstverwertung seiner Bilder nach \u00a7 32 UrhG geklagt (LG D\u00fcsseldorf, Urt. v. 12.10.2016 \u2013 Az. [&hellip;]\" \/>\n<meta property=\"og:url\" content=\"https:\/\/www.hoecker.eu\/blog\/pressefotograf-erhaelt-e-12-00000-nachverguetung-und-zusaetzlich-e-8-00000-schadensersatz-fuer-die-verwendung-von-archivfotos\/\" \/>\n<meta property=\"og:site_name\" content=\"H\u00d6CKER - der Blog\" \/>\n<meta property=\"article:publisher\" content=\"https:\/\/www.facebook.com\/HoeckerRAe\/\" \/>\n<meta property=\"article:author\" content=\"https:\/\/www.facebook.com\/ralf.hoecker\" \/>\n<meta property=\"article:published_time\" content=\"2017-11-15T12:59:00+00:00\" \/>\n<meta property=\"article:modified_time\" content=\"2025-02-17T13:56:45+00:00\" \/>\n<meta name=\"author\" content=\"Prof. Dr. Ralf H\u00f6cker\" \/>\n<meta name=\"twitter:card\" content=\"summary_large_image\" \/>\n<meta name=\"twitter:creator\" content=\"@Ralf_Hoecker\" \/>\n<meta name=\"twitter:site\" content=\"@hoecker_rae\" \/>\n<meta name=\"twitter:label1\" content=\"Verfasst von\" \/>\n\t<meta name=\"twitter:data1\" content=\"Prof. Dr. Ralf H\u00f6cker\" \/>\n\t<meta name=\"twitter:label2\" content=\"Gesch\u00e4tzte Lesezeit\" \/>\n\t<meta name=\"twitter:data2\" content=\"2\u00a0Minuten\" \/>\n<script type=\"application\/ld+json\" class=\"yoast-schema-graph\">{\"@context\":\"https:\/\/schema.org\",\"@graph\":[{\"@type\":\"Article\",\"@id\":\"https:\/\/www.hoecker.eu\/blog\/pressefotograf-erhaelt-e-12-00000-nachverguetung-und-zusaetzlich-e-8-00000-schadensersatz-fuer-die-verwendung-von-archivfotos\/#article\",\"isPartOf\":{\"@id\":\"https:\/\/www.hoecker.eu\/blog\/pressefotograf-erhaelt-e-12-00000-nachverguetung-und-zusaetzlich-e-8-00000-schadensersatz-fuer-die-verwendung-von-archivfotos\/\"},\"author\":{\"name\":\"Prof. Dr. Ralf H\u00f6cker\",\"@id\":\"https:\/\/www.hoecker.eu\/blog\/#\/schema\/person\/08f95581eed0534eccd0b2438f7a1cab\"},\"headline\":\"Pressefotograf erh\u00e4lt \u20ac 12.000,00 Nachverg\u00fctung und zus\u00e4tzlich \u20ac 8.000,00 Schadensersatz f\u00fcr die Verwendung von Archivfotos.\",\"datePublished\":\"2017-11-15T12:59:00+00:00\",\"dateModified\":\"2025-02-17T13:56:45+00:00\",\"mainEntityOfPage\":{\"@id\":\"https:\/\/www.hoecker.eu\/blog\/pressefotograf-erhaelt-e-12-00000-nachverguetung-und-zusaetzlich-e-8-00000-schadensersatz-fuer-die-verwendung-von-archivfotos\/\"},\"wordCount\":393,\"publisher\":{\"@id\":\"https:\/\/www.hoecker.eu\/blog\/#organization\"},\"articleSection\":[\"News\"],\"inLanguage\":\"de\"},{\"@type\":\"WebPage\",\"@id\":\"https:\/\/www.hoecker.eu\/blog\/pressefotograf-erhaelt-e-12-00000-nachverguetung-und-zusaetzlich-e-8-00000-schadensersatz-fuer-die-verwendung-von-archivfotos\/\",\"url\":\"https:\/\/www.hoecker.eu\/blog\/pressefotograf-erhaelt-e-12-00000-nachverguetung-und-zusaetzlich-e-8-00000-schadensersatz-fuer-die-verwendung-von-archivfotos\/\",\"name\":\"Pressefotograf erh\u00e4lt \u20ac 12.000,00 Nachverg\u00fctung und zus\u00e4tzlich \u20ac 8.000,00 Schadensersatz f\u00fcr die Verwendung von Archivfotos. - H\u00d6CKER - der Blog\",\"isPartOf\":{\"@id\":\"https:\/\/www.hoecker.eu\/blog\/#website\"},\"datePublished\":\"2017-11-15T12:59:00+00:00\",\"dateModified\":\"2025-02-17T13:56:45+00:00\",\"breadcrumb\":{\"@id\":\"https:\/\/www.hoecker.eu\/blog\/pressefotograf-erhaelt-e-12-00000-nachverguetung-und-zusaetzlich-e-8-00000-schadensersatz-fuer-die-verwendung-von-archivfotos\/#breadcrumb\"},\"inLanguage\":\"de\",\"potentialAction\":[{\"@type\":\"ReadAction\",\"target\":[\"https:\/\/www.hoecker.eu\/blog\/pressefotograf-erhaelt-e-12-00000-nachverguetung-und-zusaetzlich-e-8-00000-schadensersatz-fuer-die-verwendung-von-archivfotos\/\"]}]},{\"@type\":\"BreadcrumbList\",\"@id\":\"https:\/\/www.hoecker.eu\/blog\/pressefotograf-erhaelt-e-12-00000-nachverguetung-und-zusaetzlich-e-8-00000-schadensersatz-fuer-die-verwendung-von-archivfotos\/#breadcrumb\",\"itemListElement\":[{\"@type\":\"ListItem\",\"position\":1,\"name\":\"Startseite\",\"item\":\"https:\/\/dev.hoecker.eu\/blog\/\"},{\"@type\":\"ListItem\",\"position\":2,\"name\":\"Pressefotograf erh\u00e4lt \u20ac 12.000,00 Nachverg\u00fctung und zus\u00e4tzlich \u20ac 8.000,00 Schadensersatz f\u00fcr die Verwendung von Archivfotos.\"}]},{\"@type\":\"WebSite\",\"@id\":\"https:\/\/www.hoecker.eu\/blog\/#website\",\"url\":\"https:\/\/www.hoecker.eu\/blog\/\",\"name\":\"H\u00d6CKER - der Blog\",\"description\":\"Expertenblog f\u00fcr \u00c4u\u00dferungs-, Medien-, Marken-, Urheber- und Wettbewerbsrecht.\",\"publisher\":{\"@id\":\"https:\/\/www.hoecker.eu\/blog\/#organization\"},\"potentialAction\":[{\"@type\":\"SearchAction\",\"target\":{\"@type\":\"EntryPoint\",\"urlTemplate\":\"https:\/\/www.hoecker.eu\/blog\/?s={search_term_string}\"},\"query-input\":{\"@type\":\"PropertyValueSpecification\",\"valueRequired\":true,\"valueName\":\"search_term_string\"}}],\"inLanguage\":\"de\"},{\"@type\":\"Organization\",\"@id\":\"https:\/\/www.hoecker.eu\/blog\/#organization\",\"name\":\"H\u00d6CKER Rechtsanw\u00e4lte PartGmbB\",\"alternateName\":\"H\u00d6CKER\",\"url\":\"https:\/\/www.hoecker.eu\/blog\/\",\"logo\":{\"@type\":\"ImageObject\",\"inLanguage\":\"de\",\"@id\":\"https:\/\/www.hoecker.eu\/blog\/#\/schema\/logo\/image\/\",\"url\":\"https:\/\/www.hoecker.eu\/blog\/wp-content\/uploads\/2025\/03\/Blog-Logo.webp\",\"contentUrl\":\"https:\/\/www.hoecker.eu\/blog\/wp-content\/uploads\/2025\/03\/Blog-Logo.webp\",\"width\":500,\"height\":500,\"caption\":\"H\u00d6CKER Rechtsanw\u00e4lte PartGmbB\"},\"image\":{\"@id\":\"https:\/\/www.hoecker.eu\/blog\/#\/schema\/logo\/image\/\"},\"sameAs\":[\"https:\/\/www.facebook.com\/HoeckerRAe\/\",\"https:\/\/x.com\/hoecker_rae\",\"https:\/\/www.linkedin.com\/company\/hcker-rechtsanwlte\/\",\"https:\/\/www.instagram.com\/hoecker_rae\/\"],\"email\":\"contact@hoecker.eu\",\"telephone\":\"+ 49 (0)221-933 19-10\",\"legalName\":\"H\u00d6CKER Rechtsanw\u00e4lte PartGmbB\",\"numberOfEmployees\":{\"@type\":\"QuantitativeValue\",\"minValue\":\"11\",\"maxValue\":\"50\"}},{\"@type\":\"Person\",\"@id\":\"https:\/\/www.hoecker.eu\/blog\/#\/schema\/person\/08f95581eed0534eccd0b2438f7a1cab\",\"name\":\"Prof. Dr. Ralf H\u00f6cker\",\"description\":\"Medienanwalt. Besch\u00fctzer vor mieser Presse\",\"sameAs\":[\"https:\/\/www.hoecker.eu\/wer\/prof-dr-ralf-hoecker\",\"https:\/\/www.facebook.com\/ralf.hoecker\",\"https:\/\/www.linkedin.com\/in\/prof-dr-ralf-hcker-ll-m-london-17987826\/\",\"https:\/\/x.com\/Ralf_Hoecker\"],\"url\":\"https:\/\/www.hoecker.eu\/blog\/author\/hoecker_adm\/\"}]}<\/script>\n<!-- \/ Yoast SEO Premium plugin. -->","yoast_head_json":{"title":"Pressefotograf erh\u00e4lt \u20ac 12.000,00 Nachverg\u00fctung und zus\u00e4tzlich \u20ac 8.000,00 Schadensersatz f\u00fcr die Verwendung von Archivfotos. - H\u00d6CKER - der Blog","robots":{"index":"index","follow":"follow","max-snippet":"max-snippet:-1","max-image-preview":"max-image-preview:large","max-video-preview":"max-video-preview:-1"},"canonical":"https:\/\/www.hoecker.eu\/blog\/pressefotograf-erhaelt-e-12-00000-nachverguetung-und-zusaetzlich-e-8-00000-schadensersatz-fuer-die-verwendung-von-archivfotos\/","og_locale":"de_DE","og_type":"article","og_title":"Pressefotograf erh\u00e4lt \u20ac 12.000,00 Nachverg\u00fctung und zus\u00e4tzlich \u20ac 8.000,00 Schadensersatz f\u00fcr die Verwendung von Archivfotos.","og_description":"Das OLG D\u00fcsseldorf hat einem Pressefotografen Schadensersatzanspr\u00fcche in H\u00f6he von rund \u20ac 8.000,00 f\u00fcr die mehrfache Verwendung seiner Bilder zugesprochen (Urt. v. 19.09.2017 \u2013 Az. I-20 U 141\/26). Der Fotograf hatte bereits erstinstanzlich erfolgreich auf Zahlung einer Nachverg\u00fctung f\u00fcr die Erstverwertung seiner Bilder nach \u00a7 32 UrhG geklagt (LG D\u00fcsseldorf, Urt. v. 12.10.2016 \u2013 Az. [&hellip;]","og_url":"https:\/\/www.hoecker.eu\/blog\/pressefotograf-erhaelt-e-12-00000-nachverguetung-und-zusaetzlich-e-8-00000-schadensersatz-fuer-die-verwendung-von-archivfotos\/","og_site_name":"H\u00d6CKER - der Blog","article_publisher":"https:\/\/www.facebook.com\/HoeckerRAe\/","article_author":"https:\/\/www.facebook.com\/ralf.hoecker","article_published_time":"2017-11-15T12:59:00+00:00","article_modified_time":"2025-02-17T13:56:45+00:00","author":"Prof. Dr. Ralf H\u00f6cker","twitter_card":"summary_large_image","twitter_creator":"@Ralf_Hoecker","twitter_site":"@hoecker_rae","twitter_misc":{"Verfasst von":"Prof. Dr. Ralf H\u00f6cker","Gesch\u00e4tzte Lesezeit":"2\u00a0Minuten"},"schema":{"@context":"https:\/\/schema.org","@graph":[{"@type":"Article","@id":"https:\/\/www.hoecker.eu\/blog\/pressefotograf-erhaelt-e-12-00000-nachverguetung-und-zusaetzlich-e-8-00000-schadensersatz-fuer-die-verwendung-von-archivfotos\/#article","isPartOf":{"@id":"https:\/\/www.hoecker.eu\/blog\/pressefotograf-erhaelt-e-12-00000-nachverguetung-und-zusaetzlich-e-8-00000-schadensersatz-fuer-die-verwendung-von-archivfotos\/"},"author":{"name":"Prof. Dr. Ralf H\u00f6cker","@id":"https:\/\/www.hoecker.eu\/blog\/#\/schema\/person\/08f95581eed0534eccd0b2438f7a1cab"},"headline":"Pressefotograf erh\u00e4lt \u20ac 12.000,00 Nachverg\u00fctung und zus\u00e4tzlich \u20ac 8.000,00 Schadensersatz f\u00fcr die Verwendung von Archivfotos.","datePublished":"2017-11-15T12:59:00+00:00","dateModified":"2025-02-17T13:56:45+00:00","mainEntityOfPage":{"@id":"https:\/\/www.hoecker.eu\/blog\/pressefotograf-erhaelt-e-12-00000-nachverguetung-und-zusaetzlich-e-8-00000-schadensersatz-fuer-die-verwendung-von-archivfotos\/"},"wordCount":393,"publisher":{"@id":"https:\/\/www.hoecker.eu\/blog\/#organization"},"articleSection":["News"],"inLanguage":"de"},{"@type":"WebPage","@id":"https:\/\/www.hoecker.eu\/blog\/pressefotograf-erhaelt-e-12-00000-nachverguetung-und-zusaetzlich-e-8-00000-schadensersatz-fuer-die-verwendung-von-archivfotos\/","url":"https:\/\/www.hoecker.eu\/blog\/pressefotograf-erhaelt-e-12-00000-nachverguetung-und-zusaetzlich-e-8-00000-schadensersatz-fuer-die-verwendung-von-archivfotos\/","name":"Pressefotograf erh\u00e4lt \u20ac 12.000,00 Nachverg\u00fctung und zus\u00e4tzlich \u20ac 8.000,00 Schadensersatz f\u00fcr die Verwendung von Archivfotos. - H\u00d6CKER - der Blog","isPartOf":{"@id":"https:\/\/www.hoecker.eu\/blog\/#website"},"datePublished":"2017-11-15T12:59:00+00:00","dateModified":"2025-02-17T13:56:45+00:00","breadcrumb":{"@id":"https:\/\/www.hoecker.eu\/blog\/pressefotograf-erhaelt-e-12-00000-nachverguetung-und-zusaetzlich-e-8-00000-schadensersatz-fuer-die-verwendung-von-archivfotos\/#breadcrumb"},"inLanguage":"de","potentialAction":[{"@type":"ReadAction","target":["https:\/\/www.hoecker.eu\/blog\/pressefotograf-erhaelt-e-12-00000-nachverguetung-und-zusaetzlich-e-8-00000-schadensersatz-fuer-die-verwendung-von-archivfotos\/"]}]},{"@type":"BreadcrumbList","@id":"https:\/\/www.hoecker.eu\/blog\/pressefotograf-erhaelt-e-12-00000-nachverguetung-und-zusaetzlich-e-8-00000-schadensersatz-fuer-die-verwendung-von-archivfotos\/#breadcrumb","itemListElement":[{"@type":"ListItem","position":1,"name":"Startseite","item":"https:\/\/dev.hoecker.eu\/blog\/"},{"@type":"ListItem","position":2,"name":"Pressefotograf erh\u00e4lt \u20ac 12.000,00 Nachverg\u00fctung und zus\u00e4tzlich \u20ac 8.000,00 Schadensersatz f\u00fcr die Verwendung von Archivfotos."}]},{"@type":"WebSite","@id":"https:\/\/www.hoecker.eu\/blog\/#website","url":"https:\/\/www.hoecker.eu\/blog\/","name":"H\u00d6CKER - der Blog","description":"Expertenblog f\u00fcr \u00c4u\u00dferungs-, Medien-, Marken-, Urheber- und Wettbewerbsrecht.","publisher":{"@id":"https:\/\/www.hoecker.eu\/blog\/#organization"},"potentialAction":[{"@type":"SearchAction","target":{"@type":"EntryPoint","urlTemplate":"https:\/\/www.hoecker.eu\/blog\/?s={search_term_string}"},"query-input":{"@type":"PropertyValueSpecification","valueRequired":true,"valueName":"search_term_string"}}],"inLanguage":"de"},{"@type":"Organization","@id":"https:\/\/www.hoecker.eu\/blog\/#organization","name":"H\u00d6CKER Rechtsanw\u00e4lte PartGmbB","alternateName":"H\u00d6CKER","url":"https:\/\/www.hoecker.eu\/blog\/","logo":{"@type":"ImageObject","inLanguage":"de","@id":"https:\/\/www.hoecker.eu\/blog\/#\/schema\/logo\/image\/","url":"https:\/\/www.hoecker.eu\/blog\/wp-content\/uploads\/2025\/03\/Blog-Logo.webp","contentUrl":"https:\/\/www.hoecker.eu\/blog\/wp-content\/uploads\/2025\/03\/Blog-Logo.webp","width":500,"height":500,"caption":"H\u00d6CKER Rechtsanw\u00e4lte PartGmbB"},"image":{"@id":"https:\/\/www.hoecker.eu\/blog\/#\/schema\/logo\/image\/"},"sameAs":["https:\/\/www.facebook.com\/HoeckerRAe\/","https:\/\/x.com\/hoecker_rae","https:\/\/www.linkedin.com\/company\/hcker-rechtsanwlte\/","https:\/\/www.instagram.com\/hoecker_rae\/"],"email":"contact@hoecker.eu","telephone":"+ 49 (0)221-933 19-10","legalName":"H\u00d6CKER Rechtsanw\u00e4lte PartGmbB","numberOfEmployees":{"@type":"QuantitativeValue","minValue":"11","maxValue":"50"}},{"@type":"Person","@id":"https:\/\/www.hoecker.eu\/blog\/#\/schema\/person\/08f95581eed0534eccd0b2438f7a1cab","name":"Prof. Dr. Ralf H\u00f6cker","description":"Medienanwalt. Besch\u00fctzer vor mieser Presse","sameAs":["https:\/\/www.hoecker.eu\/wer\/prof-dr-ralf-hoecker","https:\/\/www.facebook.com\/ralf.hoecker","https:\/\/www.linkedin.com\/in\/prof-dr-ralf-hcker-ll-m-london-17987826\/","https:\/\/x.com\/Ralf_Hoecker"],"url":"https:\/\/www.hoecker.eu\/blog\/author\/hoecker_adm\/"}]}},"authors":[{"term_id":84,"user_id":1,"is_guest":0,"slug":"hoecker_adm","display_name":"Prof. Dr. Ralf H\u00f6cker","avatar_url":{"url":"https:\/\/www.hoecker.eu\/blog\/wp-content\/uploads\/2023\/12\/ProfDrRalfHoecker.jpg","url2x":"https:\/\/www.hoecker.eu\/blog\/wp-content\/uploads\/2023\/12\/ProfDrRalfHoecker.jpg"},"0":null,"1":"","2":"","3":"","4":"","5":"","6":"","7":"","8":"","9":"","10":"","11":""}],"_links":{"self":[{"href":"https:\/\/www.hoecker.eu\/blog\/wp-json\/wp\/v2\/posts\/8353","targetHints":{"allow":["GET"]}}],"collection":[{"href":"https:\/\/www.hoecker.eu\/blog\/wp-json\/wp\/v2\/posts"}],"about":[{"href":"https:\/\/www.hoecker.eu\/blog\/wp-json\/wp\/v2\/types\/post"}],"author":[{"embeddable":true,"href":"https:\/\/www.hoecker.eu\/blog\/wp-json\/wp\/v2\/users\/1"}],"replies":[{"embeddable":true,"href":"https:\/\/www.hoecker.eu\/blog\/wp-json\/wp\/v2\/comments?post=8353"}],"version-history":[{"count":1,"href":"https:\/\/www.hoecker.eu\/blog\/wp-json\/wp\/v2\/posts\/8353\/revisions"}],"predecessor-version":[{"id":9475,"href":"https:\/\/www.hoecker.eu\/blog\/wp-json\/wp\/v2\/posts\/8353\/revisions\/9475"}],"wp:attachment":[{"href":"https:\/\/www.hoecker.eu\/blog\/wp-json\/wp\/v2\/media?parent=8353"}],"wp:term":[{"taxonomy":"category","embeddable":true,"href":"https:\/\/www.hoecker.eu\/blog\/wp-json\/wp\/v2\/categories?post=8353"},{"taxonomy":"post_tag","embeddable":true,"href":"https:\/\/www.hoecker.eu\/blog\/wp-json\/wp\/v2\/tags?post=8353"},{"taxonomy":"hashtags","embeddable":true,"href":"https:\/\/www.hoecker.eu\/blog\/wp-json\/wp\/v2\/hashtags?post=8353"},{"taxonomy":"author","embeddable":true,"href":"https:\/\/www.hoecker.eu\/blog\/wp-json\/wp\/v2\/ppma_author?post=8353"}],"curies":[{"name":"wp","href":"https:\/\/api.w.org\/{rel}","templated":true}]}}