{"id":8352,"date":"2017-11-15T14:01:00","date_gmt":"2017-11-15T13:01:00","guid":{"rendered":"https:\/\/www.hoecker.eu\/blog\/verlag-muss-lokaljournalisten-eine-angemessene-nachverguetung-in-hoehe-von-e-16-00000-zahlen\/"},"modified":"2025-02-17T14:56:44","modified_gmt":"2025-02-17T13:56:44","slug":"verlag-muss-lokaljournalisten-eine-angemessene-nachverguetung-in-hoehe-von-e-16-00000-zahlen","status":"publish","type":"post","link":"https:\/\/www.hoecker.eu\/blog\/verlag-muss-lokaljournalisten-eine-angemessene-nachverguetung-in-hoehe-von-e-16-00000-zahlen\/","title":{"rendered":"Verlag muss Lokaljournalisten eine angemessene Nachverg\u00fctung in H\u00f6he von \u20ac 16.000,00 zahlen."},"content":{"rendered":"<p>\u20ac 16.000,00 muss ein nordrhein-westf\u00e4lischer Zeitungsverlag an einen Lokaljournalisten nachzahlen. Dies ist das Ergebnis eines gerichtlichen Vergleichs, nachdem H\u00d6CKER f\u00fcr den Journalisten Anspr\u00fcche auf angemessene Verg\u00fctung nach dem Urheberrechtsgesetz f\u00fcr die zur\u00fcckliegende 3 Jahre vor dem Landgericht Bochum geltend gemacht hatte. Au\u00dferdem waren Schadensersatzanspr\u00fcche f\u00fcr unberechtigte Zweit- und Onlinever\u00f6ffentlichungen erhoben worden. In der m\u00fcndlichen Verhandlung vor dem Landgericht Bochum hatte sich der Verlag zu der Zahlung bereit erkl\u00e4rt, nachdem das Gericht die Anspr\u00fcche dem Grunde nach als begr\u00fcndet angesehen hatte.<\/p>\n<p>Der als Autor und Fotograf t\u00e4tige freie Mitarbeiter hatte f\u00fcr seine Leistungen Honorare erhalten, die deutlich unterhalb dessen lagen, was nach den Gemeinsamen Verg\u00fctungsregeln f\u00fcr freie Journalistinnen und Journalisten an Tageszeitungen (GVR) zu zahlen gewesen w\u00e4re. Die GVR bilden die Vorstellungen der beteiligten Verb\u00e4nde \u00fcber die H\u00f6he der angemessenen Verg\u00fctung f\u00fcr freie Journalisten und Journalistinnen ab. F\u00fcr Texte hatte der Verlag in der Regel ein Zeilenhonorar von nur \u20ac 0,08 und f\u00fcr Bilder ein Honorar von \u20ac 7,70 gezahlt. Auch die an ihn f\u00fcr einzelne Tage gezahlte Tagespauschale erreichte die als angemessen anzusehende Verg\u00fctung f\u00fcr die erstellten Beitr\u00e4ge in der Regel nicht.<\/p>\n<p>Obwohl der Verlag nicht Mitglied des BDZV war und die Hauptberuflichkeit des Kl\u00e4gers bestritten hatte, sah das Gericht die GVR als anwendbar an, mindestens als Orientierungshilfe.<\/p>\n<p>In weiteren betreuten Verfahren mit Anspr\u00fcchen auf Nachzahlungen sind j\u00fcngst Entscheidungen der Oberlandesgerichte D\u00fcsseldorf und K\u00f6ln ergangen, wonach den freien Mitarbeitern erhebliche Nachzahlungen zustehen. Im vergangenen Jahr hatte der Kartellsenat des BGH die Nichtzulassungsbeschwerde eines Verlages gegen eine Entscheidung des OLG Hamm zur\u00fcckgewiesen. Der Verlag hatte sich darauf berufen, dass die Gemeinsamen Verg\u00fctungsregeln gegen EU-Kartellrecht versto\u00dfen w\u00fcrden (BGH KZR 75\/15).<\/p>\n","protected":false},"excerpt":{"rendered":"<p>\u20ac 16.000,00 muss ein nordrhein-westf\u00e4lischer Zeitungsverlag an einen Lokaljournalisten nachzahlen. Dies ist das Ergebnis eines gerichtlichen Vergleichs, nachdem H\u00d6CKER f\u00fcr den Journalisten Anspr\u00fcche auf angemessene Verg\u00fctung nach dem Urheberrechtsgesetz f\u00fcr die zur\u00fcckliegende 3 Jahre vor dem Landgericht Bochum geltend gemacht hatte. Au\u00dferdem waren Schadensersatzanspr\u00fcche f\u00fcr unberechtigte Zweit- und Onlinever\u00f6ffentlichungen erhoben worden. In der m\u00fcndlichen Verhandlung [&hellip;]<\/p>\n","protected":false},"author":1,"featured_media":0,"comment_status":"closed","ping_status":"closed","sticky":false,"template":"","format":"standard","meta":{"_has_post_settings":[],"footnotes":""},"categories":[15],"tags":[],"hashtags":[],"ppma_author":[84],"class_list":["post-8352","post","type-post","status-publish","format-standard","hentry","category-news","author-hoecker_adm"],"yoast_head":"<!-- This site is optimized with the Yoast SEO Premium plugin v25.9 (Yoast SEO v27.0) - https:\/\/yoast.com\/product\/yoast-seo-premium-wordpress\/ -->\n<title>Verlag muss Lokaljournalisten eine angemessene Nachverg\u00fctung in H\u00f6he von \u20ac 16.000,00 zahlen. - H\u00d6CKER - der Blog<\/title>\n<meta name=\"robots\" content=\"index, follow, max-snippet:-1, max-image-preview:large, max-video-preview:-1\" \/>\n<link rel=\"canonical\" href=\"https:\/\/www.hoecker.eu\/blog\/verlag-muss-lokaljournalisten-eine-angemessene-nachverguetung-in-hoehe-von-e-16-00000-zahlen\/\" \/>\n<meta property=\"og:locale\" content=\"de_DE\" \/>\n<meta property=\"og:type\" content=\"article\" \/>\n<meta property=\"og:title\" content=\"Verlag muss Lokaljournalisten eine angemessene Nachverg\u00fctung in H\u00f6he von \u20ac 16.000,00 zahlen.\" \/>\n<meta property=\"og:description\" content=\"\u20ac 16.000,00 muss ein nordrhein-westf\u00e4lischer Zeitungsverlag an einen Lokaljournalisten nachzahlen. Dies ist das Ergebnis eines gerichtlichen Vergleichs, nachdem H\u00d6CKER f\u00fcr den Journalisten Anspr\u00fcche auf angemessene Verg\u00fctung nach dem Urheberrechtsgesetz f\u00fcr die zur\u00fcckliegende 3 Jahre vor dem Landgericht Bochum geltend gemacht hatte. Au\u00dferdem waren Schadensersatzanspr\u00fcche f\u00fcr unberechtigte Zweit- und Onlinever\u00f6ffentlichungen erhoben worden. In der m\u00fcndlichen Verhandlung [&hellip;]\" \/>\n<meta property=\"og:url\" content=\"https:\/\/www.hoecker.eu\/blog\/verlag-muss-lokaljournalisten-eine-angemessene-nachverguetung-in-hoehe-von-e-16-00000-zahlen\/\" \/>\n<meta property=\"og:site_name\" content=\"H\u00d6CKER - der Blog\" \/>\n<meta property=\"article:publisher\" content=\"https:\/\/www.facebook.com\/HoeckerRAe\/\" \/>\n<meta property=\"article:author\" content=\"https:\/\/www.facebook.com\/ralf.hoecker\" \/>\n<meta property=\"article:published_time\" content=\"2017-11-15T13:01:00+00:00\" \/>\n<meta property=\"article:modified_time\" content=\"2025-02-17T13:56:44+00:00\" \/>\n<meta name=\"author\" content=\"Prof. Dr. Ralf H\u00f6cker\" \/>\n<meta name=\"twitter:card\" content=\"summary_large_image\" \/>\n<meta name=\"twitter:creator\" content=\"@Ralf_Hoecker\" \/>\n<meta name=\"twitter:site\" content=\"@hoecker_rae\" \/>\n<meta name=\"twitter:label1\" content=\"Verfasst von\" \/>\n\t<meta name=\"twitter:data1\" content=\"Prof. Dr. Ralf H\u00f6cker\" \/>\n\t<meta name=\"twitter:label2\" content=\"Gesch\u00e4tzte Lesezeit\" \/>\n\t<meta name=\"twitter:data2\" content=\"1\u00a0Minute\" \/>\n<script type=\"application\/ld+json\" class=\"yoast-schema-graph\">{\"@context\":\"https:\/\/schema.org\",\"@graph\":[{\"@type\":\"Article\",\"@id\":\"https:\/\/www.hoecker.eu\/blog\/verlag-muss-lokaljournalisten-eine-angemessene-nachverguetung-in-hoehe-von-e-16-00000-zahlen\/#article\",\"isPartOf\":{\"@id\":\"https:\/\/www.hoecker.eu\/blog\/verlag-muss-lokaljournalisten-eine-angemessene-nachverguetung-in-hoehe-von-e-16-00000-zahlen\/\"},\"author\":{\"name\":\"Prof. Dr. Ralf H\u00f6cker\",\"@id\":\"https:\/\/www.hoecker.eu\/blog\/#\/schema\/person\/08f95581eed0534eccd0b2438f7a1cab\"},\"headline\":\"Verlag muss Lokaljournalisten eine angemessene Nachverg\u00fctung in H\u00f6he von \u20ac 16.000,00 zahlen.\",\"datePublished\":\"2017-11-15T13:01:00+00:00\",\"dateModified\":\"2025-02-17T13:56:44+00:00\",\"mainEntityOfPage\":{\"@id\":\"https:\/\/www.hoecker.eu\/blog\/verlag-muss-lokaljournalisten-eine-angemessene-nachverguetung-in-hoehe-von-e-16-00000-zahlen\/\"},\"wordCount\":311,\"publisher\":{\"@id\":\"https:\/\/www.hoecker.eu\/blog\/#organization\"},\"articleSection\":[\"News\"],\"inLanguage\":\"de\"},{\"@type\":\"WebPage\",\"@id\":\"https:\/\/www.hoecker.eu\/blog\/verlag-muss-lokaljournalisten-eine-angemessene-nachverguetung-in-hoehe-von-e-16-00000-zahlen\/\",\"url\":\"https:\/\/www.hoecker.eu\/blog\/verlag-muss-lokaljournalisten-eine-angemessene-nachverguetung-in-hoehe-von-e-16-00000-zahlen\/\",\"name\":\"Verlag muss Lokaljournalisten eine angemessene Nachverg\u00fctung in H\u00f6he von \u20ac 16.000,00 zahlen. - H\u00d6CKER - der Blog\",\"isPartOf\":{\"@id\":\"https:\/\/www.hoecker.eu\/blog\/#website\"},\"datePublished\":\"2017-11-15T13:01:00+00:00\",\"dateModified\":\"2025-02-17T13:56:44+00:00\",\"breadcrumb\":{\"@id\":\"https:\/\/www.hoecker.eu\/blog\/verlag-muss-lokaljournalisten-eine-angemessene-nachverguetung-in-hoehe-von-e-16-00000-zahlen\/#breadcrumb\"},\"inLanguage\":\"de\",\"potentialAction\":[{\"@type\":\"ReadAction\",\"target\":[\"https:\/\/www.hoecker.eu\/blog\/verlag-muss-lokaljournalisten-eine-angemessene-nachverguetung-in-hoehe-von-e-16-00000-zahlen\/\"]}]},{\"@type\":\"BreadcrumbList\",\"@id\":\"https:\/\/www.hoecker.eu\/blog\/verlag-muss-lokaljournalisten-eine-angemessene-nachverguetung-in-hoehe-von-e-16-00000-zahlen\/#breadcrumb\",\"itemListElement\":[{\"@type\":\"ListItem\",\"position\":1,\"name\":\"Startseite\",\"item\":\"https:\/\/dev.hoecker.eu\/blog\/\"},{\"@type\":\"ListItem\",\"position\":2,\"name\":\"Verlag muss Lokaljournalisten eine angemessene Nachverg\u00fctung in H\u00f6he von \u20ac 16.000,00 zahlen.\"}]},{\"@type\":\"WebSite\",\"@id\":\"https:\/\/www.hoecker.eu\/blog\/#website\",\"url\":\"https:\/\/www.hoecker.eu\/blog\/\",\"name\":\"H\u00d6CKER - der Blog\",\"description\":\"Expertenblog f\u00fcr \u00c4u\u00dferungs-, Medien-, Marken-, Urheber- und Wettbewerbsrecht.\",\"publisher\":{\"@id\":\"https:\/\/www.hoecker.eu\/blog\/#organization\"},\"potentialAction\":[{\"@type\":\"SearchAction\",\"target\":{\"@type\":\"EntryPoint\",\"urlTemplate\":\"https:\/\/www.hoecker.eu\/blog\/?s={search_term_string}\"},\"query-input\":{\"@type\":\"PropertyValueSpecification\",\"valueRequired\":true,\"valueName\":\"search_term_string\"}}],\"inLanguage\":\"de\"},{\"@type\":\"Organization\",\"@id\":\"https:\/\/www.hoecker.eu\/blog\/#organization\",\"name\":\"H\u00d6CKER Rechtsanw\u00e4lte PartGmbB\",\"alternateName\":\"H\u00d6CKER\",\"url\":\"https:\/\/www.hoecker.eu\/blog\/\",\"logo\":{\"@type\":\"ImageObject\",\"inLanguage\":\"de\",\"@id\":\"https:\/\/www.hoecker.eu\/blog\/#\/schema\/logo\/image\/\",\"url\":\"https:\/\/www.hoecker.eu\/blog\/wp-content\/uploads\/2025\/03\/Blog-Logo.webp\",\"contentUrl\":\"https:\/\/www.hoecker.eu\/blog\/wp-content\/uploads\/2025\/03\/Blog-Logo.webp\",\"width\":500,\"height\":500,\"caption\":\"H\u00d6CKER Rechtsanw\u00e4lte PartGmbB\"},\"image\":{\"@id\":\"https:\/\/www.hoecker.eu\/blog\/#\/schema\/logo\/image\/\"},\"sameAs\":[\"https:\/\/www.facebook.com\/HoeckerRAe\/\",\"https:\/\/x.com\/hoecker_rae\",\"https:\/\/www.linkedin.com\/company\/hcker-rechtsanwlte\/\",\"https:\/\/www.instagram.com\/hoecker_rae\/\"],\"email\":\"contact@hoecker.eu\",\"telephone\":\"+ 49 (0)221-933 19-10\",\"legalName\":\"H\u00d6CKER Rechtsanw\u00e4lte PartGmbB\",\"numberOfEmployees\":{\"@type\":\"QuantitativeValue\",\"minValue\":\"11\",\"maxValue\":\"50\"}},{\"@type\":\"Person\",\"@id\":\"https:\/\/www.hoecker.eu\/blog\/#\/schema\/person\/08f95581eed0534eccd0b2438f7a1cab\",\"name\":\"Prof. Dr. Ralf H\u00f6cker\",\"description\":\"Medienanwalt. Besch\u00fctzer vor mieser Presse\",\"sameAs\":[\"https:\/\/www.hoecker.eu\/wer\/prof-dr-ralf-hoecker\",\"https:\/\/www.facebook.com\/ralf.hoecker\",\"https:\/\/www.linkedin.com\/in\/prof-dr-ralf-hcker-ll-m-london-17987826\/\",\"https:\/\/x.com\/Ralf_Hoecker\"],\"url\":\"https:\/\/www.hoecker.eu\/blog\/author\/hoecker_adm\/\"}]}<\/script>\n<!-- \/ Yoast SEO Premium plugin. -->","yoast_head_json":{"title":"Verlag muss Lokaljournalisten eine angemessene Nachverg\u00fctung in H\u00f6he von \u20ac 16.000,00 zahlen. - H\u00d6CKER - der Blog","robots":{"index":"index","follow":"follow","max-snippet":"max-snippet:-1","max-image-preview":"max-image-preview:large","max-video-preview":"max-video-preview:-1"},"canonical":"https:\/\/www.hoecker.eu\/blog\/verlag-muss-lokaljournalisten-eine-angemessene-nachverguetung-in-hoehe-von-e-16-00000-zahlen\/","og_locale":"de_DE","og_type":"article","og_title":"Verlag muss Lokaljournalisten eine angemessene Nachverg\u00fctung in H\u00f6he von \u20ac 16.000,00 zahlen.","og_description":"\u20ac 16.000,00 muss ein nordrhein-westf\u00e4lischer Zeitungsverlag an einen Lokaljournalisten nachzahlen. Dies ist das Ergebnis eines gerichtlichen Vergleichs, nachdem H\u00d6CKER f\u00fcr den Journalisten Anspr\u00fcche auf angemessene Verg\u00fctung nach dem Urheberrechtsgesetz f\u00fcr die zur\u00fcckliegende 3 Jahre vor dem Landgericht Bochum geltend gemacht hatte. Au\u00dferdem waren Schadensersatzanspr\u00fcche f\u00fcr unberechtigte Zweit- und Onlinever\u00f6ffentlichungen erhoben worden. In der m\u00fcndlichen Verhandlung [&hellip;]","og_url":"https:\/\/www.hoecker.eu\/blog\/verlag-muss-lokaljournalisten-eine-angemessene-nachverguetung-in-hoehe-von-e-16-00000-zahlen\/","og_site_name":"H\u00d6CKER - der Blog","article_publisher":"https:\/\/www.facebook.com\/HoeckerRAe\/","article_author":"https:\/\/www.facebook.com\/ralf.hoecker","article_published_time":"2017-11-15T13:01:00+00:00","article_modified_time":"2025-02-17T13:56:44+00:00","author":"Prof. Dr. Ralf H\u00f6cker","twitter_card":"summary_large_image","twitter_creator":"@Ralf_Hoecker","twitter_site":"@hoecker_rae","twitter_misc":{"Verfasst von":"Prof. Dr. Ralf H\u00f6cker","Gesch\u00e4tzte Lesezeit":"1\u00a0Minute"},"schema":{"@context":"https:\/\/schema.org","@graph":[{"@type":"Article","@id":"https:\/\/www.hoecker.eu\/blog\/verlag-muss-lokaljournalisten-eine-angemessene-nachverguetung-in-hoehe-von-e-16-00000-zahlen\/#article","isPartOf":{"@id":"https:\/\/www.hoecker.eu\/blog\/verlag-muss-lokaljournalisten-eine-angemessene-nachverguetung-in-hoehe-von-e-16-00000-zahlen\/"},"author":{"name":"Prof. Dr. Ralf H\u00f6cker","@id":"https:\/\/www.hoecker.eu\/blog\/#\/schema\/person\/08f95581eed0534eccd0b2438f7a1cab"},"headline":"Verlag muss Lokaljournalisten eine angemessene Nachverg\u00fctung in H\u00f6he von \u20ac 16.000,00 zahlen.","datePublished":"2017-11-15T13:01:00+00:00","dateModified":"2025-02-17T13:56:44+00:00","mainEntityOfPage":{"@id":"https:\/\/www.hoecker.eu\/blog\/verlag-muss-lokaljournalisten-eine-angemessene-nachverguetung-in-hoehe-von-e-16-00000-zahlen\/"},"wordCount":311,"publisher":{"@id":"https:\/\/www.hoecker.eu\/blog\/#organization"},"articleSection":["News"],"inLanguage":"de"},{"@type":"WebPage","@id":"https:\/\/www.hoecker.eu\/blog\/verlag-muss-lokaljournalisten-eine-angemessene-nachverguetung-in-hoehe-von-e-16-00000-zahlen\/","url":"https:\/\/www.hoecker.eu\/blog\/verlag-muss-lokaljournalisten-eine-angemessene-nachverguetung-in-hoehe-von-e-16-00000-zahlen\/","name":"Verlag muss Lokaljournalisten eine angemessene Nachverg\u00fctung in H\u00f6he von \u20ac 16.000,00 zahlen. - H\u00d6CKER - der Blog","isPartOf":{"@id":"https:\/\/www.hoecker.eu\/blog\/#website"},"datePublished":"2017-11-15T13:01:00+00:00","dateModified":"2025-02-17T13:56:44+00:00","breadcrumb":{"@id":"https:\/\/www.hoecker.eu\/blog\/verlag-muss-lokaljournalisten-eine-angemessene-nachverguetung-in-hoehe-von-e-16-00000-zahlen\/#breadcrumb"},"inLanguage":"de","potentialAction":[{"@type":"ReadAction","target":["https:\/\/www.hoecker.eu\/blog\/verlag-muss-lokaljournalisten-eine-angemessene-nachverguetung-in-hoehe-von-e-16-00000-zahlen\/"]}]},{"@type":"BreadcrumbList","@id":"https:\/\/www.hoecker.eu\/blog\/verlag-muss-lokaljournalisten-eine-angemessene-nachverguetung-in-hoehe-von-e-16-00000-zahlen\/#breadcrumb","itemListElement":[{"@type":"ListItem","position":1,"name":"Startseite","item":"https:\/\/dev.hoecker.eu\/blog\/"},{"@type":"ListItem","position":2,"name":"Verlag muss Lokaljournalisten eine angemessene Nachverg\u00fctung in H\u00f6he von \u20ac 16.000,00 zahlen."}]},{"@type":"WebSite","@id":"https:\/\/www.hoecker.eu\/blog\/#website","url":"https:\/\/www.hoecker.eu\/blog\/","name":"H\u00d6CKER - der Blog","description":"Expertenblog f\u00fcr \u00c4u\u00dferungs-, Medien-, Marken-, Urheber- und Wettbewerbsrecht.","publisher":{"@id":"https:\/\/www.hoecker.eu\/blog\/#organization"},"potentialAction":[{"@type":"SearchAction","target":{"@type":"EntryPoint","urlTemplate":"https:\/\/www.hoecker.eu\/blog\/?s={search_term_string}"},"query-input":{"@type":"PropertyValueSpecification","valueRequired":true,"valueName":"search_term_string"}}],"inLanguage":"de"},{"@type":"Organization","@id":"https:\/\/www.hoecker.eu\/blog\/#organization","name":"H\u00d6CKER Rechtsanw\u00e4lte PartGmbB","alternateName":"H\u00d6CKER","url":"https:\/\/www.hoecker.eu\/blog\/","logo":{"@type":"ImageObject","inLanguage":"de","@id":"https:\/\/www.hoecker.eu\/blog\/#\/schema\/logo\/image\/","url":"https:\/\/www.hoecker.eu\/blog\/wp-content\/uploads\/2025\/03\/Blog-Logo.webp","contentUrl":"https:\/\/www.hoecker.eu\/blog\/wp-content\/uploads\/2025\/03\/Blog-Logo.webp","width":500,"height":500,"caption":"H\u00d6CKER Rechtsanw\u00e4lte PartGmbB"},"image":{"@id":"https:\/\/www.hoecker.eu\/blog\/#\/schema\/logo\/image\/"},"sameAs":["https:\/\/www.facebook.com\/HoeckerRAe\/","https:\/\/x.com\/hoecker_rae","https:\/\/www.linkedin.com\/company\/hcker-rechtsanwlte\/","https:\/\/www.instagram.com\/hoecker_rae\/"],"email":"contact@hoecker.eu","telephone":"+ 49 (0)221-933 19-10","legalName":"H\u00d6CKER Rechtsanw\u00e4lte PartGmbB","numberOfEmployees":{"@type":"QuantitativeValue","minValue":"11","maxValue":"50"}},{"@type":"Person","@id":"https:\/\/www.hoecker.eu\/blog\/#\/schema\/person\/08f95581eed0534eccd0b2438f7a1cab","name":"Prof. Dr. Ralf H\u00f6cker","description":"Medienanwalt. Besch\u00fctzer vor mieser Presse","sameAs":["https:\/\/www.hoecker.eu\/wer\/prof-dr-ralf-hoecker","https:\/\/www.facebook.com\/ralf.hoecker","https:\/\/www.linkedin.com\/in\/prof-dr-ralf-hcker-ll-m-london-17987826\/","https:\/\/x.com\/Ralf_Hoecker"],"url":"https:\/\/www.hoecker.eu\/blog\/author\/hoecker_adm\/"}]}},"authors":[{"term_id":84,"user_id":1,"is_guest":0,"slug":"hoecker_adm","display_name":"Prof. Dr. Ralf H\u00f6cker","avatar_url":{"url":"https:\/\/www.hoecker.eu\/blog\/wp-content\/uploads\/2023\/12\/ProfDrRalfHoecker.jpg","url2x":"https:\/\/www.hoecker.eu\/blog\/wp-content\/uploads\/2023\/12\/ProfDrRalfHoecker.jpg"},"0":null,"1":"","2":"","3":"","4":"","5":"","6":"","7":"","8":"","9":"","10":"","11":""}],"_links":{"self":[{"href":"https:\/\/www.hoecker.eu\/blog\/wp-json\/wp\/v2\/posts\/8352","targetHints":{"allow":["GET"]}}],"collection":[{"href":"https:\/\/www.hoecker.eu\/blog\/wp-json\/wp\/v2\/posts"}],"about":[{"href":"https:\/\/www.hoecker.eu\/blog\/wp-json\/wp\/v2\/types\/post"}],"author":[{"embeddable":true,"href":"https:\/\/www.hoecker.eu\/blog\/wp-json\/wp\/v2\/users\/1"}],"replies":[{"embeddable":true,"href":"https:\/\/www.hoecker.eu\/blog\/wp-json\/wp\/v2\/comments?post=8352"}],"version-history":[{"count":1,"href":"https:\/\/www.hoecker.eu\/blog\/wp-json\/wp\/v2\/posts\/8352\/revisions"}],"predecessor-version":[{"id":9474,"href":"https:\/\/www.hoecker.eu\/blog\/wp-json\/wp\/v2\/posts\/8352\/revisions\/9474"}],"wp:attachment":[{"href":"https:\/\/www.hoecker.eu\/blog\/wp-json\/wp\/v2\/media?parent=8352"}],"wp:term":[{"taxonomy":"category","embeddable":true,"href":"https:\/\/www.hoecker.eu\/blog\/wp-json\/wp\/v2\/categories?post=8352"},{"taxonomy":"post_tag","embeddable":true,"href":"https:\/\/www.hoecker.eu\/blog\/wp-json\/wp\/v2\/tags?post=8352"},{"taxonomy":"hashtags","embeddable":true,"href":"https:\/\/www.hoecker.eu\/blog\/wp-json\/wp\/v2\/hashtags?post=8352"},{"taxonomy":"author","embeddable":true,"href":"https:\/\/www.hoecker.eu\/blog\/wp-json\/wp\/v2\/ppma_author?post=8352"}],"curies":[{"name":"wp","href":"https:\/\/api.w.org\/{rel}","templated":true}]}}