{"id":8350,"date":"2017-11-15T14:04:59","date_gmt":"2017-11-15T13:04:59","guid":{"rendered":"https:\/\/www.hoecker.eu\/blog\/olg-duesseldorf-kippt-urteil-im-prozess-der-stadt-duesseldorf-um-mario-barths-garage\/"},"modified":"2025-02-17T14:56:43","modified_gmt":"2025-02-17T13:56:43","slug":"olg-duesseldorf-kippt-urteil-im-prozess-der-stadt-duesseldorf-um-mario-barths-garage","status":"publish","type":"post","link":"https:\/\/www.hoecker.eu\/blog\/olg-duesseldorf-kippt-urteil-im-prozess-der-stadt-duesseldorf-um-mario-barths-garage\/","title":{"rendered":"OLG D\u00fcsseldorf kippt Urteil im Prozess der Stadt D\u00fcsseldorf um Mario Barths Garage."},"content":{"rendered":"<p \"=\"\">Das OLG D\u00fcsseldorf (Az. I-16 U 77\/16) hat eine Entscheidung des Landgerichts D\u00fcsseldorf aufgehoben, mit der einem B\u00fcrger untersagt worden war, sich kritisch \u00fcber die Baugenehmigungspraxis der Stadt D\u00fcsseldorf zu \u00e4u\u00dfern.<\/p>\n<p \"=\"\">Hintergrund der Entscheidung waren mehrere baurechtswidrige Genehmigungen beim Bau einer \u00fcberdimensionalen Garage durch den bekannten Comedian Mario Barth. Der Nachbar klagte gegen die Genehmigungen. Das Verwaltungsgericht D\u00fcsseldorf stellte zwar fest, dass die Baugenehmigungen rechtswidrig waren, wies die Klage jedoch aus formalen Gr\u00fcnden ab, da der Nachbar nicht unmittelbar betroffen sei.<\/p>\n<p \"=\"\">Der Nachbar wendete sich daraufhin an den damaligen Oberb\u00fcrgermeister der Stadt D\u00fcsseldorf und bat diesen zum einen, die rechtswidrigen Baugenehmigungen zur\u00fcckzunehmen. Ferner forderte er ihn auf,<i><br \/><\/i><\/p>\n<p \"=\"\"><i>\u201eder notorisch rechtswidrigen Genehmigungspraxis der D\u00fcsseldorfer Bauaufsicht grunds\u00e4tzlich ein Ende zu setzen.\u201c<\/i><\/p>\n<p \"=\"\">Zudem gab er wahrheitsgem\u00e4\u00df an, dass er in der Nachbarschaft von einigen B\u00fcrgern geh\u00f6rt habe, dass sie von Mitarbeitern des Bauamtes zu \u201en\u00fctzlichen Abgaben\u201c animiert wurden, wenn sie \u00c4nderungen ihrer Baugenehmigungen w\u00fcnschten. Als der Nachbar zun\u00e4chst keine Antwort auf sein Schreiben erhielt, versandte er es an die Mitglieder des D\u00fcsseldorfer Stadtrates sowie an die jeweiligen Fraktionen.<\/p>\n<p \"=\"\">Anstatt sich mit den Belangen des B\u00fcrgers umfassend auseinander zu setzen, verklagte die Stadt D\u00fcsseldorf den B\u00fcrger und forderte ihn zur Unterlassung dieser \u00c4u\u00dferungen auf. In der ersten Instanz sprach das Landgericht D\u00fcsseldorf der Stadt den Anspruch zu, ohne auch nur einen einzigen Zeugen zu vernehmen, der die Aussagen des Nachbarn h\u00e4tte best\u00e4tigen k\u00f6nnen. Mit d\u00fcnner Begr\u00fcndung f\u00fchrten die Richter aus, dass die von dem B\u00fcrger beschriebenen Vorf\u00e4lle so weit in der Vergangenheit l\u00e4gen bzw. so unbestimmt seien, dass seine Behauptung als unwahr zu betrachten sei.<\/p>\n<p \"=\"\">Das OLG D\u00fcsseldorf hob die Entscheidung des Landgerichts auf und stellte klar, dass der B\u00fcrger sich rechtstreu verhalten hatte. Mit deutlichen Worten f\u00fchrte der Senat aus:<i><br \/><\/i><\/p>\n<p \"=\"\"><i>\u201eDurch die \u00c4u\u00dferungen des Beklagten in seinem Schreiben vom 03.10.2013 wird die \u00f6ffentliche Anerkennung der Kl\u00e4gerin [der Stadt D\u00fcsseldorf] nicht in einer Weise ber\u00fchrt, die ein Unterlassungsverlangen rechtfertigen k\u00f6nnten. Der Beklagte hat die Kl\u00e4gerin nicht \u00f6ffentlich herabgesetzt, sondern in einem verwaltungsinternen Verfahren sein Anliegen, zul\u00e4ssigerweise auch in scharf gefasster Kritik, geltend gemacht.\u201c<\/i><\/p>\n<p \"=\"\">Aus dem Vorbringen der Stadt ergebe sich nichts, was dem B\u00fcrger Anlass h\u00e4tte geben m\u00fcssen, an der Richtigkeit der ihm ger\u00fcchteweise zugetragenen Informationen zu zweifeln. Zu ber\u00fccksichtigen sei in diesem Zusammenhang, dass der B\u00fcrger durch die von ihm verwendete Formulierung (\u201e<i>er h\u00f6re in der Nachbarschaft&#8230;<\/i>&#8220;) f\u00fcr den unvoreingenommenen und verst\u00e4ndigen Durchschnittsleser deutlich gemacht hatte, lediglich Ger\u00fcchte aus der Nachbarschaft aufzugreifen. Damit habe der B\u00fcrger zugleich hinreichend deutlich zum Ausdruck gebracht, f\u00fcr die Richtigkeit der ihm ger\u00fcchteweise bekannt gewordenen Tatsachen keine Gew\u00e4hr zu \u00fcbernehmen.<\/p>\n<p \"=\"\">Der Senat stellte zudem fest, dass pikanterweise auch der Nachbar zu einer entsprechenden \u201en\u00fctzlichen Abgabe\u201c durch die Stadt aufgefordert wurde:<\/p>\n<p \"=\"\">\u201e<i>Hinzukommt, dass die Kl\u00e4gerin nicht in Abrede stellt, dass der Beklagte im Zusammenhang mit einer beantragten \u00c4nderung der Dachneigung seines Hauses zu einer Spende in H\u00f6he einer vierstelligen Summe aufgefordert wurde.<\/i>\u201c<\/p>\n<p \"=\"\">Im Ergebnis stellt das OLG D\u00fcsseldorf fest, dass sich der Nachbar zu Recht mit seinem Anliegen an die entsprechenden Stellen der Stadt D\u00fcsseldorf richten und dabei auch deutliche Worte der Kritik verwenden durfte.<\/p>\n<p \"=\"\">Rechtsanwalt Dr. Carsten Brennecke:<i><br \/><\/i><\/p>\n<p \"=\"\"><i>\u201eEin betroffener B\u00fcrger wendet sich wegen einer bedenklichen Genehmigungspraxis an die Stadt D\u00fcsseldorf \u2013 und wird von dieser verklagt. Der zweite Skandal liegt jedoch darin, dass das Landgericht ohne hinreichende Begr\u00fcndung zugunsten der Stadt entschied. Diesem hat nun das OLG D\u00fcsseldorf ein Ende bereitet und mit seinem Urteil nun hoffentlich ein Schlussstrich unter das unr\u00fchmliche Kapitel der D\u00fcsseldorfer Bauskandale gesetzt.\u201c<\/i><\/p>\n","protected":false},"excerpt":{"rendered":"<p>Hintergrund der Entscheidung waren mehrere baurechtswidrige Genehmigungen beim Bau einer \u00fcberdimensionalen Garage durch den bekannten Comedian Mario Barth. Der Nachbar klagte gegen die Genehmigungen. Das Verwaltungsgericht D\u00fcsseldorf stellte zwar fest, dass die Baugenehmigungen rechtswidrig waren, wies die Klage jedoch aus formalen Gr\u00fcnden ab, da der Nachbar nicht unmittelbar betroffen sei. \u201eder notorisch rechtswidrigen Genehmigungspraxis der [&hellip;]<\/p>\n","protected":false},"author":1,"featured_media":0,"comment_status":"closed","ping_status":"closed","sticky":false,"template":"","format":"standard","meta":{"_has_post_settings":[],"footnotes":""},"categories":[15],"tags":[],"hashtags":[],"ppma_author":[84],"class_list":["post-8350","post","type-post","status-publish","format-standard","hentry","category-news","author-hoecker_adm"],"yoast_head":"<!-- This site is optimized with the Yoast SEO Premium plugin v25.9 (Yoast SEO v27.0) - https:\/\/yoast.com\/product\/yoast-seo-premium-wordpress\/ -->\n<title>OLG D\u00fcsseldorf kippt Urteil im Prozess der Stadt D\u00fcsseldorf um Mario Barths Garage. - H\u00d6CKER - der Blog<\/title>\n<meta name=\"robots\" content=\"index, follow, max-snippet:-1, max-image-preview:large, max-video-preview:-1\" \/>\n<link rel=\"canonical\" href=\"https:\/\/www.hoecker.eu\/blog\/olg-duesseldorf-kippt-urteil-im-prozess-der-stadt-duesseldorf-um-mario-barths-garage\/\" \/>\n<meta property=\"og:locale\" content=\"de_DE\" \/>\n<meta property=\"og:type\" content=\"article\" \/>\n<meta property=\"og:title\" content=\"OLG D\u00fcsseldorf kippt Urteil im Prozess der Stadt D\u00fcsseldorf um Mario Barths Garage.\" \/>\n<meta property=\"og:description\" content=\"Hintergrund der Entscheidung waren mehrere baurechtswidrige Genehmigungen beim Bau einer \u00fcberdimensionalen Garage durch den bekannten Comedian Mario Barth. Der Nachbar klagte gegen die Genehmigungen. Das Verwaltungsgericht D\u00fcsseldorf stellte zwar fest, dass die Baugenehmigungen rechtswidrig waren, wies die Klage jedoch aus formalen Gr\u00fcnden ab, da der Nachbar nicht unmittelbar betroffen sei. \u201eder notorisch rechtswidrigen Genehmigungspraxis der [&hellip;]\" \/>\n<meta property=\"og:url\" content=\"https:\/\/www.hoecker.eu\/blog\/olg-duesseldorf-kippt-urteil-im-prozess-der-stadt-duesseldorf-um-mario-barths-garage\/\" \/>\n<meta property=\"og:site_name\" content=\"H\u00d6CKER - der Blog\" \/>\n<meta property=\"article:publisher\" content=\"https:\/\/www.facebook.com\/HoeckerRAe\/\" \/>\n<meta property=\"article:author\" content=\"https:\/\/www.facebook.com\/ralf.hoecker\" \/>\n<meta property=\"article:published_time\" content=\"2017-11-15T13:04:59+00:00\" \/>\n<meta property=\"article:modified_time\" content=\"2025-02-17T13:56:43+00:00\" \/>\n<meta name=\"author\" content=\"Prof. Dr. Ralf H\u00f6cker\" \/>\n<meta name=\"twitter:card\" content=\"summary_large_image\" \/>\n<meta name=\"twitter:creator\" content=\"@Ralf_Hoecker\" \/>\n<meta name=\"twitter:site\" content=\"@hoecker_rae\" \/>\n<meta name=\"twitter:label1\" content=\"Verfasst von\" \/>\n\t<meta name=\"twitter:data1\" content=\"Prof. Dr. Ralf H\u00f6cker\" \/>\n\t<meta name=\"twitter:label2\" content=\"Gesch\u00e4tzte Lesezeit\" \/>\n\t<meta name=\"twitter:data2\" content=\"1\u00a0Minute\" \/>\n<script type=\"application\/ld+json\" class=\"yoast-schema-graph\">{\"@context\":\"https:\/\/schema.org\",\"@graph\":[{\"@type\":\"Article\",\"@id\":\"https:\/\/www.hoecker.eu\/blog\/olg-duesseldorf-kippt-urteil-im-prozess-der-stadt-duesseldorf-um-mario-barths-garage\/#article\",\"isPartOf\":{\"@id\":\"https:\/\/www.hoecker.eu\/blog\/olg-duesseldorf-kippt-urteil-im-prozess-der-stadt-duesseldorf-um-mario-barths-garage\/\"},\"author\":{\"name\":\"Prof. Dr. Ralf H\u00f6cker\",\"@id\":\"https:\/\/www.hoecker.eu\/blog\/#\/schema\/person\/08f95581eed0534eccd0b2438f7a1cab\"},\"headline\":\"OLG D\u00fcsseldorf kippt Urteil im Prozess der Stadt D\u00fcsseldorf um Mario Barths Garage.\",\"datePublished\":\"2017-11-15T13:04:59+00:00\",\"dateModified\":\"2025-02-17T13:56:43+00:00\",\"mainEntityOfPage\":{\"@id\":\"https:\/\/www.hoecker.eu\/blog\/olg-duesseldorf-kippt-urteil-im-prozess-der-stadt-duesseldorf-um-mario-barths-garage\/\"},\"wordCount\":276,\"publisher\":{\"@id\":\"https:\/\/www.hoecker.eu\/blog\/#organization\"},\"articleSection\":[\"News\"],\"inLanguage\":\"de\"},{\"@type\":\"WebPage\",\"@id\":\"https:\/\/www.hoecker.eu\/blog\/olg-duesseldorf-kippt-urteil-im-prozess-der-stadt-duesseldorf-um-mario-barths-garage\/\",\"url\":\"https:\/\/www.hoecker.eu\/blog\/olg-duesseldorf-kippt-urteil-im-prozess-der-stadt-duesseldorf-um-mario-barths-garage\/\",\"name\":\"OLG D\u00fcsseldorf kippt Urteil im Prozess der Stadt D\u00fcsseldorf um Mario Barths Garage. - H\u00d6CKER - der Blog\",\"isPartOf\":{\"@id\":\"https:\/\/www.hoecker.eu\/blog\/#website\"},\"datePublished\":\"2017-11-15T13:04:59+00:00\",\"dateModified\":\"2025-02-17T13:56:43+00:00\",\"breadcrumb\":{\"@id\":\"https:\/\/www.hoecker.eu\/blog\/olg-duesseldorf-kippt-urteil-im-prozess-der-stadt-duesseldorf-um-mario-barths-garage\/#breadcrumb\"},\"inLanguage\":\"de\",\"potentialAction\":[{\"@type\":\"ReadAction\",\"target\":[\"https:\/\/www.hoecker.eu\/blog\/olg-duesseldorf-kippt-urteil-im-prozess-der-stadt-duesseldorf-um-mario-barths-garage\/\"]}]},{\"@type\":\"BreadcrumbList\",\"@id\":\"https:\/\/www.hoecker.eu\/blog\/olg-duesseldorf-kippt-urteil-im-prozess-der-stadt-duesseldorf-um-mario-barths-garage\/#breadcrumb\",\"itemListElement\":[{\"@type\":\"ListItem\",\"position\":1,\"name\":\"Startseite\",\"item\":\"https:\/\/dev.hoecker.eu\/blog\/\"},{\"@type\":\"ListItem\",\"position\":2,\"name\":\"OLG D\u00fcsseldorf kippt Urteil im Prozess der Stadt D\u00fcsseldorf um Mario Barths Garage.\"}]},{\"@type\":\"WebSite\",\"@id\":\"https:\/\/www.hoecker.eu\/blog\/#website\",\"url\":\"https:\/\/www.hoecker.eu\/blog\/\",\"name\":\"H\u00d6CKER - der Blog\",\"description\":\"Expertenblog f\u00fcr \u00c4u\u00dferungs-, Medien-, Marken-, Urheber- und Wettbewerbsrecht.\",\"publisher\":{\"@id\":\"https:\/\/www.hoecker.eu\/blog\/#organization\"},\"potentialAction\":[{\"@type\":\"SearchAction\",\"target\":{\"@type\":\"EntryPoint\",\"urlTemplate\":\"https:\/\/www.hoecker.eu\/blog\/?s={search_term_string}\"},\"query-input\":{\"@type\":\"PropertyValueSpecification\",\"valueRequired\":true,\"valueName\":\"search_term_string\"}}],\"inLanguage\":\"de\"},{\"@type\":\"Organization\",\"@id\":\"https:\/\/www.hoecker.eu\/blog\/#organization\",\"name\":\"H\u00d6CKER Rechtsanw\u00e4lte PartGmbB\",\"alternateName\":\"H\u00d6CKER\",\"url\":\"https:\/\/www.hoecker.eu\/blog\/\",\"logo\":{\"@type\":\"ImageObject\",\"inLanguage\":\"de\",\"@id\":\"https:\/\/www.hoecker.eu\/blog\/#\/schema\/logo\/image\/\",\"url\":\"https:\/\/www.hoecker.eu\/blog\/wp-content\/uploads\/2025\/03\/Blog-Logo.webp\",\"contentUrl\":\"https:\/\/www.hoecker.eu\/blog\/wp-content\/uploads\/2025\/03\/Blog-Logo.webp\",\"width\":500,\"height\":500,\"caption\":\"H\u00d6CKER Rechtsanw\u00e4lte PartGmbB\"},\"image\":{\"@id\":\"https:\/\/www.hoecker.eu\/blog\/#\/schema\/logo\/image\/\"},\"sameAs\":[\"https:\/\/www.facebook.com\/HoeckerRAe\/\",\"https:\/\/x.com\/hoecker_rae\",\"https:\/\/www.linkedin.com\/company\/hcker-rechtsanwlte\/\",\"https:\/\/www.instagram.com\/hoecker_rae\/\"],\"email\":\"contact@hoecker.eu\",\"telephone\":\"+ 49 (0)221-933 19-10\",\"legalName\":\"H\u00d6CKER Rechtsanw\u00e4lte PartGmbB\",\"numberOfEmployees\":{\"@type\":\"QuantitativeValue\",\"minValue\":\"11\",\"maxValue\":\"50\"}},{\"@type\":\"Person\",\"@id\":\"https:\/\/www.hoecker.eu\/blog\/#\/schema\/person\/08f95581eed0534eccd0b2438f7a1cab\",\"name\":\"Prof. Dr. Ralf H\u00f6cker\",\"description\":\"Medienanwalt. Besch\u00fctzer vor mieser Presse\",\"sameAs\":[\"https:\/\/www.hoecker.eu\/wer\/prof-dr-ralf-hoecker\",\"https:\/\/www.facebook.com\/ralf.hoecker\",\"https:\/\/www.linkedin.com\/in\/prof-dr-ralf-hcker-ll-m-london-17987826\/\",\"https:\/\/x.com\/Ralf_Hoecker\"],\"url\":\"https:\/\/www.hoecker.eu\/blog\/author\/hoecker_adm\/\"}]}<\/script>\n<!-- \/ Yoast SEO Premium plugin. -->","yoast_head_json":{"title":"OLG D\u00fcsseldorf kippt Urteil im Prozess der Stadt D\u00fcsseldorf um Mario Barths Garage. - H\u00d6CKER - der Blog","robots":{"index":"index","follow":"follow","max-snippet":"max-snippet:-1","max-image-preview":"max-image-preview:large","max-video-preview":"max-video-preview:-1"},"canonical":"https:\/\/www.hoecker.eu\/blog\/olg-duesseldorf-kippt-urteil-im-prozess-der-stadt-duesseldorf-um-mario-barths-garage\/","og_locale":"de_DE","og_type":"article","og_title":"OLG D\u00fcsseldorf kippt Urteil im Prozess der Stadt D\u00fcsseldorf um Mario Barths Garage.","og_description":"Hintergrund der Entscheidung waren mehrere baurechtswidrige Genehmigungen beim Bau einer \u00fcberdimensionalen Garage durch den bekannten Comedian Mario Barth. Der Nachbar klagte gegen die Genehmigungen. Das Verwaltungsgericht D\u00fcsseldorf stellte zwar fest, dass die Baugenehmigungen rechtswidrig waren, wies die Klage jedoch aus formalen Gr\u00fcnden ab, da der Nachbar nicht unmittelbar betroffen sei. \u201eder notorisch rechtswidrigen Genehmigungspraxis der [&hellip;]","og_url":"https:\/\/www.hoecker.eu\/blog\/olg-duesseldorf-kippt-urteil-im-prozess-der-stadt-duesseldorf-um-mario-barths-garage\/","og_site_name":"H\u00d6CKER - der Blog","article_publisher":"https:\/\/www.facebook.com\/HoeckerRAe\/","article_author":"https:\/\/www.facebook.com\/ralf.hoecker","article_published_time":"2017-11-15T13:04:59+00:00","article_modified_time":"2025-02-17T13:56:43+00:00","author":"Prof. Dr. Ralf H\u00f6cker","twitter_card":"summary_large_image","twitter_creator":"@Ralf_Hoecker","twitter_site":"@hoecker_rae","twitter_misc":{"Verfasst von":"Prof. Dr. Ralf H\u00f6cker","Gesch\u00e4tzte Lesezeit":"1\u00a0Minute"},"schema":{"@context":"https:\/\/schema.org","@graph":[{"@type":"Article","@id":"https:\/\/www.hoecker.eu\/blog\/olg-duesseldorf-kippt-urteil-im-prozess-der-stadt-duesseldorf-um-mario-barths-garage\/#article","isPartOf":{"@id":"https:\/\/www.hoecker.eu\/blog\/olg-duesseldorf-kippt-urteil-im-prozess-der-stadt-duesseldorf-um-mario-barths-garage\/"},"author":{"name":"Prof. Dr. Ralf H\u00f6cker","@id":"https:\/\/www.hoecker.eu\/blog\/#\/schema\/person\/08f95581eed0534eccd0b2438f7a1cab"},"headline":"OLG D\u00fcsseldorf kippt Urteil im Prozess der Stadt D\u00fcsseldorf um Mario Barths Garage.","datePublished":"2017-11-15T13:04:59+00:00","dateModified":"2025-02-17T13:56:43+00:00","mainEntityOfPage":{"@id":"https:\/\/www.hoecker.eu\/blog\/olg-duesseldorf-kippt-urteil-im-prozess-der-stadt-duesseldorf-um-mario-barths-garage\/"},"wordCount":276,"publisher":{"@id":"https:\/\/www.hoecker.eu\/blog\/#organization"},"articleSection":["News"],"inLanguage":"de"},{"@type":"WebPage","@id":"https:\/\/www.hoecker.eu\/blog\/olg-duesseldorf-kippt-urteil-im-prozess-der-stadt-duesseldorf-um-mario-barths-garage\/","url":"https:\/\/www.hoecker.eu\/blog\/olg-duesseldorf-kippt-urteil-im-prozess-der-stadt-duesseldorf-um-mario-barths-garage\/","name":"OLG D\u00fcsseldorf kippt Urteil im Prozess der Stadt D\u00fcsseldorf um Mario Barths Garage. - H\u00d6CKER - der Blog","isPartOf":{"@id":"https:\/\/www.hoecker.eu\/blog\/#website"},"datePublished":"2017-11-15T13:04:59+00:00","dateModified":"2025-02-17T13:56:43+00:00","breadcrumb":{"@id":"https:\/\/www.hoecker.eu\/blog\/olg-duesseldorf-kippt-urteil-im-prozess-der-stadt-duesseldorf-um-mario-barths-garage\/#breadcrumb"},"inLanguage":"de","potentialAction":[{"@type":"ReadAction","target":["https:\/\/www.hoecker.eu\/blog\/olg-duesseldorf-kippt-urteil-im-prozess-der-stadt-duesseldorf-um-mario-barths-garage\/"]}]},{"@type":"BreadcrumbList","@id":"https:\/\/www.hoecker.eu\/blog\/olg-duesseldorf-kippt-urteil-im-prozess-der-stadt-duesseldorf-um-mario-barths-garage\/#breadcrumb","itemListElement":[{"@type":"ListItem","position":1,"name":"Startseite","item":"https:\/\/dev.hoecker.eu\/blog\/"},{"@type":"ListItem","position":2,"name":"OLG D\u00fcsseldorf kippt Urteil im Prozess der Stadt D\u00fcsseldorf um Mario Barths Garage."}]},{"@type":"WebSite","@id":"https:\/\/www.hoecker.eu\/blog\/#website","url":"https:\/\/www.hoecker.eu\/blog\/","name":"H\u00d6CKER - der Blog","description":"Expertenblog f\u00fcr \u00c4u\u00dferungs-, Medien-, Marken-, Urheber- und Wettbewerbsrecht.","publisher":{"@id":"https:\/\/www.hoecker.eu\/blog\/#organization"},"potentialAction":[{"@type":"SearchAction","target":{"@type":"EntryPoint","urlTemplate":"https:\/\/www.hoecker.eu\/blog\/?s={search_term_string}"},"query-input":{"@type":"PropertyValueSpecification","valueRequired":true,"valueName":"search_term_string"}}],"inLanguage":"de"},{"@type":"Organization","@id":"https:\/\/www.hoecker.eu\/blog\/#organization","name":"H\u00d6CKER Rechtsanw\u00e4lte PartGmbB","alternateName":"H\u00d6CKER","url":"https:\/\/www.hoecker.eu\/blog\/","logo":{"@type":"ImageObject","inLanguage":"de","@id":"https:\/\/www.hoecker.eu\/blog\/#\/schema\/logo\/image\/","url":"https:\/\/www.hoecker.eu\/blog\/wp-content\/uploads\/2025\/03\/Blog-Logo.webp","contentUrl":"https:\/\/www.hoecker.eu\/blog\/wp-content\/uploads\/2025\/03\/Blog-Logo.webp","width":500,"height":500,"caption":"H\u00d6CKER Rechtsanw\u00e4lte PartGmbB"},"image":{"@id":"https:\/\/www.hoecker.eu\/blog\/#\/schema\/logo\/image\/"},"sameAs":["https:\/\/www.facebook.com\/HoeckerRAe\/","https:\/\/x.com\/hoecker_rae","https:\/\/www.linkedin.com\/company\/hcker-rechtsanwlte\/","https:\/\/www.instagram.com\/hoecker_rae\/"],"email":"contact@hoecker.eu","telephone":"+ 49 (0)221-933 19-10","legalName":"H\u00d6CKER Rechtsanw\u00e4lte PartGmbB","numberOfEmployees":{"@type":"QuantitativeValue","minValue":"11","maxValue":"50"}},{"@type":"Person","@id":"https:\/\/www.hoecker.eu\/blog\/#\/schema\/person\/08f95581eed0534eccd0b2438f7a1cab","name":"Prof. Dr. Ralf H\u00f6cker","description":"Medienanwalt. Besch\u00fctzer vor mieser Presse","sameAs":["https:\/\/www.hoecker.eu\/wer\/prof-dr-ralf-hoecker","https:\/\/www.facebook.com\/ralf.hoecker","https:\/\/www.linkedin.com\/in\/prof-dr-ralf-hcker-ll-m-london-17987826\/","https:\/\/x.com\/Ralf_Hoecker"],"url":"https:\/\/www.hoecker.eu\/blog\/author\/hoecker_adm\/"}]}},"authors":[{"term_id":84,"user_id":1,"is_guest":0,"slug":"hoecker_adm","display_name":"Prof. Dr. Ralf H\u00f6cker","avatar_url":{"url":"https:\/\/www.hoecker.eu\/blog\/wp-content\/uploads\/2023\/12\/ProfDrRalfHoecker.jpg","url2x":"https:\/\/www.hoecker.eu\/blog\/wp-content\/uploads\/2023\/12\/ProfDrRalfHoecker.jpg"},"0":null,"1":"","2":"","3":"","4":"","5":"","6":"","7":"","8":"","9":"","10":"","11":""}],"_links":{"self":[{"href":"https:\/\/www.hoecker.eu\/blog\/wp-json\/wp\/v2\/posts\/8350","targetHints":{"allow":["GET"]}}],"collection":[{"href":"https:\/\/www.hoecker.eu\/blog\/wp-json\/wp\/v2\/posts"}],"about":[{"href":"https:\/\/www.hoecker.eu\/blog\/wp-json\/wp\/v2\/types\/post"}],"author":[{"embeddable":true,"href":"https:\/\/www.hoecker.eu\/blog\/wp-json\/wp\/v2\/users\/1"}],"replies":[{"embeddable":true,"href":"https:\/\/www.hoecker.eu\/blog\/wp-json\/wp\/v2\/comments?post=8350"}],"version-history":[{"count":1,"href":"https:\/\/www.hoecker.eu\/blog\/wp-json\/wp\/v2\/posts\/8350\/revisions"}],"predecessor-version":[{"id":9472,"href":"https:\/\/www.hoecker.eu\/blog\/wp-json\/wp\/v2\/posts\/8350\/revisions\/9472"}],"wp:attachment":[{"href":"https:\/\/www.hoecker.eu\/blog\/wp-json\/wp\/v2\/media?parent=8350"}],"wp:term":[{"taxonomy":"category","embeddable":true,"href":"https:\/\/www.hoecker.eu\/blog\/wp-json\/wp\/v2\/categories?post=8350"},{"taxonomy":"post_tag","embeddable":true,"href":"https:\/\/www.hoecker.eu\/blog\/wp-json\/wp\/v2\/tags?post=8350"},{"taxonomy":"hashtags","embeddable":true,"href":"https:\/\/www.hoecker.eu\/blog\/wp-json\/wp\/v2\/hashtags?post=8350"},{"taxonomy":"author","embeddable":true,"href":"https:\/\/www.hoecker.eu\/blog\/wp-json\/wp\/v2\/ppma_author?post=8350"}],"curies":[{"name":"wp","href":"https:\/\/api.w.org\/{rel}","templated":true}]}}