{"id":8349,"date":"2017-11-29T09:00:00","date_gmt":"2017-11-29T08:00:00","guid":{"rendered":"https:\/\/www.hoecker.eu\/blog\/strafverfahren-gegen-ex-finanzminister-grasser\/"},"modified":"2025-02-17T14:56:43","modified_gmt":"2025-02-17T13:56:43","slug":"strafverfahren-gegen-ex-finanzminister-grasser","status":"publish","type":"post","link":"https:\/\/www.hoecker.eu\/blog\/strafverfahren-gegen-ex-finanzminister-grasser\/","title":{"rendered":"Strafverfahren gegen Ex-Finanzminister Grasser"},"content":{"rendered":"<p><strong>Prof. Dr. Ralf H\u00f6cker pr\u00e4sentiert medienrechtliches Gutachten in Wien<\/strong><strong><\/strong>\n<\/p>\n<p>In knapp zwei Wochen soll der Strafprozess gegen den ehemaligen \u00f6sterreichischen Finanzminister Karl-Heinz Grasser und 15 weitere Personen wegen Vorw\u00fcrfen im Zusammenhang mit der Privatisierung der Wohnungsbaugesellschaft BUWOG starten (sog. BUWOG-Aff\u00e4re). Dem vorausgegangen sind langj\u00e4hrige Ermittlungen, \u00fcber die in \u00d6sterreich umfangreichst berichtet wurde.\n<\/p>\n<p>Prof. Dr. Ralf H\u00f6cker und Dr. Anja Wilkat haben im Auftrag der Herren Mag. Karl-Heinz Grasser, Ing. Walter Meischberger und KR Ernst Karl Plech gutachterlich zu der Frage Stellung genommen, ob die Betroffenen durch die Medienberichterstattung und den sonstigen \u00f6ffentlichen Diskurs \u00fcber die gegen sie gef\u00fchrten Ermittlungen in einer Weise vorverurteilt wurden, die ein faires Verfahren  nicht mehr m\u00f6glich erscheinen l\u00e4sst. Dabei sind die Gutachter zu dem Ergebnis gekommen, dass die Unschuldsvermutung in der Causa Grasser et al. vollst\u00e4ndig ad absurdum gef\u00fchrt wurde. Aufgrund des Zusammenspiels von staatlicherseits gef\u00f6rdertem \u201eEnth\u00fcllungsjournalismus\u201c, staatlicherseits erm\u00f6glichten Kabarettveranstaltungen, politischem Aktionismus, Unterhaltungssendungen auch und vor allem des \u00f6ffentlich-rechtlichen Rundfunks, Hochkultur in Form von Theaterst\u00fccken und Literatur sowie verschiedensten Social-Media-Elementen d\u00fcrften die Herren Grasser, Meischberger und Plech in den K\u00f6pfen der \u00f6sterreichischen Bev\u00f6lkerung unwiderruflich als Personen gelten, die sich im Zusammenhang mit staatlichen Privatisierungen auf Kosten der Republik \u00d6sterreich in ganz massivem Umfang zu Unrecht pers\u00f6nlich bereichert haben.\n<\/p>\n<p>Die heute in Wien vorgestellte Pr\u00e4sentation finden Sie <u><a href=\"{asset:1122:url}\" target=\"_blank\">hier<\/a><\/u>.\n<\/p>\n<p>Zu dem ausgeteilten Fact Sheet gelangen Sie <u><a href=\"{asset:1123:url}\" target=\"_blank\">hier<\/a><\/u>.<span class=\"redactor-invisible-space\"><br \/><\/span><\/p>\n","protected":false},"excerpt":{"rendered":"<p>Prof. Dr. Ralf H\u00f6cker pr\u00e4sentiert medienrechtliches Gutachten in Wien In knapp zwei Wochen soll der Strafprozess gegen den ehemaligen \u00f6sterreichischen Finanzminister Karl-Heinz Grasser und 15 weitere Personen wegen Vorw\u00fcrfen im Zusammenhang mit der Privatisierung der Wohnungsbaugesellschaft BUWOG starten (sog. BUWOG-Aff\u00e4re). Dem vorausgegangen sind langj\u00e4hrige Ermittlungen, \u00fcber die in \u00d6sterreich umfangreichst berichtet wurde. Prof. Dr. Ralf [&hellip;]<\/p>\n","protected":false},"author":1,"featured_media":0,"comment_status":"closed","ping_status":"closed","sticky":false,"template":"","format":"standard","meta":{"_has_post_settings":[],"footnotes":""},"categories":[15],"tags":[],"hashtags":[],"ppma_author":[84],"class_list":["post-8349","post","type-post","status-publish","format-standard","hentry","category-news","author-hoecker_adm"],"yoast_head":"<!-- This site is optimized with the Yoast SEO Premium plugin v25.9 (Yoast SEO v27.0) - https:\/\/yoast.com\/product\/yoast-seo-premium-wordpress\/ -->\n<title>Strafverfahren gegen Ex-Finanzminister Grasser - H\u00d6CKER - der Blog<\/title>\n<meta name=\"robots\" content=\"index, follow, max-snippet:-1, max-image-preview:large, max-video-preview:-1\" \/>\n<link rel=\"canonical\" href=\"https:\/\/www.hoecker.eu\/blog\/strafverfahren-gegen-ex-finanzminister-grasser\/\" \/>\n<meta property=\"og:locale\" content=\"de_DE\" \/>\n<meta property=\"og:type\" content=\"article\" \/>\n<meta property=\"og:title\" content=\"Strafverfahren gegen Ex-Finanzminister Grasser\" \/>\n<meta property=\"og:description\" content=\"Prof. Dr. Ralf H\u00f6cker pr\u00e4sentiert medienrechtliches Gutachten in Wien In knapp zwei Wochen soll der Strafprozess gegen den ehemaligen \u00f6sterreichischen Finanzminister Karl-Heinz Grasser und 15 weitere Personen wegen Vorw\u00fcrfen im Zusammenhang mit der Privatisierung der Wohnungsbaugesellschaft BUWOG starten (sog. BUWOG-Aff\u00e4re). Dem vorausgegangen sind langj\u00e4hrige Ermittlungen, \u00fcber die in \u00d6sterreich umfangreichst berichtet wurde. Prof. Dr. Ralf [&hellip;]\" \/>\n<meta property=\"og:url\" content=\"https:\/\/www.hoecker.eu\/blog\/strafverfahren-gegen-ex-finanzminister-grasser\/\" \/>\n<meta property=\"og:site_name\" content=\"H\u00d6CKER - der Blog\" \/>\n<meta property=\"article:publisher\" content=\"https:\/\/www.facebook.com\/HoeckerRAe\/\" \/>\n<meta property=\"article:author\" content=\"https:\/\/www.facebook.com\/ralf.hoecker\" \/>\n<meta property=\"article:published_time\" content=\"2017-11-29T08:00:00+00:00\" \/>\n<meta property=\"article:modified_time\" content=\"2025-02-17T13:56:43+00:00\" \/>\n<meta name=\"author\" content=\"Prof. Dr. Ralf H\u00f6cker\" \/>\n<meta name=\"twitter:card\" content=\"summary_large_image\" \/>\n<meta name=\"twitter:creator\" content=\"@Ralf_Hoecker\" \/>\n<meta name=\"twitter:site\" content=\"@hoecker_rae\" \/>\n<meta name=\"twitter:label1\" content=\"Verfasst von\" \/>\n\t<meta name=\"twitter:data1\" content=\"Prof. Dr. Ralf H\u00f6cker\" \/>\n\t<meta name=\"twitter:label2\" content=\"Gesch\u00e4tzte Lesezeit\" \/>\n\t<meta name=\"twitter:data2\" content=\"1\u00a0Minute\" \/>\n<script type=\"application\/ld+json\" class=\"yoast-schema-graph\">{\"@context\":\"https:\/\/schema.org\",\"@graph\":[{\"@type\":\"Article\",\"@id\":\"https:\/\/www.hoecker.eu\/blog\/strafverfahren-gegen-ex-finanzminister-grasser\/#article\",\"isPartOf\":{\"@id\":\"https:\/\/www.hoecker.eu\/blog\/strafverfahren-gegen-ex-finanzminister-grasser\/\"},\"author\":{\"name\":\"Prof. Dr. Ralf H\u00f6cker\",\"@id\":\"https:\/\/www.hoecker.eu\/blog\/#\/schema\/person\/08f95581eed0534eccd0b2438f7a1cab\"},\"headline\":\"Strafverfahren gegen Ex-Finanzminister Grasser\",\"datePublished\":\"2017-11-29T08:00:00+00:00\",\"dateModified\":\"2025-02-17T13:56:43+00:00\",\"mainEntityOfPage\":{\"@id\":\"https:\/\/www.hoecker.eu\/blog\/strafverfahren-gegen-ex-finanzminister-grasser\/\"},\"wordCount\":243,\"publisher\":{\"@id\":\"https:\/\/www.hoecker.eu\/blog\/#organization\"},\"articleSection\":[\"News\"],\"inLanguage\":\"de\"},{\"@type\":\"WebPage\",\"@id\":\"https:\/\/www.hoecker.eu\/blog\/strafverfahren-gegen-ex-finanzminister-grasser\/\",\"url\":\"https:\/\/www.hoecker.eu\/blog\/strafverfahren-gegen-ex-finanzminister-grasser\/\",\"name\":\"Strafverfahren gegen Ex-Finanzminister Grasser - H\u00d6CKER - der Blog\",\"isPartOf\":{\"@id\":\"https:\/\/www.hoecker.eu\/blog\/#website\"},\"datePublished\":\"2017-11-29T08:00:00+00:00\",\"dateModified\":\"2025-02-17T13:56:43+00:00\",\"breadcrumb\":{\"@id\":\"https:\/\/www.hoecker.eu\/blog\/strafverfahren-gegen-ex-finanzminister-grasser\/#breadcrumb\"},\"inLanguage\":\"de\",\"potentialAction\":[{\"@type\":\"ReadAction\",\"target\":[\"https:\/\/www.hoecker.eu\/blog\/strafverfahren-gegen-ex-finanzminister-grasser\/\"]}]},{\"@type\":\"BreadcrumbList\",\"@id\":\"https:\/\/www.hoecker.eu\/blog\/strafverfahren-gegen-ex-finanzminister-grasser\/#breadcrumb\",\"itemListElement\":[{\"@type\":\"ListItem\",\"position\":1,\"name\":\"Startseite\",\"item\":\"https:\/\/dev.hoecker.eu\/blog\/\"},{\"@type\":\"ListItem\",\"position\":2,\"name\":\"Strafverfahren gegen Ex-Finanzminister Grasser\"}]},{\"@type\":\"WebSite\",\"@id\":\"https:\/\/www.hoecker.eu\/blog\/#website\",\"url\":\"https:\/\/www.hoecker.eu\/blog\/\",\"name\":\"H\u00d6CKER - der Blog\",\"description\":\"Expertenblog f\u00fcr \u00c4u\u00dferungs-, Medien-, Marken-, Urheber- und Wettbewerbsrecht.\",\"publisher\":{\"@id\":\"https:\/\/www.hoecker.eu\/blog\/#organization\"},\"potentialAction\":[{\"@type\":\"SearchAction\",\"target\":{\"@type\":\"EntryPoint\",\"urlTemplate\":\"https:\/\/www.hoecker.eu\/blog\/?s={search_term_string}\"},\"query-input\":{\"@type\":\"PropertyValueSpecification\",\"valueRequired\":true,\"valueName\":\"search_term_string\"}}],\"inLanguage\":\"de\"},{\"@type\":\"Organization\",\"@id\":\"https:\/\/www.hoecker.eu\/blog\/#organization\",\"name\":\"H\u00d6CKER Rechtsanw\u00e4lte PartGmbB\",\"alternateName\":\"H\u00d6CKER\",\"url\":\"https:\/\/www.hoecker.eu\/blog\/\",\"logo\":{\"@type\":\"ImageObject\",\"inLanguage\":\"de\",\"@id\":\"https:\/\/www.hoecker.eu\/blog\/#\/schema\/logo\/image\/\",\"url\":\"https:\/\/www.hoecker.eu\/blog\/wp-content\/uploads\/2025\/03\/Blog-Logo.webp\",\"contentUrl\":\"https:\/\/www.hoecker.eu\/blog\/wp-content\/uploads\/2025\/03\/Blog-Logo.webp\",\"width\":500,\"height\":500,\"caption\":\"H\u00d6CKER Rechtsanw\u00e4lte PartGmbB\"},\"image\":{\"@id\":\"https:\/\/www.hoecker.eu\/blog\/#\/schema\/logo\/image\/\"},\"sameAs\":[\"https:\/\/www.facebook.com\/HoeckerRAe\/\",\"https:\/\/x.com\/hoecker_rae\",\"https:\/\/www.linkedin.com\/company\/hcker-rechtsanwlte\/\",\"https:\/\/www.instagram.com\/hoecker_rae\/\"],\"email\":\"contact@hoecker.eu\",\"telephone\":\"+ 49 (0)221-933 19-10\",\"legalName\":\"H\u00d6CKER Rechtsanw\u00e4lte PartGmbB\",\"numberOfEmployees\":{\"@type\":\"QuantitativeValue\",\"minValue\":\"11\",\"maxValue\":\"50\"}},{\"@type\":\"Person\",\"@id\":\"https:\/\/www.hoecker.eu\/blog\/#\/schema\/person\/08f95581eed0534eccd0b2438f7a1cab\",\"name\":\"Prof. Dr. Ralf H\u00f6cker\",\"description\":\"Medienanwalt. Besch\u00fctzer vor mieser Presse\",\"sameAs\":[\"https:\/\/www.hoecker.eu\/wer\/prof-dr-ralf-hoecker\",\"https:\/\/www.facebook.com\/ralf.hoecker\",\"https:\/\/www.linkedin.com\/in\/prof-dr-ralf-hcker-ll-m-london-17987826\/\",\"https:\/\/x.com\/Ralf_Hoecker\"],\"url\":\"https:\/\/www.hoecker.eu\/blog\/author\/hoecker_adm\/\"}]}<\/script>\n<!-- \/ Yoast SEO Premium plugin. -->","yoast_head_json":{"title":"Strafverfahren gegen Ex-Finanzminister Grasser - H\u00d6CKER - der Blog","robots":{"index":"index","follow":"follow","max-snippet":"max-snippet:-1","max-image-preview":"max-image-preview:large","max-video-preview":"max-video-preview:-1"},"canonical":"https:\/\/www.hoecker.eu\/blog\/strafverfahren-gegen-ex-finanzminister-grasser\/","og_locale":"de_DE","og_type":"article","og_title":"Strafverfahren gegen Ex-Finanzminister Grasser","og_description":"Prof. Dr. Ralf H\u00f6cker pr\u00e4sentiert medienrechtliches Gutachten in Wien In knapp zwei Wochen soll der Strafprozess gegen den ehemaligen \u00f6sterreichischen Finanzminister Karl-Heinz Grasser und 15 weitere Personen wegen Vorw\u00fcrfen im Zusammenhang mit der Privatisierung der Wohnungsbaugesellschaft BUWOG starten (sog. BUWOG-Aff\u00e4re). Dem vorausgegangen sind langj\u00e4hrige Ermittlungen, \u00fcber die in \u00d6sterreich umfangreichst berichtet wurde. Prof. Dr. Ralf [&hellip;]","og_url":"https:\/\/www.hoecker.eu\/blog\/strafverfahren-gegen-ex-finanzminister-grasser\/","og_site_name":"H\u00d6CKER - der Blog","article_publisher":"https:\/\/www.facebook.com\/HoeckerRAe\/","article_author":"https:\/\/www.facebook.com\/ralf.hoecker","article_published_time":"2017-11-29T08:00:00+00:00","article_modified_time":"2025-02-17T13:56:43+00:00","author":"Prof. Dr. Ralf H\u00f6cker","twitter_card":"summary_large_image","twitter_creator":"@Ralf_Hoecker","twitter_site":"@hoecker_rae","twitter_misc":{"Verfasst von":"Prof. Dr. Ralf H\u00f6cker","Gesch\u00e4tzte Lesezeit":"1\u00a0Minute"},"schema":{"@context":"https:\/\/schema.org","@graph":[{"@type":"Article","@id":"https:\/\/www.hoecker.eu\/blog\/strafverfahren-gegen-ex-finanzminister-grasser\/#article","isPartOf":{"@id":"https:\/\/www.hoecker.eu\/blog\/strafverfahren-gegen-ex-finanzminister-grasser\/"},"author":{"name":"Prof. Dr. Ralf H\u00f6cker","@id":"https:\/\/www.hoecker.eu\/blog\/#\/schema\/person\/08f95581eed0534eccd0b2438f7a1cab"},"headline":"Strafverfahren gegen Ex-Finanzminister Grasser","datePublished":"2017-11-29T08:00:00+00:00","dateModified":"2025-02-17T13:56:43+00:00","mainEntityOfPage":{"@id":"https:\/\/www.hoecker.eu\/blog\/strafverfahren-gegen-ex-finanzminister-grasser\/"},"wordCount":243,"publisher":{"@id":"https:\/\/www.hoecker.eu\/blog\/#organization"},"articleSection":["News"],"inLanguage":"de"},{"@type":"WebPage","@id":"https:\/\/www.hoecker.eu\/blog\/strafverfahren-gegen-ex-finanzminister-grasser\/","url":"https:\/\/www.hoecker.eu\/blog\/strafverfahren-gegen-ex-finanzminister-grasser\/","name":"Strafverfahren gegen Ex-Finanzminister Grasser - H\u00d6CKER - der Blog","isPartOf":{"@id":"https:\/\/www.hoecker.eu\/blog\/#website"},"datePublished":"2017-11-29T08:00:00+00:00","dateModified":"2025-02-17T13:56:43+00:00","breadcrumb":{"@id":"https:\/\/www.hoecker.eu\/blog\/strafverfahren-gegen-ex-finanzminister-grasser\/#breadcrumb"},"inLanguage":"de","potentialAction":[{"@type":"ReadAction","target":["https:\/\/www.hoecker.eu\/blog\/strafverfahren-gegen-ex-finanzminister-grasser\/"]}]},{"@type":"BreadcrumbList","@id":"https:\/\/www.hoecker.eu\/blog\/strafverfahren-gegen-ex-finanzminister-grasser\/#breadcrumb","itemListElement":[{"@type":"ListItem","position":1,"name":"Startseite","item":"https:\/\/dev.hoecker.eu\/blog\/"},{"@type":"ListItem","position":2,"name":"Strafverfahren gegen Ex-Finanzminister Grasser"}]},{"@type":"WebSite","@id":"https:\/\/www.hoecker.eu\/blog\/#website","url":"https:\/\/www.hoecker.eu\/blog\/","name":"H\u00d6CKER - der Blog","description":"Expertenblog f\u00fcr \u00c4u\u00dferungs-, Medien-, Marken-, Urheber- und Wettbewerbsrecht.","publisher":{"@id":"https:\/\/www.hoecker.eu\/blog\/#organization"},"potentialAction":[{"@type":"SearchAction","target":{"@type":"EntryPoint","urlTemplate":"https:\/\/www.hoecker.eu\/blog\/?s={search_term_string}"},"query-input":{"@type":"PropertyValueSpecification","valueRequired":true,"valueName":"search_term_string"}}],"inLanguage":"de"},{"@type":"Organization","@id":"https:\/\/www.hoecker.eu\/blog\/#organization","name":"H\u00d6CKER Rechtsanw\u00e4lte PartGmbB","alternateName":"H\u00d6CKER","url":"https:\/\/www.hoecker.eu\/blog\/","logo":{"@type":"ImageObject","inLanguage":"de","@id":"https:\/\/www.hoecker.eu\/blog\/#\/schema\/logo\/image\/","url":"https:\/\/www.hoecker.eu\/blog\/wp-content\/uploads\/2025\/03\/Blog-Logo.webp","contentUrl":"https:\/\/www.hoecker.eu\/blog\/wp-content\/uploads\/2025\/03\/Blog-Logo.webp","width":500,"height":500,"caption":"H\u00d6CKER Rechtsanw\u00e4lte PartGmbB"},"image":{"@id":"https:\/\/www.hoecker.eu\/blog\/#\/schema\/logo\/image\/"},"sameAs":["https:\/\/www.facebook.com\/HoeckerRAe\/","https:\/\/x.com\/hoecker_rae","https:\/\/www.linkedin.com\/company\/hcker-rechtsanwlte\/","https:\/\/www.instagram.com\/hoecker_rae\/"],"email":"contact@hoecker.eu","telephone":"+ 49 (0)221-933 19-10","legalName":"H\u00d6CKER Rechtsanw\u00e4lte PartGmbB","numberOfEmployees":{"@type":"QuantitativeValue","minValue":"11","maxValue":"50"}},{"@type":"Person","@id":"https:\/\/www.hoecker.eu\/blog\/#\/schema\/person\/08f95581eed0534eccd0b2438f7a1cab","name":"Prof. Dr. Ralf H\u00f6cker","description":"Medienanwalt. Besch\u00fctzer vor mieser Presse","sameAs":["https:\/\/www.hoecker.eu\/wer\/prof-dr-ralf-hoecker","https:\/\/www.facebook.com\/ralf.hoecker","https:\/\/www.linkedin.com\/in\/prof-dr-ralf-hcker-ll-m-london-17987826\/","https:\/\/x.com\/Ralf_Hoecker"],"url":"https:\/\/www.hoecker.eu\/blog\/author\/hoecker_adm\/"}]}},"authors":[{"term_id":84,"user_id":1,"is_guest":0,"slug":"hoecker_adm","display_name":"Prof. Dr. Ralf H\u00f6cker","avatar_url":{"url":"https:\/\/www.hoecker.eu\/blog\/wp-content\/uploads\/2023\/12\/ProfDrRalfHoecker.jpg","url2x":"https:\/\/www.hoecker.eu\/blog\/wp-content\/uploads\/2023\/12\/ProfDrRalfHoecker.jpg"},"0":null,"1":"","2":"","3":"","4":"","5":"","6":"","7":"","8":"","9":"","10":"","11":""}],"_links":{"self":[{"href":"https:\/\/www.hoecker.eu\/blog\/wp-json\/wp\/v2\/posts\/8349","targetHints":{"allow":["GET"]}}],"collection":[{"href":"https:\/\/www.hoecker.eu\/blog\/wp-json\/wp\/v2\/posts"}],"about":[{"href":"https:\/\/www.hoecker.eu\/blog\/wp-json\/wp\/v2\/types\/post"}],"author":[{"embeddable":true,"href":"https:\/\/www.hoecker.eu\/blog\/wp-json\/wp\/v2\/users\/1"}],"replies":[{"embeddable":true,"href":"https:\/\/www.hoecker.eu\/blog\/wp-json\/wp\/v2\/comments?post=8349"}],"version-history":[{"count":1,"href":"https:\/\/www.hoecker.eu\/blog\/wp-json\/wp\/v2\/posts\/8349\/revisions"}],"predecessor-version":[{"id":9471,"href":"https:\/\/www.hoecker.eu\/blog\/wp-json\/wp\/v2\/posts\/8349\/revisions\/9471"}],"wp:attachment":[{"href":"https:\/\/www.hoecker.eu\/blog\/wp-json\/wp\/v2\/media?parent=8349"}],"wp:term":[{"taxonomy":"category","embeddable":true,"href":"https:\/\/www.hoecker.eu\/blog\/wp-json\/wp\/v2\/categories?post=8349"},{"taxonomy":"post_tag","embeddable":true,"href":"https:\/\/www.hoecker.eu\/blog\/wp-json\/wp\/v2\/tags?post=8349"},{"taxonomy":"hashtags","embeddable":true,"href":"https:\/\/www.hoecker.eu\/blog\/wp-json\/wp\/v2\/hashtags?post=8349"},{"taxonomy":"author","embeddable":true,"href":"https:\/\/www.hoecker.eu\/blog\/wp-json\/wp\/v2\/ppma_author?post=8349"}],"curies":[{"name":"wp","href":"https:\/\/api.w.org\/{rel}","templated":true}]}}