{"id":8343,"date":"2018-03-06T11:49:48","date_gmt":"2018-03-06T10:49:48","guid":{"rendered":"https:\/\/www.hoecker.eu\/blog\/angemessene-verguetung-fuer-freien-fotografen-zeitungsverlag-zahlt-nachtraeglich-weitere-e-58-000\/"},"modified":"2025-02-17T14:56:39","modified_gmt":"2025-02-17T13:56:39","slug":"angemessene-verguetung-fuer-freien-fotografen-zeitungsverlag-zahlt-nachtraeglich-weitere-e-58-000","status":"publish","type":"post","link":"https:\/\/www.hoecker.eu\/blog\/angemessene-verguetung-fuer-freien-fotografen-zeitungsverlag-zahlt-nachtraeglich-weitere-e-58-000\/","title":{"rendered":"Angemessene Verg\u00fctung f\u00fcr freien Fotografen: Zeitungsverlag zahlt nachtr\u00e4glich weitere \u20ac 58.000."},"content":{"rendered":"<p \"=\"\">Bereits mehrfach wurden Zeitungsverlage von Gerichten verurteilt, ihre freien Mitarbeiter angemessen zu verg\u00fcten (z.B. <a href=\"{entry:1117:url}\">hier<\/a>, <a href=\"{entry:1118:url}\">hier<\/a> und <a href=\"{entry:1116:url}\">hier<\/a>).<\/p>\n<p \"=\"\">Die Botschaft scheint angekommen zu sein: Waren bislang meist langwierige Prozesse vonn\u00f6ten, um die Verlage davon zu \u201e\u00fcberzeugen\u201c, dass sie auch nachtr\u00e4glich noch in Anspruch genommen werden k\u00f6nnen, ist bei den Verlagen offenbar die Bereitschaft gestiegen, den Nachforderungen freiwillig nachzukommen. Mit einer Nettovergleichssumme von \u20ac 50.000 hat nun ein Zeitungsverlag erstmals einen entsprechend hohen Betrag au\u00dfergerichtlich anerkannt. Der Fotograf hatte wegen unangemessen niedriger Verg\u00fctung Anspr\u00fcche aus dem Urhebervertragsrecht f\u00fcr die zur\u00fcckliegenden drei Jahre geltend gemacht. Dabei ging es um Erstver\u00f6ffentlichungen von Bildern, aber auch um umfangreiche Archivnutzungen. Au\u00dferdem war der Verlag in vielen F\u00e4llen nicht der Verpflichtung zur Nennung des Urhebers nachgekommen.<\/p>\n<p \"=\"\">\u201e<i>Nachzahlungen zu verlangen lohnt sich f\u00fcr freie Journalisten, wenn die Honorare unterhalb der S\u00e4tze der Gemeinsamen Verg\u00fctungsregeln liegen<\/i>\u201c, sagt Rechtsanw\u00e4ltin Dr. Frauke Schmid-Petersen:<\/p>\n<p \"=\"\">\u201e<i>Wir haben schon viele freie Journalisten wegen zu geringer Verg\u00fctung vertreten. Leer ausgegangen ist noch keiner.<\/i>\u201c<\/p>\n","protected":false},"excerpt":{"rendered":"<p>Die Botschaft scheint angekommen zu sein: Waren bislang meist langwierige Prozesse vonn\u00f6ten, um die Verlage davon zu \u201e\u00fcberzeugen\u201c, dass sie auch nachtr\u00e4glich noch in Anspruch genommen werden k\u00f6nnen, ist bei den Verlagen offenbar die Bereitschaft gestiegen, den Nachforderungen freiwillig nachzukommen. Mit einer Nettovergleichssumme von \u20ac 50.000 hat nun ein Zeitungsverlag erstmals einen entsprechend hohen Betrag [&hellip;]<\/p>\n","protected":false},"author":1,"featured_media":0,"comment_status":"closed","ping_status":"closed","sticky":false,"template":"","format":"standard","meta":{"_has_post_settings":[],"footnotes":""},"categories":[15],"tags":[],"hashtags":[],"ppma_author":[84],"class_list":["post-8343","post","type-post","status-publish","format-standard","hentry","category-news","author-hoecker_adm"],"yoast_head":"<!-- This site is optimized with the Yoast SEO Premium plugin v25.9 (Yoast SEO v27.0) - https:\/\/yoast.com\/product\/yoast-seo-premium-wordpress\/ -->\n<title>Angemessene Verg\u00fctung f\u00fcr freien Fotografen: Zeitungsverlag zahlt nachtr\u00e4glich weitere \u20ac 58.000. - H\u00d6CKER - der Blog<\/title>\n<meta name=\"robots\" content=\"index, follow, max-snippet:-1, max-image-preview:large, max-video-preview:-1\" \/>\n<link rel=\"canonical\" href=\"https:\/\/www.hoecker.eu\/blog\/angemessene-verguetung-fuer-freien-fotografen-zeitungsverlag-zahlt-nachtraeglich-weitere-e-58-000\/\" \/>\n<meta property=\"og:locale\" content=\"de_DE\" \/>\n<meta property=\"og:type\" content=\"article\" \/>\n<meta property=\"og:title\" content=\"Angemessene Verg\u00fctung f\u00fcr freien Fotografen: Zeitungsverlag zahlt nachtr\u00e4glich weitere \u20ac 58.000.\" \/>\n<meta property=\"og:description\" content=\"Die Botschaft scheint angekommen zu sein: Waren bislang meist langwierige Prozesse vonn\u00f6ten, um die Verlage davon zu \u201e\u00fcberzeugen\u201c, dass sie auch nachtr\u00e4glich noch in Anspruch genommen werden k\u00f6nnen, ist bei den Verlagen offenbar die Bereitschaft gestiegen, den Nachforderungen freiwillig nachzukommen. Mit einer Nettovergleichssumme von \u20ac 50.000 hat nun ein Zeitungsverlag erstmals einen entsprechend hohen Betrag [&hellip;]\" \/>\n<meta property=\"og:url\" content=\"https:\/\/www.hoecker.eu\/blog\/angemessene-verguetung-fuer-freien-fotografen-zeitungsverlag-zahlt-nachtraeglich-weitere-e-58-000\/\" \/>\n<meta property=\"og:site_name\" content=\"H\u00d6CKER - der Blog\" \/>\n<meta property=\"article:publisher\" content=\"https:\/\/www.facebook.com\/HoeckerRAe\/\" \/>\n<meta property=\"article:author\" content=\"https:\/\/www.facebook.com\/ralf.hoecker\" \/>\n<meta property=\"article:published_time\" content=\"2018-03-06T10:49:48+00:00\" \/>\n<meta property=\"article:modified_time\" content=\"2025-02-17T13:56:39+00:00\" \/>\n<meta name=\"author\" content=\"Prof. Dr. Ralf H\u00f6cker\" \/>\n<meta name=\"twitter:card\" content=\"summary_large_image\" \/>\n<meta name=\"twitter:creator\" content=\"@Ralf_Hoecker\" \/>\n<meta name=\"twitter:site\" content=\"@hoecker_rae\" \/>\n<meta name=\"twitter:label1\" content=\"Verfasst von\" \/>\n\t<meta name=\"twitter:data1\" content=\"Prof. Dr. Ralf H\u00f6cker\" \/>\n\t<meta name=\"twitter:label2\" content=\"Gesch\u00e4tzte Lesezeit\" \/>\n\t<meta name=\"twitter:data2\" content=\"1\u00a0Minute\" \/>\n<script type=\"application\/ld+json\" class=\"yoast-schema-graph\">{\"@context\":\"https:\/\/schema.org\",\"@graph\":[{\"@type\":\"Article\",\"@id\":\"https:\/\/www.hoecker.eu\/blog\/angemessene-verguetung-fuer-freien-fotografen-zeitungsverlag-zahlt-nachtraeglich-weitere-e-58-000\/#article\",\"isPartOf\":{\"@id\":\"https:\/\/www.hoecker.eu\/blog\/angemessene-verguetung-fuer-freien-fotografen-zeitungsverlag-zahlt-nachtraeglich-weitere-e-58-000\/\"},\"author\":{\"name\":\"Prof. Dr. Ralf H\u00f6cker\",\"@id\":\"https:\/\/www.hoecker.eu\/blog\/#\/schema\/person\/08f95581eed0534eccd0b2438f7a1cab\"},\"headline\":\"Angemessene Verg\u00fctung f\u00fcr freien Fotografen: Zeitungsverlag zahlt nachtr\u00e4glich weitere \u20ac 58.000.\",\"datePublished\":\"2018-03-06T10:49:48+00:00\",\"dateModified\":\"2025-02-17T13:56:39+00:00\",\"mainEntityOfPage\":{\"@id\":\"https:\/\/www.hoecker.eu\/blog\/angemessene-verguetung-fuer-freien-fotografen-zeitungsverlag-zahlt-nachtraeglich-weitere-e-58-000\/\"},\"wordCount\":140,\"publisher\":{\"@id\":\"https:\/\/www.hoecker.eu\/blog\/#organization\"},\"articleSection\":[\"News\"],\"inLanguage\":\"de\"},{\"@type\":\"WebPage\",\"@id\":\"https:\/\/www.hoecker.eu\/blog\/angemessene-verguetung-fuer-freien-fotografen-zeitungsverlag-zahlt-nachtraeglich-weitere-e-58-000\/\",\"url\":\"https:\/\/www.hoecker.eu\/blog\/angemessene-verguetung-fuer-freien-fotografen-zeitungsverlag-zahlt-nachtraeglich-weitere-e-58-000\/\",\"name\":\"Angemessene Verg\u00fctung f\u00fcr freien Fotografen: Zeitungsverlag zahlt nachtr\u00e4glich weitere \u20ac 58.000. - H\u00d6CKER - der Blog\",\"isPartOf\":{\"@id\":\"https:\/\/www.hoecker.eu\/blog\/#website\"},\"datePublished\":\"2018-03-06T10:49:48+00:00\",\"dateModified\":\"2025-02-17T13:56:39+00:00\",\"breadcrumb\":{\"@id\":\"https:\/\/www.hoecker.eu\/blog\/angemessene-verguetung-fuer-freien-fotografen-zeitungsverlag-zahlt-nachtraeglich-weitere-e-58-000\/#breadcrumb\"},\"inLanguage\":\"de\",\"potentialAction\":[{\"@type\":\"ReadAction\",\"target\":[\"https:\/\/www.hoecker.eu\/blog\/angemessene-verguetung-fuer-freien-fotografen-zeitungsverlag-zahlt-nachtraeglich-weitere-e-58-000\/\"]}]},{\"@type\":\"BreadcrumbList\",\"@id\":\"https:\/\/www.hoecker.eu\/blog\/angemessene-verguetung-fuer-freien-fotografen-zeitungsverlag-zahlt-nachtraeglich-weitere-e-58-000\/#breadcrumb\",\"itemListElement\":[{\"@type\":\"ListItem\",\"position\":1,\"name\":\"Startseite\",\"item\":\"https:\/\/dev.hoecker.eu\/blog\/\"},{\"@type\":\"ListItem\",\"position\":2,\"name\":\"Angemessene Verg\u00fctung f\u00fcr freien Fotografen: Zeitungsverlag zahlt nachtr\u00e4glich weitere \u20ac 58.000.\"}]},{\"@type\":\"WebSite\",\"@id\":\"https:\/\/www.hoecker.eu\/blog\/#website\",\"url\":\"https:\/\/www.hoecker.eu\/blog\/\",\"name\":\"H\u00d6CKER - der Blog\",\"description\":\"Expertenblog f\u00fcr \u00c4u\u00dferungs-, Medien-, Marken-, Urheber- und Wettbewerbsrecht.\",\"publisher\":{\"@id\":\"https:\/\/www.hoecker.eu\/blog\/#organization\"},\"potentialAction\":[{\"@type\":\"SearchAction\",\"target\":{\"@type\":\"EntryPoint\",\"urlTemplate\":\"https:\/\/www.hoecker.eu\/blog\/?s={search_term_string}\"},\"query-input\":{\"@type\":\"PropertyValueSpecification\",\"valueRequired\":true,\"valueName\":\"search_term_string\"}}],\"inLanguage\":\"de\"},{\"@type\":\"Organization\",\"@id\":\"https:\/\/www.hoecker.eu\/blog\/#organization\",\"name\":\"H\u00d6CKER Rechtsanw\u00e4lte PartGmbB\",\"alternateName\":\"H\u00d6CKER\",\"url\":\"https:\/\/www.hoecker.eu\/blog\/\",\"logo\":{\"@type\":\"ImageObject\",\"inLanguage\":\"de\",\"@id\":\"https:\/\/www.hoecker.eu\/blog\/#\/schema\/logo\/image\/\",\"url\":\"https:\/\/www.hoecker.eu\/blog\/wp-content\/uploads\/2025\/03\/Blog-Logo.webp\",\"contentUrl\":\"https:\/\/www.hoecker.eu\/blog\/wp-content\/uploads\/2025\/03\/Blog-Logo.webp\",\"width\":500,\"height\":500,\"caption\":\"H\u00d6CKER Rechtsanw\u00e4lte PartGmbB\"},\"image\":{\"@id\":\"https:\/\/www.hoecker.eu\/blog\/#\/schema\/logo\/image\/\"},\"sameAs\":[\"https:\/\/www.facebook.com\/HoeckerRAe\/\",\"https:\/\/x.com\/hoecker_rae\",\"https:\/\/www.linkedin.com\/company\/hcker-rechtsanwlte\/\",\"https:\/\/www.instagram.com\/hoecker_rae\/\"],\"email\":\"contact@hoecker.eu\",\"telephone\":\"+ 49 (0)221-933 19-10\",\"legalName\":\"H\u00d6CKER Rechtsanw\u00e4lte PartGmbB\",\"numberOfEmployees\":{\"@type\":\"QuantitativeValue\",\"minValue\":\"11\",\"maxValue\":\"50\"}},{\"@type\":\"Person\",\"@id\":\"https:\/\/www.hoecker.eu\/blog\/#\/schema\/person\/08f95581eed0534eccd0b2438f7a1cab\",\"name\":\"Prof. Dr. Ralf H\u00f6cker\",\"description\":\"Medienanwalt. Besch\u00fctzer vor mieser Presse\",\"sameAs\":[\"https:\/\/www.hoecker.eu\/wer\/prof-dr-ralf-hoecker\",\"https:\/\/www.facebook.com\/ralf.hoecker\",\"https:\/\/www.linkedin.com\/in\/prof-dr-ralf-hcker-ll-m-london-17987826\/\",\"https:\/\/x.com\/Ralf_Hoecker\"],\"url\":\"https:\/\/www.hoecker.eu\/blog\/author\/hoecker_adm\/\"}]}<\/script>\n<!-- \/ Yoast SEO Premium plugin. -->","yoast_head_json":{"title":"Angemessene Verg\u00fctung f\u00fcr freien Fotografen: Zeitungsverlag zahlt nachtr\u00e4glich weitere \u20ac 58.000. - H\u00d6CKER - der Blog","robots":{"index":"index","follow":"follow","max-snippet":"max-snippet:-1","max-image-preview":"max-image-preview:large","max-video-preview":"max-video-preview:-1"},"canonical":"https:\/\/www.hoecker.eu\/blog\/angemessene-verguetung-fuer-freien-fotografen-zeitungsverlag-zahlt-nachtraeglich-weitere-e-58-000\/","og_locale":"de_DE","og_type":"article","og_title":"Angemessene Verg\u00fctung f\u00fcr freien Fotografen: Zeitungsverlag zahlt nachtr\u00e4glich weitere \u20ac 58.000.","og_description":"Die Botschaft scheint angekommen zu sein: Waren bislang meist langwierige Prozesse vonn\u00f6ten, um die Verlage davon zu \u201e\u00fcberzeugen\u201c, dass sie auch nachtr\u00e4glich noch in Anspruch genommen werden k\u00f6nnen, ist bei den Verlagen offenbar die Bereitschaft gestiegen, den Nachforderungen freiwillig nachzukommen. Mit einer Nettovergleichssumme von \u20ac 50.000 hat nun ein Zeitungsverlag erstmals einen entsprechend hohen Betrag [&hellip;]","og_url":"https:\/\/www.hoecker.eu\/blog\/angemessene-verguetung-fuer-freien-fotografen-zeitungsverlag-zahlt-nachtraeglich-weitere-e-58-000\/","og_site_name":"H\u00d6CKER - der Blog","article_publisher":"https:\/\/www.facebook.com\/HoeckerRAe\/","article_author":"https:\/\/www.facebook.com\/ralf.hoecker","article_published_time":"2018-03-06T10:49:48+00:00","article_modified_time":"2025-02-17T13:56:39+00:00","author":"Prof. Dr. Ralf H\u00f6cker","twitter_card":"summary_large_image","twitter_creator":"@Ralf_Hoecker","twitter_site":"@hoecker_rae","twitter_misc":{"Verfasst von":"Prof. Dr. Ralf H\u00f6cker","Gesch\u00e4tzte Lesezeit":"1\u00a0Minute"},"schema":{"@context":"https:\/\/schema.org","@graph":[{"@type":"Article","@id":"https:\/\/www.hoecker.eu\/blog\/angemessene-verguetung-fuer-freien-fotografen-zeitungsverlag-zahlt-nachtraeglich-weitere-e-58-000\/#article","isPartOf":{"@id":"https:\/\/www.hoecker.eu\/blog\/angemessene-verguetung-fuer-freien-fotografen-zeitungsverlag-zahlt-nachtraeglich-weitere-e-58-000\/"},"author":{"name":"Prof. Dr. Ralf H\u00f6cker","@id":"https:\/\/www.hoecker.eu\/blog\/#\/schema\/person\/08f95581eed0534eccd0b2438f7a1cab"},"headline":"Angemessene Verg\u00fctung f\u00fcr freien Fotografen: Zeitungsverlag zahlt nachtr\u00e4glich weitere \u20ac 58.000.","datePublished":"2018-03-06T10:49:48+00:00","dateModified":"2025-02-17T13:56:39+00:00","mainEntityOfPage":{"@id":"https:\/\/www.hoecker.eu\/blog\/angemessene-verguetung-fuer-freien-fotografen-zeitungsverlag-zahlt-nachtraeglich-weitere-e-58-000\/"},"wordCount":140,"publisher":{"@id":"https:\/\/www.hoecker.eu\/blog\/#organization"},"articleSection":["News"],"inLanguage":"de"},{"@type":"WebPage","@id":"https:\/\/www.hoecker.eu\/blog\/angemessene-verguetung-fuer-freien-fotografen-zeitungsverlag-zahlt-nachtraeglich-weitere-e-58-000\/","url":"https:\/\/www.hoecker.eu\/blog\/angemessene-verguetung-fuer-freien-fotografen-zeitungsverlag-zahlt-nachtraeglich-weitere-e-58-000\/","name":"Angemessene Verg\u00fctung f\u00fcr freien Fotografen: Zeitungsverlag zahlt nachtr\u00e4glich weitere \u20ac 58.000. - H\u00d6CKER - der Blog","isPartOf":{"@id":"https:\/\/www.hoecker.eu\/blog\/#website"},"datePublished":"2018-03-06T10:49:48+00:00","dateModified":"2025-02-17T13:56:39+00:00","breadcrumb":{"@id":"https:\/\/www.hoecker.eu\/blog\/angemessene-verguetung-fuer-freien-fotografen-zeitungsverlag-zahlt-nachtraeglich-weitere-e-58-000\/#breadcrumb"},"inLanguage":"de","potentialAction":[{"@type":"ReadAction","target":["https:\/\/www.hoecker.eu\/blog\/angemessene-verguetung-fuer-freien-fotografen-zeitungsverlag-zahlt-nachtraeglich-weitere-e-58-000\/"]}]},{"@type":"BreadcrumbList","@id":"https:\/\/www.hoecker.eu\/blog\/angemessene-verguetung-fuer-freien-fotografen-zeitungsverlag-zahlt-nachtraeglich-weitere-e-58-000\/#breadcrumb","itemListElement":[{"@type":"ListItem","position":1,"name":"Startseite","item":"https:\/\/dev.hoecker.eu\/blog\/"},{"@type":"ListItem","position":2,"name":"Angemessene Verg\u00fctung f\u00fcr freien Fotografen: Zeitungsverlag zahlt nachtr\u00e4glich weitere \u20ac 58.000."}]},{"@type":"WebSite","@id":"https:\/\/www.hoecker.eu\/blog\/#website","url":"https:\/\/www.hoecker.eu\/blog\/","name":"H\u00d6CKER - der Blog","description":"Expertenblog f\u00fcr \u00c4u\u00dferungs-, Medien-, Marken-, Urheber- und Wettbewerbsrecht.","publisher":{"@id":"https:\/\/www.hoecker.eu\/blog\/#organization"},"potentialAction":[{"@type":"SearchAction","target":{"@type":"EntryPoint","urlTemplate":"https:\/\/www.hoecker.eu\/blog\/?s={search_term_string}"},"query-input":{"@type":"PropertyValueSpecification","valueRequired":true,"valueName":"search_term_string"}}],"inLanguage":"de"},{"@type":"Organization","@id":"https:\/\/www.hoecker.eu\/blog\/#organization","name":"H\u00d6CKER Rechtsanw\u00e4lte PartGmbB","alternateName":"H\u00d6CKER","url":"https:\/\/www.hoecker.eu\/blog\/","logo":{"@type":"ImageObject","inLanguage":"de","@id":"https:\/\/www.hoecker.eu\/blog\/#\/schema\/logo\/image\/","url":"https:\/\/www.hoecker.eu\/blog\/wp-content\/uploads\/2025\/03\/Blog-Logo.webp","contentUrl":"https:\/\/www.hoecker.eu\/blog\/wp-content\/uploads\/2025\/03\/Blog-Logo.webp","width":500,"height":500,"caption":"H\u00d6CKER Rechtsanw\u00e4lte PartGmbB"},"image":{"@id":"https:\/\/www.hoecker.eu\/blog\/#\/schema\/logo\/image\/"},"sameAs":["https:\/\/www.facebook.com\/HoeckerRAe\/","https:\/\/x.com\/hoecker_rae","https:\/\/www.linkedin.com\/company\/hcker-rechtsanwlte\/","https:\/\/www.instagram.com\/hoecker_rae\/"],"email":"contact@hoecker.eu","telephone":"+ 49 (0)221-933 19-10","legalName":"H\u00d6CKER Rechtsanw\u00e4lte PartGmbB","numberOfEmployees":{"@type":"QuantitativeValue","minValue":"11","maxValue":"50"}},{"@type":"Person","@id":"https:\/\/www.hoecker.eu\/blog\/#\/schema\/person\/08f95581eed0534eccd0b2438f7a1cab","name":"Prof. Dr. Ralf H\u00f6cker","description":"Medienanwalt. Besch\u00fctzer vor mieser Presse","sameAs":["https:\/\/www.hoecker.eu\/wer\/prof-dr-ralf-hoecker","https:\/\/www.facebook.com\/ralf.hoecker","https:\/\/www.linkedin.com\/in\/prof-dr-ralf-hcker-ll-m-london-17987826\/","https:\/\/x.com\/Ralf_Hoecker"],"url":"https:\/\/www.hoecker.eu\/blog\/author\/hoecker_adm\/"}]}},"authors":[{"term_id":84,"user_id":1,"is_guest":0,"slug":"hoecker_adm","display_name":"Prof. Dr. Ralf H\u00f6cker","avatar_url":{"url":"https:\/\/www.hoecker.eu\/blog\/wp-content\/uploads\/2023\/12\/ProfDrRalfHoecker.jpg","url2x":"https:\/\/www.hoecker.eu\/blog\/wp-content\/uploads\/2023\/12\/ProfDrRalfHoecker.jpg"},"0":null,"1":"","2":"","3":"","4":"","5":"","6":"","7":"","8":"","9":"","10":"","11":""}],"_links":{"self":[{"href":"https:\/\/www.hoecker.eu\/blog\/wp-json\/wp\/v2\/posts\/8343","targetHints":{"allow":["GET"]}}],"collection":[{"href":"https:\/\/www.hoecker.eu\/blog\/wp-json\/wp\/v2\/posts"}],"about":[{"href":"https:\/\/www.hoecker.eu\/blog\/wp-json\/wp\/v2\/types\/post"}],"author":[{"embeddable":true,"href":"https:\/\/www.hoecker.eu\/blog\/wp-json\/wp\/v2\/users\/1"}],"replies":[{"embeddable":true,"href":"https:\/\/www.hoecker.eu\/blog\/wp-json\/wp\/v2\/comments?post=8343"}],"version-history":[{"count":1,"href":"https:\/\/www.hoecker.eu\/blog\/wp-json\/wp\/v2\/posts\/8343\/revisions"}],"predecessor-version":[{"id":9465,"href":"https:\/\/www.hoecker.eu\/blog\/wp-json\/wp\/v2\/posts\/8343\/revisions\/9465"}],"wp:attachment":[{"href":"https:\/\/www.hoecker.eu\/blog\/wp-json\/wp\/v2\/media?parent=8343"}],"wp:term":[{"taxonomy":"category","embeddable":true,"href":"https:\/\/www.hoecker.eu\/blog\/wp-json\/wp\/v2\/categories?post=8343"},{"taxonomy":"post_tag","embeddable":true,"href":"https:\/\/www.hoecker.eu\/blog\/wp-json\/wp\/v2\/tags?post=8343"},{"taxonomy":"hashtags","embeddable":true,"href":"https:\/\/www.hoecker.eu\/blog\/wp-json\/wp\/v2\/hashtags?post=8343"},{"taxonomy":"author","embeddable":true,"href":"https:\/\/www.hoecker.eu\/blog\/wp-json\/wp\/v2\/ppma_author?post=8343"}],"curies":[{"name":"wp","href":"https:\/\/api.w.org\/{rel}","templated":true}]}}