{"id":8341,"date":"2018-05-02T10:20:00","date_gmt":"2018-05-02T08:20:00","guid":{"rendered":"https:\/\/www.hoecker.eu\/blog\/joerg-kachelmann-kaempft-gegen-hate-speech-und-nachverurteilung-facebook-nutzer-muss-e-1-500-an-gemeinnuetzige-einrichtung-zahlen\/"},"modified":"2025-02-17T14:56:38","modified_gmt":"2025-02-17T13:56:38","slug":"joerg-kachelmann-kaempft-gegen-hate-speech-und-nachverurteilung-facebook-nutzer-muss-e-1-500-an-gemeinnuetzige-einrichtung-zahlen","status":"publish","type":"post","link":"https:\/\/www.hoecker.eu\/blog\/joerg-kachelmann-kaempft-gegen-hate-speech-und-nachverurteilung-facebook-nutzer-muss-e-1-500-an-gemeinnuetzige-einrichtung-zahlen\/","title":{"rendered":"J\u00f6rg Kachelmann k\u00e4mpft gegen Hate-Speech und Nachverurteilung: Facebook-Nutzer muss \u20ac 1.500 an gemeinn\u00fctzige Einrichtung zahlen."},"content":{"rendered":"<p>Obwohl sein Freispruch seit mehr als sechs Jahren rechtskr\u00e4ftig ist, die damalige Beschuldigerin inzwischen \u2013 ebenfalls rechtkr\u00e4ftig \u2013 gerichtlich der L\u00fcge \u00fcberf\u00fchrt wurde und auch die Staatsanwaltschaft Mannheim zuletzt eine Unterlassungserkl\u00e4rung abgeben musste, k\u00e4mpft J\u00f6rg Kachelmann nach wie vor gegen w\u00fcste Beschimpfungen und Nachverurteilungen, vor allem in den sozialen Medien.<\/p>\n<p>Im Jahr 2016 bezeichnete ihn ein Facebook-Nutzer auf der kachelmannwetter.com-Facebook-Seite als \u201eVergewaltiger\u201c. J\u00f6rg Kachelmann erstattete daraufhin Strafanzeige bei der Staatsanwaltschaft K\u00f6ln. Diese wollte das Verfahren zun\u00e4chst einstellen, da sie den Nutzer angeblich nicht ermitteln konnte. Dies ist ein leider bekanntes Ph\u00e4nomen in sozialen Medien wie Facebook, Twitter &amp; Co. Dort wird zumeist anonym agiert, sodass eine Strafverfolgung oft schwierig ist. J\u00f6rg Kachelmanns Anw\u00e4lte von der K\u00f6lner Kanzlei H\u00d6CKER lie\u00dfen aber nicht locker, sondern wiesen die Staatsanwaltschaft darauf hin, dass der Nutzer \u00fcber seinen Arbeitgeber ermittelt werden k\u00f6nne.<\/p>\n<p>Dies geschah dann auch. Nachdem die StA die Durchsuchung der Gesch\u00e4ftsr\u00e4ume des Arbeitgebers angedroht hatte, wurde die Adresse des Mitarbeiters umgehend mitgeteilt. Der Facebook-Nutzer wurde daraufhin von der StA K\u00f6ln angeklagt. Das AG Kerpen stellte das Verfahren letztlich gegen eine Auflage in H\u00f6he von \u20ac 1.500,00 ein, die er an eine gemeinn\u00fctzige Stiftung zahlen musste.<\/p>\n<p>Trotz der strafrechtlichen Konsequenzen blieb der Nutzer weiter uneinsichtig. Da J\u00f6rg Kachelmann ein zivilrechtlicher Unterlassungsanspruch zusteht, wurde er abgemahnt. Der Nutzer gab zwar eine Unterlassungserkl\u00e4rung ab, verweigerte jedoch die Erstattung von Abmahnkosten. Das Amtsgericht K\u00f6ln verurteilte den Nutzer nun zur Zahlung der Anwaltskosten aus einem Streitwert von \u20ac 10.000,00 (Urt. v. 20.03.2018, Az: 133 C 468\/17, n.rkr.). Zudem muss der Nutzer Gerichtskosten \u00fcbernehmen.<\/p>\n","protected":false},"excerpt":{"rendered":"<p>Obwohl sein Freispruch seit mehr als sechs Jahren rechtskr\u00e4ftig ist, die damalige Beschuldigerin inzwischen \u2013 ebenfalls rechtkr\u00e4ftig \u2013 gerichtlich der L\u00fcge \u00fcberf\u00fchrt wurde und auch die Staatsanwaltschaft Mannheim zuletzt eine Unterlassungserkl\u00e4rung abgeben musste, k\u00e4mpft J\u00f6rg Kachelmann nach wie vor gegen w\u00fcste Beschimpfungen und Nachverurteilungen, vor allem in den sozialen Medien. Im Jahr 2016 bezeichnete ihn [&hellip;]<\/p>\n","protected":false},"author":1,"featured_media":0,"comment_status":"closed","ping_status":"closed","sticky":false,"template":"","format":"standard","meta":{"_has_post_settings":[],"footnotes":""},"categories":[15],"tags":[],"hashtags":[],"ppma_author":[84],"class_list":["post-8341","post","type-post","status-publish","format-standard","hentry","category-news","author-hoecker_adm"],"yoast_head":"<!-- This site is optimized with the Yoast SEO Premium plugin v25.9 (Yoast SEO v27.0) - https:\/\/yoast.com\/product\/yoast-seo-premium-wordpress\/ -->\n<title>J\u00f6rg Kachelmann k\u00e4mpft gegen Hate-Speech und Nachverurteilung: Facebook-Nutzer muss \u20ac 1.500 an gemeinn\u00fctzige Einrichtung zahlen. - H\u00d6CKER - der Blog<\/title>\n<meta name=\"robots\" content=\"index, follow, max-snippet:-1, max-image-preview:large, max-video-preview:-1\" \/>\n<link rel=\"canonical\" href=\"https:\/\/www.hoecker.eu\/blog\/joerg-kachelmann-kaempft-gegen-hate-speech-und-nachverurteilung-facebook-nutzer-muss-e-1-500-an-gemeinnuetzige-einrichtung-zahlen\/\" \/>\n<meta property=\"og:locale\" content=\"de_DE\" \/>\n<meta property=\"og:type\" content=\"article\" \/>\n<meta property=\"og:title\" content=\"J\u00f6rg Kachelmann k\u00e4mpft gegen Hate-Speech und Nachverurteilung: Facebook-Nutzer muss \u20ac 1.500 an gemeinn\u00fctzige Einrichtung zahlen.\" \/>\n<meta property=\"og:description\" content=\"Obwohl sein Freispruch seit mehr als sechs Jahren rechtskr\u00e4ftig ist, die damalige Beschuldigerin inzwischen \u2013 ebenfalls rechtkr\u00e4ftig \u2013 gerichtlich der L\u00fcge \u00fcberf\u00fchrt wurde und auch die Staatsanwaltschaft Mannheim zuletzt eine Unterlassungserkl\u00e4rung abgeben musste, k\u00e4mpft J\u00f6rg Kachelmann nach wie vor gegen w\u00fcste Beschimpfungen und Nachverurteilungen, vor allem in den sozialen Medien. Im Jahr 2016 bezeichnete ihn [&hellip;]\" \/>\n<meta property=\"og:url\" content=\"https:\/\/www.hoecker.eu\/blog\/joerg-kachelmann-kaempft-gegen-hate-speech-und-nachverurteilung-facebook-nutzer-muss-e-1-500-an-gemeinnuetzige-einrichtung-zahlen\/\" \/>\n<meta property=\"og:site_name\" content=\"H\u00d6CKER - der Blog\" \/>\n<meta property=\"article:publisher\" content=\"https:\/\/www.facebook.com\/HoeckerRAe\/\" \/>\n<meta property=\"article:author\" content=\"https:\/\/www.facebook.com\/ralf.hoecker\" \/>\n<meta property=\"article:published_time\" content=\"2018-05-02T08:20:00+00:00\" \/>\n<meta property=\"article:modified_time\" content=\"2025-02-17T13:56:38+00:00\" \/>\n<meta name=\"author\" content=\"Prof. Dr. Ralf H\u00f6cker\" \/>\n<meta name=\"twitter:card\" content=\"summary_large_image\" \/>\n<meta name=\"twitter:creator\" content=\"@Ralf_Hoecker\" \/>\n<meta name=\"twitter:site\" content=\"@hoecker_rae\" \/>\n<meta name=\"twitter:label1\" content=\"Verfasst von\" \/>\n\t<meta name=\"twitter:data1\" content=\"Prof. Dr. Ralf H\u00f6cker\" \/>\n\t<meta name=\"twitter:label2\" content=\"Gesch\u00e4tzte Lesezeit\" \/>\n\t<meta name=\"twitter:data2\" content=\"1\u00a0Minute\" \/>\n<script type=\"application\/ld+json\" class=\"yoast-schema-graph\">{\"@context\":\"https:\/\/schema.org\",\"@graph\":[{\"@type\":\"Article\",\"@id\":\"https:\/\/www.hoecker.eu\/blog\/joerg-kachelmann-kaempft-gegen-hate-speech-und-nachverurteilung-facebook-nutzer-muss-e-1-500-an-gemeinnuetzige-einrichtung-zahlen\/#article\",\"isPartOf\":{\"@id\":\"https:\/\/www.hoecker.eu\/blog\/joerg-kachelmann-kaempft-gegen-hate-speech-und-nachverurteilung-facebook-nutzer-muss-e-1-500-an-gemeinnuetzige-einrichtung-zahlen\/\"},\"author\":{\"name\":\"Prof. Dr. Ralf H\u00f6cker\",\"@id\":\"https:\/\/www.hoecker.eu\/blog\/#\/schema\/person\/08f95581eed0534eccd0b2438f7a1cab\"},\"headline\":\"J\u00f6rg Kachelmann k\u00e4mpft gegen Hate-Speech und Nachverurteilung: Facebook-Nutzer muss \u20ac 1.500 an gemeinn\u00fctzige Einrichtung zahlen.\",\"datePublished\":\"2018-05-02T08:20:00+00:00\",\"dateModified\":\"2025-02-17T13:56:38+00:00\",\"mainEntityOfPage\":{\"@id\":\"https:\/\/www.hoecker.eu\/blog\/joerg-kachelmann-kaempft-gegen-hate-speech-und-nachverurteilung-facebook-nutzer-muss-e-1-500-an-gemeinnuetzige-einrichtung-zahlen\/\"},\"wordCount\":289,\"publisher\":{\"@id\":\"https:\/\/www.hoecker.eu\/blog\/#organization\"},\"articleSection\":[\"News\"],\"inLanguage\":\"de\"},{\"@type\":\"WebPage\",\"@id\":\"https:\/\/www.hoecker.eu\/blog\/joerg-kachelmann-kaempft-gegen-hate-speech-und-nachverurteilung-facebook-nutzer-muss-e-1-500-an-gemeinnuetzige-einrichtung-zahlen\/\",\"url\":\"https:\/\/www.hoecker.eu\/blog\/joerg-kachelmann-kaempft-gegen-hate-speech-und-nachverurteilung-facebook-nutzer-muss-e-1-500-an-gemeinnuetzige-einrichtung-zahlen\/\",\"name\":\"J\u00f6rg Kachelmann k\u00e4mpft gegen Hate-Speech und Nachverurteilung: Facebook-Nutzer muss \u20ac 1.500 an gemeinn\u00fctzige Einrichtung zahlen. - H\u00d6CKER - der Blog\",\"isPartOf\":{\"@id\":\"https:\/\/www.hoecker.eu\/blog\/#website\"},\"datePublished\":\"2018-05-02T08:20:00+00:00\",\"dateModified\":\"2025-02-17T13:56:38+00:00\",\"breadcrumb\":{\"@id\":\"https:\/\/www.hoecker.eu\/blog\/joerg-kachelmann-kaempft-gegen-hate-speech-und-nachverurteilung-facebook-nutzer-muss-e-1-500-an-gemeinnuetzige-einrichtung-zahlen\/#breadcrumb\"},\"inLanguage\":\"de\",\"potentialAction\":[{\"@type\":\"ReadAction\",\"target\":[\"https:\/\/www.hoecker.eu\/blog\/joerg-kachelmann-kaempft-gegen-hate-speech-und-nachverurteilung-facebook-nutzer-muss-e-1-500-an-gemeinnuetzige-einrichtung-zahlen\/\"]}]},{\"@type\":\"BreadcrumbList\",\"@id\":\"https:\/\/www.hoecker.eu\/blog\/joerg-kachelmann-kaempft-gegen-hate-speech-und-nachverurteilung-facebook-nutzer-muss-e-1-500-an-gemeinnuetzige-einrichtung-zahlen\/#breadcrumb\",\"itemListElement\":[{\"@type\":\"ListItem\",\"position\":1,\"name\":\"Startseite\",\"item\":\"https:\/\/dev.hoecker.eu\/blog\/\"},{\"@type\":\"ListItem\",\"position\":2,\"name\":\"J\u00f6rg Kachelmann k\u00e4mpft gegen Hate-Speech und Nachverurteilung: Facebook-Nutzer muss \u20ac 1.500 an gemeinn\u00fctzige Einrichtung zahlen.\"}]},{\"@type\":\"WebSite\",\"@id\":\"https:\/\/www.hoecker.eu\/blog\/#website\",\"url\":\"https:\/\/www.hoecker.eu\/blog\/\",\"name\":\"H\u00d6CKER - der Blog\",\"description\":\"Expertenblog f\u00fcr \u00c4u\u00dferungs-, Medien-, Marken-, Urheber- und Wettbewerbsrecht.\",\"publisher\":{\"@id\":\"https:\/\/www.hoecker.eu\/blog\/#organization\"},\"potentialAction\":[{\"@type\":\"SearchAction\",\"target\":{\"@type\":\"EntryPoint\",\"urlTemplate\":\"https:\/\/www.hoecker.eu\/blog\/?s={search_term_string}\"},\"query-input\":{\"@type\":\"PropertyValueSpecification\",\"valueRequired\":true,\"valueName\":\"search_term_string\"}}],\"inLanguage\":\"de\"},{\"@type\":\"Organization\",\"@id\":\"https:\/\/www.hoecker.eu\/blog\/#organization\",\"name\":\"H\u00d6CKER Rechtsanw\u00e4lte PartGmbB\",\"alternateName\":\"H\u00d6CKER\",\"url\":\"https:\/\/www.hoecker.eu\/blog\/\",\"logo\":{\"@type\":\"ImageObject\",\"inLanguage\":\"de\",\"@id\":\"https:\/\/www.hoecker.eu\/blog\/#\/schema\/logo\/image\/\",\"url\":\"https:\/\/www.hoecker.eu\/blog\/wp-content\/uploads\/2025\/03\/Blog-Logo.webp\",\"contentUrl\":\"https:\/\/www.hoecker.eu\/blog\/wp-content\/uploads\/2025\/03\/Blog-Logo.webp\",\"width\":500,\"height\":500,\"caption\":\"H\u00d6CKER Rechtsanw\u00e4lte PartGmbB\"},\"image\":{\"@id\":\"https:\/\/www.hoecker.eu\/blog\/#\/schema\/logo\/image\/\"},\"sameAs\":[\"https:\/\/www.facebook.com\/HoeckerRAe\/\",\"https:\/\/x.com\/hoecker_rae\",\"https:\/\/www.linkedin.com\/company\/hcker-rechtsanwlte\/\",\"https:\/\/www.instagram.com\/hoecker_rae\/\"],\"email\":\"contact@hoecker.eu\",\"telephone\":\"+ 49 (0)221-933 19-10\",\"legalName\":\"H\u00d6CKER Rechtsanw\u00e4lte PartGmbB\",\"numberOfEmployees\":{\"@type\":\"QuantitativeValue\",\"minValue\":\"11\",\"maxValue\":\"50\"}},{\"@type\":\"Person\",\"@id\":\"https:\/\/www.hoecker.eu\/blog\/#\/schema\/person\/08f95581eed0534eccd0b2438f7a1cab\",\"name\":\"Prof. Dr. Ralf H\u00f6cker\",\"description\":\"Medienanwalt. Besch\u00fctzer vor mieser Presse\",\"sameAs\":[\"https:\/\/www.hoecker.eu\/wer\/prof-dr-ralf-hoecker\",\"https:\/\/www.facebook.com\/ralf.hoecker\",\"https:\/\/www.linkedin.com\/in\/prof-dr-ralf-hcker-ll-m-london-17987826\/\",\"https:\/\/x.com\/Ralf_Hoecker\"],\"url\":\"https:\/\/www.hoecker.eu\/blog\/author\/hoecker_adm\/\"}]}<\/script>\n<!-- \/ Yoast SEO Premium plugin. -->","yoast_head_json":{"title":"J\u00f6rg Kachelmann k\u00e4mpft gegen Hate-Speech und Nachverurteilung: Facebook-Nutzer muss \u20ac 1.500 an gemeinn\u00fctzige Einrichtung zahlen. - H\u00d6CKER - der Blog","robots":{"index":"index","follow":"follow","max-snippet":"max-snippet:-1","max-image-preview":"max-image-preview:large","max-video-preview":"max-video-preview:-1"},"canonical":"https:\/\/www.hoecker.eu\/blog\/joerg-kachelmann-kaempft-gegen-hate-speech-und-nachverurteilung-facebook-nutzer-muss-e-1-500-an-gemeinnuetzige-einrichtung-zahlen\/","og_locale":"de_DE","og_type":"article","og_title":"J\u00f6rg Kachelmann k\u00e4mpft gegen Hate-Speech und Nachverurteilung: Facebook-Nutzer muss \u20ac 1.500 an gemeinn\u00fctzige Einrichtung zahlen.","og_description":"Obwohl sein Freispruch seit mehr als sechs Jahren rechtskr\u00e4ftig ist, die damalige Beschuldigerin inzwischen \u2013 ebenfalls rechtkr\u00e4ftig \u2013 gerichtlich der L\u00fcge \u00fcberf\u00fchrt wurde und auch die Staatsanwaltschaft Mannheim zuletzt eine Unterlassungserkl\u00e4rung abgeben musste, k\u00e4mpft J\u00f6rg Kachelmann nach wie vor gegen w\u00fcste Beschimpfungen und Nachverurteilungen, vor allem in den sozialen Medien. Im Jahr 2016 bezeichnete ihn [&hellip;]","og_url":"https:\/\/www.hoecker.eu\/blog\/joerg-kachelmann-kaempft-gegen-hate-speech-und-nachverurteilung-facebook-nutzer-muss-e-1-500-an-gemeinnuetzige-einrichtung-zahlen\/","og_site_name":"H\u00d6CKER - der Blog","article_publisher":"https:\/\/www.facebook.com\/HoeckerRAe\/","article_author":"https:\/\/www.facebook.com\/ralf.hoecker","article_published_time":"2018-05-02T08:20:00+00:00","article_modified_time":"2025-02-17T13:56:38+00:00","author":"Prof. Dr. Ralf H\u00f6cker","twitter_card":"summary_large_image","twitter_creator":"@Ralf_Hoecker","twitter_site":"@hoecker_rae","twitter_misc":{"Verfasst von":"Prof. Dr. Ralf H\u00f6cker","Gesch\u00e4tzte Lesezeit":"1\u00a0Minute"},"schema":{"@context":"https:\/\/schema.org","@graph":[{"@type":"Article","@id":"https:\/\/www.hoecker.eu\/blog\/joerg-kachelmann-kaempft-gegen-hate-speech-und-nachverurteilung-facebook-nutzer-muss-e-1-500-an-gemeinnuetzige-einrichtung-zahlen\/#article","isPartOf":{"@id":"https:\/\/www.hoecker.eu\/blog\/joerg-kachelmann-kaempft-gegen-hate-speech-und-nachverurteilung-facebook-nutzer-muss-e-1-500-an-gemeinnuetzige-einrichtung-zahlen\/"},"author":{"name":"Prof. Dr. Ralf H\u00f6cker","@id":"https:\/\/www.hoecker.eu\/blog\/#\/schema\/person\/08f95581eed0534eccd0b2438f7a1cab"},"headline":"J\u00f6rg Kachelmann k\u00e4mpft gegen Hate-Speech und Nachverurteilung: Facebook-Nutzer muss \u20ac 1.500 an gemeinn\u00fctzige Einrichtung zahlen.","datePublished":"2018-05-02T08:20:00+00:00","dateModified":"2025-02-17T13:56:38+00:00","mainEntityOfPage":{"@id":"https:\/\/www.hoecker.eu\/blog\/joerg-kachelmann-kaempft-gegen-hate-speech-und-nachverurteilung-facebook-nutzer-muss-e-1-500-an-gemeinnuetzige-einrichtung-zahlen\/"},"wordCount":289,"publisher":{"@id":"https:\/\/www.hoecker.eu\/blog\/#organization"},"articleSection":["News"],"inLanguage":"de"},{"@type":"WebPage","@id":"https:\/\/www.hoecker.eu\/blog\/joerg-kachelmann-kaempft-gegen-hate-speech-und-nachverurteilung-facebook-nutzer-muss-e-1-500-an-gemeinnuetzige-einrichtung-zahlen\/","url":"https:\/\/www.hoecker.eu\/blog\/joerg-kachelmann-kaempft-gegen-hate-speech-und-nachverurteilung-facebook-nutzer-muss-e-1-500-an-gemeinnuetzige-einrichtung-zahlen\/","name":"J\u00f6rg Kachelmann k\u00e4mpft gegen Hate-Speech und Nachverurteilung: Facebook-Nutzer muss \u20ac 1.500 an gemeinn\u00fctzige Einrichtung zahlen. - H\u00d6CKER - der Blog","isPartOf":{"@id":"https:\/\/www.hoecker.eu\/blog\/#website"},"datePublished":"2018-05-02T08:20:00+00:00","dateModified":"2025-02-17T13:56:38+00:00","breadcrumb":{"@id":"https:\/\/www.hoecker.eu\/blog\/joerg-kachelmann-kaempft-gegen-hate-speech-und-nachverurteilung-facebook-nutzer-muss-e-1-500-an-gemeinnuetzige-einrichtung-zahlen\/#breadcrumb"},"inLanguage":"de","potentialAction":[{"@type":"ReadAction","target":["https:\/\/www.hoecker.eu\/blog\/joerg-kachelmann-kaempft-gegen-hate-speech-und-nachverurteilung-facebook-nutzer-muss-e-1-500-an-gemeinnuetzige-einrichtung-zahlen\/"]}]},{"@type":"BreadcrumbList","@id":"https:\/\/www.hoecker.eu\/blog\/joerg-kachelmann-kaempft-gegen-hate-speech-und-nachverurteilung-facebook-nutzer-muss-e-1-500-an-gemeinnuetzige-einrichtung-zahlen\/#breadcrumb","itemListElement":[{"@type":"ListItem","position":1,"name":"Startseite","item":"https:\/\/dev.hoecker.eu\/blog\/"},{"@type":"ListItem","position":2,"name":"J\u00f6rg Kachelmann k\u00e4mpft gegen Hate-Speech und Nachverurteilung: Facebook-Nutzer muss \u20ac 1.500 an gemeinn\u00fctzige Einrichtung zahlen."}]},{"@type":"WebSite","@id":"https:\/\/www.hoecker.eu\/blog\/#website","url":"https:\/\/www.hoecker.eu\/blog\/","name":"H\u00d6CKER - der Blog","description":"Expertenblog f\u00fcr \u00c4u\u00dferungs-, Medien-, Marken-, Urheber- und Wettbewerbsrecht.","publisher":{"@id":"https:\/\/www.hoecker.eu\/blog\/#organization"},"potentialAction":[{"@type":"SearchAction","target":{"@type":"EntryPoint","urlTemplate":"https:\/\/www.hoecker.eu\/blog\/?s={search_term_string}"},"query-input":{"@type":"PropertyValueSpecification","valueRequired":true,"valueName":"search_term_string"}}],"inLanguage":"de"},{"@type":"Organization","@id":"https:\/\/www.hoecker.eu\/blog\/#organization","name":"H\u00d6CKER Rechtsanw\u00e4lte PartGmbB","alternateName":"H\u00d6CKER","url":"https:\/\/www.hoecker.eu\/blog\/","logo":{"@type":"ImageObject","inLanguage":"de","@id":"https:\/\/www.hoecker.eu\/blog\/#\/schema\/logo\/image\/","url":"https:\/\/www.hoecker.eu\/blog\/wp-content\/uploads\/2025\/03\/Blog-Logo.webp","contentUrl":"https:\/\/www.hoecker.eu\/blog\/wp-content\/uploads\/2025\/03\/Blog-Logo.webp","width":500,"height":500,"caption":"H\u00d6CKER Rechtsanw\u00e4lte PartGmbB"},"image":{"@id":"https:\/\/www.hoecker.eu\/blog\/#\/schema\/logo\/image\/"},"sameAs":["https:\/\/www.facebook.com\/HoeckerRAe\/","https:\/\/x.com\/hoecker_rae","https:\/\/www.linkedin.com\/company\/hcker-rechtsanwlte\/","https:\/\/www.instagram.com\/hoecker_rae\/"],"email":"contact@hoecker.eu","telephone":"+ 49 (0)221-933 19-10","legalName":"H\u00d6CKER Rechtsanw\u00e4lte PartGmbB","numberOfEmployees":{"@type":"QuantitativeValue","minValue":"11","maxValue":"50"}},{"@type":"Person","@id":"https:\/\/www.hoecker.eu\/blog\/#\/schema\/person\/08f95581eed0534eccd0b2438f7a1cab","name":"Prof. Dr. Ralf H\u00f6cker","description":"Medienanwalt. Besch\u00fctzer vor mieser Presse","sameAs":["https:\/\/www.hoecker.eu\/wer\/prof-dr-ralf-hoecker","https:\/\/www.facebook.com\/ralf.hoecker","https:\/\/www.linkedin.com\/in\/prof-dr-ralf-hcker-ll-m-london-17987826\/","https:\/\/x.com\/Ralf_Hoecker"],"url":"https:\/\/www.hoecker.eu\/blog\/author\/hoecker_adm\/"}]}},"authors":[{"term_id":84,"user_id":1,"is_guest":0,"slug":"hoecker_adm","display_name":"Prof. Dr. Ralf H\u00f6cker","avatar_url":{"url":"https:\/\/www.hoecker.eu\/blog\/wp-content\/uploads\/2023\/12\/ProfDrRalfHoecker.jpg","url2x":"https:\/\/www.hoecker.eu\/blog\/wp-content\/uploads\/2023\/12\/ProfDrRalfHoecker.jpg"},"0":null,"1":"","2":"","3":"","4":"","5":"","6":"","7":"","8":"","9":"","10":"","11":""}],"_links":{"self":[{"href":"https:\/\/www.hoecker.eu\/blog\/wp-json\/wp\/v2\/posts\/8341","targetHints":{"allow":["GET"]}}],"collection":[{"href":"https:\/\/www.hoecker.eu\/blog\/wp-json\/wp\/v2\/posts"}],"about":[{"href":"https:\/\/www.hoecker.eu\/blog\/wp-json\/wp\/v2\/types\/post"}],"author":[{"embeddable":true,"href":"https:\/\/www.hoecker.eu\/blog\/wp-json\/wp\/v2\/users\/1"}],"replies":[{"embeddable":true,"href":"https:\/\/www.hoecker.eu\/blog\/wp-json\/wp\/v2\/comments?post=8341"}],"version-history":[{"count":1,"href":"https:\/\/www.hoecker.eu\/blog\/wp-json\/wp\/v2\/posts\/8341\/revisions"}],"predecessor-version":[{"id":9463,"href":"https:\/\/www.hoecker.eu\/blog\/wp-json\/wp\/v2\/posts\/8341\/revisions\/9463"}],"wp:attachment":[{"href":"https:\/\/www.hoecker.eu\/blog\/wp-json\/wp\/v2\/media?parent=8341"}],"wp:term":[{"taxonomy":"category","embeddable":true,"href":"https:\/\/www.hoecker.eu\/blog\/wp-json\/wp\/v2\/categories?post=8341"},{"taxonomy":"post_tag","embeddable":true,"href":"https:\/\/www.hoecker.eu\/blog\/wp-json\/wp\/v2\/tags?post=8341"},{"taxonomy":"hashtags","embeddable":true,"href":"https:\/\/www.hoecker.eu\/blog\/wp-json\/wp\/v2\/hashtags?post=8341"},{"taxonomy":"author","embeddable":true,"href":"https:\/\/www.hoecker.eu\/blog\/wp-json\/wp\/v2\/ppma_author?post=8341"}],"curies":[{"name":"wp","href":"https:\/\/api.w.org\/{rel}","templated":true}]}}