{"id":8340,"date":"2018-05-23T11:11:00","date_gmt":"2018-05-23T09:11:00","guid":{"rendered":"https:\/\/www.hoecker.eu\/blog\/kein-verbot-wegen-spekulation-ueber-pseudonym-landgericht-mannheim-weist-klage-des-rheinneckarblog-gegen-imad-karim-ab\/"},"modified":"2025-02-17T14:56:37","modified_gmt":"2025-02-17T13:56:37","slug":"kein-verbot-wegen-spekulation-ueber-pseudonym-landgericht-mannheim-weist-klage-des-rheinneckarblog-gegen-imad-karim-ab","status":"publish","type":"post","link":"https:\/\/www.hoecker.eu\/blog\/kein-verbot-wegen-spekulation-ueber-pseudonym-landgericht-mannheim-weist-klage-des-rheinneckarblog-gegen-imad-karim-ab\/","title":{"rendered":"Kein Verbot wegen Spekulation \u00fcber Pseudonym: Landgericht Mannheim weist Klage des Rheinneckarblog gegen Imad Karim ab."},"content":{"rendered":"<p \"=\"\">Der Betreiber des Internetblogs &#8220;Rheinneckarblog&#8221;, Hardy Prothmann, klagte am Landgericht Mannheim gegen den H\u00d6CKER-Mandanten Imad Karim. Der Kl\u00e4ger begehrte das gerichtliche Verbot, dass der Mandant nicht \u00f6ffentlich \u00fcber die Verwendung eines Pseudonyms auf Facebook durch den Kl\u00e4ger spekulieren d\u00fcrfe. Hintergrund der Auseinandersetzung ist, dass der Kl\u00e4ger den Regisseur, Drehbuchautor und Fernsehjournalisten Karim auf Facebook zahlreiche Male beleidigt und ihn aufgefordert hatte zu raten, unter welchem Namen er noch Mitglied einer Facebook-Gruppe des Mandanten sei. Der H\u00d6CKER-Mandant nahm diese Aufforderung auf und spekulierte dann in einem insgesamt deeskalierenden Posting \u00fcber den weiteren Nutzernamen, unter dem der Kl\u00e4ger m\u00f6glicherweise Kommentare schreibe. Der Kl\u00e4ger griff dies als vermeintlich unwahre Tatsachenbehauptung an.<\/p>\n<p \"=\"\">Das Landgericht Mannheim schloss sich in seinem Urteil (v. 19.04.2018, Az: 3 O 110\/17, n.rkr.) der Ansicht von H\u00d6CKER an, dass es sich bei der Spekulation des Mandanten um eine zul\u00e4ssige Meinungs\u00e4u\u00dferung handelt. Dass der Kl\u00e4ger jedenfalls teilweise unter einem Pseudonym schreibe, sei von ihm in einem Posting selbst einger\u00e4umt worden und entspreche damit der Wahrheit. Dar\u00fcber hinaus ber\u00fccksichtigte das Gericht die massiven pers\u00f6nlichen Anfeindungen des Kl\u00e4gers gegen\u00fcber dem H\u00d6CKER-Mandanten, der selbst um eine Streitbeendigung bem\u00fcht war.<\/p>\n<p \"=\"\">Selbst im Fall einer Tatsachenbehauptung fehle es nach Ansicht des Landgerichts an einem rechtswidrigen Eingriff. Die Aussage, der Kl\u00e4ger agiere auch unter Pseudonym, ist wahr. Der Kl\u00e4ger habe auch nicht den ihm obliegenden Beweis erbracht, dass die Aussage, er schreibe unter einem bestimmten Nutzernamen, unwahr sei. Die Beweislastregel des \u00a7 186 StGB komme ihm nicht zugute. Denn die Aussage mache ihn nicht ver\u00e4chtlich und w\u00fcrdige ihn nicht in der \u00f6ffentlichen Meinung herab.<\/p>\n<p \"=\"\">Rechtsanwalt Dr. Marcel Leeser:<\/p>\n<p \"=\"\"><em>\u201eReagiert jemand auf eine \u00f6ffentliche Rateaufforderung, so ist das dann ver\u00f6ffentlichte Rateergebnis regelm\u00e4\u00dfig als zul\u00e4ssige Meinungs\u00e4u\u00dferung zu werten. Eine Ausnahme besteht, wenn in Art oder Inhalt der ver\u00f6ffentlichten Antwort eine erhebliche Pers\u00f6nlichkeitsrechtsverletzung liegt. Dies ist nicht der Fall, wenn das Rateergebnis nicht als falsch widerlegt werden kann und auch keine stigmatisierende Wirkung hat. Wer andere also \u00f6ffentlich zum Raten in Bezug auf seine eigene Person auffordert, muss in der Regel das ebenfalls \u00f6ffentlich gemachte Rateergebnis hinnehmen.\u201c<\/em><\/p>\n","protected":false},"excerpt":{"rendered":"<p>Das Landgericht Mannheim schloss sich in seinem Urteil (v. 19.04.2018, Az: 3 O 110\/17, n.rkr.) der Ansicht von H\u00d6CKER an, dass es sich bei der Spekulation des Mandanten um eine zul\u00e4ssige Meinungs\u00e4u\u00dferung handelt. Dass der Kl\u00e4ger jedenfalls teilweise unter einem Pseudonym schreibe, sei von ihm in einem Posting selbst einger\u00e4umt worden und entspreche damit der [&hellip;]<\/p>\n","protected":false},"author":1,"featured_media":0,"comment_status":"closed","ping_status":"closed","sticky":false,"template":"","format":"standard","meta":{"_has_post_settings":[],"footnotes":""},"categories":[15],"tags":[],"hashtags":[],"ppma_author":[84],"class_list":["post-8340","post","type-post","status-publish","format-standard","hentry","category-news","author-hoecker_adm"],"yoast_head":"<!-- This site is optimized with the Yoast SEO Premium plugin v25.9 (Yoast SEO v27.0) - https:\/\/yoast.com\/product\/yoast-seo-premium-wordpress\/ -->\n<title>Kein Verbot wegen Spekulation \u00fcber Pseudonym: Landgericht Mannheim weist Klage des Rheinneckarblog gegen Imad Karim ab. - H\u00d6CKER - der Blog<\/title>\n<meta name=\"robots\" content=\"index, follow, max-snippet:-1, max-image-preview:large, max-video-preview:-1\" \/>\n<link rel=\"canonical\" href=\"https:\/\/www.hoecker.eu\/blog\/kein-verbot-wegen-spekulation-ueber-pseudonym-landgericht-mannheim-weist-klage-des-rheinneckarblog-gegen-imad-karim-ab\/\" \/>\n<meta property=\"og:locale\" content=\"de_DE\" \/>\n<meta property=\"og:type\" content=\"article\" \/>\n<meta property=\"og:title\" content=\"Kein Verbot wegen Spekulation \u00fcber Pseudonym: Landgericht Mannheim weist Klage des Rheinneckarblog gegen Imad Karim ab.\" \/>\n<meta property=\"og:description\" content=\"Das Landgericht Mannheim schloss sich in seinem Urteil (v. 19.04.2018, Az: 3 O 110\/17, n.rkr.) der Ansicht von H\u00d6CKER an, dass es sich bei der Spekulation des Mandanten um eine zul\u00e4ssige Meinungs\u00e4u\u00dferung handelt. Dass der Kl\u00e4ger jedenfalls teilweise unter einem Pseudonym schreibe, sei von ihm in einem Posting selbst einger\u00e4umt worden und entspreche damit der [&hellip;]\" \/>\n<meta property=\"og:url\" content=\"https:\/\/www.hoecker.eu\/blog\/kein-verbot-wegen-spekulation-ueber-pseudonym-landgericht-mannheim-weist-klage-des-rheinneckarblog-gegen-imad-karim-ab\/\" \/>\n<meta property=\"og:site_name\" content=\"H\u00d6CKER - der Blog\" \/>\n<meta property=\"article:publisher\" content=\"https:\/\/www.facebook.com\/HoeckerRAe\/\" \/>\n<meta property=\"article:author\" content=\"https:\/\/www.facebook.com\/ralf.hoecker\" \/>\n<meta property=\"article:published_time\" content=\"2018-05-23T09:11:00+00:00\" \/>\n<meta property=\"article:modified_time\" content=\"2025-02-17T13:56:37+00:00\" \/>\n<meta name=\"author\" content=\"Prof. Dr. Ralf H\u00f6cker\" \/>\n<meta name=\"twitter:card\" content=\"summary_large_image\" \/>\n<meta name=\"twitter:creator\" content=\"@Ralf_Hoecker\" \/>\n<meta name=\"twitter:site\" content=\"@hoecker_rae\" \/>\n<meta name=\"twitter:label1\" content=\"Verfasst von\" \/>\n\t<meta name=\"twitter:data1\" content=\"Prof. Dr. Ralf H\u00f6cker\" \/>\n<script type=\"application\/ld+json\" class=\"yoast-schema-graph\">{\"@context\":\"https:\/\/schema.org\",\"@graph\":[{\"@type\":\"Article\",\"@id\":\"https:\/\/www.hoecker.eu\/blog\/kein-verbot-wegen-spekulation-ueber-pseudonym-landgericht-mannheim-weist-klage-des-rheinneckarblog-gegen-imad-karim-ab\/#article\",\"isPartOf\":{\"@id\":\"https:\/\/www.hoecker.eu\/blog\/kein-verbot-wegen-spekulation-ueber-pseudonym-landgericht-mannheim-weist-klage-des-rheinneckarblog-gegen-imad-karim-ab\/\"},\"author\":{\"name\":\"Prof. Dr. Ralf H\u00f6cker\",\"@id\":\"https:\/\/www.hoecker.eu\/blog\/#\/schema\/person\/08f95581eed0534eccd0b2438f7a1cab\"},\"headline\":\"Kein Verbot wegen Spekulation \u00fcber Pseudonym: Landgericht Mannheim weist Klage des Rheinneckarblog gegen Imad Karim ab.\",\"datePublished\":\"2018-05-23T09:11:00+00:00\",\"dateModified\":\"2025-02-17T13:56:37+00:00\",\"mainEntityOfPage\":{\"@id\":\"https:\/\/www.hoecker.eu\/blog\/kein-verbot-wegen-spekulation-ueber-pseudonym-landgericht-mannheim-weist-klage-des-rheinneckarblog-gegen-imad-karim-ab\/\"},\"wordCount\":108,\"publisher\":{\"@id\":\"https:\/\/www.hoecker.eu\/blog\/#organization\"},\"articleSection\":[\"News\"],\"inLanguage\":\"de\"},{\"@type\":\"WebPage\",\"@id\":\"https:\/\/www.hoecker.eu\/blog\/kein-verbot-wegen-spekulation-ueber-pseudonym-landgericht-mannheim-weist-klage-des-rheinneckarblog-gegen-imad-karim-ab\/\",\"url\":\"https:\/\/www.hoecker.eu\/blog\/kein-verbot-wegen-spekulation-ueber-pseudonym-landgericht-mannheim-weist-klage-des-rheinneckarblog-gegen-imad-karim-ab\/\",\"name\":\"Kein Verbot wegen Spekulation \u00fcber Pseudonym: Landgericht Mannheim weist Klage des Rheinneckarblog gegen Imad Karim ab. - H\u00d6CKER - der Blog\",\"isPartOf\":{\"@id\":\"https:\/\/www.hoecker.eu\/blog\/#website\"},\"datePublished\":\"2018-05-23T09:11:00+00:00\",\"dateModified\":\"2025-02-17T13:56:37+00:00\",\"breadcrumb\":{\"@id\":\"https:\/\/www.hoecker.eu\/blog\/kein-verbot-wegen-spekulation-ueber-pseudonym-landgericht-mannheim-weist-klage-des-rheinneckarblog-gegen-imad-karim-ab\/#breadcrumb\"},\"inLanguage\":\"de\",\"potentialAction\":[{\"@type\":\"ReadAction\",\"target\":[\"https:\/\/www.hoecker.eu\/blog\/kein-verbot-wegen-spekulation-ueber-pseudonym-landgericht-mannheim-weist-klage-des-rheinneckarblog-gegen-imad-karim-ab\/\"]}]},{\"@type\":\"BreadcrumbList\",\"@id\":\"https:\/\/www.hoecker.eu\/blog\/kein-verbot-wegen-spekulation-ueber-pseudonym-landgericht-mannheim-weist-klage-des-rheinneckarblog-gegen-imad-karim-ab\/#breadcrumb\",\"itemListElement\":[{\"@type\":\"ListItem\",\"position\":1,\"name\":\"Startseite\",\"item\":\"https:\/\/dev.hoecker.eu\/blog\/\"},{\"@type\":\"ListItem\",\"position\":2,\"name\":\"Kein Verbot wegen Spekulation \u00fcber Pseudonym: Landgericht Mannheim weist Klage des Rheinneckarblog gegen Imad Karim ab.\"}]},{\"@type\":\"WebSite\",\"@id\":\"https:\/\/www.hoecker.eu\/blog\/#website\",\"url\":\"https:\/\/www.hoecker.eu\/blog\/\",\"name\":\"H\u00d6CKER - der Blog\",\"description\":\"Expertenblog f\u00fcr \u00c4u\u00dferungs-, Medien-, Marken-, Urheber- und Wettbewerbsrecht.\",\"publisher\":{\"@id\":\"https:\/\/www.hoecker.eu\/blog\/#organization\"},\"potentialAction\":[{\"@type\":\"SearchAction\",\"target\":{\"@type\":\"EntryPoint\",\"urlTemplate\":\"https:\/\/www.hoecker.eu\/blog\/?s={search_term_string}\"},\"query-input\":{\"@type\":\"PropertyValueSpecification\",\"valueRequired\":true,\"valueName\":\"search_term_string\"}}],\"inLanguage\":\"de\"},{\"@type\":\"Organization\",\"@id\":\"https:\/\/www.hoecker.eu\/blog\/#organization\",\"name\":\"H\u00d6CKER Rechtsanw\u00e4lte PartGmbB\",\"alternateName\":\"H\u00d6CKER\",\"url\":\"https:\/\/www.hoecker.eu\/blog\/\",\"logo\":{\"@type\":\"ImageObject\",\"inLanguage\":\"de\",\"@id\":\"https:\/\/www.hoecker.eu\/blog\/#\/schema\/logo\/image\/\",\"url\":\"https:\/\/www.hoecker.eu\/blog\/wp-content\/uploads\/2025\/03\/Blog-Logo.webp\",\"contentUrl\":\"https:\/\/www.hoecker.eu\/blog\/wp-content\/uploads\/2025\/03\/Blog-Logo.webp\",\"width\":500,\"height\":500,\"caption\":\"H\u00d6CKER Rechtsanw\u00e4lte PartGmbB\"},\"image\":{\"@id\":\"https:\/\/www.hoecker.eu\/blog\/#\/schema\/logo\/image\/\"},\"sameAs\":[\"https:\/\/www.facebook.com\/HoeckerRAe\/\",\"https:\/\/x.com\/hoecker_rae\",\"https:\/\/www.linkedin.com\/company\/hcker-rechtsanwlte\/\",\"https:\/\/www.instagram.com\/hoecker_rae\/\"],\"email\":\"contact@hoecker.eu\",\"telephone\":\"+ 49 (0)221-933 19-10\",\"legalName\":\"H\u00d6CKER Rechtsanw\u00e4lte PartGmbB\",\"numberOfEmployees\":{\"@type\":\"QuantitativeValue\",\"minValue\":\"11\",\"maxValue\":\"50\"}},{\"@type\":\"Person\",\"@id\":\"https:\/\/www.hoecker.eu\/blog\/#\/schema\/person\/08f95581eed0534eccd0b2438f7a1cab\",\"name\":\"Prof. Dr. Ralf H\u00f6cker\",\"description\":\"Medienanwalt. Besch\u00fctzer vor mieser Presse\",\"sameAs\":[\"https:\/\/www.hoecker.eu\/wer\/prof-dr-ralf-hoecker\",\"https:\/\/www.facebook.com\/ralf.hoecker\",\"https:\/\/www.linkedin.com\/in\/prof-dr-ralf-hcker-ll-m-london-17987826\/\",\"https:\/\/x.com\/Ralf_Hoecker\"],\"url\":\"https:\/\/www.hoecker.eu\/blog\/author\/hoecker_adm\/\"}]}<\/script>\n<!-- \/ Yoast SEO Premium plugin. -->","yoast_head_json":{"title":"Kein Verbot wegen Spekulation \u00fcber Pseudonym: Landgericht Mannheim weist Klage des Rheinneckarblog gegen Imad Karim ab. - H\u00d6CKER - der Blog","robots":{"index":"index","follow":"follow","max-snippet":"max-snippet:-1","max-image-preview":"max-image-preview:large","max-video-preview":"max-video-preview:-1"},"canonical":"https:\/\/www.hoecker.eu\/blog\/kein-verbot-wegen-spekulation-ueber-pseudonym-landgericht-mannheim-weist-klage-des-rheinneckarblog-gegen-imad-karim-ab\/","og_locale":"de_DE","og_type":"article","og_title":"Kein Verbot wegen Spekulation \u00fcber Pseudonym: Landgericht Mannheim weist Klage des Rheinneckarblog gegen Imad Karim ab.","og_description":"Das Landgericht Mannheim schloss sich in seinem Urteil (v. 19.04.2018, Az: 3 O 110\/17, n.rkr.) der Ansicht von H\u00d6CKER an, dass es sich bei der Spekulation des Mandanten um eine zul\u00e4ssige Meinungs\u00e4u\u00dferung handelt. Dass der Kl\u00e4ger jedenfalls teilweise unter einem Pseudonym schreibe, sei von ihm in einem Posting selbst einger\u00e4umt worden und entspreche damit der [&hellip;]","og_url":"https:\/\/www.hoecker.eu\/blog\/kein-verbot-wegen-spekulation-ueber-pseudonym-landgericht-mannheim-weist-klage-des-rheinneckarblog-gegen-imad-karim-ab\/","og_site_name":"H\u00d6CKER - der Blog","article_publisher":"https:\/\/www.facebook.com\/HoeckerRAe\/","article_author":"https:\/\/www.facebook.com\/ralf.hoecker","article_published_time":"2018-05-23T09:11:00+00:00","article_modified_time":"2025-02-17T13:56:37+00:00","author":"Prof. Dr. Ralf H\u00f6cker","twitter_card":"summary_large_image","twitter_creator":"@Ralf_Hoecker","twitter_site":"@hoecker_rae","twitter_misc":{"Verfasst von":"Prof. Dr. Ralf H\u00f6cker"},"schema":{"@context":"https:\/\/schema.org","@graph":[{"@type":"Article","@id":"https:\/\/www.hoecker.eu\/blog\/kein-verbot-wegen-spekulation-ueber-pseudonym-landgericht-mannheim-weist-klage-des-rheinneckarblog-gegen-imad-karim-ab\/#article","isPartOf":{"@id":"https:\/\/www.hoecker.eu\/blog\/kein-verbot-wegen-spekulation-ueber-pseudonym-landgericht-mannheim-weist-klage-des-rheinneckarblog-gegen-imad-karim-ab\/"},"author":{"name":"Prof. Dr. Ralf H\u00f6cker","@id":"https:\/\/www.hoecker.eu\/blog\/#\/schema\/person\/08f95581eed0534eccd0b2438f7a1cab"},"headline":"Kein Verbot wegen Spekulation \u00fcber Pseudonym: Landgericht Mannheim weist Klage des Rheinneckarblog gegen Imad Karim ab.","datePublished":"2018-05-23T09:11:00+00:00","dateModified":"2025-02-17T13:56:37+00:00","mainEntityOfPage":{"@id":"https:\/\/www.hoecker.eu\/blog\/kein-verbot-wegen-spekulation-ueber-pseudonym-landgericht-mannheim-weist-klage-des-rheinneckarblog-gegen-imad-karim-ab\/"},"wordCount":108,"publisher":{"@id":"https:\/\/www.hoecker.eu\/blog\/#organization"},"articleSection":["News"],"inLanguage":"de"},{"@type":"WebPage","@id":"https:\/\/www.hoecker.eu\/blog\/kein-verbot-wegen-spekulation-ueber-pseudonym-landgericht-mannheim-weist-klage-des-rheinneckarblog-gegen-imad-karim-ab\/","url":"https:\/\/www.hoecker.eu\/blog\/kein-verbot-wegen-spekulation-ueber-pseudonym-landgericht-mannheim-weist-klage-des-rheinneckarblog-gegen-imad-karim-ab\/","name":"Kein Verbot wegen Spekulation \u00fcber Pseudonym: Landgericht Mannheim weist Klage des Rheinneckarblog gegen Imad Karim ab. - H\u00d6CKER - der Blog","isPartOf":{"@id":"https:\/\/www.hoecker.eu\/blog\/#website"},"datePublished":"2018-05-23T09:11:00+00:00","dateModified":"2025-02-17T13:56:37+00:00","breadcrumb":{"@id":"https:\/\/www.hoecker.eu\/blog\/kein-verbot-wegen-spekulation-ueber-pseudonym-landgericht-mannheim-weist-klage-des-rheinneckarblog-gegen-imad-karim-ab\/#breadcrumb"},"inLanguage":"de","potentialAction":[{"@type":"ReadAction","target":["https:\/\/www.hoecker.eu\/blog\/kein-verbot-wegen-spekulation-ueber-pseudonym-landgericht-mannheim-weist-klage-des-rheinneckarblog-gegen-imad-karim-ab\/"]}]},{"@type":"BreadcrumbList","@id":"https:\/\/www.hoecker.eu\/blog\/kein-verbot-wegen-spekulation-ueber-pseudonym-landgericht-mannheim-weist-klage-des-rheinneckarblog-gegen-imad-karim-ab\/#breadcrumb","itemListElement":[{"@type":"ListItem","position":1,"name":"Startseite","item":"https:\/\/dev.hoecker.eu\/blog\/"},{"@type":"ListItem","position":2,"name":"Kein Verbot wegen Spekulation \u00fcber Pseudonym: Landgericht Mannheim weist Klage des Rheinneckarblog gegen Imad Karim ab."}]},{"@type":"WebSite","@id":"https:\/\/www.hoecker.eu\/blog\/#website","url":"https:\/\/www.hoecker.eu\/blog\/","name":"H\u00d6CKER - der Blog","description":"Expertenblog f\u00fcr \u00c4u\u00dferungs-, Medien-, Marken-, Urheber- und Wettbewerbsrecht.","publisher":{"@id":"https:\/\/www.hoecker.eu\/blog\/#organization"},"potentialAction":[{"@type":"SearchAction","target":{"@type":"EntryPoint","urlTemplate":"https:\/\/www.hoecker.eu\/blog\/?s={search_term_string}"},"query-input":{"@type":"PropertyValueSpecification","valueRequired":true,"valueName":"search_term_string"}}],"inLanguage":"de"},{"@type":"Organization","@id":"https:\/\/www.hoecker.eu\/blog\/#organization","name":"H\u00d6CKER Rechtsanw\u00e4lte PartGmbB","alternateName":"H\u00d6CKER","url":"https:\/\/www.hoecker.eu\/blog\/","logo":{"@type":"ImageObject","inLanguage":"de","@id":"https:\/\/www.hoecker.eu\/blog\/#\/schema\/logo\/image\/","url":"https:\/\/www.hoecker.eu\/blog\/wp-content\/uploads\/2025\/03\/Blog-Logo.webp","contentUrl":"https:\/\/www.hoecker.eu\/blog\/wp-content\/uploads\/2025\/03\/Blog-Logo.webp","width":500,"height":500,"caption":"H\u00d6CKER Rechtsanw\u00e4lte PartGmbB"},"image":{"@id":"https:\/\/www.hoecker.eu\/blog\/#\/schema\/logo\/image\/"},"sameAs":["https:\/\/www.facebook.com\/HoeckerRAe\/","https:\/\/x.com\/hoecker_rae","https:\/\/www.linkedin.com\/company\/hcker-rechtsanwlte\/","https:\/\/www.instagram.com\/hoecker_rae\/"],"email":"contact@hoecker.eu","telephone":"+ 49 (0)221-933 19-10","legalName":"H\u00d6CKER Rechtsanw\u00e4lte PartGmbB","numberOfEmployees":{"@type":"QuantitativeValue","minValue":"11","maxValue":"50"}},{"@type":"Person","@id":"https:\/\/www.hoecker.eu\/blog\/#\/schema\/person\/08f95581eed0534eccd0b2438f7a1cab","name":"Prof. Dr. Ralf H\u00f6cker","description":"Medienanwalt. Besch\u00fctzer vor mieser Presse","sameAs":["https:\/\/www.hoecker.eu\/wer\/prof-dr-ralf-hoecker","https:\/\/www.facebook.com\/ralf.hoecker","https:\/\/www.linkedin.com\/in\/prof-dr-ralf-hcker-ll-m-london-17987826\/","https:\/\/x.com\/Ralf_Hoecker"],"url":"https:\/\/www.hoecker.eu\/blog\/author\/hoecker_adm\/"}]}},"authors":[{"term_id":84,"user_id":1,"is_guest":0,"slug":"hoecker_adm","display_name":"Prof. Dr. Ralf H\u00f6cker","avatar_url":{"url":"https:\/\/www.hoecker.eu\/blog\/wp-content\/uploads\/2023\/12\/ProfDrRalfHoecker.jpg","url2x":"https:\/\/www.hoecker.eu\/blog\/wp-content\/uploads\/2023\/12\/ProfDrRalfHoecker.jpg"},"0":null,"1":"","2":"","3":"","4":"","5":"","6":"","7":"","8":"","9":"","10":"","11":""}],"_links":{"self":[{"href":"https:\/\/www.hoecker.eu\/blog\/wp-json\/wp\/v2\/posts\/8340","targetHints":{"allow":["GET"]}}],"collection":[{"href":"https:\/\/www.hoecker.eu\/blog\/wp-json\/wp\/v2\/posts"}],"about":[{"href":"https:\/\/www.hoecker.eu\/blog\/wp-json\/wp\/v2\/types\/post"}],"author":[{"embeddable":true,"href":"https:\/\/www.hoecker.eu\/blog\/wp-json\/wp\/v2\/users\/1"}],"replies":[{"embeddable":true,"href":"https:\/\/www.hoecker.eu\/blog\/wp-json\/wp\/v2\/comments?post=8340"}],"version-history":[{"count":1,"href":"https:\/\/www.hoecker.eu\/blog\/wp-json\/wp\/v2\/posts\/8340\/revisions"}],"predecessor-version":[{"id":9462,"href":"https:\/\/www.hoecker.eu\/blog\/wp-json\/wp\/v2\/posts\/8340\/revisions\/9462"}],"wp:attachment":[{"href":"https:\/\/www.hoecker.eu\/blog\/wp-json\/wp\/v2\/media?parent=8340"}],"wp:term":[{"taxonomy":"category","embeddable":true,"href":"https:\/\/www.hoecker.eu\/blog\/wp-json\/wp\/v2\/categories?post=8340"},{"taxonomy":"post_tag","embeddable":true,"href":"https:\/\/www.hoecker.eu\/blog\/wp-json\/wp\/v2\/tags?post=8340"},{"taxonomy":"hashtags","embeddable":true,"href":"https:\/\/www.hoecker.eu\/blog\/wp-json\/wp\/v2\/hashtags?post=8340"},{"taxonomy":"author","embeddable":true,"href":"https:\/\/www.hoecker.eu\/blog\/wp-json\/wp\/v2\/ppma_author?post=8340"}],"curies":[{"name":"wp","href":"https:\/\/api.w.org\/{rel}","templated":true}]}}