{"id":8335,"date":"2018-07-31T12:40:22","date_gmt":"2018-07-31T10:40:22","guid":{"rendered":"https:\/\/www.hoecker.eu\/blog\/faz-durfte-keine-markenrechtsberatung-fuer-die-zeit-betreiben-und-gibt-unterlassungserklaerung-ab\/"},"modified":"2025-02-17T14:56:34","modified_gmt":"2025-02-17T13:56:34","slug":"faz-durfte-keine-markenrechtsberatung-fuer-die-zeit-betreiben-und-gibt-unterlassungserklaerung-ab","status":"publish","type":"post","link":"https:\/\/www.hoecker.eu\/blog\/faz-durfte-keine-markenrechtsberatung-fuer-die-zeit-betreiben-und-gibt-unterlassungserklaerung-ab\/","title":{"rendered":"FAZ durfte keine Markenrechtsberatung f\u00fcr die ZEIT betreiben und gibt Unterlassungserkl\u00e4rung ab."},"content":{"rendered":"<p>Ein Anwalt hatte auf seiner Webseite das als Marke gesch\u00fctzte Logo des ZEIT-Verlages verwendet. Er hatte dieses mit einem Artikel auf der ZEIT-Webseite verlinkt, in dem er interviewt wurde. Eine plakative Werbung mit fremden Marken kann rechtswidrig sein.<\/p>\n<p>Bei dem Anwalt meldete sich jedoch nicht der ZEIT-Verlag, sondern die Frankfurter Allgemeine Zeitung (FAZ). Diese r\u00fcgte eine Verletzung der Markenrechte der ZEIT und bot dem Anwalt eine nachtr\u00e4gliche Lizenzierung gegen eine Zahlung von 2.500 Euro an. Die FAZ legte zudem eine Vollmacht der ZEIT vor, wonach sie u.a. zur \u201eVertretung und Wahrnehmung der rechtlichen Interessen bei urheberrechtlichen oder markenrechtlichen Rechtsverst\u00f6\u00dfen\u201c bevollm\u00e4chtigt sei. Der Anwalt sah in diesem Vorgehen der FAZ eine unerlaubte Rechtsdienstleistung und lie\u00df sie wegen eines Versto\u00dfes gegen das Rechtsdienstleistungsgesetz (RDG) abmahnen. Die FAZ gab daraufhin eine strafbewehrte Unterlassungserkl\u00e4rung ab.<\/p>\n<p>Dr. Johannes Gr\u00e4big:<\/p>\n<p><em>\u201eSollte die FAZ erneut wegen einer angeblichen Verletzung von Markenrechten der ZEIT vorgehen, muss sie eine Vertragsstrafe an den Anwalt zahlen.\u201c<\/em><\/p>\n","protected":false},"excerpt":{"rendered":"<p>Ein Anwalt hatte auf seiner Webseite das als Marke gesch\u00fctzte Logo des ZEIT-Verlages verwendet. Er hatte dieses mit einem Artikel auf der ZEIT-Webseite verlinkt, in dem er interviewt wurde. Eine plakative Werbung mit fremden Marken kann rechtswidrig sein. Bei dem Anwalt meldete sich jedoch nicht der ZEIT-Verlag, sondern die Frankfurter Allgemeine Zeitung (FAZ). Diese r\u00fcgte [&hellip;]<\/p>\n","protected":false},"author":1,"featured_media":0,"comment_status":"closed","ping_status":"closed","sticky":false,"template":"","format":"standard","meta":{"_has_post_settings":[],"footnotes":""},"categories":[15],"tags":[],"hashtags":[],"ppma_author":[84],"class_list":["post-8335","post","type-post","status-publish","format-standard","hentry","category-news","author-hoecker_adm"],"yoast_head":"<!-- This site is optimized with the Yoast SEO Premium plugin v25.9 (Yoast SEO v27.0) - https:\/\/yoast.com\/product\/yoast-seo-premium-wordpress\/ -->\n<title>FAZ durfte keine Markenrechtsberatung f\u00fcr die ZEIT betreiben und gibt Unterlassungserkl\u00e4rung ab. - H\u00d6CKER - der Blog<\/title>\n<meta name=\"robots\" content=\"index, follow, max-snippet:-1, max-image-preview:large, max-video-preview:-1\" \/>\n<link rel=\"canonical\" href=\"https:\/\/www.hoecker.eu\/blog\/faz-durfte-keine-markenrechtsberatung-fuer-die-zeit-betreiben-und-gibt-unterlassungserklaerung-ab\/\" \/>\n<meta property=\"og:locale\" content=\"de_DE\" \/>\n<meta property=\"og:type\" content=\"article\" \/>\n<meta property=\"og:title\" content=\"FAZ durfte keine Markenrechtsberatung f\u00fcr die ZEIT betreiben und gibt Unterlassungserkl\u00e4rung ab.\" \/>\n<meta property=\"og:description\" content=\"Ein Anwalt hatte auf seiner Webseite das als Marke gesch\u00fctzte Logo des ZEIT-Verlages verwendet. Er hatte dieses mit einem Artikel auf der ZEIT-Webseite verlinkt, in dem er interviewt wurde. Eine plakative Werbung mit fremden Marken kann rechtswidrig sein. Bei dem Anwalt meldete sich jedoch nicht der ZEIT-Verlag, sondern die Frankfurter Allgemeine Zeitung (FAZ). Diese r\u00fcgte [&hellip;]\" \/>\n<meta property=\"og:url\" content=\"https:\/\/www.hoecker.eu\/blog\/faz-durfte-keine-markenrechtsberatung-fuer-die-zeit-betreiben-und-gibt-unterlassungserklaerung-ab\/\" \/>\n<meta property=\"og:site_name\" content=\"H\u00d6CKER - der Blog\" \/>\n<meta property=\"article:publisher\" content=\"https:\/\/www.facebook.com\/HoeckerRAe\/\" \/>\n<meta property=\"article:author\" content=\"https:\/\/www.facebook.com\/ralf.hoecker\" \/>\n<meta property=\"article:published_time\" content=\"2018-07-31T10:40:22+00:00\" \/>\n<meta property=\"article:modified_time\" content=\"2025-02-17T13:56:34+00:00\" \/>\n<meta name=\"author\" content=\"Prof. Dr. Ralf H\u00f6cker\" \/>\n<meta name=\"twitter:card\" content=\"summary_large_image\" \/>\n<meta name=\"twitter:creator\" content=\"@Ralf_Hoecker\" \/>\n<meta name=\"twitter:site\" content=\"@hoecker_rae\" \/>\n<meta name=\"twitter:label1\" content=\"Verfasst von\" \/>\n\t<meta name=\"twitter:data1\" content=\"Prof. Dr. Ralf H\u00f6cker\" \/>\n\t<meta name=\"twitter:label2\" content=\"Gesch\u00e4tzte Lesezeit\" \/>\n\t<meta name=\"twitter:data2\" content=\"1\u00a0Minute\" \/>\n<script type=\"application\/ld+json\" class=\"yoast-schema-graph\">{\"@context\":\"https:\/\/schema.org\",\"@graph\":[{\"@type\":\"Article\",\"@id\":\"https:\/\/www.hoecker.eu\/blog\/faz-durfte-keine-markenrechtsberatung-fuer-die-zeit-betreiben-und-gibt-unterlassungserklaerung-ab\/#article\",\"isPartOf\":{\"@id\":\"https:\/\/www.hoecker.eu\/blog\/faz-durfte-keine-markenrechtsberatung-fuer-die-zeit-betreiben-und-gibt-unterlassungserklaerung-ab\/\"},\"author\":{\"name\":\"Prof. Dr. Ralf H\u00f6cker\",\"@id\":\"https:\/\/www.hoecker.eu\/blog\/#\/schema\/person\/08f95581eed0534eccd0b2438f7a1cab\"},\"headline\":\"FAZ durfte keine Markenrechtsberatung f\u00fcr die ZEIT betreiben und gibt Unterlassungserkl\u00e4rung ab.\",\"datePublished\":\"2018-07-31T10:40:22+00:00\",\"dateModified\":\"2025-02-17T13:56:34+00:00\",\"mainEntityOfPage\":{\"@id\":\"https:\/\/www.hoecker.eu\/blog\/faz-durfte-keine-markenrechtsberatung-fuer-die-zeit-betreiben-und-gibt-unterlassungserklaerung-ab\/\"},\"wordCount\":177,\"publisher\":{\"@id\":\"https:\/\/www.hoecker.eu\/blog\/#organization\"},\"articleSection\":[\"News\"],\"inLanguage\":\"de\"},{\"@type\":\"WebPage\",\"@id\":\"https:\/\/www.hoecker.eu\/blog\/faz-durfte-keine-markenrechtsberatung-fuer-die-zeit-betreiben-und-gibt-unterlassungserklaerung-ab\/\",\"url\":\"https:\/\/www.hoecker.eu\/blog\/faz-durfte-keine-markenrechtsberatung-fuer-die-zeit-betreiben-und-gibt-unterlassungserklaerung-ab\/\",\"name\":\"FAZ durfte keine Markenrechtsberatung f\u00fcr die ZEIT betreiben und gibt Unterlassungserkl\u00e4rung ab. - H\u00d6CKER - der Blog\",\"isPartOf\":{\"@id\":\"https:\/\/www.hoecker.eu\/blog\/#website\"},\"datePublished\":\"2018-07-31T10:40:22+00:00\",\"dateModified\":\"2025-02-17T13:56:34+00:00\",\"breadcrumb\":{\"@id\":\"https:\/\/www.hoecker.eu\/blog\/faz-durfte-keine-markenrechtsberatung-fuer-die-zeit-betreiben-und-gibt-unterlassungserklaerung-ab\/#breadcrumb\"},\"inLanguage\":\"de\",\"potentialAction\":[{\"@type\":\"ReadAction\",\"target\":[\"https:\/\/www.hoecker.eu\/blog\/faz-durfte-keine-markenrechtsberatung-fuer-die-zeit-betreiben-und-gibt-unterlassungserklaerung-ab\/\"]}]},{\"@type\":\"BreadcrumbList\",\"@id\":\"https:\/\/www.hoecker.eu\/blog\/faz-durfte-keine-markenrechtsberatung-fuer-die-zeit-betreiben-und-gibt-unterlassungserklaerung-ab\/#breadcrumb\",\"itemListElement\":[{\"@type\":\"ListItem\",\"position\":1,\"name\":\"Startseite\",\"item\":\"https:\/\/dev.hoecker.eu\/blog\/\"},{\"@type\":\"ListItem\",\"position\":2,\"name\":\"FAZ durfte keine Markenrechtsberatung f\u00fcr die ZEIT betreiben und gibt Unterlassungserkl\u00e4rung ab.\"}]},{\"@type\":\"WebSite\",\"@id\":\"https:\/\/www.hoecker.eu\/blog\/#website\",\"url\":\"https:\/\/www.hoecker.eu\/blog\/\",\"name\":\"H\u00d6CKER - der Blog\",\"description\":\"Expertenblog f\u00fcr \u00c4u\u00dferungs-, Medien-, Marken-, Urheber- und Wettbewerbsrecht.\",\"publisher\":{\"@id\":\"https:\/\/www.hoecker.eu\/blog\/#organization\"},\"potentialAction\":[{\"@type\":\"SearchAction\",\"target\":{\"@type\":\"EntryPoint\",\"urlTemplate\":\"https:\/\/www.hoecker.eu\/blog\/?s={search_term_string}\"},\"query-input\":{\"@type\":\"PropertyValueSpecification\",\"valueRequired\":true,\"valueName\":\"search_term_string\"}}],\"inLanguage\":\"de\"},{\"@type\":\"Organization\",\"@id\":\"https:\/\/www.hoecker.eu\/blog\/#organization\",\"name\":\"H\u00d6CKER Rechtsanw\u00e4lte PartGmbB\",\"alternateName\":\"H\u00d6CKER\",\"url\":\"https:\/\/www.hoecker.eu\/blog\/\",\"logo\":{\"@type\":\"ImageObject\",\"inLanguage\":\"de\",\"@id\":\"https:\/\/www.hoecker.eu\/blog\/#\/schema\/logo\/image\/\",\"url\":\"https:\/\/www.hoecker.eu\/blog\/wp-content\/uploads\/2025\/03\/Blog-Logo.webp\",\"contentUrl\":\"https:\/\/www.hoecker.eu\/blog\/wp-content\/uploads\/2025\/03\/Blog-Logo.webp\",\"width\":500,\"height\":500,\"caption\":\"H\u00d6CKER Rechtsanw\u00e4lte PartGmbB\"},\"image\":{\"@id\":\"https:\/\/www.hoecker.eu\/blog\/#\/schema\/logo\/image\/\"},\"sameAs\":[\"https:\/\/www.facebook.com\/HoeckerRAe\/\",\"https:\/\/x.com\/hoecker_rae\",\"https:\/\/www.linkedin.com\/company\/hcker-rechtsanwlte\/\",\"https:\/\/www.instagram.com\/hoecker_rae\/\"],\"email\":\"contact@hoecker.eu\",\"telephone\":\"+ 49 (0)221-933 19-10\",\"legalName\":\"H\u00d6CKER Rechtsanw\u00e4lte PartGmbB\",\"numberOfEmployees\":{\"@type\":\"QuantitativeValue\",\"minValue\":\"11\",\"maxValue\":\"50\"}},{\"@type\":\"Person\",\"@id\":\"https:\/\/www.hoecker.eu\/blog\/#\/schema\/person\/08f95581eed0534eccd0b2438f7a1cab\",\"name\":\"Prof. Dr. Ralf H\u00f6cker\",\"description\":\"Medienanwalt. Besch\u00fctzer vor mieser Presse\",\"sameAs\":[\"https:\/\/www.hoecker.eu\/wer\/prof-dr-ralf-hoecker\",\"https:\/\/www.facebook.com\/ralf.hoecker\",\"https:\/\/www.linkedin.com\/in\/prof-dr-ralf-hcker-ll-m-london-17987826\/\",\"https:\/\/x.com\/Ralf_Hoecker\"],\"url\":\"https:\/\/www.hoecker.eu\/blog\/author\/hoecker_adm\/\"}]}<\/script>\n<!-- \/ Yoast SEO Premium plugin. -->","yoast_head_json":{"title":"FAZ durfte keine Markenrechtsberatung f\u00fcr die ZEIT betreiben und gibt Unterlassungserkl\u00e4rung ab. - H\u00d6CKER - der Blog","robots":{"index":"index","follow":"follow","max-snippet":"max-snippet:-1","max-image-preview":"max-image-preview:large","max-video-preview":"max-video-preview:-1"},"canonical":"https:\/\/www.hoecker.eu\/blog\/faz-durfte-keine-markenrechtsberatung-fuer-die-zeit-betreiben-und-gibt-unterlassungserklaerung-ab\/","og_locale":"de_DE","og_type":"article","og_title":"FAZ durfte keine Markenrechtsberatung f\u00fcr die ZEIT betreiben und gibt Unterlassungserkl\u00e4rung ab.","og_description":"Ein Anwalt hatte auf seiner Webseite das als Marke gesch\u00fctzte Logo des ZEIT-Verlages verwendet. Er hatte dieses mit einem Artikel auf der ZEIT-Webseite verlinkt, in dem er interviewt wurde. Eine plakative Werbung mit fremden Marken kann rechtswidrig sein. Bei dem Anwalt meldete sich jedoch nicht der ZEIT-Verlag, sondern die Frankfurter Allgemeine Zeitung (FAZ). Diese r\u00fcgte [&hellip;]","og_url":"https:\/\/www.hoecker.eu\/blog\/faz-durfte-keine-markenrechtsberatung-fuer-die-zeit-betreiben-und-gibt-unterlassungserklaerung-ab\/","og_site_name":"H\u00d6CKER - der Blog","article_publisher":"https:\/\/www.facebook.com\/HoeckerRAe\/","article_author":"https:\/\/www.facebook.com\/ralf.hoecker","article_published_time":"2018-07-31T10:40:22+00:00","article_modified_time":"2025-02-17T13:56:34+00:00","author":"Prof. Dr. Ralf H\u00f6cker","twitter_card":"summary_large_image","twitter_creator":"@Ralf_Hoecker","twitter_site":"@hoecker_rae","twitter_misc":{"Verfasst von":"Prof. Dr. Ralf H\u00f6cker","Gesch\u00e4tzte Lesezeit":"1\u00a0Minute"},"schema":{"@context":"https:\/\/schema.org","@graph":[{"@type":"Article","@id":"https:\/\/www.hoecker.eu\/blog\/faz-durfte-keine-markenrechtsberatung-fuer-die-zeit-betreiben-und-gibt-unterlassungserklaerung-ab\/#article","isPartOf":{"@id":"https:\/\/www.hoecker.eu\/blog\/faz-durfte-keine-markenrechtsberatung-fuer-die-zeit-betreiben-und-gibt-unterlassungserklaerung-ab\/"},"author":{"name":"Prof. Dr. Ralf H\u00f6cker","@id":"https:\/\/www.hoecker.eu\/blog\/#\/schema\/person\/08f95581eed0534eccd0b2438f7a1cab"},"headline":"FAZ durfte keine Markenrechtsberatung f\u00fcr die ZEIT betreiben und gibt Unterlassungserkl\u00e4rung ab.","datePublished":"2018-07-31T10:40:22+00:00","dateModified":"2025-02-17T13:56:34+00:00","mainEntityOfPage":{"@id":"https:\/\/www.hoecker.eu\/blog\/faz-durfte-keine-markenrechtsberatung-fuer-die-zeit-betreiben-und-gibt-unterlassungserklaerung-ab\/"},"wordCount":177,"publisher":{"@id":"https:\/\/www.hoecker.eu\/blog\/#organization"},"articleSection":["News"],"inLanguage":"de"},{"@type":"WebPage","@id":"https:\/\/www.hoecker.eu\/blog\/faz-durfte-keine-markenrechtsberatung-fuer-die-zeit-betreiben-und-gibt-unterlassungserklaerung-ab\/","url":"https:\/\/www.hoecker.eu\/blog\/faz-durfte-keine-markenrechtsberatung-fuer-die-zeit-betreiben-und-gibt-unterlassungserklaerung-ab\/","name":"FAZ durfte keine Markenrechtsberatung f\u00fcr die ZEIT betreiben und gibt Unterlassungserkl\u00e4rung ab. - H\u00d6CKER - der Blog","isPartOf":{"@id":"https:\/\/www.hoecker.eu\/blog\/#website"},"datePublished":"2018-07-31T10:40:22+00:00","dateModified":"2025-02-17T13:56:34+00:00","breadcrumb":{"@id":"https:\/\/www.hoecker.eu\/blog\/faz-durfte-keine-markenrechtsberatung-fuer-die-zeit-betreiben-und-gibt-unterlassungserklaerung-ab\/#breadcrumb"},"inLanguage":"de","potentialAction":[{"@type":"ReadAction","target":["https:\/\/www.hoecker.eu\/blog\/faz-durfte-keine-markenrechtsberatung-fuer-die-zeit-betreiben-und-gibt-unterlassungserklaerung-ab\/"]}]},{"@type":"BreadcrumbList","@id":"https:\/\/www.hoecker.eu\/blog\/faz-durfte-keine-markenrechtsberatung-fuer-die-zeit-betreiben-und-gibt-unterlassungserklaerung-ab\/#breadcrumb","itemListElement":[{"@type":"ListItem","position":1,"name":"Startseite","item":"https:\/\/dev.hoecker.eu\/blog\/"},{"@type":"ListItem","position":2,"name":"FAZ durfte keine Markenrechtsberatung f\u00fcr die ZEIT betreiben und gibt Unterlassungserkl\u00e4rung ab."}]},{"@type":"WebSite","@id":"https:\/\/www.hoecker.eu\/blog\/#website","url":"https:\/\/www.hoecker.eu\/blog\/","name":"H\u00d6CKER - der Blog","description":"Expertenblog f\u00fcr \u00c4u\u00dferungs-, Medien-, Marken-, Urheber- und Wettbewerbsrecht.","publisher":{"@id":"https:\/\/www.hoecker.eu\/blog\/#organization"},"potentialAction":[{"@type":"SearchAction","target":{"@type":"EntryPoint","urlTemplate":"https:\/\/www.hoecker.eu\/blog\/?s={search_term_string}"},"query-input":{"@type":"PropertyValueSpecification","valueRequired":true,"valueName":"search_term_string"}}],"inLanguage":"de"},{"@type":"Organization","@id":"https:\/\/www.hoecker.eu\/blog\/#organization","name":"H\u00d6CKER Rechtsanw\u00e4lte PartGmbB","alternateName":"H\u00d6CKER","url":"https:\/\/www.hoecker.eu\/blog\/","logo":{"@type":"ImageObject","inLanguage":"de","@id":"https:\/\/www.hoecker.eu\/blog\/#\/schema\/logo\/image\/","url":"https:\/\/www.hoecker.eu\/blog\/wp-content\/uploads\/2025\/03\/Blog-Logo.webp","contentUrl":"https:\/\/www.hoecker.eu\/blog\/wp-content\/uploads\/2025\/03\/Blog-Logo.webp","width":500,"height":500,"caption":"H\u00d6CKER Rechtsanw\u00e4lte PartGmbB"},"image":{"@id":"https:\/\/www.hoecker.eu\/blog\/#\/schema\/logo\/image\/"},"sameAs":["https:\/\/www.facebook.com\/HoeckerRAe\/","https:\/\/x.com\/hoecker_rae","https:\/\/www.linkedin.com\/company\/hcker-rechtsanwlte\/","https:\/\/www.instagram.com\/hoecker_rae\/"],"email":"contact@hoecker.eu","telephone":"+ 49 (0)221-933 19-10","legalName":"H\u00d6CKER Rechtsanw\u00e4lte PartGmbB","numberOfEmployees":{"@type":"QuantitativeValue","minValue":"11","maxValue":"50"}},{"@type":"Person","@id":"https:\/\/www.hoecker.eu\/blog\/#\/schema\/person\/08f95581eed0534eccd0b2438f7a1cab","name":"Prof. Dr. Ralf H\u00f6cker","description":"Medienanwalt. Besch\u00fctzer vor mieser Presse","sameAs":["https:\/\/www.hoecker.eu\/wer\/prof-dr-ralf-hoecker","https:\/\/www.facebook.com\/ralf.hoecker","https:\/\/www.linkedin.com\/in\/prof-dr-ralf-hcker-ll-m-london-17987826\/","https:\/\/x.com\/Ralf_Hoecker"],"url":"https:\/\/www.hoecker.eu\/blog\/author\/hoecker_adm\/"}]}},"authors":[{"term_id":84,"user_id":1,"is_guest":0,"slug":"hoecker_adm","display_name":"Prof. Dr. Ralf H\u00f6cker","avatar_url":{"url":"https:\/\/www.hoecker.eu\/blog\/wp-content\/uploads\/2023\/12\/ProfDrRalfHoecker.jpg","url2x":"https:\/\/www.hoecker.eu\/blog\/wp-content\/uploads\/2023\/12\/ProfDrRalfHoecker.jpg"},"0":null,"1":"","2":"","3":"","4":"","5":"","6":"","7":"","8":"","9":"","10":"","11":""}],"_links":{"self":[{"href":"https:\/\/www.hoecker.eu\/blog\/wp-json\/wp\/v2\/posts\/8335","targetHints":{"allow":["GET"]}}],"collection":[{"href":"https:\/\/www.hoecker.eu\/blog\/wp-json\/wp\/v2\/posts"}],"about":[{"href":"https:\/\/www.hoecker.eu\/blog\/wp-json\/wp\/v2\/types\/post"}],"author":[{"embeddable":true,"href":"https:\/\/www.hoecker.eu\/blog\/wp-json\/wp\/v2\/users\/1"}],"replies":[{"embeddable":true,"href":"https:\/\/www.hoecker.eu\/blog\/wp-json\/wp\/v2\/comments?post=8335"}],"version-history":[{"count":1,"href":"https:\/\/www.hoecker.eu\/blog\/wp-json\/wp\/v2\/posts\/8335\/revisions"}],"predecessor-version":[{"id":9457,"href":"https:\/\/www.hoecker.eu\/blog\/wp-json\/wp\/v2\/posts\/8335\/revisions\/9457"}],"wp:attachment":[{"href":"https:\/\/www.hoecker.eu\/blog\/wp-json\/wp\/v2\/media?parent=8335"}],"wp:term":[{"taxonomy":"category","embeddable":true,"href":"https:\/\/www.hoecker.eu\/blog\/wp-json\/wp\/v2\/categories?post=8335"},{"taxonomy":"post_tag","embeddable":true,"href":"https:\/\/www.hoecker.eu\/blog\/wp-json\/wp\/v2\/tags?post=8335"},{"taxonomy":"hashtags","embeddable":true,"href":"https:\/\/www.hoecker.eu\/blog\/wp-json\/wp\/v2\/hashtags?post=8335"},{"taxonomy":"author","embeddable":true,"href":"https:\/\/www.hoecker.eu\/blog\/wp-json\/wp\/v2\/ppma_author?post=8335"}],"curies":[{"name":"wp","href":"https:\/\/api.w.org\/{rel}","templated":true}]}}