{"id":8334,"date":"2018-08-14T16:28:00","date_gmt":"2018-08-14T14:28:00","guid":{"rendered":"https:\/\/www.hoecker.eu\/blog\/lg-koeln-verbietet-verdachtsberichterstattung-ueber-ibg-haus-pleite\/"},"modified":"2025-02-17T14:56:34","modified_gmt":"2025-02-17T13:56:34","slug":"lg-koeln-verbietet-verdachtsberichterstattung-ueber-ibg-haus-pleite","status":"publish","type":"post","link":"https:\/\/www.hoecker.eu\/blog\/lg-koeln-verbietet-verdachtsberichterstattung-ueber-ibg-haus-pleite\/","title":{"rendered":"LG K\u00f6ln verbietet Verdachtsberichterstattung \u00fcber IBG-Haus-Pleite."},"content":{"rendered":"<p>Eine Fachzeitung hatte in einer Kurzmeldung \u00fcber ein Ermittlungsverfahren gegen einen ehemaligen Gesch\u00e4ftsf\u00fchrer der IBG-Haus berichtet und dabei dessen vollen Namen genannt. Die Kurzmeldung beinhaltete die weitere Information, dass es um eine Schadenssumme in H\u00f6he von 11 Mio. Euro ging.\n<\/p>\n<p>Die Zeitung vertrat die Ansicht, dass die Berichterstattung \u00fcber das laufende Ermittlungsverfahren als wahre Tatsachenbehauptung zul\u00e4ssig sei, w\u00e4hrend sich der ehemalige Gesch\u00e4ftsf\u00fchrer auf die Grunds\u00e4tze \u00fcber eine sog. Verdachtsberichterstattung berief. Da bei einer Verdachtsberichterstattung zwingend eine vorherige Anh\u00f6rung des Betroffenen erfolgen muss, diese jedoch unstreitig nicht erfolgte, hielt er die Berichterstattung f\u00fcr rechtswidrig und verklagte die Zeitung:\n<\/p>\n<p>Das Landgericht K\u00f6ln schloss sich der Argumentation des ehemaligen Gesch\u00e4ftsf\u00fchrers an und stellte fest (Urt. v. 01.08.2018, Az: 28 O 37\/18, n.rkr.):<em><br \/><\/em>\n<\/p>\n<p><em>\u201eEntgegen der Auffassung der Beklagten handelt es sich auch um eine Verdachtsberichterstattung und nicht lediglich um die Berichterstattung \u00fcber zutreffende Fakten der Anklage gegen\u00fcber dem Kl\u00e4ger und weiteren Personen. Hierbei kann es offen bleiben, ob allein die Nennung von dem jeweils Beschuldigten zur Last gelegten Straftatbest\u00e4nden ohne die Erw\u00e4hnung weiterer tats\u00e4chlicher Details eine Verdachtsberichterstattung darstellt, weil auch der Nennung der vermeintlich verwirklichten Straftatbest\u00e4nde die (Verdachts-)\u00c4u\u00dferung immanent ist, der Beschuldigte k\u00f6nne diese Taten begangen haben.<br \/><\/em>\n<\/p>\n<p><em>Im konkreten Artikel wird n\u00e4mlich nicht nur dar\u00fcber berichtet, dass der Kl\u00e4ger und ein weiterer Gesch\u00e4ftsf\u00fchrer sowie ein Steuerberater wegen gewerbs- und bandenm\u00e4\u00dfiger Untreue und Steuerhinterziehung angeklagt sind, sondern dar\u00fcber hinaus, dass \u201edie Anklage&#8221; von Steuer- und Verm\u00f6genssch\u00e4den i.H.v. 11 Mio. Euro ausgeht. Aus der Gesamtschau dieser &#8211; f\u00fcr sich betrachtet zutreffenden &#8211; Umst\u00e4nde entsteht bei Rezipienten jedoch die Vorstellung eines tats\u00e4chlichen Vorgangs, namentlich, dass der Kl\u00e4ger mit einem weiteren Gesch\u00e4ftsf\u00fchrer und einem Steuerberater Gelder der IBG veruntreut bzw. Steuern hinterzogen haben soll, wodurch ein Schaden i.H.v. 11 Mio. \u20ac entstanden sein soll. Dieses aus dem Kontext der vollst\u00e4ndigen Berichterstattung folgende Verst\u00e4ndnis des Rezipienten stellt jedoch unzweifelhaft die \u00c4u\u00dferung eines Verdachts dar.\u201c<br \/><\/em><\/p>\n","protected":false},"excerpt":{"rendered":"<p>Eine Fachzeitung hatte in einer Kurzmeldung \u00fcber ein Ermittlungsverfahren gegen einen ehemaligen Gesch\u00e4ftsf\u00fchrer der IBG-Haus berichtet und dabei dessen vollen Namen genannt. Die Kurzmeldung beinhaltete die weitere Information, dass es um eine Schadenssumme in H\u00f6he von 11 Mio. Euro ging. Die Zeitung vertrat die Ansicht, dass die Berichterstattung \u00fcber das laufende Ermittlungsverfahren als wahre Tatsachenbehauptung [&hellip;]<\/p>\n","protected":false},"author":1,"featured_media":0,"comment_status":"closed","ping_status":"closed","sticky":false,"template":"","format":"standard","meta":{"_has_post_settings":[],"footnotes":""},"categories":[15],"tags":[],"hashtags":[],"ppma_author":[84],"class_list":["post-8334","post","type-post","status-publish","format-standard","hentry","category-news","author-hoecker_adm"],"yoast_head":"<!-- This site is optimized with the Yoast SEO Premium plugin v25.9 (Yoast SEO v27.0) - https:\/\/yoast.com\/product\/yoast-seo-premium-wordpress\/ -->\n<title>LG K\u00f6ln verbietet Verdachtsberichterstattung \u00fcber IBG-Haus-Pleite. - H\u00d6CKER - der Blog<\/title>\n<meta name=\"robots\" content=\"index, follow, max-snippet:-1, max-image-preview:large, max-video-preview:-1\" \/>\n<link rel=\"canonical\" href=\"https:\/\/www.hoecker.eu\/blog\/lg-koeln-verbietet-verdachtsberichterstattung-ueber-ibg-haus-pleite\/\" \/>\n<meta property=\"og:locale\" content=\"de_DE\" \/>\n<meta property=\"og:type\" content=\"article\" \/>\n<meta property=\"og:title\" content=\"LG K\u00f6ln verbietet Verdachtsberichterstattung \u00fcber IBG-Haus-Pleite.\" \/>\n<meta property=\"og:description\" content=\"Eine Fachzeitung hatte in einer Kurzmeldung \u00fcber ein Ermittlungsverfahren gegen einen ehemaligen Gesch\u00e4ftsf\u00fchrer der IBG-Haus berichtet und dabei dessen vollen Namen genannt. Die Kurzmeldung beinhaltete die weitere Information, dass es um eine Schadenssumme in H\u00f6he von 11 Mio. Euro ging. Die Zeitung vertrat die Ansicht, dass die Berichterstattung \u00fcber das laufende Ermittlungsverfahren als wahre Tatsachenbehauptung [&hellip;]\" \/>\n<meta property=\"og:url\" content=\"https:\/\/www.hoecker.eu\/blog\/lg-koeln-verbietet-verdachtsberichterstattung-ueber-ibg-haus-pleite\/\" \/>\n<meta property=\"og:site_name\" content=\"H\u00d6CKER - der Blog\" \/>\n<meta property=\"article:publisher\" content=\"https:\/\/www.facebook.com\/HoeckerRAe\/\" \/>\n<meta property=\"article:author\" content=\"https:\/\/www.facebook.com\/ralf.hoecker\" \/>\n<meta property=\"article:published_time\" content=\"2018-08-14T14:28:00+00:00\" \/>\n<meta property=\"article:modified_time\" content=\"2025-02-17T13:56:34+00:00\" \/>\n<meta name=\"author\" content=\"Prof. Dr. Ralf H\u00f6cker\" \/>\n<meta name=\"twitter:card\" content=\"summary_large_image\" \/>\n<meta name=\"twitter:creator\" content=\"@Ralf_Hoecker\" \/>\n<meta name=\"twitter:site\" content=\"@hoecker_rae\" \/>\n<meta name=\"twitter:label1\" content=\"Verfasst von\" \/>\n\t<meta name=\"twitter:data1\" content=\"Prof. Dr. Ralf H\u00f6cker\" \/>\n\t<meta name=\"twitter:label2\" content=\"Gesch\u00e4tzte Lesezeit\" \/>\n\t<meta name=\"twitter:data2\" content=\"2\u00a0Minuten\" \/>\n<script type=\"application\/ld+json\" class=\"yoast-schema-graph\">{\"@context\":\"https:\/\/schema.org\",\"@graph\":[{\"@type\":\"Article\",\"@id\":\"https:\/\/www.hoecker.eu\/blog\/lg-koeln-verbietet-verdachtsberichterstattung-ueber-ibg-haus-pleite\/#article\",\"isPartOf\":{\"@id\":\"https:\/\/www.hoecker.eu\/blog\/lg-koeln-verbietet-verdachtsberichterstattung-ueber-ibg-haus-pleite\/\"},\"author\":{\"name\":\"Prof. Dr. Ralf H\u00f6cker\",\"@id\":\"https:\/\/www.hoecker.eu\/blog\/#\/schema\/person\/08f95581eed0534eccd0b2438f7a1cab\"},\"headline\":\"LG K\u00f6ln verbietet Verdachtsberichterstattung \u00fcber IBG-Haus-Pleite.\",\"datePublished\":\"2018-08-14T14:28:00+00:00\",\"dateModified\":\"2025-02-17T13:56:34+00:00\",\"mainEntityOfPage\":{\"@id\":\"https:\/\/www.hoecker.eu\/blog\/lg-koeln-verbietet-verdachtsberichterstattung-ueber-ibg-haus-pleite\/\"},\"wordCount\":350,\"publisher\":{\"@id\":\"https:\/\/www.hoecker.eu\/blog\/#organization\"},\"articleSection\":[\"News\"],\"inLanguage\":\"de\"},{\"@type\":\"WebPage\",\"@id\":\"https:\/\/www.hoecker.eu\/blog\/lg-koeln-verbietet-verdachtsberichterstattung-ueber-ibg-haus-pleite\/\",\"url\":\"https:\/\/www.hoecker.eu\/blog\/lg-koeln-verbietet-verdachtsberichterstattung-ueber-ibg-haus-pleite\/\",\"name\":\"LG K\u00f6ln verbietet Verdachtsberichterstattung \u00fcber IBG-Haus-Pleite. - H\u00d6CKER - der Blog\",\"isPartOf\":{\"@id\":\"https:\/\/www.hoecker.eu\/blog\/#website\"},\"datePublished\":\"2018-08-14T14:28:00+00:00\",\"dateModified\":\"2025-02-17T13:56:34+00:00\",\"breadcrumb\":{\"@id\":\"https:\/\/www.hoecker.eu\/blog\/lg-koeln-verbietet-verdachtsberichterstattung-ueber-ibg-haus-pleite\/#breadcrumb\"},\"inLanguage\":\"de\",\"potentialAction\":[{\"@type\":\"ReadAction\",\"target\":[\"https:\/\/www.hoecker.eu\/blog\/lg-koeln-verbietet-verdachtsberichterstattung-ueber-ibg-haus-pleite\/\"]}]},{\"@type\":\"BreadcrumbList\",\"@id\":\"https:\/\/www.hoecker.eu\/blog\/lg-koeln-verbietet-verdachtsberichterstattung-ueber-ibg-haus-pleite\/#breadcrumb\",\"itemListElement\":[{\"@type\":\"ListItem\",\"position\":1,\"name\":\"Startseite\",\"item\":\"https:\/\/dev.hoecker.eu\/blog\/\"},{\"@type\":\"ListItem\",\"position\":2,\"name\":\"LG K\u00f6ln verbietet Verdachtsberichterstattung \u00fcber IBG-Haus-Pleite.\"}]},{\"@type\":\"WebSite\",\"@id\":\"https:\/\/www.hoecker.eu\/blog\/#website\",\"url\":\"https:\/\/www.hoecker.eu\/blog\/\",\"name\":\"H\u00d6CKER - der Blog\",\"description\":\"Expertenblog f\u00fcr \u00c4u\u00dferungs-, Medien-, Marken-, Urheber- und Wettbewerbsrecht.\",\"publisher\":{\"@id\":\"https:\/\/www.hoecker.eu\/blog\/#organization\"},\"potentialAction\":[{\"@type\":\"SearchAction\",\"target\":{\"@type\":\"EntryPoint\",\"urlTemplate\":\"https:\/\/www.hoecker.eu\/blog\/?s={search_term_string}\"},\"query-input\":{\"@type\":\"PropertyValueSpecification\",\"valueRequired\":true,\"valueName\":\"search_term_string\"}}],\"inLanguage\":\"de\"},{\"@type\":\"Organization\",\"@id\":\"https:\/\/www.hoecker.eu\/blog\/#organization\",\"name\":\"H\u00d6CKER Rechtsanw\u00e4lte PartGmbB\",\"alternateName\":\"H\u00d6CKER\",\"url\":\"https:\/\/www.hoecker.eu\/blog\/\",\"logo\":{\"@type\":\"ImageObject\",\"inLanguage\":\"de\",\"@id\":\"https:\/\/www.hoecker.eu\/blog\/#\/schema\/logo\/image\/\",\"url\":\"https:\/\/www.hoecker.eu\/blog\/wp-content\/uploads\/2025\/03\/Blog-Logo.webp\",\"contentUrl\":\"https:\/\/www.hoecker.eu\/blog\/wp-content\/uploads\/2025\/03\/Blog-Logo.webp\",\"width\":500,\"height\":500,\"caption\":\"H\u00d6CKER Rechtsanw\u00e4lte PartGmbB\"},\"image\":{\"@id\":\"https:\/\/www.hoecker.eu\/blog\/#\/schema\/logo\/image\/\"},\"sameAs\":[\"https:\/\/www.facebook.com\/HoeckerRAe\/\",\"https:\/\/x.com\/hoecker_rae\",\"https:\/\/www.linkedin.com\/company\/hcker-rechtsanwlte\/\",\"https:\/\/www.instagram.com\/hoecker_rae\/\"],\"email\":\"contact@hoecker.eu\",\"telephone\":\"+ 49 (0)221-933 19-10\",\"legalName\":\"H\u00d6CKER Rechtsanw\u00e4lte PartGmbB\",\"numberOfEmployees\":{\"@type\":\"QuantitativeValue\",\"minValue\":\"11\",\"maxValue\":\"50\"}},{\"@type\":\"Person\",\"@id\":\"https:\/\/www.hoecker.eu\/blog\/#\/schema\/person\/08f95581eed0534eccd0b2438f7a1cab\",\"name\":\"Prof. Dr. Ralf H\u00f6cker\",\"description\":\"Medienanwalt. Besch\u00fctzer vor mieser Presse\",\"sameAs\":[\"https:\/\/www.hoecker.eu\/wer\/prof-dr-ralf-hoecker\",\"https:\/\/www.facebook.com\/ralf.hoecker\",\"https:\/\/www.linkedin.com\/in\/prof-dr-ralf-hcker-ll-m-london-17987826\/\",\"https:\/\/x.com\/Ralf_Hoecker\"],\"url\":\"https:\/\/www.hoecker.eu\/blog\/author\/hoecker_adm\/\"}]}<\/script>\n<!-- \/ Yoast SEO Premium plugin. -->","yoast_head_json":{"title":"LG K\u00f6ln verbietet Verdachtsberichterstattung \u00fcber IBG-Haus-Pleite. - H\u00d6CKER - der Blog","robots":{"index":"index","follow":"follow","max-snippet":"max-snippet:-1","max-image-preview":"max-image-preview:large","max-video-preview":"max-video-preview:-1"},"canonical":"https:\/\/www.hoecker.eu\/blog\/lg-koeln-verbietet-verdachtsberichterstattung-ueber-ibg-haus-pleite\/","og_locale":"de_DE","og_type":"article","og_title":"LG K\u00f6ln verbietet Verdachtsberichterstattung \u00fcber IBG-Haus-Pleite.","og_description":"Eine Fachzeitung hatte in einer Kurzmeldung \u00fcber ein Ermittlungsverfahren gegen einen ehemaligen Gesch\u00e4ftsf\u00fchrer der IBG-Haus berichtet und dabei dessen vollen Namen genannt. Die Kurzmeldung beinhaltete die weitere Information, dass es um eine Schadenssumme in H\u00f6he von 11 Mio. Euro ging. Die Zeitung vertrat die Ansicht, dass die Berichterstattung \u00fcber das laufende Ermittlungsverfahren als wahre Tatsachenbehauptung [&hellip;]","og_url":"https:\/\/www.hoecker.eu\/blog\/lg-koeln-verbietet-verdachtsberichterstattung-ueber-ibg-haus-pleite\/","og_site_name":"H\u00d6CKER - der Blog","article_publisher":"https:\/\/www.facebook.com\/HoeckerRAe\/","article_author":"https:\/\/www.facebook.com\/ralf.hoecker","article_published_time":"2018-08-14T14:28:00+00:00","article_modified_time":"2025-02-17T13:56:34+00:00","author":"Prof. Dr. Ralf H\u00f6cker","twitter_card":"summary_large_image","twitter_creator":"@Ralf_Hoecker","twitter_site":"@hoecker_rae","twitter_misc":{"Verfasst von":"Prof. Dr. Ralf H\u00f6cker","Gesch\u00e4tzte Lesezeit":"2\u00a0Minuten"},"schema":{"@context":"https:\/\/schema.org","@graph":[{"@type":"Article","@id":"https:\/\/www.hoecker.eu\/blog\/lg-koeln-verbietet-verdachtsberichterstattung-ueber-ibg-haus-pleite\/#article","isPartOf":{"@id":"https:\/\/www.hoecker.eu\/blog\/lg-koeln-verbietet-verdachtsberichterstattung-ueber-ibg-haus-pleite\/"},"author":{"name":"Prof. Dr. Ralf H\u00f6cker","@id":"https:\/\/www.hoecker.eu\/blog\/#\/schema\/person\/08f95581eed0534eccd0b2438f7a1cab"},"headline":"LG K\u00f6ln verbietet Verdachtsberichterstattung \u00fcber IBG-Haus-Pleite.","datePublished":"2018-08-14T14:28:00+00:00","dateModified":"2025-02-17T13:56:34+00:00","mainEntityOfPage":{"@id":"https:\/\/www.hoecker.eu\/blog\/lg-koeln-verbietet-verdachtsberichterstattung-ueber-ibg-haus-pleite\/"},"wordCount":350,"publisher":{"@id":"https:\/\/www.hoecker.eu\/blog\/#organization"},"articleSection":["News"],"inLanguage":"de"},{"@type":"WebPage","@id":"https:\/\/www.hoecker.eu\/blog\/lg-koeln-verbietet-verdachtsberichterstattung-ueber-ibg-haus-pleite\/","url":"https:\/\/www.hoecker.eu\/blog\/lg-koeln-verbietet-verdachtsberichterstattung-ueber-ibg-haus-pleite\/","name":"LG K\u00f6ln verbietet Verdachtsberichterstattung \u00fcber IBG-Haus-Pleite. - H\u00d6CKER - der Blog","isPartOf":{"@id":"https:\/\/www.hoecker.eu\/blog\/#website"},"datePublished":"2018-08-14T14:28:00+00:00","dateModified":"2025-02-17T13:56:34+00:00","breadcrumb":{"@id":"https:\/\/www.hoecker.eu\/blog\/lg-koeln-verbietet-verdachtsberichterstattung-ueber-ibg-haus-pleite\/#breadcrumb"},"inLanguage":"de","potentialAction":[{"@type":"ReadAction","target":["https:\/\/www.hoecker.eu\/blog\/lg-koeln-verbietet-verdachtsberichterstattung-ueber-ibg-haus-pleite\/"]}]},{"@type":"BreadcrumbList","@id":"https:\/\/www.hoecker.eu\/blog\/lg-koeln-verbietet-verdachtsberichterstattung-ueber-ibg-haus-pleite\/#breadcrumb","itemListElement":[{"@type":"ListItem","position":1,"name":"Startseite","item":"https:\/\/dev.hoecker.eu\/blog\/"},{"@type":"ListItem","position":2,"name":"LG K\u00f6ln verbietet Verdachtsberichterstattung \u00fcber IBG-Haus-Pleite."}]},{"@type":"WebSite","@id":"https:\/\/www.hoecker.eu\/blog\/#website","url":"https:\/\/www.hoecker.eu\/blog\/","name":"H\u00d6CKER - der Blog","description":"Expertenblog f\u00fcr \u00c4u\u00dferungs-, Medien-, Marken-, Urheber- und Wettbewerbsrecht.","publisher":{"@id":"https:\/\/www.hoecker.eu\/blog\/#organization"},"potentialAction":[{"@type":"SearchAction","target":{"@type":"EntryPoint","urlTemplate":"https:\/\/www.hoecker.eu\/blog\/?s={search_term_string}"},"query-input":{"@type":"PropertyValueSpecification","valueRequired":true,"valueName":"search_term_string"}}],"inLanguage":"de"},{"@type":"Organization","@id":"https:\/\/www.hoecker.eu\/blog\/#organization","name":"H\u00d6CKER Rechtsanw\u00e4lte PartGmbB","alternateName":"H\u00d6CKER","url":"https:\/\/www.hoecker.eu\/blog\/","logo":{"@type":"ImageObject","inLanguage":"de","@id":"https:\/\/www.hoecker.eu\/blog\/#\/schema\/logo\/image\/","url":"https:\/\/www.hoecker.eu\/blog\/wp-content\/uploads\/2025\/03\/Blog-Logo.webp","contentUrl":"https:\/\/www.hoecker.eu\/blog\/wp-content\/uploads\/2025\/03\/Blog-Logo.webp","width":500,"height":500,"caption":"H\u00d6CKER Rechtsanw\u00e4lte PartGmbB"},"image":{"@id":"https:\/\/www.hoecker.eu\/blog\/#\/schema\/logo\/image\/"},"sameAs":["https:\/\/www.facebook.com\/HoeckerRAe\/","https:\/\/x.com\/hoecker_rae","https:\/\/www.linkedin.com\/company\/hcker-rechtsanwlte\/","https:\/\/www.instagram.com\/hoecker_rae\/"],"email":"contact@hoecker.eu","telephone":"+ 49 (0)221-933 19-10","legalName":"H\u00d6CKER Rechtsanw\u00e4lte PartGmbB","numberOfEmployees":{"@type":"QuantitativeValue","minValue":"11","maxValue":"50"}},{"@type":"Person","@id":"https:\/\/www.hoecker.eu\/blog\/#\/schema\/person\/08f95581eed0534eccd0b2438f7a1cab","name":"Prof. Dr. Ralf H\u00f6cker","description":"Medienanwalt. Besch\u00fctzer vor mieser Presse","sameAs":["https:\/\/www.hoecker.eu\/wer\/prof-dr-ralf-hoecker","https:\/\/www.facebook.com\/ralf.hoecker","https:\/\/www.linkedin.com\/in\/prof-dr-ralf-hcker-ll-m-london-17987826\/","https:\/\/x.com\/Ralf_Hoecker"],"url":"https:\/\/www.hoecker.eu\/blog\/author\/hoecker_adm\/"}]}},"authors":[{"term_id":84,"user_id":1,"is_guest":0,"slug":"hoecker_adm","display_name":"Prof. Dr. Ralf H\u00f6cker","avatar_url":{"url":"https:\/\/www.hoecker.eu\/blog\/wp-content\/uploads\/2023\/12\/ProfDrRalfHoecker.jpg","url2x":"https:\/\/www.hoecker.eu\/blog\/wp-content\/uploads\/2023\/12\/ProfDrRalfHoecker.jpg"},"0":null,"1":"","2":"","3":"","4":"","5":"","6":"","7":"","8":"","9":"","10":"","11":""}],"_links":{"self":[{"href":"https:\/\/www.hoecker.eu\/blog\/wp-json\/wp\/v2\/posts\/8334","targetHints":{"allow":["GET"]}}],"collection":[{"href":"https:\/\/www.hoecker.eu\/blog\/wp-json\/wp\/v2\/posts"}],"about":[{"href":"https:\/\/www.hoecker.eu\/blog\/wp-json\/wp\/v2\/types\/post"}],"author":[{"embeddable":true,"href":"https:\/\/www.hoecker.eu\/blog\/wp-json\/wp\/v2\/users\/1"}],"replies":[{"embeddable":true,"href":"https:\/\/www.hoecker.eu\/blog\/wp-json\/wp\/v2\/comments?post=8334"}],"version-history":[{"count":1,"href":"https:\/\/www.hoecker.eu\/blog\/wp-json\/wp\/v2\/posts\/8334\/revisions"}],"predecessor-version":[{"id":9456,"href":"https:\/\/www.hoecker.eu\/blog\/wp-json\/wp\/v2\/posts\/8334\/revisions\/9456"}],"wp:attachment":[{"href":"https:\/\/www.hoecker.eu\/blog\/wp-json\/wp\/v2\/media?parent=8334"}],"wp:term":[{"taxonomy":"category","embeddable":true,"href":"https:\/\/www.hoecker.eu\/blog\/wp-json\/wp\/v2\/categories?post=8334"},{"taxonomy":"post_tag","embeddable":true,"href":"https:\/\/www.hoecker.eu\/blog\/wp-json\/wp\/v2\/tags?post=8334"},{"taxonomy":"hashtags","embeddable":true,"href":"https:\/\/www.hoecker.eu\/blog\/wp-json\/wp\/v2\/hashtags?post=8334"},{"taxonomy":"author","embeddable":true,"href":"https:\/\/www.hoecker.eu\/blog\/wp-json\/wp\/v2\/ppma_author?post=8334"}],"curies":[{"name":"wp","href":"https:\/\/api.w.org\/{rel}","templated":true}]}}