{"id":8332,"date":"2018-08-28T15:13:27","date_gmt":"2018-08-28T13:13:27","guid":{"rendered":"https:\/\/www.hoecker.eu\/blog\/social-influencerin-ist-keine-arbeitnehmerin\/"},"modified":"2025-02-17T14:56:33","modified_gmt":"2025-02-17T13:56:33","slug":"social-influencerin-ist-keine-arbeitnehmerin","status":"publish","type":"post","link":"https:\/\/www.hoecker.eu\/blog\/social-influencerin-ist-keine-arbeitnehmerin\/","title":{"rendered":"Social Influencerin ist keine Arbeitnehmerin."},"content":{"rendered":"<p>Auch die Deutsche Rentenversicherung Bund hat Social Influencer als Einnahmequelle entdeckt und die T\u00e4tigkeit einer Youtuberin im Rahmen einer Marketingkampagne in diesem Sinne als abh\u00e4ngiges Besch\u00e4ftigungsverh\u00e4ltnis qualifiziert. Grund f\u00fcr die Annahme der Rentenversicherung war unter anderem die Feststellung, dass die Aufnahmen f\u00fcr die Kampagne in einem Studio des Auftraggebers erstellt wurden und die Youtuberin dem Auftraggeber w\u00e4hrend der Drehzeit exklusiv zur Verf\u00fcgung stehen sollte.<\/p>\n<p>Auf Widerspruch der Kanzlei H\u00d6CKER hat die Rentenversicherung ihren Bescheid nunmehr zur\u00fcckgenommen. Sie folgt dabei der Auffassung von H\u00d6CKER, dass eine Selbst\u00e4ndigkeit nicht schon durch die Abh\u00e4ngigkeit vom technischen Apparat und die Einbindung in das Produktionsteam des Auftraggebers ausgeschlossen werden k\u00f6nne. Entscheidend sei, dass die Youtuberin im Rahmen der Produktion programmgestaltend t\u00e4tig geworden sei. Sie sei aufgrund ihres Bekanntheitsgrades und ihrer Pers\u00f6nlichkeit beauftragt worden. Die Produktion sei auch durch ihre Pers\u00f6nlichkeit gepr\u00e4gt worden. Eine Exklusivit\u00e4t w\u00e4hrend der Drehzeit f\u00fchre \u00fcberdies nicht dazu, dass eine st\u00e4ndige Dienstbereitschaft erwartet werde.<\/p>\n<p>Rechtsanwalt Dr. Sven Dierkes:<em><br \/><em>\u201e<\/em>Mit der Entscheidung folgt die Rentenversicherung Bund letztlich den Grunds\u00e4tzen, die auch im Bereich der Film-und Fernsehproduktion gelten. Dies ist ebenso konsequent wie richtig. Anzunehmen, Social Influencer seien ferngesteuerte Wesen, die willenlos den Vorgaben ihres Auftraggebers folgen, w\u00fcrde deren T\u00e4tigkeit dagegen nicht gerecht. Denn der Erfolg von Influencern begr\u00fcndet sich regelm\u00e4\u00dfig gerade auf Ihrer Authentizit\u00e4t. Authentizit\u00e4t kann aber nur vermitteln, wer die eigene Pers\u00f6nlichkeit einbringt, nicht wer sklavisch den Anweisungen Dritter folgt<em>.\u201c<\/em><\/em><\/p>\n","protected":false},"excerpt":{"rendered":"<p>Auch die Deutsche Rentenversicherung Bund hat Social Influencer als Einnahmequelle entdeckt und die T\u00e4tigkeit einer Youtuberin im Rahmen einer Marketingkampagne in diesem Sinne als abh\u00e4ngiges Besch\u00e4ftigungsverh\u00e4ltnis qualifiziert. Grund f\u00fcr die Annahme der Rentenversicherung war unter anderem die Feststellung, dass die Aufnahmen f\u00fcr die Kampagne in einem Studio des Auftraggebers erstellt wurden und die Youtuberin dem [&hellip;]<\/p>\n","protected":false},"author":1,"featured_media":0,"comment_status":"closed","ping_status":"closed","sticky":false,"template":"","format":"standard","meta":{"_has_post_settings":[],"footnotes":""},"categories":[15],"tags":[],"hashtags":[],"ppma_author":[84],"class_list":["post-8332","post","type-post","status-publish","format-standard","hentry","category-news","author-hoecker_adm"],"yoast_head":"<!-- This site is optimized with the Yoast SEO Premium plugin v25.9 (Yoast SEO v27.0) - https:\/\/yoast.com\/product\/yoast-seo-premium-wordpress\/ -->\n<title>Social Influencerin ist keine Arbeitnehmerin. - H\u00d6CKER - der Blog<\/title>\n<meta name=\"robots\" content=\"index, follow, max-snippet:-1, max-image-preview:large, max-video-preview:-1\" \/>\n<link rel=\"canonical\" href=\"https:\/\/www.hoecker.eu\/blog\/social-influencerin-ist-keine-arbeitnehmerin\/\" \/>\n<meta property=\"og:locale\" content=\"de_DE\" \/>\n<meta property=\"og:type\" content=\"article\" \/>\n<meta property=\"og:title\" content=\"Social Influencerin ist keine Arbeitnehmerin.\" \/>\n<meta property=\"og:description\" content=\"Auch die Deutsche Rentenversicherung Bund hat Social Influencer als Einnahmequelle entdeckt und die T\u00e4tigkeit einer Youtuberin im Rahmen einer Marketingkampagne in diesem Sinne als abh\u00e4ngiges Besch\u00e4ftigungsverh\u00e4ltnis qualifiziert. Grund f\u00fcr die Annahme der Rentenversicherung war unter anderem die Feststellung, dass die Aufnahmen f\u00fcr die Kampagne in einem Studio des Auftraggebers erstellt wurden und die Youtuberin dem [&hellip;]\" \/>\n<meta property=\"og:url\" content=\"https:\/\/www.hoecker.eu\/blog\/social-influencerin-ist-keine-arbeitnehmerin\/\" \/>\n<meta property=\"og:site_name\" content=\"H\u00d6CKER - der Blog\" \/>\n<meta property=\"article:publisher\" content=\"https:\/\/www.facebook.com\/HoeckerRAe\/\" \/>\n<meta property=\"article:author\" content=\"https:\/\/www.facebook.com\/ralf.hoecker\" \/>\n<meta property=\"article:published_time\" content=\"2018-08-28T13:13:27+00:00\" \/>\n<meta property=\"article:modified_time\" content=\"2025-02-17T13:56:33+00:00\" \/>\n<meta name=\"author\" content=\"Prof. Dr. Ralf H\u00f6cker\" \/>\n<meta name=\"twitter:card\" content=\"summary_large_image\" \/>\n<meta name=\"twitter:creator\" content=\"@Ralf_Hoecker\" \/>\n<meta name=\"twitter:site\" content=\"@hoecker_rae\" \/>\n<meta name=\"twitter:label1\" content=\"Verfasst von\" \/>\n\t<meta name=\"twitter:data1\" content=\"Prof. Dr. Ralf H\u00f6cker\" \/>\n\t<meta name=\"twitter:label2\" content=\"Gesch\u00e4tzte Lesezeit\" \/>\n\t<meta name=\"twitter:data2\" content=\"1\u00a0Minute\" \/>\n<script type=\"application\/ld+json\" class=\"yoast-schema-graph\">{\"@context\":\"https:\/\/schema.org\",\"@graph\":[{\"@type\":\"Article\",\"@id\":\"https:\/\/www.hoecker.eu\/blog\/social-influencerin-ist-keine-arbeitnehmerin\/#article\",\"isPartOf\":{\"@id\":\"https:\/\/www.hoecker.eu\/blog\/social-influencerin-ist-keine-arbeitnehmerin\/\"},\"author\":{\"name\":\"Prof. Dr. Ralf H\u00f6cker\",\"@id\":\"https:\/\/www.hoecker.eu\/blog\/#\/schema\/person\/08f95581eed0534eccd0b2438f7a1cab\"},\"headline\":\"Social Influencerin ist keine Arbeitnehmerin.\",\"datePublished\":\"2018-08-28T13:13:27+00:00\",\"dateModified\":\"2025-02-17T13:56:33+00:00\",\"mainEntityOfPage\":{\"@id\":\"https:\/\/www.hoecker.eu\/blog\/social-influencerin-ist-keine-arbeitnehmerin\/\"},\"wordCount\":263,\"publisher\":{\"@id\":\"https:\/\/www.hoecker.eu\/blog\/#organization\"},\"articleSection\":[\"News\"],\"inLanguage\":\"de\"},{\"@type\":\"WebPage\",\"@id\":\"https:\/\/www.hoecker.eu\/blog\/social-influencerin-ist-keine-arbeitnehmerin\/\",\"url\":\"https:\/\/www.hoecker.eu\/blog\/social-influencerin-ist-keine-arbeitnehmerin\/\",\"name\":\"Social Influencerin ist keine Arbeitnehmerin. - H\u00d6CKER - der Blog\",\"isPartOf\":{\"@id\":\"https:\/\/www.hoecker.eu\/blog\/#website\"},\"datePublished\":\"2018-08-28T13:13:27+00:00\",\"dateModified\":\"2025-02-17T13:56:33+00:00\",\"breadcrumb\":{\"@id\":\"https:\/\/www.hoecker.eu\/blog\/social-influencerin-ist-keine-arbeitnehmerin\/#breadcrumb\"},\"inLanguage\":\"de\",\"potentialAction\":[{\"@type\":\"ReadAction\",\"target\":[\"https:\/\/www.hoecker.eu\/blog\/social-influencerin-ist-keine-arbeitnehmerin\/\"]}]},{\"@type\":\"BreadcrumbList\",\"@id\":\"https:\/\/www.hoecker.eu\/blog\/social-influencerin-ist-keine-arbeitnehmerin\/#breadcrumb\",\"itemListElement\":[{\"@type\":\"ListItem\",\"position\":1,\"name\":\"Startseite\",\"item\":\"https:\/\/dev.hoecker.eu\/blog\/\"},{\"@type\":\"ListItem\",\"position\":2,\"name\":\"Social Influencerin ist keine Arbeitnehmerin.\"}]},{\"@type\":\"WebSite\",\"@id\":\"https:\/\/www.hoecker.eu\/blog\/#website\",\"url\":\"https:\/\/www.hoecker.eu\/blog\/\",\"name\":\"H\u00d6CKER - der Blog\",\"description\":\"Expertenblog f\u00fcr \u00c4u\u00dferungs-, Medien-, Marken-, Urheber- und Wettbewerbsrecht.\",\"publisher\":{\"@id\":\"https:\/\/www.hoecker.eu\/blog\/#organization\"},\"potentialAction\":[{\"@type\":\"SearchAction\",\"target\":{\"@type\":\"EntryPoint\",\"urlTemplate\":\"https:\/\/www.hoecker.eu\/blog\/?s={search_term_string}\"},\"query-input\":{\"@type\":\"PropertyValueSpecification\",\"valueRequired\":true,\"valueName\":\"search_term_string\"}}],\"inLanguage\":\"de\"},{\"@type\":\"Organization\",\"@id\":\"https:\/\/www.hoecker.eu\/blog\/#organization\",\"name\":\"H\u00d6CKER Rechtsanw\u00e4lte PartGmbB\",\"alternateName\":\"H\u00d6CKER\",\"url\":\"https:\/\/www.hoecker.eu\/blog\/\",\"logo\":{\"@type\":\"ImageObject\",\"inLanguage\":\"de\",\"@id\":\"https:\/\/www.hoecker.eu\/blog\/#\/schema\/logo\/image\/\",\"url\":\"https:\/\/www.hoecker.eu\/blog\/wp-content\/uploads\/2025\/03\/Blog-Logo.webp\",\"contentUrl\":\"https:\/\/www.hoecker.eu\/blog\/wp-content\/uploads\/2025\/03\/Blog-Logo.webp\",\"width\":500,\"height\":500,\"caption\":\"H\u00d6CKER Rechtsanw\u00e4lte PartGmbB\"},\"image\":{\"@id\":\"https:\/\/www.hoecker.eu\/blog\/#\/schema\/logo\/image\/\"},\"sameAs\":[\"https:\/\/www.facebook.com\/HoeckerRAe\/\",\"https:\/\/x.com\/hoecker_rae\",\"https:\/\/www.linkedin.com\/company\/hcker-rechtsanwlte\/\",\"https:\/\/www.instagram.com\/hoecker_rae\/\"],\"email\":\"contact@hoecker.eu\",\"telephone\":\"+ 49 (0)221-933 19-10\",\"legalName\":\"H\u00d6CKER Rechtsanw\u00e4lte PartGmbB\",\"numberOfEmployees\":{\"@type\":\"QuantitativeValue\",\"minValue\":\"11\",\"maxValue\":\"50\"}},{\"@type\":\"Person\",\"@id\":\"https:\/\/www.hoecker.eu\/blog\/#\/schema\/person\/08f95581eed0534eccd0b2438f7a1cab\",\"name\":\"Prof. Dr. Ralf H\u00f6cker\",\"description\":\"Medienanwalt. Besch\u00fctzer vor mieser Presse\",\"sameAs\":[\"https:\/\/www.hoecker.eu\/wer\/prof-dr-ralf-hoecker\",\"https:\/\/www.facebook.com\/ralf.hoecker\",\"https:\/\/www.linkedin.com\/in\/prof-dr-ralf-hcker-ll-m-london-17987826\/\",\"https:\/\/x.com\/Ralf_Hoecker\"],\"url\":\"https:\/\/www.hoecker.eu\/blog\/author\/hoecker_adm\/\"}]}<\/script>\n<!-- \/ Yoast SEO Premium plugin. -->","yoast_head_json":{"title":"Social Influencerin ist keine Arbeitnehmerin. - H\u00d6CKER - der Blog","robots":{"index":"index","follow":"follow","max-snippet":"max-snippet:-1","max-image-preview":"max-image-preview:large","max-video-preview":"max-video-preview:-1"},"canonical":"https:\/\/www.hoecker.eu\/blog\/social-influencerin-ist-keine-arbeitnehmerin\/","og_locale":"de_DE","og_type":"article","og_title":"Social Influencerin ist keine Arbeitnehmerin.","og_description":"Auch die Deutsche Rentenversicherung Bund hat Social Influencer als Einnahmequelle entdeckt und die T\u00e4tigkeit einer Youtuberin im Rahmen einer Marketingkampagne in diesem Sinne als abh\u00e4ngiges Besch\u00e4ftigungsverh\u00e4ltnis qualifiziert. Grund f\u00fcr die Annahme der Rentenversicherung war unter anderem die Feststellung, dass die Aufnahmen f\u00fcr die Kampagne in einem Studio des Auftraggebers erstellt wurden und die Youtuberin dem [&hellip;]","og_url":"https:\/\/www.hoecker.eu\/blog\/social-influencerin-ist-keine-arbeitnehmerin\/","og_site_name":"H\u00d6CKER - der Blog","article_publisher":"https:\/\/www.facebook.com\/HoeckerRAe\/","article_author":"https:\/\/www.facebook.com\/ralf.hoecker","article_published_time":"2018-08-28T13:13:27+00:00","article_modified_time":"2025-02-17T13:56:33+00:00","author":"Prof. Dr. Ralf H\u00f6cker","twitter_card":"summary_large_image","twitter_creator":"@Ralf_Hoecker","twitter_site":"@hoecker_rae","twitter_misc":{"Verfasst von":"Prof. Dr. Ralf H\u00f6cker","Gesch\u00e4tzte Lesezeit":"1\u00a0Minute"},"schema":{"@context":"https:\/\/schema.org","@graph":[{"@type":"Article","@id":"https:\/\/www.hoecker.eu\/blog\/social-influencerin-ist-keine-arbeitnehmerin\/#article","isPartOf":{"@id":"https:\/\/www.hoecker.eu\/blog\/social-influencerin-ist-keine-arbeitnehmerin\/"},"author":{"name":"Prof. Dr. Ralf H\u00f6cker","@id":"https:\/\/www.hoecker.eu\/blog\/#\/schema\/person\/08f95581eed0534eccd0b2438f7a1cab"},"headline":"Social Influencerin ist keine Arbeitnehmerin.","datePublished":"2018-08-28T13:13:27+00:00","dateModified":"2025-02-17T13:56:33+00:00","mainEntityOfPage":{"@id":"https:\/\/www.hoecker.eu\/blog\/social-influencerin-ist-keine-arbeitnehmerin\/"},"wordCount":263,"publisher":{"@id":"https:\/\/www.hoecker.eu\/blog\/#organization"},"articleSection":["News"],"inLanguage":"de"},{"@type":"WebPage","@id":"https:\/\/www.hoecker.eu\/blog\/social-influencerin-ist-keine-arbeitnehmerin\/","url":"https:\/\/www.hoecker.eu\/blog\/social-influencerin-ist-keine-arbeitnehmerin\/","name":"Social Influencerin ist keine Arbeitnehmerin. - H\u00d6CKER - der Blog","isPartOf":{"@id":"https:\/\/www.hoecker.eu\/blog\/#website"},"datePublished":"2018-08-28T13:13:27+00:00","dateModified":"2025-02-17T13:56:33+00:00","breadcrumb":{"@id":"https:\/\/www.hoecker.eu\/blog\/social-influencerin-ist-keine-arbeitnehmerin\/#breadcrumb"},"inLanguage":"de","potentialAction":[{"@type":"ReadAction","target":["https:\/\/www.hoecker.eu\/blog\/social-influencerin-ist-keine-arbeitnehmerin\/"]}]},{"@type":"BreadcrumbList","@id":"https:\/\/www.hoecker.eu\/blog\/social-influencerin-ist-keine-arbeitnehmerin\/#breadcrumb","itemListElement":[{"@type":"ListItem","position":1,"name":"Startseite","item":"https:\/\/dev.hoecker.eu\/blog\/"},{"@type":"ListItem","position":2,"name":"Social Influencerin ist keine Arbeitnehmerin."}]},{"@type":"WebSite","@id":"https:\/\/www.hoecker.eu\/blog\/#website","url":"https:\/\/www.hoecker.eu\/blog\/","name":"H\u00d6CKER - der Blog","description":"Expertenblog f\u00fcr \u00c4u\u00dferungs-, Medien-, Marken-, Urheber- und Wettbewerbsrecht.","publisher":{"@id":"https:\/\/www.hoecker.eu\/blog\/#organization"},"potentialAction":[{"@type":"SearchAction","target":{"@type":"EntryPoint","urlTemplate":"https:\/\/www.hoecker.eu\/blog\/?s={search_term_string}"},"query-input":{"@type":"PropertyValueSpecification","valueRequired":true,"valueName":"search_term_string"}}],"inLanguage":"de"},{"@type":"Organization","@id":"https:\/\/www.hoecker.eu\/blog\/#organization","name":"H\u00d6CKER Rechtsanw\u00e4lte PartGmbB","alternateName":"H\u00d6CKER","url":"https:\/\/www.hoecker.eu\/blog\/","logo":{"@type":"ImageObject","inLanguage":"de","@id":"https:\/\/www.hoecker.eu\/blog\/#\/schema\/logo\/image\/","url":"https:\/\/www.hoecker.eu\/blog\/wp-content\/uploads\/2025\/03\/Blog-Logo.webp","contentUrl":"https:\/\/www.hoecker.eu\/blog\/wp-content\/uploads\/2025\/03\/Blog-Logo.webp","width":500,"height":500,"caption":"H\u00d6CKER Rechtsanw\u00e4lte PartGmbB"},"image":{"@id":"https:\/\/www.hoecker.eu\/blog\/#\/schema\/logo\/image\/"},"sameAs":["https:\/\/www.facebook.com\/HoeckerRAe\/","https:\/\/x.com\/hoecker_rae","https:\/\/www.linkedin.com\/company\/hcker-rechtsanwlte\/","https:\/\/www.instagram.com\/hoecker_rae\/"],"email":"contact@hoecker.eu","telephone":"+ 49 (0)221-933 19-10","legalName":"H\u00d6CKER Rechtsanw\u00e4lte PartGmbB","numberOfEmployees":{"@type":"QuantitativeValue","minValue":"11","maxValue":"50"}},{"@type":"Person","@id":"https:\/\/www.hoecker.eu\/blog\/#\/schema\/person\/08f95581eed0534eccd0b2438f7a1cab","name":"Prof. Dr. Ralf H\u00f6cker","description":"Medienanwalt. Besch\u00fctzer vor mieser Presse","sameAs":["https:\/\/www.hoecker.eu\/wer\/prof-dr-ralf-hoecker","https:\/\/www.facebook.com\/ralf.hoecker","https:\/\/www.linkedin.com\/in\/prof-dr-ralf-hcker-ll-m-london-17987826\/","https:\/\/x.com\/Ralf_Hoecker"],"url":"https:\/\/www.hoecker.eu\/blog\/author\/hoecker_adm\/"}]}},"authors":[{"term_id":84,"user_id":1,"is_guest":0,"slug":"hoecker_adm","display_name":"Prof. Dr. Ralf H\u00f6cker","avatar_url":{"url":"https:\/\/www.hoecker.eu\/blog\/wp-content\/uploads\/2023\/12\/ProfDrRalfHoecker.jpg","url2x":"https:\/\/www.hoecker.eu\/blog\/wp-content\/uploads\/2023\/12\/ProfDrRalfHoecker.jpg"},"0":null,"1":"","2":"","3":"","4":"","5":"","6":"","7":"","8":"","9":"","10":"","11":""}],"_links":{"self":[{"href":"https:\/\/www.hoecker.eu\/blog\/wp-json\/wp\/v2\/posts\/8332","targetHints":{"allow":["GET"]}}],"collection":[{"href":"https:\/\/www.hoecker.eu\/blog\/wp-json\/wp\/v2\/posts"}],"about":[{"href":"https:\/\/www.hoecker.eu\/blog\/wp-json\/wp\/v2\/types\/post"}],"author":[{"embeddable":true,"href":"https:\/\/www.hoecker.eu\/blog\/wp-json\/wp\/v2\/users\/1"}],"replies":[{"embeddable":true,"href":"https:\/\/www.hoecker.eu\/blog\/wp-json\/wp\/v2\/comments?post=8332"}],"version-history":[{"count":1,"href":"https:\/\/www.hoecker.eu\/blog\/wp-json\/wp\/v2\/posts\/8332\/revisions"}],"predecessor-version":[{"id":9454,"href":"https:\/\/www.hoecker.eu\/blog\/wp-json\/wp\/v2\/posts\/8332\/revisions\/9454"}],"wp:attachment":[{"href":"https:\/\/www.hoecker.eu\/blog\/wp-json\/wp\/v2\/media?parent=8332"}],"wp:term":[{"taxonomy":"category","embeddable":true,"href":"https:\/\/www.hoecker.eu\/blog\/wp-json\/wp\/v2\/categories?post=8332"},{"taxonomy":"post_tag","embeddable":true,"href":"https:\/\/www.hoecker.eu\/blog\/wp-json\/wp\/v2\/tags?post=8332"},{"taxonomy":"hashtags","embeddable":true,"href":"https:\/\/www.hoecker.eu\/blog\/wp-json\/wp\/v2\/hashtags?post=8332"},{"taxonomy":"author","embeddable":true,"href":"https:\/\/www.hoecker.eu\/blog\/wp-json\/wp\/v2\/ppma_author?post=8332"}],"curies":[{"name":"wp","href":"https:\/\/api.w.org\/{rel}","templated":true}]}}